{"id":30344,"date":"2025-10-26T09:48:08","date_gmt":"2025-10-26T08:48:08","guid":{"rendered":"https:\/\/footdavant.fr\/actualites\/nouvelles-des-blessures-darsenal-un-defenseur-cle-apparait-comme-un-doute-pour-le-choc-de-crystal-palace\/"},"modified":"2025-10-26T09:48:08","modified_gmt":"2025-10-26T08:48:08","slug":"nouvelles-des-blessures-darsenal-un-defenseur-cle-apparait-comme-un-doute-pour-le-choc-de-crystal-palace","status":"publish","type":"post","link":"https:\/\/footdavant.fr\/actualites\/nouvelles-des-blessures-darsenal-un-defenseur-cle-apparait-comme-un-doute-pour-le-choc-de-crystal-palace\/","title":{"rendered":"Nouvelles des blessures d\u2019Arsenal : un d\u00e9fenseur cl\u00e9 appara\u00eet comme un doute pour le choc de Crystal Palace"},"content":{"rendered":"<p>Arsenal cherchera \u00e0 maintenir sa forme impressionnante lorsqu&#39;il affrontera Crystal Palace en Premier League dimanche, mais il pourrait se passer de Gabriel Magalhaes.<\/p>\n<div id=\"article_body\" itemprop=\"articleBody\">\n<h3 class=\"firstPara\"><\/h3>\n<p><strong class=\"autotag\">Arsenal cherchera \u00e0 prolonger sa s\u00e9rie de victoires \u00e0 sept matchs cons\u00e9cutifs lorsqu&#39;il affrontera <strong class=\"autotag\">Crystal Palace en Premier League dimanche, mais <strong class=\"autotag\">Mikel Arteta pourrait se retrouver sans d\u00e9fenseur cl\u00e9. <\/p>\n<p>Avant le derby de Londres, Arteta a confirm\u00e9 que <strong class=\"autotag\">Gabriel Magalhaes est incertain pour le match, car le d\u00e9fenseur ne s&#39;est pas entra\u00een\u00e9 aujourd&#39;hui. <\/p>\n<p>Le joueur de 27 ans a \u00e9t\u00e9 exceptionnel pour les Gunners cette saison, commen\u00e7ant lors des huit matchs de Premier League, marquant un but et fournissant une passe d\u00e9cisive. <\/p>\n<p>Gabriel a \u00e9galement d\u00e9but\u00e9 tous les matches de Ligue des Champions, et c&#39;est lors de la victoire 4-0 contre l&#39;Atletico Madrid qu&#39;il s&#39;est bless\u00e9 et a \u00e9t\u00e9 expuls\u00e9 \u00e0 la 72e minute. <\/p>\n<p>Lors de la conf\u00e9rence de presse, Arteta a d\u00e9clar\u00e9 aux journalistes : \u00ab\u00a0Gabriel a d\u00fb quitter le terrain \u00e0 cause d&#39;un probl\u00e8me et il n&#39;a pas encore pu s&#39;entra\u00eener, alors voyons comment il \u00e9voluera dans les prochaines 24 heures, s&#39;il sera disponible ou non pour le week-end\u00a0\u00bb.<\/p>\n<h2>Qui pourrait remplacer Gabriel dans le onze de d\u00e9part ?<\/h2>\n<p class=\"imgI\">\n<p>Au cours des derni\u00e8res saisons, Gabriel a forg\u00e9 un partenariat solide au c\u0153ur de la d\u00e9fense aux c\u00f4t\u00e9s <strong class=\"autotag\">William Saliba et le duo ont \u00e9t\u00e9 superbes cette saison. <\/p>\n<p>Au cas o\u00f9 Gabriel ne parviendrait pas \u00e0 r\u00e9cup\u00e9rer \u00e0 temps, Arteta sera oblig\u00e9 de proc\u00e9der \u00e0 des changements \u00e0 l&#39;arri\u00e8re, et le patron des Gunners ne manque pas d&#39;options. <\/p>\n<p><strong class=\"autotag\">Piero Hincapie et <strong class=\"autotag\">Cristhian Mosquera est une option probable pour les Gunners pour remplacer Gabriel, tandis que Jurrien Timber, Riccardo Calafiori et Ben White sont tous capables de jouer en d\u00e9fense centrale. <\/p>\n<p>Parmi eux, Mosquera est le candidat le plus probable pour remplacer le d\u00e9fenseur br\u00e9silien, puisqu&#39;il est entr\u00e9 en jeu lors de la victoire en milieu de semaine contre l&#39;Atletico. <\/p>\n<h2>Arsenal manque plusieurs joueurs cl\u00e9s <\/h2>\n<p class=\"imgI\"><img decoding=\"async\" alt=\"Mikel Arteta, manager de l&#39;Arsenal FC, grimace les bras derri\u00e8re la t\u00eate alors que son \u00e9quipe est sur le point de marquer le 18 octobre 2025\" class=\"vanilla-lazyload article-image\" src=\"https:\/\/footdavant.fr\/actualites\/wp-content\/uploads\/2025\/10\/1760950086_58_Arsenal-copie-l39exploit-des-Invincibles-lors-de-la-victoire-de.webp\"><\/p>\n<p>Depuis leur d\u00e9faite 1-0 face \u00e0 Liverpool, les Gunners ont remport\u00e9 cinq matches de Premier League d&#39;affil\u00e9e, encaissant seulement cinq buts, dont un seul \u00e0 domicile. <\/p>\n<p>L\u2019\u00e9quipe du nord de Londres affronte une \u00e9quipe de Palace bien organis\u00e9e qui n\u2019a perdu qu\u2019une seule fois en Premier League jusqu\u2019\u00e0 pr\u00e9sent et est capable de provoquer la surprise. <\/p>\n<p>Il manque aux Gunners plusieurs joueurs cl\u00e9s, dont Gabriel Jesus, Kai Havertz et Martin Odegaard, qui sont tous absents de longue date. <\/p>\n<\/div>\n","protected":false},"excerpt":{"rendered":"<p>Arsenal cherchera \u00e0 maintenir sa forme impressionnante lorsqu&#39;il affrontera Crystal Palace en Premier League dimanche, mais il pourrait se passer de Gabriel Magalhaes. Arsenal cherchera<\/p>\n","protected":false},"author":1,"featured_media":30345,"comment_status":"closed","ping_status":"","sticky":false,"template":"","format":"standard","meta":{"footnotes":""},"categories":[5],"tags":[1254,155,332,443,990,1008,59,928,12,2054,461,815,51],"yoast_head":"<!-- This site is optimized with the Yoast SEO plugin v21.0 - https:\/\/yoast.com\/wordpress\/plugins\/seo\/ -->\n<title>Nouvelles des blessures d\u2019Arsenal : un d\u00e9fenseur cl\u00e9 appara\u00eet comme un doute pour le choc de Crystal Palace<\/title>\n<meta name=\"robots\" content=\"index, follow, max-snippet:-1, max-image-preview:large, max-video-preview:-1\" \/>\n<link rel=\"canonical\" href=\"https:\/\/footdavant.fr\/actualites\/nouvelles-des-blessures-darsenal-un-defenseur-cle-apparait-comme-un-doute-pour-le-choc-de-crystal-palace\/\" \/>\n<meta property=\"og:locale\" content=\"fr_FR\" \/>\n<meta property=\"og:type\" content=\"article\" \/>\n<meta property=\"og:title\" content=\"Nouvelles des blessures d\u2019Arsenal : un d\u00e9fenseur cl\u00e9 appara\u00eet comme un doute pour le choc de Crystal Palace\" \/>\n<meta property=\"og:description\" content=\"Arsenal cherchera \u00e0 maintenir sa forme impressionnante lorsqu&#039;il affrontera Crystal Palace en Premier League dimanche, mais il pourrait se passer de Gabriel Magalhaes. Arsenal cherchera\" \/>\n<meta property=\"og:url\" content=\"https:\/\/footdavant.fr\/actualites\/nouvelles-des-blessures-darsenal-un-defenseur-cle-apparait-comme-un-doute-pour-le-choc-de-crystal-palace\/\" \/>\n<meta property=\"og:site_name\" content=\"Foot d&#039;avant\" \/>\n<meta property=\"article:publisher\" content=\"https:\/\/www.facebook.com\/Footdavant\/\" \/>\n<meta property=\"article:published_time\" content=\"2025-10-26T08:48:08+00:00\" \/>\n<meta property=\"og:image\" content=\"https:\/\/footdavant.fr\/actualites\/wp-content\/uploads\/2025\/10\/Nouvelles-des-blessures-dArsenal-un-defenseur-cle-apparait-comme.jpg\" \/>\n\t<meta property=\"og:image:width\" content=\"640\" \/>\n\t<meta property=\"og:image:height\" content=\"480\" \/>\n\t<meta property=\"og:image:type\" content=\"image\/jpeg\" \/>\n<meta name=\"author\" content=\"Cl\u00e9ment\" \/>\n<meta name=\"twitter:card\" content=\"summary_large_image\" \/>\n<meta name=\"twitter:creator\" content=\"@FootdavantFr\" \/>\n<meta name=\"twitter:site\" content=\"@FootdavantFr\" \/>\n<meta name=\"twitter:label1\" content=\"\u00c9crit par\" \/>\n\t<meta name=\"twitter:data1\" content=\"Cl\u00e9ment\" \/>\n\t<meta name=\"twitter:label2\" content=\"Dur\u00e9e de lecture estim\u00e9e\" \/>\n\t<meta name=\"twitter:data2\" content=\"2 minutes\" \/>\n<script type=\"application\/ld+json\" class=\"yoast-schema-graph\">{\"@context\":\"https:\/\/schema.org\",\"@graph\":[{\"@type\":\"Article\",\"@id\":\"https:\/\/footdavant.fr\/actualites\/nouvelles-des-blessures-darsenal-un-defenseur-cle-apparait-comme-un-doute-pour-le-choc-de-crystal-palace\/#article\",\"isPartOf\":{\"@id\":\"https:\/\/footdavant.fr\/actualites\/nouvelles-des-blessures-darsenal-un-defenseur-cle-apparait-comme-un-doute-pour-le-choc-de-crystal-palace\/\"},\"author\":{\"name\":\"Cl\u00e9ment\",\"@id\":\"https:\/\/footdavant.fr\/actualites\/#\/schema\/person\/bc222566d95871b37e597b3ed3ba5e1d\"},\"headline\":\"Nouvelles des blessures d\u2019Arsenal : un d\u00e9fenseur cl\u00e9 appara\u00eet comme un doute pour le choc de Crystal Palace\",\"datePublished\":\"2025-10-26T08:48:08+00:00\",\"dateModified\":\"2025-10-26T08:48:08+00:00\",\"mainEntityOfPage\":{\"@id\":\"https:\/\/footdavant.fr\/actualites\/nouvelles-des-blessures-darsenal-un-defenseur-cle-apparait-comme-un-doute-pour-le-choc-de-crystal-palace\/\"},\"wordCount\":452,\"publisher\":{\"@id\":\"https:\/\/footdavant.fr\/actualites\/#organization\"},\"keywords\":[\"appara\u00eet\",\"blessures\",\"choc\",\"cl\u00e9..\",\"comme\",\"Crystal\",\"dArsenal\",\"d\u00e9fenseur\",\"des\",\"doute\",\"Nouvelles\",\"Palace\",\"pour\"],\"articleSection\":[\"Premier League\"],\"inLanguage\":\"fr-FR\"},{\"@type\":\"WebPage\",\"@id\":\"https:\/\/footdavant.fr\/actualites\/nouvelles-des-blessures-darsenal-un-defenseur-cle-apparait-comme-un-doute-pour-le-choc-de-crystal-palace\/\",\"url\":\"https:\/\/footdavant.fr\/actualites\/nouvelles-des-blessures-darsenal-un-defenseur-cle-apparait-comme-un-doute-pour-le-choc-de-crystal-palace\/\",\"name\":\"Nouvelles des blessures d\u2019Arsenal : un d\u00e9fenseur cl\u00e9 appara\u00eet comme un doute pour le choc de Crystal Palace\",\"isPartOf\":{\"@id\":\"https:\/\/footdavant.fr\/actualites\/#website\"},\"datePublished\":\"2025-10-26T08:48:08+00:00\",\"dateModified\":\"2025-10-26T08:48:08+00:00\",\"breadcrumb\":{\"@id\":\"https:\/\/footdavant.fr\/actualites\/nouvelles-des-blessures-darsenal-un-defenseur-cle-apparait-comme-un-doute-pour-le-choc-de-crystal-palace\/#breadcrumb\"},\"inLanguage\":\"fr-FR\",\"potentialAction\":[{\"@type\":\"ReadAction\",\"target\":[\"https:\/\/footdavant.fr\/actualites\/nouvelles-des-blessures-darsenal-un-defenseur-cle-apparait-comme-un-doute-pour-le-choc-de-crystal-palace\/\"]}]},{\"@type\":\"BreadcrumbList\",\"@id\":\"https:\/\/footdavant.fr\/actualites\/nouvelles-des-blessures-darsenal-un-defenseur-cle-apparait-comme-un-doute-pour-le-choc-de-crystal-palace\/#breadcrumb\",\"itemListElement\":[{\"@type\":\"ListItem\",\"position\":1,\"name\":\"Accueil\",\"item\":\"https:\/\/footdavant.fr\/actualites\/\"},{\"@type\":\"ListItem\",\"position\":2,\"name\":\"Nouvelles des blessures d\u2019Arsenal : un d\u00e9fenseur cl\u00e9 appara\u00eet comme un doute pour le choc de Crystal Palace\"}]},{\"@type\":\"WebSite\",\"@id\":\"https:\/\/footdavant.fr\/actualites\/#website\",\"url\":\"https:\/\/footdavant.fr\/actualites\/\",\"name\":\"Foot d'avant\",\"description\":\"\",\"publisher\":{\"@id\":\"https:\/\/footdavant.fr\/actualites\/#organization\"},\"potentialAction\":[{\"@type\":\"SearchAction\",\"target\":{\"@type\":\"EntryPoint\",\"urlTemplate\":\"https:\/\/footdavant.fr\/actualites\/?s={search_term_string}\"},\"query-input\":\"required name=search_term_string\"}],\"inLanguage\":\"fr-FR\"},{\"@type\":\"Organization\",\"@id\":\"https:\/\/footdavant.fr\/actualites\/#organization\",\"name\":\"Foot d'avant\",\"url\":\"https:\/\/footdavant.fr\/actualites\/\",\"logo\":{\"@type\":\"ImageObject\",\"inLanguage\":\"fr-FR\",\"@id\":\"https:\/\/footdavant.fr\/actualites\/#\/schema\/logo\/image\/\",\"url\":\"https:\/\/footdavant.fr\/actualites\/wp-content\/uploads\/2023\/09\/Copy-of-FootDavant-Logo.png\",\"contentUrl\":\"https:\/\/footdavant.fr\/actualites\/wp-content\/uploads\/2023\/09\/Copy-of-FootDavant-Logo.png\",\"width\":936,\"height\":549,\"caption\":\"Foot d'avant\"},\"image\":{\"@id\":\"https:\/\/footdavant.fr\/actualites\/#\/schema\/logo\/image\/\"},\"sameAs\":[\"https:\/\/www.facebook.com\/Footdavant\/\",\"https:\/\/twitter.com\/FootdavantFr\",\"https:\/\/www.instagram.com\/footdavant.fr\/\"]},{\"@type\":\"Person\",\"@id\":\"https:\/\/footdavant.fr\/actualites\/#\/schema\/person\/bc222566d95871b37e597b3ed3ba5e1d\",\"name\":\"Cl\u00e9ment\",\"image\":{\"@type\":\"ImageObject\",\"inLanguage\":\"fr-FR\",\"@id\":\"https:\/\/footdavant.fr\/actualites\/#\/schema\/person\/image\/\",\"url\":\"https:\/\/secure.gravatar.com\/avatar\/7728b29aac2719421e1a9159b2254c44?s=96&d=mm&r=g\",\"contentUrl\":\"https:\/\/secure.gravatar.com\/avatar\/7728b29aac2719421e1a9159b2254c44?s=96&d=mm&r=g\",\"caption\":\"Cl\u00e9ment\"},\"sameAs\":[\"https:\/\/footdavant.fr\/\"]}]}<\/script>\n<!-- \/ Yoast SEO plugin. -->","yoast_head_json":{"title":"Nouvelles des blessures d\u2019Arsenal : un d\u00e9fenseur cl\u00e9 appara\u00eet comme un doute pour le choc de Crystal Palace","robots":{"index":"index","follow":"follow","max-snippet":"max-snippet:-1","max-image-preview":"max-image-preview:large","max-video-preview":"max-video-preview:-1"},"canonical":"https:\/\/footdavant.fr\/actualites\/nouvelles-des-blessures-darsenal-un-defenseur-cle-apparait-comme-un-doute-pour-le-choc-de-crystal-palace\/","og_locale":"fr_FR","og_type":"article","og_title":"Nouvelles des blessures d\u2019Arsenal : un d\u00e9fenseur cl\u00e9 appara\u00eet comme un doute pour le choc de Crystal Palace","og_description":"Arsenal cherchera \u00e0 maintenir sa forme impressionnante lorsqu&#39;il affrontera Crystal Palace en Premier League dimanche, mais il pourrait se passer de Gabriel Magalhaes. Arsenal cherchera","og_url":"https:\/\/footdavant.fr\/actualites\/nouvelles-des-blessures-darsenal-un-defenseur-cle-apparait-comme-un-doute-pour-le-choc-de-crystal-palace\/","og_site_name":"Foot d&#039;avant","article_publisher":"https:\/\/www.facebook.com\/Footdavant\/","article_published_time":"2025-10-26T08:48:08+00:00","og_image":[{"width":640,"height":480,"url":"https:\/\/footdavant.fr\/actualites\/wp-content\/uploads\/2025\/10\/Nouvelles-des-blessures-dArsenal-un-defenseur-cle-apparait-comme.jpg","type":"image\/jpeg"}],"author":"Cl\u00e9ment","twitter_card":"summary_large_image","twitter_creator":"@FootdavantFr","twitter_site":"@FootdavantFr","twitter_misc":{"\u00c9crit par":"Cl\u00e9ment","Dur\u00e9e de lecture estim\u00e9e":"2 minutes"},"schema":{"@context":"https:\/\/schema.org","@graph":[{"@type":"Article","@id":"https:\/\/footdavant.fr\/actualites\/nouvelles-des-blessures-darsenal-un-defenseur-cle-apparait-comme-un-doute-pour-le-choc-de-crystal-palace\/#article","isPartOf":{"@id":"https:\/\/footdavant.fr\/actualites\/nouvelles-des-blessures-darsenal-un-defenseur-cle-apparait-comme-un-doute-pour-le-choc-de-crystal-palace\/"},"author":{"name":"Cl\u00e9ment","@id":"https:\/\/footdavant.fr\/actualites\/#\/schema\/person\/bc222566d95871b37e597b3ed3ba5e1d"},"headline":"Nouvelles des blessures d\u2019Arsenal : un d\u00e9fenseur cl\u00e9 appara\u00eet comme un doute pour le choc de Crystal Palace","datePublished":"2025-10-26T08:48:08+00:00","dateModified":"2025-10-26T08:48:08+00:00","mainEntityOfPage":{"@id":"https:\/\/footdavant.fr\/actualites\/nouvelles-des-blessures-darsenal-un-defenseur-cle-apparait-comme-un-doute-pour-le-choc-de-crystal-palace\/"},"wordCount":452,"publisher":{"@id":"https:\/\/footdavant.fr\/actualites\/#organization"},"keywords":["appara\u00eet","blessures","choc","cl\u00e9..","comme","Crystal","dArsenal","d\u00e9fenseur","des","doute","Nouvelles","Palace","pour"],"articleSection":["Premier League"],"inLanguage":"fr-FR"},{"@type":"WebPage","@id":"https:\/\/footdavant.fr\/actualites\/nouvelles-des-blessures-darsenal-un-defenseur-cle-apparait-comme-un-doute-pour-le-choc-de-crystal-palace\/","url":"https:\/\/footdavant.fr\/actualites\/nouvelles-des-blessures-darsenal-un-defenseur-cle-apparait-comme-un-doute-pour-le-choc-de-crystal-palace\/","name":"Nouvelles des blessures d\u2019Arsenal : un d\u00e9fenseur cl\u00e9 appara\u00eet comme un doute pour le choc de Crystal Palace","isPartOf":{"@id":"https:\/\/footdavant.fr\/actualites\/#website"},"datePublished":"2025-10-26T08:48:08+00:00","dateModified":"2025-10-26T08:48:08+00:00","breadcrumb":{"@id":"https:\/\/footdavant.fr\/actualites\/nouvelles-des-blessures-darsenal-un-defenseur-cle-apparait-comme-un-doute-pour-le-choc-de-crystal-palace\/#breadcrumb"},"inLanguage":"fr-FR","potentialAction":[{"@type":"ReadAction","target":["https:\/\/footdavant.fr\/actualites\/nouvelles-des-blessures-darsenal-un-defenseur-cle-apparait-comme-un-doute-pour-le-choc-de-crystal-palace\/"]}]},{"@type":"BreadcrumbList","@id":"https:\/\/footdavant.fr\/actualites\/nouvelles-des-blessures-darsenal-un-defenseur-cle-apparait-comme-un-doute-pour-le-choc-de-crystal-palace\/#breadcrumb","itemListElement":[{"@type":"ListItem","position":1,"name":"Accueil","item":"https:\/\/footdavant.fr\/actualites\/"},{"@type":"ListItem","position":2,"name":"Nouvelles des blessures d\u2019Arsenal : un d\u00e9fenseur cl\u00e9 appara\u00eet comme un doute pour le choc de Crystal Palace"}]},{"@type":"WebSite","@id":"https:\/\/footdavant.fr\/actualites\/#website","url":"https:\/\/footdavant.fr\/actualites\/","name":"Foot d'avant","description":"","publisher":{"@id":"https:\/\/footdavant.fr\/actualites\/#organization"},"potentialAction":[{"@type":"SearchAction","target":{"@type":"EntryPoint","urlTemplate":"https:\/\/footdavant.fr\/actualites\/?s={search_term_string}"},"query-input":"required name=search_term_string"}],"inLanguage":"fr-FR"},{"@type":"Organization","@id":"https:\/\/footdavant.fr\/actualites\/#organization","name":"Foot d'avant","url":"https:\/\/footdavant.fr\/actualites\/","logo":{"@type":"ImageObject","inLanguage":"fr-FR","@id":"https:\/\/footdavant.fr\/actualites\/#\/schema\/logo\/image\/","url":"https:\/\/footdavant.fr\/actualites\/wp-content\/uploads\/2023\/09\/Copy-of-FootDavant-Logo.png","contentUrl":"https:\/\/footdavant.fr\/actualites\/wp-content\/uploads\/2023\/09\/Copy-of-FootDavant-Logo.png","width":936,"height":549,"caption":"Foot d'avant"},"image":{"@id":"https:\/\/footdavant.fr\/actualites\/#\/schema\/logo\/image\/"},"sameAs":["https:\/\/www.facebook.com\/Footdavant\/","https:\/\/twitter.com\/FootdavantFr","https:\/\/www.instagram.com\/footdavant.fr\/"]},{"@type":"Person","@id":"https:\/\/footdavant.fr\/actualites\/#\/schema\/person\/bc222566d95871b37e597b3ed3ba5e1d","name":"Cl\u00e9ment","image":{"@type":"ImageObject","inLanguage":"fr-FR","@id":"https:\/\/footdavant.fr\/actualites\/#\/schema\/person\/image\/","url":"https:\/\/secure.gravatar.com\/avatar\/7728b29aac2719421e1a9159b2254c44?s=96&d=mm&r=g","contentUrl":"https:\/\/secure.gravatar.com\/avatar\/7728b29aac2719421e1a9159b2254c44?s=96&d=mm&r=g","caption":"Cl\u00e9ment"},"sameAs":["https:\/\/footdavant.fr\/"]}]}},"_links":{"self":[{"href":"https:\/\/footdavant.fr\/actualites\/wp-json\/wp\/v2\/posts\/30344"}],"collection":[{"href":"https:\/\/footdavant.fr\/actualites\/wp-json\/wp\/v2\/posts"}],"about":[{"href":"https:\/\/footdavant.fr\/actualites\/wp-json\/wp\/v2\/types\/post"}],"author":[{"embeddable":true,"href":"https:\/\/footdavant.fr\/actualites\/wp-json\/wp\/v2\/users\/1"}],"replies":[{"embeddable":true,"href":"https:\/\/footdavant.fr\/actualites\/wp-json\/wp\/v2\/comments?post=30344"}],"version-history":[{"count":1,"href":"https:\/\/footdavant.fr\/actualites\/wp-json\/wp\/v2\/posts\/30344\/revisions"}],"predecessor-version":[{"id":30346,"href":"https:\/\/footdavant.fr\/actualites\/wp-json\/wp\/v2\/posts\/30344\/revisions\/30346"}],"wp:featuredmedia":[{"embeddable":true,"href":"https:\/\/footdavant.fr\/actualites\/wp-json\/wp\/v2\/media\/30345"}],"wp:attachment":[{"href":"https:\/\/footdavant.fr\/actualites\/wp-json\/wp\/v2\/media?parent=30344"}],"wp:term":[{"taxonomy":"category","embeddable":true,"href":"https:\/\/footdavant.fr\/actualites\/wp-json\/wp\/v2\/categories?post=30344"},{"taxonomy":"post_tag","embeddable":true,"href":"https:\/\/footdavant.fr\/actualites\/wp-json\/wp\/v2\/tags?post=30344"}],"curies":[{"name":"wp","href":"https:\/\/api.w.org\/{rel}","templated":true}]}}