{"id":30367,"date":"2025-10-26T20:48:03","date_gmt":"2025-10-26T19:48:03","guid":{"rendered":"https:\/\/footdavant.fr\/actualites\/le-real-madrid-apprend-letendue-de-la-blessure-du-defenseur-contre-la-juventus-avant-le-clasico\/"},"modified":"2025-10-26T20:48:04","modified_gmt":"2025-10-26T19:48:04","slug":"le-real-madrid-apprend-letendue-de-la-blessure-du-defenseur-contre-la-juventus-avant-le-clasico","status":"publish","type":"post","link":"https:\/\/footdavant.fr\/actualites\/le-real-madrid-apprend-letendue-de-la-blessure-du-defenseur-contre-la-juventus-avant-le-clasico\/","title":{"rendered":"Le Real Madrid \u00ab\u00a0apprend l&#39;\u00e9tendue\u00a0\u00bb de la \u00ab\u00a0blessure\u00a0\u00bb du d\u00e9fenseur contre la Juventus avant le Clasico"},"content":{"rendered":"<p>L&#39;arri\u00e8re central du Real Madrid, Raul Asencio, aurait souffert de crampes seulement lors des derni\u00e8res \u00e9tapes du match de Ligue des Champions contre la Juventus, mercredi.<\/p>\n<div id=\"article_body\" itemprop=\"articleBody\">\n<h3 class=\"firstPara\"><\/h3>\n<p><strong class=\"autotag\">D\u00e9fenseur central du Real Madrid <strong class=\"autotag\">Raul Asencio aurait souffert de crampes dans les derniers instants de la comp\u00e9tition de mercredi. <strong class=\"autotag\">Match de Ligue des Champions contre <strong class=\"autotag\">Juventus plut\u00f4t qu&#39;un probl\u00e8me de blessure.<\/p>\n<p>Asencio a \u00e9t\u00e9 remplac\u00e9 \u00e0 la 88e minute de ce qui s&#39;est av\u00e9r\u00e9 \u00eatre un succ\u00e8s 1-0 pour Los Blancos, et des doutes ont \u00e9t\u00e9 imm\u00e9diats quant \u00e0 sa forme physique avant le match. <strong class=\"autotag\">El Clasico ce week-end.<\/p>\n<p>Cependant, selon le journaliste Mario Cortegana, il n&#39;y a aucune inqui\u00e9tude quant \u00e0 une \u00e9ventuelle blessure de l&#39;Espagnol, qui souffrait simplement de crampes en raison de la charge de travail qu&#39;il avait endur\u00e9e.<\/p>\n<p><strong class=\"autotag\">Dean Huijsen est pr\u00e9sent pour El Clasico, mais <strong class=\"autotag\">Antonio Rudiger est absent un peu plus longtemps en raison d&#39;une blessure, tandis que David Alaba souffre d&#39;une douleur au mollet, donc un autre probl\u00e8me pour Asencio laisserait le Real Madrid extr\u00eamement court au milieu de sa d\u00e9fense.<\/p>\n<p>Huijsen et Asencio devraient-ils tous deux \u00eatre exclus du match avec <strong class=\"autotag\">Barcelone, il est alors probable qu&#39;Aur\u00e9lien Tchouameni tomberait au milieu de la d\u00e9fense aux c\u00f4t\u00e9s d&#39;Eder Militao.<\/p>\n<p class=\"imgI\">\n<h2>Rau\u00a0; Asencio a \u00e9t\u00e9 expuls\u00e9 contre la Juventus \u00e0 cause d&#39;une \u00ab\u00a0crampe\u00a0\u00bb<\/h2>\n<p>Le Real Madrid pourrait accueillir Trent Alexander-Arnold et Dani Carvajal dans son \u00e9quipe pour le match contre Barcelone, tandis que Dani Ceballos pourrait se renforcer. <strong class=\"autotag\">D\u00e9partement du milieu de terrain de Xabi Alonso.<\/p>\n<p><strong class=\"autotag\">Jude Bellingham a marqu\u00e9 le seul but du match contre la Juventus mercredi, alors que Los Blancos sont rest\u00e9s parfaits en Ligue des champions cette saison, avec neuf points en trois matches.<\/p>\n<p>\u00ab\u00a0Nous savions que ce serait un match tr\u00e8s disput\u00e9 et il y a certainement eu des moments. En premi\u00e8re mi-temps, nous avons eu du mal \u00e0 entrer dans le match d\u00e8s le d\u00e9but, mais nous nous y sommes habitu\u00e9s au fil du temps\u00a0\u00bb, a d\u00e9clar\u00e9 Alonso aux journalistes.<\/p>\n<p>\u00ab\u00a0Nous sommes sortis brillamment apr\u00e8s la pause et nous avons profit\u00e9 de notre meilleur moment apr\u00e8s le but. Nous avons r\u00e9alis\u00e9 de bons mouvements et nous aurions pu mettre un terme au match avec plusieurs occasions.\u00a0\u00bb<\/p>\n<p class=\"imgI\">\n<h2>Alonso fait l&#39;\u00e9loge de Bellingham apr\u00e8s le premier but de la saison<\/h2>\n<p>Alonso a \u00e9galement salu\u00e9 Bellingham, avec l&#39;international anglais, qui a \u00e9t\u00e9 critiqu\u00e9 pour sa forme cette saison, trouvant le fond des filets pour la premi\u00e8re fois au cours de la campagne 2025-26.<\/p>\n<p>\u00ab\u00a0Ind\u00e9pendamment du but, c&#39;\u00e9tait une performance vraiment compl\u00e8te de sa part. C&#39;\u00e9tait un match difficile, avec tr\u00e8s peu d&#39;espace, mais j&#39;ai \u00e9t\u00e9 vraiment impressionn\u00e9 par lui contre Getafe, et encore aujourd&#39;hui\u00a0\u00bb, a d\u00e9clar\u00e9 Alonso.<\/p>\n<p>\u00ab\u00a0Ensuite, il a \u00e9galement marqu\u00e9. Je suis ravi de lui, mais surtout de la fa\u00e7on dont il a r\u00e9cup\u00e9r\u00e9 le ballon \u00e0 maintes reprises et a pris de bonnes positions dans la surface. Je suis vraiment content pour lui.\u00a0\u00bb<\/p>\n<p>Bellingham, qui a \u00e9t\u00e9 exclu de la derni\u00e8re \u00e9quipe d&#39;Angleterre par l&#39;entra\u00eeneur-chef des Three Lions Thomas Tuchel, devrait d\u00e9sormais \u00eatre dans l&#39;\u00e9quipe de d\u00e9part pour l&#39;\u00e9norme match contre Barcelone dimanche.<\/p>\n<div class=\"author_box\">\n<div class=\"author_box_banner\"> <\/div>\n<\/div>\n<\/div>\n","protected":false},"excerpt":{"rendered":"<p>L&#39;arri\u00e8re central du Real Madrid, Raul Asencio, aurait souffert de crampes seulement lors des derni\u00e8res \u00e9tapes du match de Ligue des Champions contre la Juventus,<\/p>\n","protected":false},"author":1,"featured_media":30368,"comment_status":"closed","ping_status":"","sticky":false,"template":"","format":"standard","meta":{"footnotes":""},"categories":[4],"tags":[2905,491,15,8062,20,928,711,7052,303,302],"yoast_head":"<!-- This site is optimized with the Yoast SEO plugin v21.0 - https:\/\/yoast.com\/wordpress\/plugins\/seo\/ -->\n<title>Le Real Madrid &quot;apprend l&#039;\u00e9tendue&quot; de la &quot;blessure&quot; du d\u00e9fenseur contre la Juventus avant le Clasico<\/title>\n<meta name=\"robots\" content=\"index, follow, max-snippet:-1, max-image-preview:large, max-video-preview:-1\" \/>\n<link rel=\"canonical\" href=\"https:\/\/footdavant.fr\/actualites\/le-real-madrid-apprend-letendue-de-la-blessure-du-defenseur-contre-la-juventus-avant-le-clasico\/\" \/>\n<meta property=\"og:locale\" content=\"fr_FR\" \/>\n<meta property=\"og:type\" content=\"article\" \/>\n<meta property=\"og:title\" content=\"Le Real Madrid &quot;apprend l&#039;\u00e9tendue&quot; de la &quot;blessure&quot; du d\u00e9fenseur contre la Juventus avant le Clasico\" \/>\n<meta property=\"og:description\" content=\"L&#039;arri\u00e8re central du Real Madrid, Raul Asencio, aurait souffert de crampes seulement lors des derni\u00e8res \u00e9tapes du match de Ligue des Champions contre la Juventus,\" \/>\n<meta property=\"og:url\" content=\"https:\/\/footdavant.fr\/actualites\/le-real-madrid-apprend-letendue-de-la-blessure-du-defenseur-contre-la-juventus-avant-le-clasico\/\" \/>\n<meta property=\"og:site_name\" content=\"Foot d&#039;avant\" \/>\n<meta property=\"article:publisher\" content=\"https:\/\/www.facebook.com\/Footdavant\/\" \/>\n<meta property=\"article:published_time\" content=\"2025-10-26T19:48:03+00:00\" \/>\n<meta property=\"article:modified_time\" content=\"2025-10-26T19:48:04+00:00\" \/>\n<meta property=\"og:image\" content=\"https:\/\/footdavant.fr\/actualites\/wp-content\/uploads\/2025\/10\/Le-Real-Madrid-apprend-l39etendue-de-la-blessure-du-defenseur.jpg\" \/>\n\t<meta property=\"og:image:width\" content=\"640\" \/>\n\t<meta property=\"og:image:height\" content=\"480\" \/>\n\t<meta property=\"og:image:type\" content=\"image\/jpeg\" \/>\n<meta name=\"author\" content=\"Cl\u00e9ment\" \/>\n<meta name=\"twitter:card\" content=\"summary_large_image\" \/>\n<meta name=\"twitter:creator\" content=\"@FootdavantFr\" \/>\n<meta name=\"twitter:site\" content=\"@FootdavantFr\" \/>\n<meta name=\"twitter:label1\" content=\"\u00c9crit par\" \/>\n\t<meta name=\"twitter:data1\" content=\"Cl\u00e9ment\" \/>\n\t<meta name=\"twitter:label2\" content=\"Dur\u00e9e de lecture estim\u00e9e\" \/>\n\t<meta name=\"twitter:data2\" content=\"3 minutes\" \/>\n<script type=\"application\/ld+json\" class=\"yoast-schema-graph\">{\"@context\":\"https:\/\/schema.org\",\"@graph\":[{\"@type\":\"Article\",\"@id\":\"https:\/\/footdavant.fr\/actualites\/le-real-madrid-apprend-letendue-de-la-blessure-du-defenseur-contre-la-juventus-avant-le-clasico\/#article\",\"isPartOf\":{\"@id\":\"https:\/\/footdavant.fr\/actualites\/le-real-madrid-apprend-letendue-de-la-blessure-du-defenseur-contre-la-juventus-avant-le-clasico\/\"},\"author\":{\"name\":\"Cl\u00e9ment\",\"@id\":\"https:\/\/footdavant.fr\/actualites\/#\/schema\/person\/bc222566d95871b37e597b3ed3ba5e1d\"},\"headline\":\"Le Real Madrid \u00ab\u00a0apprend l&#39;\u00e9tendue\u00a0\u00bb de la \u00ab\u00a0blessure\u00a0\u00bb du d\u00e9fenseur contre la Juventus avant le Clasico\",\"datePublished\":\"2025-10-26T19:48:03+00:00\",\"dateModified\":\"2025-10-26T19:48:04+00:00\",\"mainEntityOfPage\":{\"@id\":\"https:\/\/footdavant.fr\/actualites\/le-real-madrid-apprend-letendue-de-la-blessure-du-defenseur-contre-la-juventus-avant-le-clasico\/\"},\"wordCount\":588,\"publisher\":{\"@id\":\"https:\/\/footdavant.fr\/actualites\/#organization\"},\"keywords\":[\"apprend\",\"avant\",\"Blessure\",\"Clasico\",\"contre\",\"d\u00e9fenseur\",\"Juventus\",\"l39\u00e9tendue\",\"Madrid\",\"Real\"],\"articleSection\":[\"Champions League\"],\"inLanguage\":\"fr-FR\"},{\"@type\":\"WebPage\",\"@id\":\"https:\/\/footdavant.fr\/actualites\/le-real-madrid-apprend-letendue-de-la-blessure-du-defenseur-contre-la-juventus-avant-le-clasico\/\",\"url\":\"https:\/\/footdavant.fr\/actualites\/le-real-madrid-apprend-letendue-de-la-blessure-du-defenseur-contre-la-juventus-avant-le-clasico\/\",\"name\":\"Le Real Madrid \\\"apprend l&#39;\u00e9tendue\\\" de la \\\"blessure\\\" du d\u00e9fenseur contre la Juventus avant le Clasico\",\"isPartOf\":{\"@id\":\"https:\/\/footdavant.fr\/actualites\/#website\"},\"datePublished\":\"2025-10-26T19:48:03+00:00\",\"dateModified\":\"2025-10-26T19:48:04+00:00\",\"breadcrumb\":{\"@id\":\"https:\/\/footdavant.fr\/actualites\/le-real-madrid-apprend-letendue-de-la-blessure-du-defenseur-contre-la-juventus-avant-le-clasico\/#breadcrumb\"},\"inLanguage\":\"fr-FR\",\"potentialAction\":[{\"@type\":\"ReadAction\",\"target\":[\"https:\/\/footdavant.fr\/actualites\/le-real-madrid-apprend-letendue-de-la-blessure-du-defenseur-contre-la-juventus-avant-le-clasico\/\"]}]},{\"@type\":\"BreadcrumbList\",\"@id\":\"https:\/\/footdavant.fr\/actualites\/le-real-madrid-apprend-letendue-de-la-blessure-du-defenseur-contre-la-juventus-avant-le-clasico\/#breadcrumb\",\"itemListElement\":[{\"@type\":\"ListItem\",\"position\":1,\"name\":\"Accueil\",\"item\":\"https:\/\/footdavant.fr\/actualites\/\"},{\"@type\":\"ListItem\",\"position\":2,\"name\":\"Le Real Madrid \u00ab\u00a0apprend l&#39;\u00e9tendue\u00a0\u00bb de la \u00ab\u00a0blessure\u00a0\u00bb du d\u00e9fenseur contre la Juventus avant le Clasico\"}]},{\"@type\":\"WebSite\",\"@id\":\"https:\/\/footdavant.fr\/actualites\/#website\",\"url\":\"https:\/\/footdavant.fr\/actualites\/\",\"name\":\"Foot d'avant\",\"description\":\"\",\"publisher\":{\"@id\":\"https:\/\/footdavant.fr\/actualites\/#organization\"},\"potentialAction\":[{\"@type\":\"SearchAction\",\"target\":{\"@type\":\"EntryPoint\",\"urlTemplate\":\"https:\/\/footdavant.fr\/actualites\/?s={search_term_string}\"},\"query-input\":\"required name=search_term_string\"}],\"inLanguage\":\"fr-FR\"},{\"@type\":\"Organization\",\"@id\":\"https:\/\/footdavant.fr\/actualites\/#organization\",\"name\":\"Foot d'avant\",\"url\":\"https:\/\/footdavant.fr\/actualites\/\",\"logo\":{\"@type\":\"ImageObject\",\"inLanguage\":\"fr-FR\",\"@id\":\"https:\/\/footdavant.fr\/actualites\/#\/schema\/logo\/image\/\",\"url\":\"https:\/\/footdavant.fr\/actualites\/wp-content\/uploads\/2023\/09\/Copy-of-FootDavant-Logo.png\",\"contentUrl\":\"https:\/\/footdavant.fr\/actualites\/wp-content\/uploads\/2023\/09\/Copy-of-FootDavant-Logo.png\",\"width\":936,\"height\":549,\"caption\":\"Foot d'avant\"},\"image\":{\"@id\":\"https:\/\/footdavant.fr\/actualites\/#\/schema\/logo\/image\/\"},\"sameAs\":[\"https:\/\/www.facebook.com\/Footdavant\/\",\"https:\/\/twitter.com\/FootdavantFr\",\"https:\/\/www.instagram.com\/footdavant.fr\/\"]},{\"@type\":\"Person\",\"@id\":\"https:\/\/footdavant.fr\/actualites\/#\/schema\/person\/bc222566d95871b37e597b3ed3ba5e1d\",\"name\":\"Cl\u00e9ment\",\"image\":{\"@type\":\"ImageObject\",\"inLanguage\":\"fr-FR\",\"@id\":\"https:\/\/footdavant.fr\/actualites\/#\/schema\/person\/image\/\",\"url\":\"https:\/\/secure.gravatar.com\/avatar\/7728b29aac2719421e1a9159b2254c44?s=96&d=mm&r=g\",\"contentUrl\":\"https:\/\/secure.gravatar.com\/avatar\/7728b29aac2719421e1a9159b2254c44?s=96&d=mm&r=g\",\"caption\":\"Cl\u00e9ment\"},\"sameAs\":[\"https:\/\/footdavant.fr\/\"]}]}<\/script>\n<!-- \/ Yoast SEO plugin. -->","yoast_head_json":{"title":"Le Real Madrid \"apprend l&#39;\u00e9tendue\" de la \"blessure\" du d\u00e9fenseur contre la Juventus avant le Clasico","robots":{"index":"index","follow":"follow","max-snippet":"max-snippet:-1","max-image-preview":"max-image-preview:large","max-video-preview":"max-video-preview:-1"},"canonical":"https:\/\/footdavant.fr\/actualites\/le-real-madrid-apprend-letendue-de-la-blessure-du-defenseur-contre-la-juventus-avant-le-clasico\/","og_locale":"fr_FR","og_type":"article","og_title":"Le Real Madrid \"apprend l&#39;\u00e9tendue\" de la \"blessure\" du d\u00e9fenseur contre la Juventus avant le Clasico","og_description":"L&#39;arri\u00e8re central du Real Madrid, Raul Asencio, aurait souffert de crampes seulement lors des derni\u00e8res \u00e9tapes du match de Ligue des Champions contre la Juventus,","og_url":"https:\/\/footdavant.fr\/actualites\/le-real-madrid-apprend-letendue-de-la-blessure-du-defenseur-contre-la-juventus-avant-le-clasico\/","og_site_name":"Foot d&#039;avant","article_publisher":"https:\/\/www.facebook.com\/Footdavant\/","article_published_time":"2025-10-26T19:48:03+00:00","article_modified_time":"2025-10-26T19:48:04+00:00","og_image":[{"width":640,"height":480,"url":"https:\/\/footdavant.fr\/actualites\/wp-content\/uploads\/2025\/10\/Le-Real-Madrid-apprend-l39etendue-de-la-blessure-du-defenseur.jpg","type":"image\/jpeg"}],"author":"Cl\u00e9ment","twitter_card":"summary_large_image","twitter_creator":"@FootdavantFr","twitter_site":"@FootdavantFr","twitter_misc":{"\u00c9crit par":"Cl\u00e9ment","Dur\u00e9e de lecture estim\u00e9e":"3 minutes"},"schema":{"@context":"https:\/\/schema.org","@graph":[{"@type":"Article","@id":"https:\/\/footdavant.fr\/actualites\/le-real-madrid-apprend-letendue-de-la-blessure-du-defenseur-contre-la-juventus-avant-le-clasico\/#article","isPartOf":{"@id":"https:\/\/footdavant.fr\/actualites\/le-real-madrid-apprend-letendue-de-la-blessure-du-defenseur-contre-la-juventus-avant-le-clasico\/"},"author":{"name":"Cl\u00e9ment","@id":"https:\/\/footdavant.fr\/actualites\/#\/schema\/person\/bc222566d95871b37e597b3ed3ba5e1d"},"headline":"Le Real Madrid \u00ab\u00a0apprend l&#39;\u00e9tendue\u00a0\u00bb de la \u00ab\u00a0blessure\u00a0\u00bb du d\u00e9fenseur contre la Juventus avant le Clasico","datePublished":"2025-10-26T19:48:03+00:00","dateModified":"2025-10-26T19:48:04+00:00","mainEntityOfPage":{"@id":"https:\/\/footdavant.fr\/actualites\/le-real-madrid-apprend-letendue-de-la-blessure-du-defenseur-contre-la-juventus-avant-le-clasico\/"},"wordCount":588,"publisher":{"@id":"https:\/\/footdavant.fr\/actualites\/#organization"},"keywords":["apprend","avant","Blessure","Clasico","contre","d\u00e9fenseur","Juventus","l39\u00e9tendue","Madrid","Real"],"articleSection":["Champions League"],"inLanguage":"fr-FR"},{"@type":"WebPage","@id":"https:\/\/footdavant.fr\/actualites\/le-real-madrid-apprend-letendue-de-la-blessure-du-defenseur-contre-la-juventus-avant-le-clasico\/","url":"https:\/\/footdavant.fr\/actualites\/le-real-madrid-apprend-letendue-de-la-blessure-du-defenseur-contre-la-juventus-avant-le-clasico\/","name":"Le Real Madrid \"apprend l&#39;\u00e9tendue\" de la \"blessure\" du d\u00e9fenseur contre la Juventus avant le Clasico","isPartOf":{"@id":"https:\/\/footdavant.fr\/actualites\/#website"},"datePublished":"2025-10-26T19:48:03+00:00","dateModified":"2025-10-26T19:48:04+00:00","breadcrumb":{"@id":"https:\/\/footdavant.fr\/actualites\/le-real-madrid-apprend-letendue-de-la-blessure-du-defenseur-contre-la-juventus-avant-le-clasico\/#breadcrumb"},"inLanguage":"fr-FR","potentialAction":[{"@type":"ReadAction","target":["https:\/\/footdavant.fr\/actualites\/le-real-madrid-apprend-letendue-de-la-blessure-du-defenseur-contre-la-juventus-avant-le-clasico\/"]}]},{"@type":"BreadcrumbList","@id":"https:\/\/footdavant.fr\/actualites\/le-real-madrid-apprend-letendue-de-la-blessure-du-defenseur-contre-la-juventus-avant-le-clasico\/#breadcrumb","itemListElement":[{"@type":"ListItem","position":1,"name":"Accueil","item":"https:\/\/footdavant.fr\/actualites\/"},{"@type":"ListItem","position":2,"name":"Le Real Madrid \u00ab\u00a0apprend l&#39;\u00e9tendue\u00a0\u00bb de la \u00ab\u00a0blessure\u00a0\u00bb du d\u00e9fenseur contre la Juventus avant le Clasico"}]},{"@type":"WebSite","@id":"https:\/\/footdavant.fr\/actualites\/#website","url":"https:\/\/footdavant.fr\/actualites\/","name":"Foot d'avant","description":"","publisher":{"@id":"https:\/\/footdavant.fr\/actualites\/#organization"},"potentialAction":[{"@type":"SearchAction","target":{"@type":"EntryPoint","urlTemplate":"https:\/\/footdavant.fr\/actualites\/?s={search_term_string}"},"query-input":"required name=search_term_string"}],"inLanguage":"fr-FR"},{"@type":"Organization","@id":"https:\/\/footdavant.fr\/actualites\/#organization","name":"Foot d'avant","url":"https:\/\/footdavant.fr\/actualites\/","logo":{"@type":"ImageObject","inLanguage":"fr-FR","@id":"https:\/\/footdavant.fr\/actualites\/#\/schema\/logo\/image\/","url":"https:\/\/footdavant.fr\/actualites\/wp-content\/uploads\/2023\/09\/Copy-of-FootDavant-Logo.png","contentUrl":"https:\/\/footdavant.fr\/actualites\/wp-content\/uploads\/2023\/09\/Copy-of-FootDavant-Logo.png","width":936,"height":549,"caption":"Foot d'avant"},"image":{"@id":"https:\/\/footdavant.fr\/actualites\/#\/schema\/logo\/image\/"},"sameAs":["https:\/\/www.facebook.com\/Footdavant\/","https:\/\/twitter.com\/FootdavantFr","https:\/\/www.instagram.com\/footdavant.fr\/"]},{"@type":"Person","@id":"https:\/\/footdavant.fr\/actualites\/#\/schema\/person\/bc222566d95871b37e597b3ed3ba5e1d","name":"Cl\u00e9ment","image":{"@type":"ImageObject","inLanguage":"fr-FR","@id":"https:\/\/footdavant.fr\/actualites\/#\/schema\/person\/image\/","url":"https:\/\/secure.gravatar.com\/avatar\/7728b29aac2719421e1a9159b2254c44?s=96&d=mm&r=g","contentUrl":"https:\/\/secure.gravatar.com\/avatar\/7728b29aac2719421e1a9159b2254c44?s=96&d=mm&r=g","caption":"Cl\u00e9ment"},"sameAs":["https:\/\/footdavant.fr\/"]}]}},"_links":{"self":[{"href":"https:\/\/footdavant.fr\/actualites\/wp-json\/wp\/v2\/posts\/30367"}],"collection":[{"href":"https:\/\/footdavant.fr\/actualites\/wp-json\/wp\/v2\/posts"}],"about":[{"href":"https:\/\/footdavant.fr\/actualites\/wp-json\/wp\/v2\/types\/post"}],"author":[{"embeddable":true,"href":"https:\/\/footdavant.fr\/actualites\/wp-json\/wp\/v2\/users\/1"}],"replies":[{"embeddable":true,"href":"https:\/\/footdavant.fr\/actualites\/wp-json\/wp\/v2\/comments?post=30367"}],"version-history":[{"count":1,"href":"https:\/\/footdavant.fr\/actualites\/wp-json\/wp\/v2\/posts\/30367\/revisions"}],"predecessor-version":[{"id":30369,"href":"https:\/\/footdavant.fr\/actualites\/wp-json\/wp\/v2\/posts\/30367\/revisions\/30369"}],"wp:featuredmedia":[{"embeddable":true,"href":"https:\/\/footdavant.fr\/actualites\/wp-json\/wp\/v2\/media\/30368"}],"wp:attachment":[{"href":"https:\/\/footdavant.fr\/actualites\/wp-json\/wp\/v2\/media?parent=30367"}],"wp:term":[{"taxonomy":"category","embeddable":true,"href":"https:\/\/footdavant.fr\/actualites\/wp-json\/wp\/v2\/categories?post=30367"},{"taxonomy":"post_tag","embeddable":true,"href":"https:\/\/footdavant.fr\/actualites\/wp-json\/wp\/v2\/tags?post=30367"}],"curies":[{"name":"wp","href":"https:\/\/api.w.org\/{rel}","templated":true}]}}