{"id":30440,"date":"2025-10-28T05:48:17","date_gmt":"2025-10-28T04:48:17","guid":{"rendered":"https:\/\/footdavant.fr\/actualites\/arsenal-contre-crystal-palace-mikel-arteta-a-propose-une-nouvelle-solution-a-eberechi-eze-avant-les-retrouvailles-de-la-premier-league\/"},"modified":"2025-10-28T05:48:21","modified_gmt":"2025-10-28T04:48:21","slug":"arsenal-contre-crystal-palace-mikel-arteta-a-propose-une-nouvelle-solution-a-eberechi-eze-avant-les-retrouvailles-de-la-premier-league","status":"publish","type":"post","link":"https:\/\/footdavant.fr\/actualites\/arsenal-contre-crystal-palace-mikel-arteta-a-propose-une-nouvelle-solution-a-eberechi-eze-avant-les-retrouvailles-de-la-premier-league\/","title":{"rendered":"Arsenal contre Crystal Palace : Mikel Arteta a propos\u00e9 une nouvelle solution \u00e0 Eberechi Eze avant les retrouvailles de la Premier League"},"content":{"rendered":"<p>Le manager d&#39;Arsenal, Mikel Arteta, se voit proposer une solution alternative \u00e0 Eberechi Eze alors que la signature estivale des Gunners se pr\u00e9pare \u00e0 affronter Crystal Palace pour la premi\u00e8re fois depuis son transfert important aux Emirats cet \u00e9t\u00e9.<\/p>\n<div id=\"article_body\" itemprop=\"articleBody\">\n<h3 class=\"firstPara\"><\/h3>\n<p><strong class=\"autotag\">Responsable d&#39;Arsenal <strong class=\"autotag\">Mikel Arteta s&#39;est vu proposer une alternative <strong class=\"autotag\">Solution Eberechi Eze alors que la signature estivale des Gunners se pr\u00e9pare \u00e0 affronter <strong class=\"autotag\">Crystal Palace pour la premi\u00e8re fois depuis son d\u00e9m\u00e9nagement co\u00fbteux aux Emirats cet \u00e9t\u00e9.<\/p>\n<p>Les hommes d&#39;Arteta accueillent les Eagles lors de la rencontre de Premier League dimanche \u00e0 la recherche d&#39;une septi\u00e8me victoire cons\u00e9cutive toutes comp\u00e9titions confondues, une qui leur permettrait de conserver au moins trois points d&#39;avance sur leurs plus proches challengers, Manchester City, au sommet du classement anglais de premier plan.<\/p>\n<p>Arsenal sera \u00e0 nouveau priv\u00e9 de son capitaine Martin Odegaard en raison de sa blessure au genou, donc Eze devrait recevoir le feu vert aux c\u00f4t\u00e9s <strong class=\"autotag\">Declan Rice et Martin Zubimendi au milieu de terrain contre son ancien club, mais il n&#39;a pas encore eu un impact soutenu sur la droite du trident rouge et blanc.<\/p>\n<p>Eze a eu du mal \u00e0 op\u00e9rer sa magie lors de la victoire 1-0 du week-end dernier contre Fulham, apr\u00e8s quoi Arteta l&#39;a d\u00e9fendu et a insist\u00e9 sur le fait qu&#39;il pouvait occuper plusieurs postes, laissant entrevoir la perspective d&#39;un ajustement tactique pour la visite de son ancienne \u00e9quipe.<\/p>\n<p>Sports Mole a r\u00e9cemment demand\u00e9 \u00e0 un expert d&#39;Arsenal <strong class=\"autotag\">Charles Watts a demand\u00e9 si Eze pouvait jouer comme huit \u00e0 gauche avec Declan Rice \u00e0 droite, ce \u00e0 quoi il a r\u00e9pondu : \u00ab\u00a0Il y a d\u00e9finitivement l&#39;option.<\/p>\n<p>\u00ab\u00a0Rice peut jouer l\u00e0-bas \u2013 il y a d\u00e9j\u00e0 jou\u00e9. Je ne pense pas qu&#39;il soit n\u00e9cessaire de jouer Eze \u00e0 part enti\u00e8re dans ce r\u00f4le d&#39;Odegaard. Je ne pense pas qu&#39;Eze puisse non plus jouer ce r\u00f4le d&#39;Odegaard, en termes de capacit\u00e9 \u00e0 jouer le poste, mais il le joue tr\u00e8s, tr\u00e8s diff\u00e9remment d&#39;Odegaard.<\/p>\n<p>\u00ab\u00a0Vous n&#39;allez pas voir Eze \u00eatre constamment ce quart-arri\u00e8re profond, joueur de type meneur de jeu qu&#39;est Odegaard. Plut\u00f4t le num\u00e9ro 10 en itin\u00e9rance libre, qui contre Fulham, il n&#39;y avait tout simplement pas cet espace pour \u00eatre ce joueur. Durant ses jours \u00e0 Palace, il ne se heurtera jamais au type de blocs bas qu&#39;il doit faire \u00e0 Arsenal. Les \u00e9quipes ne s&#39;affronteront tout simplement pas comme \u00e7a contre Crystal Palace.<\/p>\n<h2>\u00ab\u00a0Eberechi Eze a subi un r\u00e9veil brutal \u00e0 Arsenal\u00a0\u00bb<\/h2>\n<\/p>\n<p>\u00ab\u00a0Cela a \u00e9t\u00e9 un r\u00e9veil un peu difficile jusqu&#39;\u00e0 pr\u00e9sent pour lui, donc il va devoir apprendre \u00e0 \u00eatre capable de jouer comme \u00e7a tout en \u00e9tant capable de se cr\u00e9er des occasions. Je suis s\u00fbr qu&#39;il le fera. C&#39;est un joueur fabuleux. Ce n&#39;\u00e9tait pas son meilleur match contre Fulham, mais ce sera un match diff\u00e9rent.<\/p>\n<p>\u00ab\u00a0Vous savez \u00e0 quoi ressemblent les joueurs contre leurs anciens clubs. J&#39;imagine qu&#39;il recevra un tr\u00e8s bon accueil de la part des fans de Palace. Je ne les vois pas lui offrir un accueil de type West Ham, Declan Rice.<\/p>\n<p>\u00ab\u00a0Je ne pense pas qu&#39;il aura cette volont\u00e9 de prouver aux gens qu&#39;ils ont tort, mais vous voulez toujours marquer contre votre ancien club. J&#39;attends donc une grande performance de sa part. Je croise les doigts pour qu&#39;il puisse marquer ce but classique contre son ancien club, ce que tant de gens ont tendance \u00e0 faire, surtout lorsqu&#39;ils jouent \u00e0 Arsenal.\u00a0\u00bb<\/p>\n<p>Eze a cependant montr\u00e9 des signes prometteurs en milieu de semaine, cr\u00e9ant une grande occasion et frappant le poteau avec une tentative d\u00e9vi\u00e9e lors de la victoire 4-0 d&#39;Arsenal en Ligue des champions contre l&#39;Atletico Madrid aux Emirats, o\u00f9 les hommes d&#39;Arteta ont gard\u00e9 leur quatri\u00e8me cage inviol\u00e9e cons\u00e9cutive dans tous les tournois.<\/p>\n<p>Sans surprise, les Gunners poss\u00e8dent la d\u00e9fense la plus m\u00e9chante de la Premier League avec seulement trois buts encaiss\u00e9s au cours de la saison 2025-26, alors qu&#39;ils n&#39;ont m\u00eame pas fait face \u00e0 un tir cadr\u00e9 lors de l&#39;un de leurs deux derniers matches nationaux contre Fulham ou West Ham United.<\/p>\n<p>En revanche, Palace a rencontr\u00e9 un obstacle sur la route sous <strong class=\"autotag\">Oliver Glasner, perdant deux et faisant match nul lors de l&#39;un de ses trois derniers matchs apr\u00e8s s&#39;\u00eatre lanc\u00e9 dans une s\u00e9rie de 19 matchs, record du club, toutes comp\u00e9titions confondues.<\/p>\n<p>Les Eagles ont encaiss\u00e9 six buts lors de leurs trois derniers matchs, le plus r\u00e9cemment subissant une d\u00e9faite choc 1-0 en Conference League contre l&#39;AEK Larnaca jeudi soir, et ils se dirigeront donc vers les Emirats apr\u00e8s avoir eu deux jours de moins pour r\u00e9cup\u00e9rer que les leaders de la ligue.<\/p>\n<h2>Arsenal \u00ab\u00a0a l&#39;avantage\u00a0\u00bb dans la course au titre avant le match contre Crystal Palace<\/h2>\n<p class=\"imgI\"><img decoding=\"async\" alt=\"Le manager d&#39;Arsenal, Mikel Arteta, se rend dans sa zone technique le 18 octobre 2025\" class=\"vanilla-lazyload article-image\" src=\"https:\/\/footdavant.fr\/actualites\/wp-content\/uploads\/2025\/10\/Fulham-0-1-Arsenal-faits-saillants-homme-du-match-statistiques.jpg\"><\/p>\n<p>\u00ab\u00a0C&#39;est le bon moment pour les jouer\u00a0\u00bb, a ajout\u00e9 Watts. \u00ab\u00a0Ces deux jours de repos suppl\u00e9mentaires vont certainement \u00eatre importants. Ce serait bien du point de vue d&#39;Arsenal si Palace \u00e9tait absent &#8211; un match classique \u00e0 l&#39;ext\u00e9rieur de la Conference League en Azerba\u00efdjan ou quelque chose du genre &#8211; mais malheureusement pas.<\/p>\n<p>\u00ab\u00a0Mais ils avaient l&#39;air d\u00e9fensivement fragiles contre Bournemouth, ont conc\u00e9d\u00e9 trois buts, auraient pu en conc\u00e9der davantage. Mais fair-play envers eux dans la fa\u00e7on dont ils ont ripost\u00e9, ont obtenu un point et auraient probablement d\u00fb le gagner \u00e9tant donn\u00e9 l&#39;occasion (Jean-Philippe) Mateta a rat\u00e9 la derni\u00e8re minute.<\/p>\n<p>\u00ab\u00a0C&#39;est une \u00e9quipe tr\u00e8s, tr\u00e8s forte, pleine de confiance et de confiance en elle. Donc \u00e7a ne va pas \u00eatre facile. Et Palace est l&#39;une des \u00e9quipes, chaque fois qu&#39;ils se produisent aux Emirats, je ne me sens jamais totalement en confiance. Ils ont d\u00e9j\u00e0 eu de la joie aux Emirats, et Arsenal s&#39;en souviendra. C&#39;est un match o\u00f9 ils ont perdu des points la saison derni\u00e8re \u2013 ils voudront rebondir et r\u00e9pondre.<\/p>\n<p>\u00ab\u00a0C&#39;est leur opportunit\u00e9 de vraiment mettre le pied sur l&#39;acc\u00e9l\u00e9rateur et de bien comprendre cette Premier League, car il y a des probl\u00e8mes \u00e0 Liverpool, je ne pense toujours pas que City soit incroyable. Ils ont parfois \u00e9t\u00e9 sortis d&#39;un trou par un attaquant incroyable, alors qu&#39;Arsenal a juste l&#39;air fort et semble pouvoir s&#39;am\u00e9liorer \u00e9galement.<\/p>\n<p>\u00ab\u00a0Cela ressemble \u00e0 un moment o\u00f9 nous avons l&#39;avantage. Cela ressemble \u00e0 une tr\u00e8s grande opportunit\u00e9 pour Arsenal, une opportunit\u00e9 qu&#39;ils ne devraient pas laisser passer. Et je ne pense pas qu&#39;ils laisseront passer. Ils vont vraiment sortir pour prouver un autre point contre Palace.\u00a0\u00bb<\/p>\n<p>Arsenal a \u00e9t\u00e9 rattrap\u00e9 lors d&#39;un match nul 2-2 \u00e0 domicile contre Crystal Palace lors de ce match la saison derni\u00e8re, mais les Eagles ne se sont pas impos\u00e9s aux Emirats en Premier League depuis la campagne 2018-19, lorsque Roy Hodgson \u00e9tait \u00e0 la barre.<\/p>\n<div class=\"author_box\">\n<div class=\"author_box_banner\"> <img decoding=\"async\" class=\"author_img\" src=\"https:\/\/footdavant.fr\/actualites\/wp-content\/uploads\/2025\/06\/1749127685_316_Equipe-de-la-Ligue-des-champions-du-tournoi-Lamine-Yamal.jpg\"><\/div>\n<\/div>\n<\/div>\n","protected":false},"excerpt":{"rendered":"<p>Le manager d&#39;Arsenal, Mikel Arteta, se voit proposer une solution alternative \u00e0 Eberechi Eze alors que la signature estivale des Gunners se pr\u00e9pare \u00e0 affronter<\/p>\n","protected":false},"author":1,"featured_media":30441,"comment_status":"closed","ping_status":"","sticky":false,"template":"","format":"standard","meta":{"footnotes":""},"categories":[5],"tags":[67,211,491,20,1008,6356,5266,202,93,210,1850,815,201,2239,2417,6544,92],"yoast_head":"<!-- This site is optimized with the Yoast SEO plugin v21.0 - https:\/\/yoast.com\/wordpress\/plugins\/seo\/ -->\n<title>Arsenal contre Crystal Palace : Mikel Arteta a propos\u00e9 une nouvelle solution \u00e0 Eberechi Eze avant les retrouvailles de la Premier League<\/title>\n<meta name=\"robots\" content=\"index, follow, max-snippet:-1, max-image-preview:large, max-video-preview:-1\" \/>\n<link rel=\"canonical\" href=\"https:\/\/footdavant.fr\/actualites\/arsenal-contre-crystal-palace-mikel-arteta-a-propose-une-nouvelle-solution-a-eberechi-eze-avant-les-retrouvailles-de-la-premier-league\/\" \/>\n<meta property=\"og:locale\" content=\"fr_FR\" \/>\n<meta property=\"og:type\" content=\"article\" \/>\n<meta property=\"og:title\" content=\"Arsenal contre Crystal Palace : Mikel Arteta a propos\u00e9 une nouvelle solution \u00e0 Eberechi Eze avant les retrouvailles de la Premier League\" \/>\n<meta property=\"og:description\" content=\"Le manager d&#039;Arsenal, Mikel Arteta, se voit proposer une solution alternative \u00e0 Eberechi Eze alors que la signature estivale des Gunners se pr\u00e9pare \u00e0 affronter\" \/>\n<meta property=\"og:url\" content=\"https:\/\/footdavant.fr\/actualites\/arsenal-contre-crystal-palace-mikel-arteta-a-propose-une-nouvelle-solution-a-eberechi-eze-avant-les-retrouvailles-de-la-premier-league\/\" \/>\n<meta property=\"og:site_name\" content=\"Foot d&#039;avant\" \/>\n<meta property=\"article:publisher\" content=\"https:\/\/www.facebook.com\/Footdavant\/\" \/>\n<meta property=\"article:published_time\" content=\"2025-10-28T04:48:17+00:00\" \/>\n<meta property=\"article:modified_time\" content=\"2025-10-28T04:48:21+00:00\" \/>\n<meta property=\"og:image\" content=\"https:\/\/footdavant.fr\/actualites\/wp-content\/uploads\/2025\/10\/Arsenal-contre-Crystal-Palace-Mikel-Arteta-a-propose-une.jpg\" \/>\n\t<meta property=\"og:image:width\" content=\"640\" \/>\n\t<meta property=\"og:image:height\" content=\"480\" \/>\n\t<meta property=\"og:image:type\" content=\"image\/jpeg\" \/>\n<meta name=\"author\" content=\"Cl\u00e9ment\" \/>\n<meta name=\"twitter:card\" content=\"summary_large_image\" \/>\n<meta name=\"twitter:creator\" content=\"@FootdavantFr\" \/>\n<meta name=\"twitter:site\" content=\"@FootdavantFr\" \/>\n<meta name=\"twitter:label1\" content=\"\u00c9crit par\" \/>\n\t<meta name=\"twitter:data1\" content=\"Cl\u00e9ment\" \/>\n\t<meta name=\"twitter:label2\" content=\"Dur\u00e9e de lecture estim\u00e9e\" \/>\n\t<meta name=\"twitter:data2\" content=\"6 minutes\" \/>\n<script type=\"application\/ld+json\" class=\"yoast-schema-graph\">{\"@context\":\"https:\/\/schema.org\",\"@graph\":[{\"@type\":\"Article\",\"@id\":\"https:\/\/footdavant.fr\/actualites\/arsenal-contre-crystal-palace-mikel-arteta-a-propose-une-nouvelle-solution-a-eberechi-eze-avant-les-retrouvailles-de-la-premier-league\/#article\",\"isPartOf\":{\"@id\":\"https:\/\/footdavant.fr\/actualites\/arsenal-contre-crystal-palace-mikel-arteta-a-propose-une-nouvelle-solution-a-eberechi-eze-avant-les-retrouvailles-de-la-premier-league\/\"},\"author\":{\"name\":\"Cl\u00e9ment\",\"@id\":\"https:\/\/footdavant.fr\/actualites\/#\/schema\/person\/bc222566d95871b37e597b3ed3ba5e1d\"},\"headline\":\"Arsenal contre Crystal Palace : Mikel Arteta a propos\u00e9 une nouvelle solution \u00e0 Eberechi Eze avant les retrouvailles de la Premier League\",\"datePublished\":\"2025-10-28T04:48:17+00:00\",\"dateModified\":\"2025-10-28T04:48:21+00:00\",\"mainEntityOfPage\":{\"@id\":\"https:\/\/footdavant.fr\/actualites\/arsenal-contre-crystal-palace-mikel-arteta-a-propose-une-nouvelle-solution-a-eberechi-eze-avant-les-retrouvailles-de-la-premier-league\/\"},\"wordCount\":1222,\"publisher\":{\"@id\":\"https:\/\/footdavant.fr\/actualites\/#organization\"},\"keywords\":[\"Arsenal\",\"Arteta\",\"avant\",\"contre\",\"Crystal\",\"Eberechi\",\"Eze\",\"League\",\"les\",\"Mikel\",\"nouvelle\",\"Palace\",\"Premier\",\"propose\",\"retrouvailles\",\"solution\",\"une\"],\"articleSection\":[\"Premier League\"],\"inLanguage\":\"fr-FR\"},{\"@type\":\"WebPage\",\"@id\":\"https:\/\/footdavant.fr\/actualites\/arsenal-contre-crystal-palace-mikel-arteta-a-propose-une-nouvelle-solution-a-eberechi-eze-avant-les-retrouvailles-de-la-premier-league\/\",\"url\":\"https:\/\/footdavant.fr\/actualites\/arsenal-contre-crystal-palace-mikel-arteta-a-propose-une-nouvelle-solution-a-eberechi-eze-avant-les-retrouvailles-de-la-premier-league\/\",\"name\":\"Arsenal contre Crystal Palace : Mikel Arteta a propos\u00e9 une nouvelle solution \u00e0 Eberechi Eze avant les retrouvailles de la Premier League\",\"isPartOf\":{\"@id\":\"https:\/\/footdavant.fr\/actualites\/#website\"},\"datePublished\":\"2025-10-28T04:48:17+00:00\",\"dateModified\":\"2025-10-28T04:48:21+00:00\",\"breadcrumb\":{\"@id\":\"https:\/\/footdavant.fr\/actualites\/arsenal-contre-crystal-palace-mikel-arteta-a-propose-une-nouvelle-solution-a-eberechi-eze-avant-les-retrouvailles-de-la-premier-league\/#breadcrumb\"},\"inLanguage\":\"fr-FR\",\"potentialAction\":[{\"@type\":\"ReadAction\",\"target\":[\"https:\/\/footdavant.fr\/actualites\/arsenal-contre-crystal-palace-mikel-arteta-a-propose-une-nouvelle-solution-a-eberechi-eze-avant-les-retrouvailles-de-la-premier-league\/\"]}]},{\"@type\":\"BreadcrumbList\",\"@id\":\"https:\/\/footdavant.fr\/actualites\/arsenal-contre-crystal-palace-mikel-arteta-a-propose-une-nouvelle-solution-a-eberechi-eze-avant-les-retrouvailles-de-la-premier-league\/#breadcrumb\",\"itemListElement\":[{\"@type\":\"ListItem\",\"position\":1,\"name\":\"Accueil\",\"item\":\"https:\/\/footdavant.fr\/actualites\/\"},{\"@type\":\"ListItem\",\"position\":2,\"name\":\"Arsenal contre Crystal Palace : Mikel Arteta a propos\u00e9 une nouvelle solution \u00e0 Eberechi Eze avant les retrouvailles de la Premier League\"}]},{\"@type\":\"WebSite\",\"@id\":\"https:\/\/footdavant.fr\/actualites\/#website\",\"url\":\"https:\/\/footdavant.fr\/actualites\/\",\"name\":\"Foot d'avant\",\"description\":\"\",\"publisher\":{\"@id\":\"https:\/\/footdavant.fr\/actualites\/#organization\"},\"potentialAction\":[{\"@type\":\"SearchAction\",\"target\":{\"@type\":\"EntryPoint\",\"urlTemplate\":\"https:\/\/footdavant.fr\/actualites\/?s={search_term_string}\"},\"query-input\":\"required name=search_term_string\"}],\"inLanguage\":\"fr-FR\"},{\"@type\":\"Organization\",\"@id\":\"https:\/\/footdavant.fr\/actualites\/#organization\",\"name\":\"Foot d'avant\",\"url\":\"https:\/\/footdavant.fr\/actualites\/\",\"logo\":{\"@type\":\"ImageObject\",\"inLanguage\":\"fr-FR\",\"@id\":\"https:\/\/footdavant.fr\/actualites\/#\/schema\/logo\/image\/\",\"url\":\"https:\/\/footdavant.fr\/actualites\/wp-content\/uploads\/2023\/09\/Copy-of-FootDavant-Logo.png\",\"contentUrl\":\"https:\/\/footdavant.fr\/actualites\/wp-content\/uploads\/2023\/09\/Copy-of-FootDavant-Logo.png\",\"width\":936,\"height\":549,\"caption\":\"Foot d'avant\"},\"image\":{\"@id\":\"https:\/\/footdavant.fr\/actualites\/#\/schema\/logo\/image\/\"},\"sameAs\":[\"https:\/\/www.facebook.com\/Footdavant\/\",\"https:\/\/twitter.com\/FootdavantFr\",\"https:\/\/www.instagram.com\/footdavant.fr\/\"]},{\"@type\":\"Person\",\"@id\":\"https:\/\/footdavant.fr\/actualites\/#\/schema\/person\/bc222566d95871b37e597b3ed3ba5e1d\",\"name\":\"Cl\u00e9ment\",\"image\":{\"@type\":\"ImageObject\",\"inLanguage\":\"fr-FR\",\"@id\":\"https:\/\/footdavant.fr\/actualites\/#\/schema\/person\/image\/\",\"url\":\"https:\/\/secure.gravatar.com\/avatar\/7728b29aac2719421e1a9159b2254c44?s=96&d=mm&r=g\",\"contentUrl\":\"https:\/\/secure.gravatar.com\/avatar\/7728b29aac2719421e1a9159b2254c44?s=96&d=mm&r=g\",\"caption\":\"Cl\u00e9ment\"},\"sameAs\":[\"https:\/\/footdavant.fr\/\"]}]}<\/script>\n<!-- \/ Yoast SEO plugin. -->","yoast_head_json":{"title":"Arsenal contre Crystal Palace : Mikel Arteta a propos\u00e9 une nouvelle solution \u00e0 Eberechi Eze avant les retrouvailles de la Premier League","robots":{"index":"index","follow":"follow","max-snippet":"max-snippet:-1","max-image-preview":"max-image-preview:large","max-video-preview":"max-video-preview:-1"},"canonical":"https:\/\/footdavant.fr\/actualites\/arsenal-contre-crystal-palace-mikel-arteta-a-propose-une-nouvelle-solution-a-eberechi-eze-avant-les-retrouvailles-de-la-premier-league\/","og_locale":"fr_FR","og_type":"article","og_title":"Arsenal contre Crystal Palace : Mikel Arteta a propos\u00e9 une nouvelle solution \u00e0 Eberechi Eze avant les retrouvailles de la Premier League","og_description":"Le manager d&#39;Arsenal, Mikel Arteta, se voit proposer une solution alternative \u00e0 Eberechi Eze alors que la signature estivale des Gunners se pr\u00e9pare \u00e0 affronter","og_url":"https:\/\/footdavant.fr\/actualites\/arsenal-contre-crystal-palace-mikel-arteta-a-propose-une-nouvelle-solution-a-eberechi-eze-avant-les-retrouvailles-de-la-premier-league\/","og_site_name":"Foot d&#039;avant","article_publisher":"https:\/\/www.facebook.com\/Footdavant\/","article_published_time":"2025-10-28T04:48:17+00:00","article_modified_time":"2025-10-28T04:48:21+00:00","og_image":[{"width":640,"height":480,"url":"https:\/\/footdavant.fr\/actualites\/wp-content\/uploads\/2025\/10\/Arsenal-contre-Crystal-Palace-Mikel-Arteta-a-propose-une.jpg","type":"image\/jpeg"}],"author":"Cl\u00e9ment","twitter_card":"summary_large_image","twitter_creator":"@FootdavantFr","twitter_site":"@FootdavantFr","twitter_misc":{"\u00c9crit par":"Cl\u00e9ment","Dur\u00e9e de lecture estim\u00e9e":"6 minutes"},"schema":{"@context":"https:\/\/schema.org","@graph":[{"@type":"Article","@id":"https:\/\/footdavant.fr\/actualites\/arsenal-contre-crystal-palace-mikel-arteta-a-propose-une-nouvelle-solution-a-eberechi-eze-avant-les-retrouvailles-de-la-premier-league\/#article","isPartOf":{"@id":"https:\/\/footdavant.fr\/actualites\/arsenal-contre-crystal-palace-mikel-arteta-a-propose-une-nouvelle-solution-a-eberechi-eze-avant-les-retrouvailles-de-la-premier-league\/"},"author":{"name":"Cl\u00e9ment","@id":"https:\/\/footdavant.fr\/actualites\/#\/schema\/person\/bc222566d95871b37e597b3ed3ba5e1d"},"headline":"Arsenal contre Crystal Palace : Mikel Arteta a propos\u00e9 une nouvelle solution \u00e0 Eberechi Eze avant les retrouvailles de la Premier League","datePublished":"2025-10-28T04:48:17+00:00","dateModified":"2025-10-28T04:48:21+00:00","mainEntityOfPage":{"@id":"https:\/\/footdavant.fr\/actualites\/arsenal-contre-crystal-palace-mikel-arteta-a-propose-une-nouvelle-solution-a-eberechi-eze-avant-les-retrouvailles-de-la-premier-league\/"},"wordCount":1222,"publisher":{"@id":"https:\/\/footdavant.fr\/actualites\/#organization"},"keywords":["Arsenal","Arteta","avant","contre","Crystal","Eberechi","Eze","League","les","Mikel","nouvelle","Palace","Premier","propose","retrouvailles","solution","une"],"articleSection":["Premier League"],"inLanguage":"fr-FR"},{"@type":"WebPage","@id":"https:\/\/footdavant.fr\/actualites\/arsenal-contre-crystal-palace-mikel-arteta-a-propose-une-nouvelle-solution-a-eberechi-eze-avant-les-retrouvailles-de-la-premier-league\/","url":"https:\/\/footdavant.fr\/actualites\/arsenal-contre-crystal-palace-mikel-arteta-a-propose-une-nouvelle-solution-a-eberechi-eze-avant-les-retrouvailles-de-la-premier-league\/","name":"Arsenal contre Crystal Palace : Mikel Arteta a propos\u00e9 une nouvelle solution \u00e0 Eberechi Eze avant les retrouvailles de la Premier League","isPartOf":{"@id":"https:\/\/footdavant.fr\/actualites\/#website"},"datePublished":"2025-10-28T04:48:17+00:00","dateModified":"2025-10-28T04:48:21+00:00","breadcrumb":{"@id":"https:\/\/footdavant.fr\/actualites\/arsenal-contre-crystal-palace-mikel-arteta-a-propose-une-nouvelle-solution-a-eberechi-eze-avant-les-retrouvailles-de-la-premier-league\/#breadcrumb"},"inLanguage":"fr-FR","potentialAction":[{"@type":"ReadAction","target":["https:\/\/footdavant.fr\/actualites\/arsenal-contre-crystal-palace-mikel-arteta-a-propose-une-nouvelle-solution-a-eberechi-eze-avant-les-retrouvailles-de-la-premier-league\/"]}]},{"@type":"BreadcrumbList","@id":"https:\/\/footdavant.fr\/actualites\/arsenal-contre-crystal-palace-mikel-arteta-a-propose-une-nouvelle-solution-a-eberechi-eze-avant-les-retrouvailles-de-la-premier-league\/#breadcrumb","itemListElement":[{"@type":"ListItem","position":1,"name":"Accueil","item":"https:\/\/footdavant.fr\/actualites\/"},{"@type":"ListItem","position":2,"name":"Arsenal contre Crystal Palace : Mikel Arteta a propos\u00e9 une nouvelle solution \u00e0 Eberechi Eze avant les retrouvailles de la Premier League"}]},{"@type":"WebSite","@id":"https:\/\/footdavant.fr\/actualites\/#website","url":"https:\/\/footdavant.fr\/actualites\/","name":"Foot d'avant","description":"","publisher":{"@id":"https:\/\/footdavant.fr\/actualites\/#organization"},"potentialAction":[{"@type":"SearchAction","target":{"@type":"EntryPoint","urlTemplate":"https:\/\/footdavant.fr\/actualites\/?s={search_term_string}"},"query-input":"required name=search_term_string"}],"inLanguage":"fr-FR"},{"@type":"Organization","@id":"https:\/\/footdavant.fr\/actualites\/#organization","name":"Foot d'avant","url":"https:\/\/footdavant.fr\/actualites\/","logo":{"@type":"ImageObject","inLanguage":"fr-FR","@id":"https:\/\/footdavant.fr\/actualites\/#\/schema\/logo\/image\/","url":"https:\/\/footdavant.fr\/actualites\/wp-content\/uploads\/2023\/09\/Copy-of-FootDavant-Logo.png","contentUrl":"https:\/\/footdavant.fr\/actualites\/wp-content\/uploads\/2023\/09\/Copy-of-FootDavant-Logo.png","width":936,"height":549,"caption":"Foot d'avant"},"image":{"@id":"https:\/\/footdavant.fr\/actualites\/#\/schema\/logo\/image\/"},"sameAs":["https:\/\/www.facebook.com\/Footdavant\/","https:\/\/twitter.com\/FootdavantFr","https:\/\/www.instagram.com\/footdavant.fr\/"]},{"@type":"Person","@id":"https:\/\/footdavant.fr\/actualites\/#\/schema\/person\/bc222566d95871b37e597b3ed3ba5e1d","name":"Cl\u00e9ment","image":{"@type":"ImageObject","inLanguage":"fr-FR","@id":"https:\/\/footdavant.fr\/actualites\/#\/schema\/person\/image\/","url":"https:\/\/secure.gravatar.com\/avatar\/7728b29aac2719421e1a9159b2254c44?s=96&d=mm&r=g","contentUrl":"https:\/\/secure.gravatar.com\/avatar\/7728b29aac2719421e1a9159b2254c44?s=96&d=mm&r=g","caption":"Cl\u00e9ment"},"sameAs":["https:\/\/footdavant.fr\/"]}]}},"_links":{"self":[{"href":"https:\/\/footdavant.fr\/actualites\/wp-json\/wp\/v2\/posts\/30440"}],"collection":[{"href":"https:\/\/footdavant.fr\/actualites\/wp-json\/wp\/v2\/posts"}],"about":[{"href":"https:\/\/footdavant.fr\/actualites\/wp-json\/wp\/v2\/types\/post"}],"author":[{"embeddable":true,"href":"https:\/\/footdavant.fr\/actualites\/wp-json\/wp\/v2\/users\/1"}],"replies":[{"embeddable":true,"href":"https:\/\/footdavant.fr\/actualites\/wp-json\/wp\/v2\/comments?post=30440"}],"version-history":[{"count":1,"href":"https:\/\/footdavant.fr\/actualites\/wp-json\/wp\/v2\/posts\/30440\/revisions"}],"predecessor-version":[{"id":30442,"href":"https:\/\/footdavant.fr\/actualites\/wp-json\/wp\/v2\/posts\/30440\/revisions\/30442"}],"wp:featuredmedia":[{"embeddable":true,"href":"https:\/\/footdavant.fr\/actualites\/wp-json\/wp\/v2\/media\/30441"}],"wp:attachment":[{"href":"https:\/\/footdavant.fr\/actualites\/wp-json\/wp\/v2\/media?parent=30440"}],"wp:term":[{"taxonomy":"category","embeddable":true,"href":"https:\/\/footdavant.fr\/actualites\/wp-json\/wp\/v2\/categories?post=30440"},{"taxonomy":"post_tag","embeddable":true,"href":"https:\/\/footdavant.fr\/actualites\/wp-json\/wp\/v2\/tags?post=30440"}],"curies":[{"name":"wp","href":"https:\/\/api.w.org\/{rel}","templated":true}]}}