{"id":30448,"date":"2025-10-28T09:48:15","date_gmt":"2025-10-28T08:48:15","guid":{"rendered":"https:\/\/footdavant.fr\/actualites\/nouvelles-du-transfert-du-real-madrid-los-blancos-pourraient-ils-realiser-un-mouvement-etonnant-pour-elliot-anderson-lie-a-man-united\/"},"modified":"2025-10-28T09:48:17","modified_gmt":"2025-10-28T08:48:17","slug":"nouvelles-du-transfert-du-real-madrid-los-blancos-pourraient-ils-realiser-un-mouvement-etonnant-pour-elliot-anderson-lie-a-man-united","status":"publish","type":"post","link":"https:\/\/footdavant.fr\/actualites\/nouvelles-du-transfert-du-real-madrid-los-blancos-pourraient-ils-realiser-un-mouvement-etonnant-pour-elliot-anderson-lie-a-man-united\/","title":{"rendered":"Nouvelles du transfert du Real Madrid : Los Blancos pourraient-ils r\u00e9aliser un mouvement \u00e9tonnant pour Elliot Anderson, li\u00e9 \u00e0 Man United ?"},"content":{"rendered":"<p>Le Real Madrid serait int\u00e9ress\u00e9 par la signature du milieu de terrain de Nottingham Forest, Elliot Anderson, lors du mercato de l&#39;\u00e9t\u00e9 prochain.<\/p>\n<div id=\"article_body\" itemprop=\"articleBody\">\n<h3 class=\"firstPara\"><\/h3>\n<p><strong class=\"autotag\">Le Real Madrid serait int\u00e9ress\u00e9 par une signature <strong class=\"autotag\">Milieu de terrain de la for\u00eat de Nottingham <strong class=\"autotag\">Elliot Anderson lors du mercato de l&#39;\u00e9t\u00e9 prochain, mais Los Blancos auront une s\u00e9rieuse concurrence pour sa signature.<\/p>\n<p>L&#39;avenir d&#39;Anderson fait actuellement l&#39;objet de nombreuses sp\u00e9culations, sa forme depuis son arriv\u00e9e \u00e0 Forest \u00e0 l&#39;\u00e9t\u00e9 2024 l&#39;aidant \u00e0 faire d\u00e9sormais partie du XI d&#39;Angleterre de Thomas Tuchel.<\/p>\n<p><strong class=\"autotag\">Manchester United, <strong class=\"autotag\">Manchester City et <strong class=\"autotag\">On pense que Chelsea serait tous int\u00e9ress\u00e9 par la signature de l&#39;international anglais en 2026, tandis que <strong class=\"autotag\">Newcastle United explorerait un retour potentiel.<\/p>\n<p>Cependant, selon <em>D\u00e9fense Centrale<\/em>Le Real Madrid est \u00e9galement dans la course, le joueur de 22 ans \u00e9tant consid\u00e9r\u00e9 comme admir\u00e9 par les hauts responsables du Bernabeu, ce qui pourrait mener une action l&#39;\u00e9t\u00e9 prochain.<\/p>\n<p>Le rapport affirme que le Crystal Palace <strong class=\"autotag\">Adam Wharton est \u00e9galement une cible, mais le Real Madrid estime qu&#39;Anderson serait une option l\u00e9g\u00e8rement moins ch\u00e8re.<\/p>\n<p class=\"imgI\">\n<h2>Le Real Madrid \u00ab\u00a0envisage\u00a0\u00bb de recruter le milieu de terrain de Forest Anderson<\/h2>\n<p>Anderson a d\u00e9but\u00e9 sa carri\u00e8re professionnelle \u00e0 Newcastle, faisant 55 apparitions pour le club, avant d&#39;\u00eatre \u00e9tonnamment vendu par les Magpies \u00e0 Forest \u00e0 l&#39;\u00e9t\u00e9 2024.<\/p>\n<p>Newcastle a \u00e9t\u00e9 contraint de vendre un joueur de l&#39;acad\u00e9mie en raison des r\u00e8gles de la Premier League concernant le profit et la durabilit\u00e9, et c&#39;est un d\u00e9part que regrettent les Magpies.<\/p>\n<p>Anderson a jou\u00e9 53 fois pour Forest depuis son arriv\u00e9e, marquant deux buts et enregistrant sept passes d\u00e9cisives, tandis qu&#39;il a fait une \u00e9norme impression pour l&#39;Angleterre lors de ses quatre derniers matches internationaux.<\/p>\n<p>Telle a \u00e9t\u00e9 l&#39;impression d&#39;Anderson sur Tuchel, il est entendu que l&#39;entra\u00eeneur-chef des Trois Lions consid\u00e8re d\u00e9sormais le milieu de terrain comme faisant partie de son onze de d\u00e9part pour la Coupe du monde de l&#39;ann\u00e9e prochaine.<\/p>\n<p class=\"imgI\"><img decoding=\"async\" alt=\"Elliot Anderson de Nottingham Forest le 17 ao\u00fbt 2025\" class=\"vanilla-lazyload article-image\" src=\"https:\/\/footdavant.fr\/actualites\/wp-content\/uploads\/2025\/10\/1761641295_26_Nouvelles-du-transfert-du-Real-Madrid-Los-Blancos-pourraient-ils.webp\"><\/p>\n<h2>Combien co\u00fbterait Anderson l\u2019\u00e9t\u00e9 prochain ?<\/h2>\n<p>La main de Forest serait \u00e9videmment affaiblie si les Reds \u00e9taient rel\u00e9gu\u00e9s de la Premier League cette saison, mais le nouvel entra\u00eeneur-chef Sean Dyche s&#39;attendra \u00e0 sortir l&#39;\u00e9quipe en difficult\u00e9 des ennuis dans les semaines \u00e0 venir.<\/p>\n<p>\u00c0 condition que Forest reste en Premier League, le club pourrait alors potentiellement exiger jusqu&#39;\u00e0 75 millions de livres sterling pour Anderson l&#39;\u00e9t\u00e9 prochain, s&#39;il continue d&#39;impressionner dans l&#39;\u00e9lite anglaise.<\/p>\n<p>Ce prix pourrait encore augmenter avec une Coupe du monde accrocheuse, et Forest a le milieu de terrain sous contrat de cinq ans, son contrat au City Ground n&#39;expirant pas en juin 2029.<\/p>\n<div class=\"author_box\">\n<div class=\"author_box_banner\"> <img decoding=\"async\" class=\"author_img\" src=\"https:\/\/footdavant.fr\/actualites\/wp-content\/uploads\/2025\/06\/1749851283_714_Man-United-Transfer-News-Antony-Dernier-revele-apres-le-spectaculaire.jpg\"><\/div>\n<\/div>\n<\/div>\n","protected":false},"excerpt":{"rendered":"<p>Le Real Madrid serait int\u00e9ress\u00e9 par la signature du milieu de terrain de Nottingham Forest, Elliot Anderson, lors du mercato de l&#39;\u00e9t\u00e9 prochain. Le Real<\/p>\n","protected":false},"author":1,"featured_media":30449,"comment_status":"closed","ping_status":"","sticky":false,"template":"","format":"standard","meta":{"footnotes":""},"categories":[5],"tags":[5815,4499,10856,3670,301,2707,303,24,6271,461,51,6750,302,5752,700,13],"yoast_head":"<!-- This site is optimized with the Yoast SEO plugin v21.0 - https:\/\/yoast.com\/wordpress\/plugins\/seo\/ -->\n<title>Nouvelles du transfert du Real Madrid : Los Blancos pourraient-ils r\u00e9aliser un mouvement \u00e9tonnant pour Elliot Anderson, li\u00e9 \u00e0 Man United ?<\/title>\n<meta name=\"robots\" content=\"index, follow, max-snippet:-1, max-image-preview:large, max-video-preview:-1\" \/>\n<link rel=\"canonical\" href=\"https:\/\/footdavant.fr\/actualites\/nouvelles-du-transfert-du-real-madrid-los-blancos-pourraient-ils-realiser-un-mouvement-etonnant-pour-elliot-anderson-lie-a-man-united\/\" \/>\n<meta property=\"og:locale\" content=\"fr_FR\" \/>\n<meta property=\"og:type\" content=\"article\" \/>\n<meta property=\"og:title\" content=\"Nouvelles du transfert du Real Madrid : Los Blancos pourraient-ils r\u00e9aliser un mouvement \u00e9tonnant pour Elliot Anderson, li\u00e9 \u00e0 Man United ?\" \/>\n<meta property=\"og:description\" content=\"Le Real Madrid serait int\u00e9ress\u00e9 par la signature du milieu de terrain de Nottingham Forest, Elliot Anderson, lors du mercato de l&#039;\u00e9t\u00e9 prochain. Le Real\" \/>\n<meta property=\"og:url\" content=\"https:\/\/footdavant.fr\/actualites\/nouvelles-du-transfert-du-real-madrid-los-blancos-pourraient-ils-realiser-un-mouvement-etonnant-pour-elliot-anderson-lie-a-man-united\/\" \/>\n<meta property=\"og:site_name\" content=\"Foot d&#039;avant\" \/>\n<meta property=\"article:publisher\" content=\"https:\/\/www.facebook.com\/Footdavant\/\" \/>\n<meta property=\"article:published_time\" content=\"2025-10-28T08:48:15+00:00\" \/>\n<meta property=\"article:modified_time\" content=\"2025-10-28T08:48:17+00:00\" \/>\n<meta property=\"og:image\" content=\"https:\/\/footdavant.fr\/actualites\/wp-content\/uploads\/2025\/10\/Nouvelles-du-transfert-du-Real-Madrid-Los-Blancos-pourraient-ils.jpg\" \/>\n\t<meta property=\"og:image:width\" content=\"640\" \/>\n\t<meta property=\"og:image:height\" content=\"480\" \/>\n\t<meta property=\"og:image:type\" content=\"image\/jpeg\" \/>\n<meta name=\"author\" content=\"Cl\u00e9ment\" \/>\n<meta name=\"twitter:card\" content=\"summary_large_image\" \/>\n<meta name=\"twitter:creator\" content=\"@FootdavantFr\" \/>\n<meta name=\"twitter:site\" content=\"@FootdavantFr\" \/>\n<meta name=\"twitter:label1\" content=\"\u00c9crit par\" \/>\n\t<meta name=\"twitter:data1\" content=\"Cl\u00e9ment\" \/>\n\t<meta name=\"twitter:label2\" content=\"Dur\u00e9e de lecture estim\u00e9e\" \/>\n\t<meta name=\"twitter:data2\" content=\"2 minutes\" \/>\n<script type=\"application\/ld+json\" class=\"yoast-schema-graph\">{\"@context\":\"https:\/\/schema.org\",\"@graph\":[{\"@type\":\"Article\",\"@id\":\"https:\/\/footdavant.fr\/actualites\/nouvelles-du-transfert-du-real-madrid-los-blancos-pourraient-ils-realiser-un-mouvement-etonnant-pour-elliot-anderson-lie-a-man-united\/#article\",\"isPartOf\":{\"@id\":\"https:\/\/footdavant.fr\/actualites\/nouvelles-du-transfert-du-real-madrid-los-blancos-pourraient-ils-realiser-un-mouvement-etonnant-pour-elliot-anderson-lie-a-man-united\/\"},\"author\":{\"name\":\"Cl\u00e9ment\",\"@id\":\"https:\/\/footdavant.fr\/actualites\/#\/schema\/person\/bc222566d95871b37e597b3ed3ba5e1d\"},\"headline\":\"Nouvelles du transfert du Real Madrid : Los Blancos pourraient-ils r\u00e9aliser un mouvement \u00e9tonnant pour Elliot Anderson, li\u00e9 \u00e0 Man United ?\",\"datePublished\":\"2025-10-28T08:48:15+00:00\",\"dateModified\":\"2025-10-28T08:48:17+00:00\",\"mainEntityOfPage\":{\"@id\":\"https:\/\/footdavant.fr\/actualites\/nouvelles-du-transfert-du-real-madrid-los-blancos-pourraient-ils-realiser-un-mouvement-etonnant-pour-elliot-anderson-lie-a-man-united\/\"},\"wordCount\":481,\"publisher\":{\"@id\":\"https:\/\/footdavant.fr\/actualites\/#organization\"},\"keywords\":[\"Anderson\",\"Blancos\",\"Elliot\",\"\u00e9tonnant\",\"li\u00e9\",\"Los\",\"Madrid\",\"Man\",\"mouvement\",\"Nouvelles\",\"pour\",\"pourraientils\",\"Real\",\"r\u00e9aliser\",\"transfert\",\"United\"],\"articleSection\":[\"Premier League\"],\"inLanguage\":\"fr-FR\"},{\"@type\":\"WebPage\",\"@id\":\"https:\/\/footdavant.fr\/actualites\/nouvelles-du-transfert-du-real-madrid-los-blancos-pourraient-ils-realiser-un-mouvement-etonnant-pour-elliot-anderson-lie-a-man-united\/\",\"url\":\"https:\/\/footdavant.fr\/actualites\/nouvelles-du-transfert-du-real-madrid-los-blancos-pourraient-ils-realiser-un-mouvement-etonnant-pour-elliot-anderson-lie-a-man-united\/\",\"name\":\"Nouvelles du transfert du Real Madrid : Los Blancos pourraient-ils r\u00e9aliser un mouvement \u00e9tonnant pour Elliot Anderson, li\u00e9 \u00e0 Man United ?\",\"isPartOf\":{\"@id\":\"https:\/\/footdavant.fr\/actualites\/#website\"},\"datePublished\":\"2025-10-28T08:48:15+00:00\",\"dateModified\":\"2025-10-28T08:48:17+00:00\",\"breadcrumb\":{\"@id\":\"https:\/\/footdavant.fr\/actualites\/nouvelles-du-transfert-du-real-madrid-los-blancos-pourraient-ils-realiser-un-mouvement-etonnant-pour-elliot-anderson-lie-a-man-united\/#breadcrumb\"},\"inLanguage\":\"fr-FR\",\"potentialAction\":[{\"@type\":\"ReadAction\",\"target\":[\"https:\/\/footdavant.fr\/actualites\/nouvelles-du-transfert-du-real-madrid-los-blancos-pourraient-ils-realiser-un-mouvement-etonnant-pour-elliot-anderson-lie-a-man-united\/\"]}]},{\"@type\":\"BreadcrumbList\",\"@id\":\"https:\/\/footdavant.fr\/actualites\/nouvelles-du-transfert-du-real-madrid-los-blancos-pourraient-ils-realiser-un-mouvement-etonnant-pour-elliot-anderson-lie-a-man-united\/#breadcrumb\",\"itemListElement\":[{\"@type\":\"ListItem\",\"position\":1,\"name\":\"Accueil\",\"item\":\"https:\/\/footdavant.fr\/actualites\/\"},{\"@type\":\"ListItem\",\"position\":2,\"name\":\"Nouvelles du transfert du Real Madrid : Los Blancos pourraient-ils r\u00e9aliser un mouvement \u00e9tonnant pour Elliot Anderson, li\u00e9 \u00e0 Man United ?\"}]},{\"@type\":\"WebSite\",\"@id\":\"https:\/\/footdavant.fr\/actualites\/#website\",\"url\":\"https:\/\/footdavant.fr\/actualites\/\",\"name\":\"Foot d'avant\",\"description\":\"\",\"publisher\":{\"@id\":\"https:\/\/footdavant.fr\/actualites\/#organization\"},\"potentialAction\":[{\"@type\":\"SearchAction\",\"target\":{\"@type\":\"EntryPoint\",\"urlTemplate\":\"https:\/\/footdavant.fr\/actualites\/?s={search_term_string}\"},\"query-input\":\"required name=search_term_string\"}],\"inLanguage\":\"fr-FR\"},{\"@type\":\"Organization\",\"@id\":\"https:\/\/footdavant.fr\/actualites\/#organization\",\"name\":\"Foot d'avant\",\"url\":\"https:\/\/footdavant.fr\/actualites\/\",\"logo\":{\"@type\":\"ImageObject\",\"inLanguage\":\"fr-FR\",\"@id\":\"https:\/\/footdavant.fr\/actualites\/#\/schema\/logo\/image\/\",\"url\":\"https:\/\/footdavant.fr\/actualites\/wp-content\/uploads\/2023\/09\/Copy-of-FootDavant-Logo.png\",\"contentUrl\":\"https:\/\/footdavant.fr\/actualites\/wp-content\/uploads\/2023\/09\/Copy-of-FootDavant-Logo.png\",\"width\":936,\"height\":549,\"caption\":\"Foot d'avant\"},\"image\":{\"@id\":\"https:\/\/footdavant.fr\/actualites\/#\/schema\/logo\/image\/\"},\"sameAs\":[\"https:\/\/www.facebook.com\/Footdavant\/\",\"https:\/\/twitter.com\/FootdavantFr\",\"https:\/\/www.instagram.com\/footdavant.fr\/\"]},{\"@type\":\"Person\",\"@id\":\"https:\/\/footdavant.fr\/actualites\/#\/schema\/person\/bc222566d95871b37e597b3ed3ba5e1d\",\"name\":\"Cl\u00e9ment\",\"image\":{\"@type\":\"ImageObject\",\"inLanguage\":\"fr-FR\",\"@id\":\"https:\/\/footdavant.fr\/actualites\/#\/schema\/person\/image\/\",\"url\":\"https:\/\/secure.gravatar.com\/avatar\/7728b29aac2719421e1a9159b2254c44?s=96&d=mm&r=g\",\"contentUrl\":\"https:\/\/secure.gravatar.com\/avatar\/7728b29aac2719421e1a9159b2254c44?s=96&d=mm&r=g\",\"caption\":\"Cl\u00e9ment\"},\"sameAs\":[\"https:\/\/footdavant.fr\/\"]}]}<\/script>\n<!-- \/ Yoast SEO plugin. -->","yoast_head_json":{"title":"Nouvelles du transfert du Real Madrid : Los Blancos pourraient-ils r\u00e9aliser un mouvement \u00e9tonnant pour Elliot Anderson, li\u00e9 \u00e0 Man United ?","robots":{"index":"index","follow":"follow","max-snippet":"max-snippet:-1","max-image-preview":"max-image-preview:large","max-video-preview":"max-video-preview:-1"},"canonical":"https:\/\/footdavant.fr\/actualites\/nouvelles-du-transfert-du-real-madrid-los-blancos-pourraient-ils-realiser-un-mouvement-etonnant-pour-elliot-anderson-lie-a-man-united\/","og_locale":"fr_FR","og_type":"article","og_title":"Nouvelles du transfert du Real Madrid : Los Blancos pourraient-ils r\u00e9aliser un mouvement \u00e9tonnant pour Elliot Anderson, li\u00e9 \u00e0 Man United ?","og_description":"Le Real Madrid serait int\u00e9ress\u00e9 par la signature du milieu de terrain de Nottingham Forest, Elliot Anderson, lors du mercato de l&#39;\u00e9t\u00e9 prochain. Le Real","og_url":"https:\/\/footdavant.fr\/actualites\/nouvelles-du-transfert-du-real-madrid-los-blancos-pourraient-ils-realiser-un-mouvement-etonnant-pour-elliot-anderson-lie-a-man-united\/","og_site_name":"Foot d&#039;avant","article_publisher":"https:\/\/www.facebook.com\/Footdavant\/","article_published_time":"2025-10-28T08:48:15+00:00","article_modified_time":"2025-10-28T08:48:17+00:00","og_image":[{"width":640,"height":480,"url":"https:\/\/footdavant.fr\/actualites\/wp-content\/uploads\/2025\/10\/Nouvelles-du-transfert-du-Real-Madrid-Los-Blancos-pourraient-ils.jpg","type":"image\/jpeg"}],"author":"Cl\u00e9ment","twitter_card":"summary_large_image","twitter_creator":"@FootdavantFr","twitter_site":"@FootdavantFr","twitter_misc":{"\u00c9crit par":"Cl\u00e9ment","Dur\u00e9e de lecture estim\u00e9e":"2 minutes"},"schema":{"@context":"https:\/\/schema.org","@graph":[{"@type":"Article","@id":"https:\/\/footdavant.fr\/actualites\/nouvelles-du-transfert-du-real-madrid-los-blancos-pourraient-ils-realiser-un-mouvement-etonnant-pour-elliot-anderson-lie-a-man-united\/#article","isPartOf":{"@id":"https:\/\/footdavant.fr\/actualites\/nouvelles-du-transfert-du-real-madrid-los-blancos-pourraient-ils-realiser-un-mouvement-etonnant-pour-elliot-anderson-lie-a-man-united\/"},"author":{"name":"Cl\u00e9ment","@id":"https:\/\/footdavant.fr\/actualites\/#\/schema\/person\/bc222566d95871b37e597b3ed3ba5e1d"},"headline":"Nouvelles du transfert du Real Madrid : Los Blancos pourraient-ils r\u00e9aliser un mouvement \u00e9tonnant pour Elliot Anderson, li\u00e9 \u00e0 Man United ?","datePublished":"2025-10-28T08:48:15+00:00","dateModified":"2025-10-28T08:48:17+00:00","mainEntityOfPage":{"@id":"https:\/\/footdavant.fr\/actualites\/nouvelles-du-transfert-du-real-madrid-los-blancos-pourraient-ils-realiser-un-mouvement-etonnant-pour-elliot-anderson-lie-a-man-united\/"},"wordCount":481,"publisher":{"@id":"https:\/\/footdavant.fr\/actualites\/#organization"},"keywords":["Anderson","Blancos","Elliot","\u00e9tonnant","li\u00e9","Los","Madrid","Man","mouvement","Nouvelles","pour","pourraientils","Real","r\u00e9aliser","transfert","United"],"articleSection":["Premier League"],"inLanguage":"fr-FR"},{"@type":"WebPage","@id":"https:\/\/footdavant.fr\/actualites\/nouvelles-du-transfert-du-real-madrid-los-blancos-pourraient-ils-realiser-un-mouvement-etonnant-pour-elliot-anderson-lie-a-man-united\/","url":"https:\/\/footdavant.fr\/actualites\/nouvelles-du-transfert-du-real-madrid-los-blancos-pourraient-ils-realiser-un-mouvement-etonnant-pour-elliot-anderson-lie-a-man-united\/","name":"Nouvelles du transfert du Real Madrid : Los Blancos pourraient-ils r\u00e9aliser un mouvement \u00e9tonnant pour Elliot Anderson, li\u00e9 \u00e0 Man United ?","isPartOf":{"@id":"https:\/\/footdavant.fr\/actualites\/#website"},"datePublished":"2025-10-28T08:48:15+00:00","dateModified":"2025-10-28T08:48:17+00:00","breadcrumb":{"@id":"https:\/\/footdavant.fr\/actualites\/nouvelles-du-transfert-du-real-madrid-los-blancos-pourraient-ils-realiser-un-mouvement-etonnant-pour-elliot-anderson-lie-a-man-united\/#breadcrumb"},"inLanguage":"fr-FR","potentialAction":[{"@type":"ReadAction","target":["https:\/\/footdavant.fr\/actualites\/nouvelles-du-transfert-du-real-madrid-los-blancos-pourraient-ils-realiser-un-mouvement-etonnant-pour-elliot-anderson-lie-a-man-united\/"]}]},{"@type":"BreadcrumbList","@id":"https:\/\/footdavant.fr\/actualites\/nouvelles-du-transfert-du-real-madrid-los-blancos-pourraient-ils-realiser-un-mouvement-etonnant-pour-elliot-anderson-lie-a-man-united\/#breadcrumb","itemListElement":[{"@type":"ListItem","position":1,"name":"Accueil","item":"https:\/\/footdavant.fr\/actualites\/"},{"@type":"ListItem","position":2,"name":"Nouvelles du transfert du Real Madrid : Los Blancos pourraient-ils r\u00e9aliser un mouvement \u00e9tonnant pour Elliot Anderson, li\u00e9 \u00e0 Man United ?"}]},{"@type":"WebSite","@id":"https:\/\/footdavant.fr\/actualites\/#website","url":"https:\/\/footdavant.fr\/actualites\/","name":"Foot d'avant","description":"","publisher":{"@id":"https:\/\/footdavant.fr\/actualites\/#organization"},"potentialAction":[{"@type":"SearchAction","target":{"@type":"EntryPoint","urlTemplate":"https:\/\/footdavant.fr\/actualites\/?s={search_term_string}"},"query-input":"required name=search_term_string"}],"inLanguage":"fr-FR"},{"@type":"Organization","@id":"https:\/\/footdavant.fr\/actualites\/#organization","name":"Foot d'avant","url":"https:\/\/footdavant.fr\/actualites\/","logo":{"@type":"ImageObject","inLanguage":"fr-FR","@id":"https:\/\/footdavant.fr\/actualites\/#\/schema\/logo\/image\/","url":"https:\/\/footdavant.fr\/actualites\/wp-content\/uploads\/2023\/09\/Copy-of-FootDavant-Logo.png","contentUrl":"https:\/\/footdavant.fr\/actualites\/wp-content\/uploads\/2023\/09\/Copy-of-FootDavant-Logo.png","width":936,"height":549,"caption":"Foot d'avant"},"image":{"@id":"https:\/\/footdavant.fr\/actualites\/#\/schema\/logo\/image\/"},"sameAs":["https:\/\/www.facebook.com\/Footdavant\/","https:\/\/twitter.com\/FootdavantFr","https:\/\/www.instagram.com\/footdavant.fr\/"]},{"@type":"Person","@id":"https:\/\/footdavant.fr\/actualites\/#\/schema\/person\/bc222566d95871b37e597b3ed3ba5e1d","name":"Cl\u00e9ment","image":{"@type":"ImageObject","inLanguage":"fr-FR","@id":"https:\/\/footdavant.fr\/actualites\/#\/schema\/person\/image\/","url":"https:\/\/secure.gravatar.com\/avatar\/7728b29aac2719421e1a9159b2254c44?s=96&d=mm&r=g","contentUrl":"https:\/\/secure.gravatar.com\/avatar\/7728b29aac2719421e1a9159b2254c44?s=96&d=mm&r=g","caption":"Cl\u00e9ment"},"sameAs":["https:\/\/footdavant.fr\/"]}]}},"_links":{"self":[{"href":"https:\/\/footdavant.fr\/actualites\/wp-json\/wp\/v2\/posts\/30448"}],"collection":[{"href":"https:\/\/footdavant.fr\/actualites\/wp-json\/wp\/v2\/posts"}],"about":[{"href":"https:\/\/footdavant.fr\/actualites\/wp-json\/wp\/v2\/types\/post"}],"author":[{"embeddable":true,"href":"https:\/\/footdavant.fr\/actualites\/wp-json\/wp\/v2\/users\/1"}],"replies":[{"embeddable":true,"href":"https:\/\/footdavant.fr\/actualites\/wp-json\/wp\/v2\/comments?post=30448"}],"version-history":[{"count":1,"href":"https:\/\/footdavant.fr\/actualites\/wp-json\/wp\/v2\/posts\/30448\/revisions"}],"predecessor-version":[{"id":30450,"href":"https:\/\/footdavant.fr\/actualites\/wp-json\/wp\/v2\/posts\/30448\/revisions\/30450"}],"wp:featuredmedia":[{"embeddable":true,"href":"https:\/\/footdavant.fr\/actualites\/wp-json\/wp\/v2\/media\/30449"}],"wp:attachment":[{"href":"https:\/\/footdavant.fr\/actualites\/wp-json\/wp\/v2\/media?parent=30448"}],"wp:term":[{"taxonomy":"category","embeddable":true,"href":"https:\/\/footdavant.fr\/actualites\/wp-json\/wp\/v2\/categories?post=30448"},{"taxonomy":"post_tag","embeddable":true,"href":"https:\/\/footdavant.fr\/actualites\/wp-json\/wp\/v2\/tags?post=30448"}],"curies":[{"name":"wp","href":"https:\/\/api.w.org\/{rel}","templated":true}]}}