{"id":30451,"date":"2025-10-28T11:48:18","date_gmt":"2025-10-28T10:48:18","guid":{"rendered":"https:\/\/footdavant.fr\/actualites\/ed-oliver-de-buffalo-est-absent-indefiniment-apres-setre-dechire-le-biceps-lors-de-la-semaine-8\/"},"modified":"2025-10-28T11:48:19","modified_gmt":"2025-10-28T10:48:19","slug":"ed-oliver-de-buffalo-est-absent-indefiniment-apres-setre-dechire-le-biceps-lors-de-la-semaine-8","status":"publish","type":"post","link":"https:\/\/footdavant.fr\/actualites\/ed-oliver-de-buffalo-est-absent-indefiniment-apres-setre-dechire-le-biceps-lors-de-la-semaine-8\/","title":{"rendered":"Ed Oliver de Buffalo est absent ind\u00e9finiment apr\u00e8s s&#39;\u00eatre d\u00e9chir\u00e9 le biceps lors de la semaine 8"},"content":{"rendered":"<div>\n<p>Le match de course des Bills au cours de la semaine 8 a \u00e9t\u00e9 dominant contre les Panthers. James Cook a r\u00e9alis\u00e9 19 courses pour 216 verges et deux touch\u00e9s au sol. En fin de compte, Buffalo a battu les Panthers 40-9 pour revenir dans la colonne des victoires. Au cours de ce match, le DT Ed Oliver s&#39;est bless\u00e9 \u00e0 la fin du deuxi\u00e8me quart-temps. Oliver n&#39;est pas revenu pour les Bills et les initi\u00e9s de la NFL ont rapport\u00e9 qu&#39;il \u00e9tait absent ind\u00e9finiment avec un biceps d\u00e9chir\u00e9.<\/p>\n<h2>Ed Oliver a subi une d\u00e9chirure au biceps lors d&#39;une victoire de la semaine 8 contre les Panthers<\/h2>\n<blockquote class=\"twitter-tweet\">\n<p dir=\"ltr\" lang=\"en\">Les projets de loi craignent que le remarquable DT Ed Oliver ne se d\u00e9chire le biceps et soit mis \u00e0 l&#39;\u00e9cart ind\u00e9finiment, selon des sources. Oliver subit une IRM pour confirmer la blessure. <a rel=\"nofollow\" href=\"https:\/\/t.co\/zkv1SItWst\">pic.twitter.com\/zkv1SItWst<\/a><\/p>\n<p>\u2013Adam Schefter (@AdamSchefter) <a rel=\"nofollow\" href=\"https:\/\/twitter.com\/AdamSchefter\/status\/1982822375688122744?ref_src=twsrc%5Etfw\">27 octobre 2025<\/a><\/p>\n<\/blockquote>\n<p>Lors de leurs sept premiers matchs en 2025, les Buffalo Bills ont une fiche de 5-2. L&#39;\u00e9quipe \u00e9tait sur la route lors de la semaine 8 pour affronter les Panthers de la Caroline. Buffalo a domin\u00e9 du d\u00e9but \u00e0 la fin et a battu les Panthers 40-9. Au cours de cette victoire, le DT des Bills Ed Oliver a subi une d\u00e9chirure au biceps. Adam Shefter d&#39;ESPN a rapport\u00e9 qu&#39;Oliver devrait passer une IRM lundi. Cependant, le joueur de 27 ans devrait manquer une p\u00e9riode prolong\u00e9e.<\/p>\n<p>Juste un coup brutal pour les Bills, qui sont d\u00e9j\u00e0 minces en attaque. TJ Sanders et DeWayne Carter sont tous deux actuellement dans la r\u00e9serve des bless\u00e9s de Buffalo. De plus, DaQuan Jones souffre d\u2019une blessure au mollet. Larry Ogunjobi, Deone Walker et Jordan Phillips sont les seuls plaqu\u00e9s d\u00e9fensifs actifs sur la liste de 53 joueurs. Les Bills devront peut-\u00eatre appeler un joueur de l\u2019\u00e9quipe d\u2019entra\u00eenement.<\/p>\n<blockquote class=\"twitter-tweet\">\n<p dir=\"ltr\" lang=\"en\">Depuis <a rel=\"nofollow\" href=\"https:\/\/twitter.com\/gmfb?ref_src=twsrc%5Etfw\">@GMFB<\/a>: <a rel=\"nofollow\" href=\"https:\/\/twitter.com\/hashtag\/Giants?src=hash&amp;ref_src=twsrc%5Etfw\">#G\u00e9ants<\/a> La saison du RB Cam Skattebo est termin\u00e9e avec une cheville lux\u00e9e ; <a rel=\"nofollow\" href=\"https:\/\/twitter.com\/hashtag\/Eagles?src=hash&amp;ref_src=twsrc%5Etfw\">#Aigles<\/a> La blessure \u00e0 l&#39;aine du RB Saquon Barkley n&#39;est pas consid\u00e9r\u00e9e comme grave\u00a0; Le <a rel=\"nofollow\" href=\"https:\/\/twitter.com\/hashtag\/Bills?src=hash&amp;ref_src=twsrc%5Etfw\">#Factures<\/a> attendez des nouvelles du DT Ed Oliver, qui souffre d&#39;une blessure au biceps. <a rel=\"nofollow\" href=\"https:\/\/t.co\/ppv7cJq1rA\">pic.twitter.com\/ppv7cJq1rA<\/a><\/p>\n<p>\u2013 Ian Rapoport (@RapSheet) <a rel=\"nofollow\" href=\"https:\/\/twitter.com\/RapSheet\/status\/1982786321966895188?ref_src=twsrc%5Etfw\">27 octobre 2025<\/a><\/p>\n<\/blockquote>\n<p>Ed Oliver n&#39;a disput\u00e9 que trois des sept matchs des Bills en 2025. Avant leur match de la semaine 2 contre les Jets, Ed Oliver s&#39;est accidentellement fait pi\u00e9tiner la cheville \u00e0 l&#39;entra\u00eenement. Cela a forc\u00e9 le v\u00e9t\u00e9ran DT \u00e0 rater quatre matchs cons\u00e9cutifs. Il est revenu pour l&#39;\u00e9quipe lors de la semaine 6 contre les Falcons. Au cours de la semaine 8 contre les Panthers, Ed Oliver a subi une d\u00e9chirure au biceps.<\/p>\n<p>La d\u00e9fense contre la course de Buffalo a \u00e9t\u00e9 au bas du baril en 2025. Ils accordent en moyenne 150,3 verges au sol par match cette saison. C\u2019est le deuxi\u00e8me pire de la NFL, derri\u00e8re les Bengals. Bien qu&#39;il n&#39;ait disput\u00e9 que trois matchs cette saison, les trois sacs d&#39;Ed Oliver m\u00e8nent l&#39;\u00e9quipe. Buffalo a besoin de plus de production d\u00e8s le d\u00e9part. Cependant, l&#39;\u00e9quipe fait face \u00e0 un tas de blessures chez DT. Les Bills peuvent-ils \u00eatre en bonne sant\u00e9 au niveau du plaquage d\u00e9fensif avant les s\u00e9ries \u00e9liminatoires ?<\/p>\n<\/p><\/div>\n<p><script async src=\"https:\/\/platform.twitter.com\/widgets.js\" charset=\"utf-8\"><\/script><\/p>\n","protected":false},"excerpt":{"rendered":"<p>Le match de course des Bills au cours de la semaine 8 a \u00e9t\u00e9 dominant contre les Panthers. James Cook a r\u00e9alis\u00e9 19 courses pour<\/p>\n","protected":false},"author":1,"featured_media":30452,"comment_status":"closed","ping_status":"","sticky":false,"template":"","format":"standard","meta":{"footnotes":""},"categories":[3],"tags":[803,25,6099,6163,5929,217,10519,64,3829,6880,29],"yoast_head":"<!-- This site is optimized with the Yoast SEO plugin v21.0 - https:\/\/yoast.com\/wordpress\/plugins\/seo\/ -->\n<title>Ed Oliver de Buffalo est absent ind\u00e9finiment apr\u00e8s s&#039;\u00eatre d\u00e9chir\u00e9 le biceps lors de la semaine 8<\/title>\n<meta name=\"robots\" content=\"index, follow, max-snippet:-1, max-image-preview:large, max-video-preview:-1\" \/>\n<link rel=\"canonical\" href=\"https:\/\/footdavant.fr\/actualites\/ed-oliver-de-buffalo-est-absent-indefiniment-apres-setre-dechire-le-biceps-lors-de-la-semaine-8\/\" \/>\n<meta property=\"og:locale\" content=\"fr_FR\" \/>\n<meta property=\"og:type\" content=\"article\" \/>\n<meta property=\"og:title\" content=\"Ed Oliver de Buffalo est absent ind\u00e9finiment apr\u00e8s s&#039;\u00eatre d\u00e9chir\u00e9 le biceps lors de la semaine 8\" \/>\n<meta property=\"og:description\" content=\"Le match de course des Bills au cours de la semaine 8 a \u00e9t\u00e9 dominant contre les Panthers. James Cook a r\u00e9alis\u00e9 19 courses pour\" \/>\n<meta property=\"og:url\" content=\"https:\/\/footdavant.fr\/actualites\/ed-oliver-de-buffalo-est-absent-indefiniment-apres-setre-dechire-le-biceps-lors-de-la-semaine-8\/\" \/>\n<meta property=\"og:site_name\" content=\"Foot d&#039;avant\" \/>\n<meta property=\"article:publisher\" content=\"https:\/\/www.facebook.com\/Footdavant\/\" \/>\n<meta property=\"article:published_time\" content=\"2025-10-28T10:48:18+00:00\" \/>\n<meta property=\"article:modified_time\" content=\"2025-10-28T10:48:19+00:00\" \/>\n<meta property=\"og:image\" content=\"https:\/\/footdavant.fr\/actualites\/wp-content\/uploads\/2025\/10\/Ed-Oliver-de-Buffalo-est-absent-indefiniment-apres-s39etre-dechire.jpg\" \/>\n\t<meta property=\"og:image:width\" content=\"696\" \/>\n\t<meta property=\"og:image:height\" content=\"391\" \/>\n\t<meta property=\"og:image:type\" content=\"image\/jpeg\" \/>\n<meta name=\"author\" content=\"Cl\u00e9ment\" \/>\n<meta name=\"twitter:card\" content=\"summary_large_image\" \/>\n<meta name=\"twitter:creator\" content=\"@FootdavantFr\" \/>\n<meta name=\"twitter:site\" content=\"@FootdavantFr\" \/>\n<meta name=\"twitter:label1\" content=\"\u00c9crit par\" \/>\n\t<meta name=\"twitter:data1\" content=\"Cl\u00e9ment\" \/>\n\t<meta name=\"twitter:label2\" content=\"Dur\u00e9e de lecture estim\u00e9e\" \/>\n\t<meta name=\"twitter:data2\" content=\"3 minutes\" \/>\n<script type=\"application\/ld+json\" class=\"yoast-schema-graph\">{\"@context\":\"https:\/\/schema.org\",\"@graph\":[{\"@type\":\"Article\",\"@id\":\"https:\/\/footdavant.fr\/actualites\/ed-oliver-de-buffalo-est-absent-indefiniment-apres-setre-dechire-le-biceps-lors-de-la-semaine-8\/#article\",\"isPartOf\":{\"@id\":\"https:\/\/footdavant.fr\/actualites\/ed-oliver-de-buffalo-est-absent-indefiniment-apres-setre-dechire-le-biceps-lors-de-la-semaine-8\/\"},\"author\":{\"name\":\"Cl\u00e9ment\",\"@id\":\"https:\/\/footdavant.fr\/actualites\/#\/schema\/person\/bc222566d95871b37e597b3ed3ba5e1d\"},\"headline\":\"Ed Oliver de Buffalo est absent ind\u00e9finiment apr\u00e8s s&#39;\u00eatre d\u00e9chir\u00e9 le biceps lors de la semaine 8\",\"datePublished\":\"2025-10-28T10:48:18+00:00\",\"dateModified\":\"2025-10-28T10:48:19+00:00\",\"mainEntityOfPage\":{\"@id\":\"https:\/\/footdavant.fr\/actualites\/ed-oliver-de-buffalo-est-absent-indefiniment-apres-setre-dechire-le-biceps-lors-de-la-semaine-8\/\"},\"wordCount\":582,\"publisher\":{\"@id\":\"https:\/\/footdavant.fr\/actualites\/#organization\"},\"keywords\":[\"absent\",\"apr\u00e8s\",\"biceps\",\"Buffalo\",\"d\u00e9chir\u00e9\",\"est\",\"ind\u00e9finiment\",\"lors\",\"Oliver\",\"s39\u00eatre\",\"semaine\"],\"articleSection\":[\"Football\"],\"inLanguage\":\"fr-FR\"},{\"@type\":\"WebPage\",\"@id\":\"https:\/\/footdavant.fr\/actualites\/ed-oliver-de-buffalo-est-absent-indefiniment-apres-setre-dechire-le-biceps-lors-de-la-semaine-8\/\",\"url\":\"https:\/\/footdavant.fr\/actualites\/ed-oliver-de-buffalo-est-absent-indefiniment-apres-setre-dechire-le-biceps-lors-de-la-semaine-8\/\",\"name\":\"Ed Oliver de Buffalo est absent ind\u00e9finiment apr\u00e8s s&#39;\u00eatre d\u00e9chir\u00e9 le biceps lors de la semaine 8\",\"isPartOf\":{\"@id\":\"https:\/\/footdavant.fr\/actualites\/#website\"},\"datePublished\":\"2025-10-28T10:48:18+00:00\",\"dateModified\":\"2025-10-28T10:48:19+00:00\",\"breadcrumb\":{\"@id\":\"https:\/\/footdavant.fr\/actualites\/ed-oliver-de-buffalo-est-absent-indefiniment-apres-setre-dechire-le-biceps-lors-de-la-semaine-8\/#breadcrumb\"},\"inLanguage\":\"fr-FR\",\"potentialAction\":[{\"@type\":\"ReadAction\",\"target\":[\"https:\/\/footdavant.fr\/actualites\/ed-oliver-de-buffalo-est-absent-indefiniment-apres-setre-dechire-le-biceps-lors-de-la-semaine-8\/\"]}]},{\"@type\":\"BreadcrumbList\",\"@id\":\"https:\/\/footdavant.fr\/actualites\/ed-oliver-de-buffalo-est-absent-indefiniment-apres-setre-dechire-le-biceps-lors-de-la-semaine-8\/#breadcrumb\",\"itemListElement\":[{\"@type\":\"ListItem\",\"position\":1,\"name\":\"Accueil\",\"item\":\"https:\/\/footdavant.fr\/actualites\/\"},{\"@type\":\"ListItem\",\"position\":2,\"name\":\"Ed Oliver de Buffalo est absent ind\u00e9finiment apr\u00e8s s&#39;\u00eatre d\u00e9chir\u00e9 le biceps lors de la semaine 8\"}]},{\"@type\":\"WebSite\",\"@id\":\"https:\/\/footdavant.fr\/actualites\/#website\",\"url\":\"https:\/\/footdavant.fr\/actualites\/\",\"name\":\"Foot d'avant\",\"description\":\"\",\"publisher\":{\"@id\":\"https:\/\/footdavant.fr\/actualites\/#organization\"},\"potentialAction\":[{\"@type\":\"SearchAction\",\"target\":{\"@type\":\"EntryPoint\",\"urlTemplate\":\"https:\/\/footdavant.fr\/actualites\/?s={search_term_string}\"},\"query-input\":\"required name=search_term_string\"}],\"inLanguage\":\"fr-FR\"},{\"@type\":\"Organization\",\"@id\":\"https:\/\/footdavant.fr\/actualites\/#organization\",\"name\":\"Foot d'avant\",\"url\":\"https:\/\/footdavant.fr\/actualites\/\",\"logo\":{\"@type\":\"ImageObject\",\"inLanguage\":\"fr-FR\",\"@id\":\"https:\/\/footdavant.fr\/actualites\/#\/schema\/logo\/image\/\",\"url\":\"https:\/\/footdavant.fr\/actualites\/wp-content\/uploads\/2023\/09\/Copy-of-FootDavant-Logo.png\",\"contentUrl\":\"https:\/\/footdavant.fr\/actualites\/wp-content\/uploads\/2023\/09\/Copy-of-FootDavant-Logo.png\",\"width\":936,\"height\":549,\"caption\":\"Foot d'avant\"},\"image\":{\"@id\":\"https:\/\/footdavant.fr\/actualites\/#\/schema\/logo\/image\/\"},\"sameAs\":[\"https:\/\/www.facebook.com\/Footdavant\/\",\"https:\/\/twitter.com\/FootdavantFr\",\"https:\/\/www.instagram.com\/footdavant.fr\/\"]},{\"@type\":\"Person\",\"@id\":\"https:\/\/footdavant.fr\/actualites\/#\/schema\/person\/bc222566d95871b37e597b3ed3ba5e1d\",\"name\":\"Cl\u00e9ment\",\"image\":{\"@type\":\"ImageObject\",\"inLanguage\":\"fr-FR\",\"@id\":\"https:\/\/footdavant.fr\/actualites\/#\/schema\/person\/image\/\",\"url\":\"https:\/\/secure.gravatar.com\/avatar\/7728b29aac2719421e1a9159b2254c44?s=96&d=mm&r=g\",\"contentUrl\":\"https:\/\/secure.gravatar.com\/avatar\/7728b29aac2719421e1a9159b2254c44?s=96&d=mm&r=g\",\"caption\":\"Cl\u00e9ment\"},\"sameAs\":[\"https:\/\/footdavant.fr\/\"]}]}<\/script>\n<!-- \/ Yoast SEO plugin. -->","yoast_head_json":{"title":"Ed Oliver de Buffalo est absent ind\u00e9finiment apr\u00e8s s&#39;\u00eatre d\u00e9chir\u00e9 le biceps lors de la semaine 8","robots":{"index":"index","follow":"follow","max-snippet":"max-snippet:-1","max-image-preview":"max-image-preview:large","max-video-preview":"max-video-preview:-1"},"canonical":"https:\/\/footdavant.fr\/actualites\/ed-oliver-de-buffalo-est-absent-indefiniment-apres-setre-dechire-le-biceps-lors-de-la-semaine-8\/","og_locale":"fr_FR","og_type":"article","og_title":"Ed Oliver de Buffalo est absent ind\u00e9finiment apr\u00e8s s&#39;\u00eatre d\u00e9chir\u00e9 le biceps lors de la semaine 8","og_description":"Le match de course des Bills au cours de la semaine 8 a \u00e9t\u00e9 dominant contre les Panthers. James Cook a r\u00e9alis\u00e9 19 courses pour","og_url":"https:\/\/footdavant.fr\/actualites\/ed-oliver-de-buffalo-est-absent-indefiniment-apres-setre-dechire-le-biceps-lors-de-la-semaine-8\/","og_site_name":"Foot d&#039;avant","article_publisher":"https:\/\/www.facebook.com\/Footdavant\/","article_published_time":"2025-10-28T10:48:18+00:00","article_modified_time":"2025-10-28T10:48:19+00:00","og_image":[{"width":696,"height":391,"url":"https:\/\/footdavant.fr\/actualites\/wp-content\/uploads\/2025\/10\/Ed-Oliver-de-Buffalo-est-absent-indefiniment-apres-s39etre-dechire.jpg","type":"image\/jpeg"}],"author":"Cl\u00e9ment","twitter_card":"summary_large_image","twitter_creator":"@FootdavantFr","twitter_site":"@FootdavantFr","twitter_misc":{"\u00c9crit par":"Cl\u00e9ment","Dur\u00e9e de lecture estim\u00e9e":"3 minutes"},"schema":{"@context":"https:\/\/schema.org","@graph":[{"@type":"Article","@id":"https:\/\/footdavant.fr\/actualites\/ed-oliver-de-buffalo-est-absent-indefiniment-apres-setre-dechire-le-biceps-lors-de-la-semaine-8\/#article","isPartOf":{"@id":"https:\/\/footdavant.fr\/actualites\/ed-oliver-de-buffalo-est-absent-indefiniment-apres-setre-dechire-le-biceps-lors-de-la-semaine-8\/"},"author":{"name":"Cl\u00e9ment","@id":"https:\/\/footdavant.fr\/actualites\/#\/schema\/person\/bc222566d95871b37e597b3ed3ba5e1d"},"headline":"Ed Oliver de Buffalo est absent ind\u00e9finiment apr\u00e8s s&#39;\u00eatre d\u00e9chir\u00e9 le biceps lors de la semaine 8","datePublished":"2025-10-28T10:48:18+00:00","dateModified":"2025-10-28T10:48:19+00:00","mainEntityOfPage":{"@id":"https:\/\/footdavant.fr\/actualites\/ed-oliver-de-buffalo-est-absent-indefiniment-apres-setre-dechire-le-biceps-lors-de-la-semaine-8\/"},"wordCount":582,"publisher":{"@id":"https:\/\/footdavant.fr\/actualites\/#organization"},"keywords":["absent","apr\u00e8s","biceps","Buffalo","d\u00e9chir\u00e9","est","ind\u00e9finiment","lors","Oliver","s39\u00eatre","semaine"],"articleSection":["Football"],"inLanguage":"fr-FR"},{"@type":"WebPage","@id":"https:\/\/footdavant.fr\/actualites\/ed-oliver-de-buffalo-est-absent-indefiniment-apres-setre-dechire-le-biceps-lors-de-la-semaine-8\/","url":"https:\/\/footdavant.fr\/actualites\/ed-oliver-de-buffalo-est-absent-indefiniment-apres-setre-dechire-le-biceps-lors-de-la-semaine-8\/","name":"Ed Oliver de Buffalo est absent ind\u00e9finiment apr\u00e8s s&#39;\u00eatre d\u00e9chir\u00e9 le biceps lors de la semaine 8","isPartOf":{"@id":"https:\/\/footdavant.fr\/actualites\/#website"},"datePublished":"2025-10-28T10:48:18+00:00","dateModified":"2025-10-28T10:48:19+00:00","breadcrumb":{"@id":"https:\/\/footdavant.fr\/actualites\/ed-oliver-de-buffalo-est-absent-indefiniment-apres-setre-dechire-le-biceps-lors-de-la-semaine-8\/#breadcrumb"},"inLanguage":"fr-FR","potentialAction":[{"@type":"ReadAction","target":["https:\/\/footdavant.fr\/actualites\/ed-oliver-de-buffalo-est-absent-indefiniment-apres-setre-dechire-le-biceps-lors-de-la-semaine-8\/"]}]},{"@type":"BreadcrumbList","@id":"https:\/\/footdavant.fr\/actualites\/ed-oliver-de-buffalo-est-absent-indefiniment-apres-setre-dechire-le-biceps-lors-de-la-semaine-8\/#breadcrumb","itemListElement":[{"@type":"ListItem","position":1,"name":"Accueil","item":"https:\/\/footdavant.fr\/actualites\/"},{"@type":"ListItem","position":2,"name":"Ed Oliver de Buffalo est absent ind\u00e9finiment apr\u00e8s s&#39;\u00eatre d\u00e9chir\u00e9 le biceps lors de la semaine 8"}]},{"@type":"WebSite","@id":"https:\/\/footdavant.fr\/actualites\/#website","url":"https:\/\/footdavant.fr\/actualites\/","name":"Foot d'avant","description":"","publisher":{"@id":"https:\/\/footdavant.fr\/actualites\/#organization"},"potentialAction":[{"@type":"SearchAction","target":{"@type":"EntryPoint","urlTemplate":"https:\/\/footdavant.fr\/actualites\/?s={search_term_string}"},"query-input":"required name=search_term_string"}],"inLanguage":"fr-FR"},{"@type":"Organization","@id":"https:\/\/footdavant.fr\/actualites\/#organization","name":"Foot d'avant","url":"https:\/\/footdavant.fr\/actualites\/","logo":{"@type":"ImageObject","inLanguage":"fr-FR","@id":"https:\/\/footdavant.fr\/actualites\/#\/schema\/logo\/image\/","url":"https:\/\/footdavant.fr\/actualites\/wp-content\/uploads\/2023\/09\/Copy-of-FootDavant-Logo.png","contentUrl":"https:\/\/footdavant.fr\/actualites\/wp-content\/uploads\/2023\/09\/Copy-of-FootDavant-Logo.png","width":936,"height":549,"caption":"Foot d'avant"},"image":{"@id":"https:\/\/footdavant.fr\/actualites\/#\/schema\/logo\/image\/"},"sameAs":["https:\/\/www.facebook.com\/Footdavant\/","https:\/\/twitter.com\/FootdavantFr","https:\/\/www.instagram.com\/footdavant.fr\/"]},{"@type":"Person","@id":"https:\/\/footdavant.fr\/actualites\/#\/schema\/person\/bc222566d95871b37e597b3ed3ba5e1d","name":"Cl\u00e9ment","image":{"@type":"ImageObject","inLanguage":"fr-FR","@id":"https:\/\/footdavant.fr\/actualites\/#\/schema\/person\/image\/","url":"https:\/\/secure.gravatar.com\/avatar\/7728b29aac2719421e1a9159b2254c44?s=96&d=mm&r=g","contentUrl":"https:\/\/secure.gravatar.com\/avatar\/7728b29aac2719421e1a9159b2254c44?s=96&d=mm&r=g","caption":"Cl\u00e9ment"},"sameAs":["https:\/\/footdavant.fr\/"]}]}},"_links":{"self":[{"href":"https:\/\/footdavant.fr\/actualites\/wp-json\/wp\/v2\/posts\/30451"}],"collection":[{"href":"https:\/\/footdavant.fr\/actualites\/wp-json\/wp\/v2\/posts"}],"about":[{"href":"https:\/\/footdavant.fr\/actualites\/wp-json\/wp\/v2\/types\/post"}],"author":[{"embeddable":true,"href":"https:\/\/footdavant.fr\/actualites\/wp-json\/wp\/v2\/users\/1"}],"replies":[{"embeddable":true,"href":"https:\/\/footdavant.fr\/actualites\/wp-json\/wp\/v2\/comments?post=30451"}],"version-history":[{"count":1,"href":"https:\/\/footdavant.fr\/actualites\/wp-json\/wp\/v2\/posts\/30451\/revisions"}],"predecessor-version":[{"id":30453,"href":"https:\/\/footdavant.fr\/actualites\/wp-json\/wp\/v2\/posts\/30451\/revisions\/30453"}],"wp:featuredmedia":[{"embeddable":true,"href":"https:\/\/footdavant.fr\/actualites\/wp-json\/wp\/v2\/media\/30452"}],"wp:attachment":[{"href":"https:\/\/footdavant.fr\/actualites\/wp-json\/wp\/v2\/media?parent=30451"}],"wp:term":[{"taxonomy":"category","embeddable":true,"href":"https:\/\/footdavant.fr\/actualites\/wp-json\/wp\/v2\/categories?post=30451"},{"taxonomy":"post_tag","embeddable":true,"href":"https:\/\/footdavant.fr\/actualites\/wp-json\/wp\/v2\/tags?post=30451"}],"curies":[{"name":"wp","href":"https:\/\/api.w.org\/{rel}","templated":true}]}}