{"id":30470,"date":"2025-10-28T20:48:14","date_gmt":"2025-10-28T19:48:14","guid":{"rendered":"https:\/\/footdavant.fr\/actualites\/real-madrid-contre-juventus-los-blancos-recoivent-un-coup-de-pouce-majeur-en-matiere-de-blessures-avant-le-match-de-ligue-des-champions-avec-le-retour-du-defenseur\/"},"modified":"2025-10-28T20:48:15","modified_gmt":"2025-10-28T19:48:15","slug":"real-madrid-contre-juventus-los-blancos-recoivent-un-coup-de-pouce-majeur-en-matiere-de-blessures-avant-le-match-de-ligue-des-champions-avec-le-retour-du-defenseur","status":"publish","type":"post","link":"https:\/\/footdavant.fr\/actualites\/real-madrid-contre-juventus-los-blancos-recoivent-un-coup-de-pouce-majeur-en-matiere-de-blessures-avant-le-match-de-ligue-des-champions-avec-le-retour-du-defenseur\/","title":{"rendered":"Real Madrid contre Juventus: Los Blancos re\u00e7oivent un coup de pouce majeur en mati\u00e8re de blessures avant le match de Ligue des Champions avec le retour du d\u00e9fenseur"},"content":{"rendered":"<p>Le Real Madrid accueille \u00e0 nouveau Ferland Mendy dans son \u00e9quipe pour le match de Ligue des Champions de mercredi contre la Juventus.<\/p>\n<div id=\"article_body\" itemprop=\"articleBody\">\n<h3 class=\"firstPara\"><\/h3>\n<p><strong class=\"autotag\">Le Real Madrid a accueilli <strong class=\"autotag\">Ferland Mendy de retour dans l&#39;\u00e9quipe pour mercredi <strong class=\"autotag\">Match de Ligue des Champions contre <strong class=\"autotag\">La Juve.<\/p>\n<p>Mendy n&#39;a pas jou\u00e9 pour Los Blancos depuis la finale de la Copa del Rey la saison derni\u00e8re en raison d&#39;une grave blessure \u00e0 la cuisse, l&#39;international fran\u00e7ais ayant \u00e9t\u00e9 contraint de subir une intervention chirurgicale pour r\u00e9parer le probl\u00e8me.<\/p>\n<p>L&#39;arri\u00e8re gauche a cependant repris l&#39;entra\u00eenement en \u00e9quipe la semaine derni\u00e8re et il a d\u00e9sormais \u00e9t\u00e9 inclus dans l&#39;\u00e9quipe pour le match europ\u00e9en avec les g\u00e9ants italiens de la Juventus.<\/p>\n<p><strong class=\"autotag\">Trent Alexander-Arnold et <strong class=\"autotag\">Dani Carvajal est \u00e9galement tous deux de retour \u00e0 l&#39;entra\u00eenement suite \u00e0 des probl\u00e8mes de blessures, mais aucun des deux n&#39;a \u00e9t\u00e9 inclus dans l&#39;\u00e9quipe pour le choc contre la Vieille Dame.<\/p>\n<p>Cela dit, Carvajal n&#39;a pas pu \u00eatre inclus quelle que soit sa condition physique, l&#39;international espagnol purgeant le deuxi\u00e8me et dernier match d&#39;une suspension de la Ligue des champions.<\/p>\n<p class=\"imgI\">\n<h2>Mendy revient dans l&#39;\u00e9quipe du Real Madrid pour le choc contre la Juventus<\/h2>\n<p>Alexander-Arnold et Carvajal devraient \u00eatre de retour dans l&#39;\u00e9quipe pour El Clasico, le Real Madrid devant recevoir un important coup de pouce en termes de condition physique pour le match contre Barcelone.<\/p>\n<p><strong class=\"autotag\">Dean Huijsen et Dani Ceballos ne sont pas non plus impliqu\u00e9s dans l&#39;\u00e9quipe de la journ\u00e9e pour le match contre la Juventus, mais les deux devraient revenir pour le match avec l&#39;\u00e9quipe de Hansi Flick.<\/p>\n<p>Antonio Rudiger est absent de longue date en raison d&#39;un probl\u00e8me musculaire, tandis que David Alaba devrait \u00eatre absent au moins la semaine prochaine en raison d&#39;un probl\u00e8me au mollet qu&#39;il a subi contre Getafe la derni\u00e8re fois.<\/p>\n<p>Raul Asencio a jou\u00e9 aux c\u00f4t\u00e9s d&#39;Eder Militao dans la seconde moiti\u00e9 de l&#39;affrontement avec Getafe, et il pourrait d\u00e9sormais \u00eatre int\u00e9gr\u00e9 au onze pour le choc de la Ligue des champions avec la Juventus.<\/p>\n<p>Entra\u00eeneur-chef <strong class=\"autotag\">Xabi Alonso a \u00e9galement la possibilit\u00e9 de d\u00e9placer Asencio \u00e0 l&#39;arri\u00e8re droit et de d\u00e9poser Aur\u00e9lien Tchouameni au milieu des quatre d\u00e9fenseurs, mais Federico Valverde \u00e0 l&#39;arri\u00e8re droit est le sc\u00e9nario le plus probable.<\/p>\n<p class=\"imgI\">\n<h2>Quel avenir pour Ferland Mendy ?<\/h2>\n<p>Mendy a disput\u00e9 201 matches avec le Real Madrid depuis son arriv\u00e9e de Lyon en 2019, et il a jou\u00e9 un r\u00f4le essentiel dans le r\u00e9cent succ\u00e8s du club, mais son avenir \u00e0 long terme au Bernabeu n&#39;est pas clair.<\/p>\n<p>Alvaro Carreras a consolid\u00e9 sa place d&#39;arri\u00e8re gauche de premier choix du Real Madrid, il n&#39;y a donc pas de voie \u00e9vidente pour lui de revenir dans le XI pour le moment, tandis que Fran Garcia est \u00e9galement une option dans ce domaine.<\/p>\n<p>Alonso ne sera pas en mesure de satisfaire Carreras, Garcia et Mendy, m\u00eame avec le nombre de matches \u00e0 venir, et il semble y avoir une chance que ce dernier quitte le club en 2026.<\/p>\n<hr>\n<p><\/p>\n<h3>L&#39;\u00e9quipe du Real Madrid contre la Juventus<\/h3>\n<p>Courtois, Lun\u00edn, Gonzalez\u00a0; Militao, Asencio, Carreras, F. Garcia, Mendy\u00a0; Bellingham, Camavinga, Valverde, Tchouameni, Guler, Thiago ; Vinicius, Endrick, Mbapp\u00e9, Rodrygo, Gonzalo, Brahim, Mastantuono<\/p>\n<div class=\"author_box\">\n<div class=\"author_box_banner\"> <\/div>\n<\/div>\n<\/div>\n","protected":false},"excerpt":{"rendered":"<p>Le Real Madrid accueille \u00e0 nouveau Ferland Mendy dans son \u00e9quipe pour le match de Ligue des Champions de mercredi contre la Juventus. Le Real<\/p>\n","protected":false},"author":1,"featured_media":28604,"comment_status":"closed","ping_status":"","sticky":false,"template":"","format":"standard","meta":{"footnotes":""},"categories":[4],"tags":[491,91,4499,155,31,20,489,928,12,711,30,2707,303,246,257,5092,490,302,1153,393],"yoast_head":"<!-- This site is optimized with the Yoast SEO plugin v21.0 - https:\/\/yoast.com\/wordpress\/plugins\/seo\/ -->\n<title>Real Madrid contre Juventus: Los Blancos re\u00e7oivent un coup de pouce majeur en mati\u00e8re de blessures avant le match de Ligue des Champions avec le retour du d\u00e9fenseur<\/title>\n<meta name=\"robots\" content=\"index, follow, max-snippet:-1, max-image-preview:large, max-video-preview:-1\" \/>\n<link rel=\"canonical\" href=\"https:\/\/footdavant.fr\/actualites\/real-madrid-contre-juventus-los-blancos-recoivent-un-coup-de-pouce-majeur-en-matiere-de-blessures-avant-le-match-de-ligue-des-champions-avec-le-retour-du-defenseur\/\" \/>\n<meta property=\"og:locale\" content=\"fr_FR\" \/>\n<meta property=\"og:type\" content=\"article\" \/>\n<meta property=\"og:title\" content=\"Real Madrid contre Juventus: Los Blancos re\u00e7oivent un coup de pouce majeur en mati\u00e8re de blessures avant le match de Ligue des Champions avec le retour du d\u00e9fenseur\" \/>\n<meta property=\"og:description\" content=\"Le Real Madrid accueille \u00e0 nouveau Ferland Mendy dans son \u00e9quipe pour le match de Ligue des Champions de mercredi contre la Juventus. Le Real\" \/>\n<meta property=\"og:url\" content=\"https:\/\/footdavant.fr\/actualites\/real-madrid-contre-juventus-los-blancos-recoivent-un-coup-de-pouce-majeur-en-matiere-de-blessures-avant-le-match-de-ligue-des-champions-avec-le-retour-du-defenseur\/\" \/>\n<meta property=\"og:site_name\" content=\"Foot d&#039;avant\" \/>\n<meta property=\"article:publisher\" content=\"https:\/\/www.facebook.com\/Footdavant\/\" \/>\n<meta property=\"article:published_time\" content=\"2025-10-28T19:48:14+00:00\" \/>\n<meta property=\"article:modified_time\" content=\"2025-10-28T19:48:15+00:00\" \/>\n<meta property=\"og:image\" content=\"https:\/\/footdavant.fr\/actualites\/wp-content\/uploads\/2025\/09\/Real-Madrid-vs-Marseille-Los-Blancos-a-remis-un-double.jpg\" \/>\n\t<meta property=\"og:image:width\" content=\"640\" \/>\n\t<meta property=\"og:image:height\" content=\"480\" \/>\n\t<meta property=\"og:image:type\" content=\"image\/jpeg\" \/>\n<meta name=\"author\" content=\"Cl\u00e9ment\" \/>\n<meta name=\"twitter:card\" content=\"summary_large_image\" \/>\n<meta name=\"twitter:creator\" content=\"@FootdavantFr\" \/>\n<meta name=\"twitter:site\" content=\"@FootdavantFr\" \/>\n<meta name=\"twitter:label1\" content=\"\u00c9crit par\" \/>\n\t<meta name=\"twitter:data1\" content=\"Cl\u00e9ment\" \/>\n\t<meta name=\"twitter:label2\" content=\"Dur\u00e9e de lecture estim\u00e9e\" \/>\n\t<meta name=\"twitter:data2\" content=\"3 minutes\" \/>\n<script type=\"application\/ld+json\" class=\"yoast-schema-graph\">{\"@context\":\"https:\/\/schema.org\",\"@graph\":[{\"@type\":\"Article\",\"@id\":\"https:\/\/footdavant.fr\/actualites\/real-madrid-contre-juventus-los-blancos-recoivent-un-coup-de-pouce-majeur-en-matiere-de-blessures-avant-le-match-de-ligue-des-champions-avec-le-retour-du-defenseur\/#article\",\"isPartOf\":{\"@id\":\"https:\/\/footdavant.fr\/actualites\/real-madrid-contre-juventus-los-blancos-recoivent-un-coup-de-pouce-majeur-en-matiere-de-blessures-avant-le-match-de-ligue-des-champions-avec-le-retour-du-defenseur\/\"},\"author\":{\"name\":\"Cl\u00e9ment\",\"@id\":\"https:\/\/footdavant.fr\/actualites\/#\/schema\/person\/bc222566d95871b37e597b3ed3ba5e1d\"},\"headline\":\"Real Madrid contre Juventus: Los Blancos re\u00e7oivent un coup de pouce majeur en mati\u00e8re de blessures avant le match de Ligue des Champions avec le retour du d\u00e9fenseur\",\"datePublished\":\"2025-10-28T19:48:14+00:00\",\"dateModified\":\"2025-10-28T19:48:15+00:00\",\"mainEntityOfPage\":{\"@id\":\"https:\/\/footdavant.fr\/actualites\/real-madrid-contre-juventus-los-blancos-recoivent-un-coup-de-pouce-majeur-en-matiere-de-blessures-avant-le-match-de-ligue-des-champions-avec-le-retour-du-defenseur\/\"},\"wordCount\":603,\"publisher\":{\"@id\":\"https:\/\/footdavant.fr\/actualites\/#organization\"},\"keywords\":[\"avant\",\"avec\",\"Blancos\",\"blessures\",\"champions\",\"contre\",\"coup\",\"d\u00e9fenseur\",\"des\",\"Juventus\",\"Ligue\",\"Los\",\"Madrid\",\"majeur\",\"match\",\"mati\u00e8re\",\"pouce\",\"Real\",\"re\u00e7oivent\",\"retour\"],\"articleSection\":[\"Champions League\"],\"inLanguage\":\"fr-FR\"},{\"@type\":\"WebPage\",\"@id\":\"https:\/\/footdavant.fr\/actualites\/real-madrid-contre-juventus-los-blancos-recoivent-un-coup-de-pouce-majeur-en-matiere-de-blessures-avant-le-match-de-ligue-des-champions-avec-le-retour-du-defenseur\/\",\"url\":\"https:\/\/footdavant.fr\/actualites\/real-madrid-contre-juventus-los-blancos-recoivent-un-coup-de-pouce-majeur-en-matiere-de-blessures-avant-le-match-de-ligue-des-champions-avec-le-retour-du-defenseur\/\",\"name\":\"Real Madrid contre Juventus: Los Blancos re\u00e7oivent un coup de pouce majeur en mati\u00e8re de blessures avant le match de Ligue des Champions avec le retour du d\u00e9fenseur\",\"isPartOf\":{\"@id\":\"https:\/\/footdavant.fr\/actualites\/#website\"},\"datePublished\":\"2025-10-28T19:48:14+00:00\",\"dateModified\":\"2025-10-28T19:48:15+00:00\",\"breadcrumb\":{\"@id\":\"https:\/\/footdavant.fr\/actualites\/real-madrid-contre-juventus-los-blancos-recoivent-un-coup-de-pouce-majeur-en-matiere-de-blessures-avant-le-match-de-ligue-des-champions-avec-le-retour-du-defenseur\/#breadcrumb\"},\"inLanguage\":\"fr-FR\",\"potentialAction\":[{\"@type\":\"ReadAction\",\"target\":[\"https:\/\/footdavant.fr\/actualites\/real-madrid-contre-juventus-los-blancos-recoivent-un-coup-de-pouce-majeur-en-matiere-de-blessures-avant-le-match-de-ligue-des-champions-avec-le-retour-du-defenseur\/\"]}]},{\"@type\":\"BreadcrumbList\",\"@id\":\"https:\/\/footdavant.fr\/actualites\/real-madrid-contre-juventus-los-blancos-recoivent-un-coup-de-pouce-majeur-en-matiere-de-blessures-avant-le-match-de-ligue-des-champions-avec-le-retour-du-defenseur\/#breadcrumb\",\"itemListElement\":[{\"@type\":\"ListItem\",\"position\":1,\"name\":\"Accueil\",\"item\":\"https:\/\/footdavant.fr\/actualites\/\"},{\"@type\":\"ListItem\",\"position\":2,\"name\":\"Real Madrid contre Juventus: Los Blancos re\u00e7oivent un coup de pouce majeur en mati\u00e8re de blessures avant le match de Ligue des Champions avec le retour du d\u00e9fenseur\"}]},{\"@type\":\"WebSite\",\"@id\":\"https:\/\/footdavant.fr\/actualites\/#website\",\"url\":\"https:\/\/footdavant.fr\/actualites\/\",\"name\":\"Foot d'avant\",\"description\":\"\",\"publisher\":{\"@id\":\"https:\/\/footdavant.fr\/actualites\/#organization\"},\"potentialAction\":[{\"@type\":\"SearchAction\",\"target\":{\"@type\":\"EntryPoint\",\"urlTemplate\":\"https:\/\/footdavant.fr\/actualites\/?s={search_term_string}\"},\"query-input\":\"required name=search_term_string\"}],\"inLanguage\":\"fr-FR\"},{\"@type\":\"Organization\",\"@id\":\"https:\/\/footdavant.fr\/actualites\/#organization\",\"name\":\"Foot d'avant\",\"url\":\"https:\/\/footdavant.fr\/actualites\/\",\"logo\":{\"@type\":\"ImageObject\",\"inLanguage\":\"fr-FR\",\"@id\":\"https:\/\/footdavant.fr\/actualites\/#\/schema\/logo\/image\/\",\"url\":\"https:\/\/footdavant.fr\/actualites\/wp-content\/uploads\/2023\/09\/Copy-of-FootDavant-Logo.png\",\"contentUrl\":\"https:\/\/footdavant.fr\/actualites\/wp-content\/uploads\/2023\/09\/Copy-of-FootDavant-Logo.png\",\"width\":936,\"height\":549,\"caption\":\"Foot d'avant\"},\"image\":{\"@id\":\"https:\/\/footdavant.fr\/actualites\/#\/schema\/logo\/image\/\"},\"sameAs\":[\"https:\/\/www.facebook.com\/Footdavant\/\",\"https:\/\/twitter.com\/FootdavantFr\",\"https:\/\/www.instagram.com\/footdavant.fr\/\"]},{\"@type\":\"Person\",\"@id\":\"https:\/\/footdavant.fr\/actualites\/#\/schema\/person\/bc222566d95871b37e597b3ed3ba5e1d\",\"name\":\"Cl\u00e9ment\",\"image\":{\"@type\":\"ImageObject\",\"inLanguage\":\"fr-FR\",\"@id\":\"https:\/\/footdavant.fr\/actualites\/#\/schema\/person\/image\/\",\"url\":\"https:\/\/secure.gravatar.com\/avatar\/7728b29aac2719421e1a9159b2254c44?s=96&d=mm&r=g\",\"contentUrl\":\"https:\/\/secure.gravatar.com\/avatar\/7728b29aac2719421e1a9159b2254c44?s=96&d=mm&r=g\",\"caption\":\"Cl\u00e9ment\"},\"sameAs\":[\"https:\/\/footdavant.fr\/\"]}]}<\/script>\n<!-- \/ Yoast SEO plugin. -->","yoast_head_json":{"title":"Real Madrid contre Juventus: Los Blancos re\u00e7oivent un coup de pouce majeur en mati\u00e8re de blessures avant le match de Ligue des Champions avec le retour du d\u00e9fenseur","robots":{"index":"index","follow":"follow","max-snippet":"max-snippet:-1","max-image-preview":"max-image-preview:large","max-video-preview":"max-video-preview:-1"},"canonical":"https:\/\/footdavant.fr\/actualites\/real-madrid-contre-juventus-los-blancos-recoivent-un-coup-de-pouce-majeur-en-matiere-de-blessures-avant-le-match-de-ligue-des-champions-avec-le-retour-du-defenseur\/","og_locale":"fr_FR","og_type":"article","og_title":"Real Madrid contre Juventus: Los Blancos re\u00e7oivent un coup de pouce majeur en mati\u00e8re de blessures avant le match de Ligue des Champions avec le retour du d\u00e9fenseur","og_description":"Le Real Madrid accueille \u00e0 nouveau Ferland Mendy dans son \u00e9quipe pour le match de Ligue des Champions de mercredi contre la Juventus. Le Real","og_url":"https:\/\/footdavant.fr\/actualites\/real-madrid-contre-juventus-los-blancos-recoivent-un-coup-de-pouce-majeur-en-matiere-de-blessures-avant-le-match-de-ligue-des-champions-avec-le-retour-du-defenseur\/","og_site_name":"Foot d&#039;avant","article_publisher":"https:\/\/www.facebook.com\/Footdavant\/","article_published_time":"2025-10-28T19:48:14+00:00","article_modified_time":"2025-10-28T19:48:15+00:00","og_image":[{"width":640,"height":480,"url":"https:\/\/footdavant.fr\/actualites\/wp-content\/uploads\/2025\/09\/Real-Madrid-vs-Marseille-Los-Blancos-a-remis-un-double.jpg","type":"image\/jpeg"}],"author":"Cl\u00e9ment","twitter_card":"summary_large_image","twitter_creator":"@FootdavantFr","twitter_site":"@FootdavantFr","twitter_misc":{"\u00c9crit par":"Cl\u00e9ment","Dur\u00e9e de lecture estim\u00e9e":"3 minutes"},"schema":{"@context":"https:\/\/schema.org","@graph":[{"@type":"Article","@id":"https:\/\/footdavant.fr\/actualites\/real-madrid-contre-juventus-los-blancos-recoivent-un-coup-de-pouce-majeur-en-matiere-de-blessures-avant-le-match-de-ligue-des-champions-avec-le-retour-du-defenseur\/#article","isPartOf":{"@id":"https:\/\/footdavant.fr\/actualites\/real-madrid-contre-juventus-los-blancos-recoivent-un-coup-de-pouce-majeur-en-matiere-de-blessures-avant-le-match-de-ligue-des-champions-avec-le-retour-du-defenseur\/"},"author":{"name":"Cl\u00e9ment","@id":"https:\/\/footdavant.fr\/actualites\/#\/schema\/person\/bc222566d95871b37e597b3ed3ba5e1d"},"headline":"Real Madrid contre Juventus: Los Blancos re\u00e7oivent un coup de pouce majeur en mati\u00e8re de blessures avant le match de Ligue des Champions avec le retour du d\u00e9fenseur","datePublished":"2025-10-28T19:48:14+00:00","dateModified":"2025-10-28T19:48:15+00:00","mainEntityOfPage":{"@id":"https:\/\/footdavant.fr\/actualites\/real-madrid-contre-juventus-los-blancos-recoivent-un-coup-de-pouce-majeur-en-matiere-de-blessures-avant-le-match-de-ligue-des-champions-avec-le-retour-du-defenseur\/"},"wordCount":603,"publisher":{"@id":"https:\/\/footdavant.fr\/actualites\/#organization"},"keywords":["avant","avec","Blancos","blessures","champions","contre","coup","d\u00e9fenseur","des","Juventus","Ligue","Los","Madrid","majeur","match","mati\u00e8re","pouce","Real","re\u00e7oivent","retour"],"articleSection":["Champions League"],"inLanguage":"fr-FR"},{"@type":"WebPage","@id":"https:\/\/footdavant.fr\/actualites\/real-madrid-contre-juventus-los-blancos-recoivent-un-coup-de-pouce-majeur-en-matiere-de-blessures-avant-le-match-de-ligue-des-champions-avec-le-retour-du-defenseur\/","url":"https:\/\/footdavant.fr\/actualites\/real-madrid-contre-juventus-los-blancos-recoivent-un-coup-de-pouce-majeur-en-matiere-de-blessures-avant-le-match-de-ligue-des-champions-avec-le-retour-du-defenseur\/","name":"Real Madrid contre Juventus: Los Blancos re\u00e7oivent un coup de pouce majeur en mati\u00e8re de blessures avant le match de Ligue des Champions avec le retour du d\u00e9fenseur","isPartOf":{"@id":"https:\/\/footdavant.fr\/actualites\/#website"},"datePublished":"2025-10-28T19:48:14+00:00","dateModified":"2025-10-28T19:48:15+00:00","breadcrumb":{"@id":"https:\/\/footdavant.fr\/actualites\/real-madrid-contre-juventus-los-blancos-recoivent-un-coup-de-pouce-majeur-en-matiere-de-blessures-avant-le-match-de-ligue-des-champions-avec-le-retour-du-defenseur\/#breadcrumb"},"inLanguage":"fr-FR","potentialAction":[{"@type":"ReadAction","target":["https:\/\/footdavant.fr\/actualites\/real-madrid-contre-juventus-los-blancos-recoivent-un-coup-de-pouce-majeur-en-matiere-de-blessures-avant-le-match-de-ligue-des-champions-avec-le-retour-du-defenseur\/"]}]},{"@type":"BreadcrumbList","@id":"https:\/\/footdavant.fr\/actualites\/real-madrid-contre-juventus-los-blancos-recoivent-un-coup-de-pouce-majeur-en-matiere-de-blessures-avant-le-match-de-ligue-des-champions-avec-le-retour-du-defenseur\/#breadcrumb","itemListElement":[{"@type":"ListItem","position":1,"name":"Accueil","item":"https:\/\/footdavant.fr\/actualites\/"},{"@type":"ListItem","position":2,"name":"Real Madrid contre Juventus: Los Blancos re\u00e7oivent un coup de pouce majeur en mati\u00e8re de blessures avant le match de Ligue des Champions avec le retour du d\u00e9fenseur"}]},{"@type":"WebSite","@id":"https:\/\/footdavant.fr\/actualites\/#website","url":"https:\/\/footdavant.fr\/actualites\/","name":"Foot d'avant","description":"","publisher":{"@id":"https:\/\/footdavant.fr\/actualites\/#organization"},"potentialAction":[{"@type":"SearchAction","target":{"@type":"EntryPoint","urlTemplate":"https:\/\/footdavant.fr\/actualites\/?s={search_term_string}"},"query-input":"required name=search_term_string"}],"inLanguage":"fr-FR"},{"@type":"Organization","@id":"https:\/\/footdavant.fr\/actualites\/#organization","name":"Foot d'avant","url":"https:\/\/footdavant.fr\/actualites\/","logo":{"@type":"ImageObject","inLanguage":"fr-FR","@id":"https:\/\/footdavant.fr\/actualites\/#\/schema\/logo\/image\/","url":"https:\/\/footdavant.fr\/actualites\/wp-content\/uploads\/2023\/09\/Copy-of-FootDavant-Logo.png","contentUrl":"https:\/\/footdavant.fr\/actualites\/wp-content\/uploads\/2023\/09\/Copy-of-FootDavant-Logo.png","width":936,"height":549,"caption":"Foot d'avant"},"image":{"@id":"https:\/\/footdavant.fr\/actualites\/#\/schema\/logo\/image\/"},"sameAs":["https:\/\/www.facebook.com\/Footdavant\/","https:\/\/twitter.com\/FootdavantFr","https:\/\/www.instagram.com\/footdavant.fr\/"]},{"@type":"Person","@id":"https:\/\/footdavant.fr\/actualites\/#\/schema\/person\/bc222566d95871b37e597b3ed3ba5e1d","name":"Cl\u00e9ment","image":{"@type":"ImageObject","inLanguage":"fr-FR","@id":"https:\/\/footdavant.fr\/actualites\/#\/schema\/person\/image\/","url":"https:\/\/secure.gravatar.com\/avatar\/7728b29aac2719421e1a9159b2254c44?s=96&d=mm&r=g","contentUrl":"https:\/\/secure.gravatar.com\/avatar\/7728b29aac2719421e1a9159b2254c44?s=96&d=mm&r=g","caption":"Cl\u00e9ment"},"sameAs":["https:\/\/footdavant.fr\/"]}]}},"_links":{"self":[{"href":"https:\/\/footdavant.fr\/actualites\/wp-json\/wp\/v2\/posts\/30470"}],"collection":[{"href":"https:\/\/footdavant.fr\/actualites\/wp-json\/wp\/v2\/posts"}],"about":[{"href":"https:\/\/footdavant.fr\/actualites\/wp-json\/wp\/v2\/types\/post"}],"author":[{"embeddable":true,"href":"https:\/\/footdavant.fr\/actualites\/wp-json\/wp\/v2\/users\/1"}],"replies":[{"embeddable":true,"href":"https:\/\/footdavant.fr\/actualites\/wp-json\/wp\/v2\/comments?post=30470"}],"version-history":[{"count":1,"href":"https:\/\/footdavant.fr\/actualites\/wp-json\/wp\/v2\/posts\/30470\/revisions"}],"predecessor-version":[{"id":30471,"href":"https:\/\/footdavant.fr\/actualites\/wp-json\/wp\/v2\/posts\/30470\/revisions\/30471"}],"wp:featuredmedia":[{"embeddable":true,"href":"https:\/\/footdavant.fr\/actualites\/wp-json\/wp\/v2\/media\/28604"}],"wp:attachment":[{"href":"https:\/\/footdavant.fr\/actualites\/wp-json\/wp\/v2\/media?parent=30470"}],"wp:term":[{"taxonomy":"category","embeddable":true,"href":"https:\/\/footdavant.fr\/actualites\/wp-json\/wp\/v2\/categories?post=30470"},{"taxonomy":"post_tag","embeddable":true,"href":"https:\/\/footdavant.fr\/actualites\/wp-json\/wp\/v2\/tags?post=30470"}],"curies":[{"name":"wp","href":"https:\/\/api.w.org\/{rel}","templated":true}]}}