{"id":30472,"date":"2025-10-28T21:48:08","date_gmt":"2025-10-28T20:48:08","guid":{"rendered":"https:\/\/footdavant.fr\/actualites\/estevao-willian-developpement-de-chelsea-aide-par-trois-coequipiers-declare-enzo-maresca\/"},"modified":"2025-10-28T21:48:10","modified_gmt":"2025-10-28T20:48:10","slug":"estevao-willian-developpement-de-chelsea-aide-par-trois-coequipiers-declare-enzo-maresca","status":"publish","type":"post","link":"https:\/\/footdavant.fr\/actualites\/estevao-willian-developpement-de-chelsea-aide-par-trois-coequipiers-declare-enzo-maresca\/","title":{"rendered":"Estevao Willian D\u00e9veloppement de Chelsea aid\u00e9 par trois co\u00e9quipiers, d\u00e9clare Enzo Maresca"},"content":{"rendered":"<div>\n<div class=\"article_img_img\">\n<p>\u00a9 IMAGO \/ Visionhaus \/ Imago<\/p>\n<\/div>\n<\/div>\n<p>L&#39;entra\u00eeneur-chef de Chelsea, Enzo Maresca, affirme que le d\u00e9veloppement rapide d&#39;Estevao Willian \u00e0 Stamford Bridge a \u00e9t\u00e9 aid\u00e9 par trois co\u00e9quipiers sp\u00e9cifiques.<\/p>\n<div id=\"article_body\" itemprop=\"articleBody\">\n<h3 class=\"firstPara\"><\/h3>\n<p><strong class=\"autotag\">Entra\u00eeneur principal de Chelsea <strong class=\"autotag\">Enzo Maresca a r\u00e9v\u00e9l\u00e9 que trois stars du Blues ont jou\u00e9 un r\u00f4le dans le d\u00e9veloppement rapide de <strong class=\"autotag\">Est\u00e9vao Willian.<\/p>\n<p>Compte tenu de son temps de jeu consid\u00e9rable au Br\u00e9sil lorsqu&#39;il \u00e9tait adolescent et de son absence d&#39;exp\u00e9rience en Premier League, on s&#39;attendait \u00e0 ce que la starlette ait le temps de faire la transition vers la vie en Angleterre.<\/p>\n<p>Bien que cela soit et reste le cas, le joueur de 18 ans a b\u00e9n\u00e9fici\u00e9 de 443 minutes de football r\u00e9parties sur 11 apparitions dans trois comp\u00e9titions diff\u00e9rentes.<\/p>\n<p>En plus d&#39;avoir \u00e9t\u00e9 l&#39;un des acteurs de la victoire palpitante contre Liverpool avant la tr\u00eave internationale, Estevao a jou\u00e9 contre l&#39;Ajax en Ligue des champions mercredi et a marqu\u00e9 son premier but dans la comp\u00e9tition sur penalty.<\/p>\n<p>S&#39;exprimant lors d&#39;une conf\u00e9rence de presse avant le match de Premier League de samedi contre Sunderland, Maresca a reconnu que ses compatriotes br\u00e9siliens et sud-am\u00e9ricains lui apportaient une aide inestimable sur et en dehors du terrain.<\/p>\n<p class=\"imgI\"><img decoding=\"async\" alt=\"Estevao de Chelsea fait la f\u00eate\" class=\"vanilla-lazyload article-image\" src=\"https:\/\/footdavant.fr\/actualites\/wp-content\/uploads\/2025\/10\/1761684488_973_Estevao-Willian-Developpement-de-Chelsea-aide-par-trois-coequipiers-declare.webp\"><\/p>\n<h2>Maresca r\u00e9v\u00e8le que trois co\u00e9quipiers de Chelsea aident Estevao<\/h2>\n<p>Chers compatriotes <strong class=\"autotag\">Andre\u00ef Santos et <strong class=\"autotag\">Joao Pedro, ainsi que vice-capitaine <strong class=\"autotag\">Enzo Fernandez, ont \u00e9t\u00e9 point\u00e9s du doigt lorsque l&#39;Italien s&#39;est adress\u00e9 aux m\u00e9dias vendredi.<\/p>\n<p>Il a d\u00e9clar\u00e9 : \u00ab\u00a0Nous avons Andrey Santos et Joao Pedro mais ils l&#39;aident beaucoup parce qu&#39;ils sont d\u00e9j\u00e0 nouveaux et viennent d&#39;une autre \u00e9poque, donc ils l&#39;aident beaucoup.<\/p>\n<p>\u00ab\u00a0Nous, en tant que staff, en tant que club, nous essayons juste de l&#39;aider, de lui donner toute l&#39;attention dont il a besoin, pas seulement avec Estevao, avec tous les jeunes joueurs qui viennent de l&#39;\u00e9tranger mais nous avons dit l&#39;autre jour que c&#39;est un joueur sp\u00e9cial, ce qui est bien chez lui, c&#39;est qu&#39;il ne pense qu&#39;au football, il l&#39;aime, il est heureux et aussi, encore une fois, sa famille fait un travail fantastique en ce qui concerne la fa\u00e7on dont elle l&#39;\u00e9l\u00e8ve.\u00a0\u00bb<\/p>\n<p>Maresca a \u00e9galement reconnu qu&#39;il soutenait la d\u00e9cision de Fernandez de donner une chance de tirer un penalty \u00e0 Estevao alors que Chelsea menait 3-1 contre l&#39;Ajax \u00e0 10 plus t\u00f4t cette semaine.<\/p>\n<p>\u00ab\u00a0C&#39;est tr\u00e8s, tr\u00e8s bien\u00a0\u00bb, a-t-il ajout\u00e9. \u00ab\u00a0J&#39;ai dit aux joueurs apr\u00e8s le match que nous \u00e9tions certainement tr\u00e8s heureux de la victoire, des trois points contre l&#39;Ajax, mais que le principal dans ce match \u00e9tait Enzo, quand il a donn\u00e9 le ballon \u00e0 Estevao.<\/p>\n<p>\u00ab\u00a0Nous devons montrer comment va l&#39;\u00e9quipe en ce moment, comment ils sont tous ensemble en termes d&#39;unit\u00e9, en termes d&#39;efforts et c&#39;est ce dont nous avons besoin si nous voulons essayer de faire quelque chose d&#39;important.\u00a0\u00bb<\/p>\n<p class=\"imgI\"><img decoding=\"async\" alt=\"L&#39;ailier de Chelsea Estevao Willian en ao\u00fbt 2025.\" class=\"vanilla-lazyload article-image\" src=\"https:\/\/footdavant.fr\/actualites\/wp-content\/uploads\/2025\/09\/Bayern-Munich-vs-Chelsea-Estevao-Willian-cherche-a-rejoindre-Messi.jpg\"><\/p>\n<h2>Comment les minutes d&#39;Estevao se comparent-elles \u00e0 celles de ses co\u00e9quipiers seniors ?<\/h2>\n<p>En termes de minutes jou\u00e9es toutes comp\u00e9titions confondues, Estevao occupe le 10e rang dans cette cat\u00e9gorie parmi les joueurs de champ.<\/p>\n<p>Les seuls attaquants \u00e0 avoir gagn\u00e9 plus de minutes que lui sont Joao Pedro (795) et Pedro Neto (768).<\/p>\n<p>Les nouveaux meneurs de jeu Jamie Gittens (394), Facundo Buonanotte (279) et Alejandro Garnacho restent derri\u00e8re l&#39;ancien prodige de Palmeiras avant la rencontre de samedi contre les Black Cats.<\/p>\n<p>Apr\u00e8s avoir jou\u00e9 90 minutes contre l&#39;Ajax, Estevao devrait revenir sur le banc des rempla\u00e7ants avec Neto et Garnacho sur les flancs.<\/p>\n<div class=\"author_box\">\n<div class=\"author_box_banner\"> <img decoding=\"async\" class=\"author_img\" src=\"https:\/\/footdavant.fr\/actualites\/wp-content\/uploads\/2025\/06\/1749318502_545_Chelsea-Transfer-News-Andrey-Santos-donne-une-baisse-sur-Blues.jpg\"><\/div>\n<\/div>\n<\/div>\n","protected":false},"excerpt":{"rendered":"<p>\u00a9 IMAGO \/ Visionhaus \/ Imago L&#39;entra\u00eeneur-chef de Chelsea, Enzo Maresca, affirme que le d\u00e9veloppement rapide d&#39;Estevao Willian \u00e0 Stamford Bridge a \u00e9t\u00e9 aid\u00e9 par<\/p>\n","protected":false},"author":1,"featured_media":30473,"comment_status":"closed","ping_status":"","sticky":false,"template":"","format":"standard","meta":{"footnotes":""},"categories":[5],"tags":[1896,171,2681,1279,1180,1806,2966,5107,75,947,1664],"yoast_head":"<!-- This site is optimized with the Yoast SEO plugin v21.0 - https:\/\/yoast.com\/wordpress\/plugins\/seo\/ -->\n<title>Estevao Willian D\u00e9veloppement de Chelsea aid\u00e9 par trois co\u00e9quipiers, d\u00e9clare Enzo Maresca<\/title>\n<meta name=\"robots\" content=\"index, follow, max-snippet:-1, max-image-preview:large, max-video-preview:-1\" \/>\n<link rel=\"canonical\" href=\"https:\/\/footdavant.fr\/actualites\/estevao-willian-developpement-de-chelsea-aide-par-trois-coequipiers-declare-enzo-maresca\/\" \/>\n<meta property=\"og:locale\" content=\"fr_FR\" \/>\n<meta property=\"og:type\" content=\"article\" \/>\n<meta property=\"og:title\" content=\"Estevao Willian D\u00e9veloppement de Chelsea aid\u00e9 par trois co\u00e9quipiers, d\u00e9clare Enzo Maresca\" \/>\n<meta property=\"og:description\" content=\"\u00a9 IMAGO \/ Visionhaus \/ Imago L&#039;entra\u00eeneur-chef de Chelsea, Enzo Maresca, affirme que le d\u00e9veloppement rapide d&#039;Estevao Willian \u00e0 Stamford Bridge a \u00e9t\u00e9 aid\u00e9 par\" \/>\n<meta property=\"og:url\" content=\"https:\/\/footdavant.fr\/actualites\/estevao-willian-developpement-de-chelsea-aide-par-trois-coequipiers-declare-enzo-maresca\/\" \/>\n<meta property=\"og:site_name\" content=\"Foot d&#039;avant\" \/>\n<meta property=\"article:publisher\" content=\"https:\/\/www.facebook.com\/Footdavant\/\" \/>\n<meta property=\"article:published_time\" content=\"2025-10-28T20:48:08+00:00\" \/>\n<meta property=\"article:modified_time\" content=\"2025-10-28T20:48:10+00:00\" \/>\n<meta property=\"og:image\" content=\"https:\/\/footdavant.fr\/actualites\/wp-content\/uploads\/2025\/10\/Estevao-Willian-Developpement-de-Chelsea-aide-par-trois-coequipiers-declare.webp\" \/>\n\t<meta property=\"og:image:width\" content=\"640\" \/>\n\t<meta property=\"og:image:height\" content=\"480\" \/>\n\t<meta property=\"og:image:type\" content=\"image\/jpeg\" \/>\n<meta name=\"author\" content=\"Cl\u00e9ment\" \/>\n<meta name=\"twitter:card\" content=\"summary_large_image\" \/>\n<meta name=\"twitter:creator\" content=\"@FootdavantFr\" \/>\n<meta name=\"twitter:site\" content=\"@FootdavantFr\" \/>\n<meta name=\"twitter:label1\" content=\"\u00c9crit par\" \/>\n\t<meta name=\"twitter:data1\" content=\"Cl\u00e9ment\" \/>\n\t<meta name=\"twitter:label2\" content=\"Dur\u00e9e de lecture estim\u00e9e\" \/>\n\t<meta name=\"twitter:data2\" content=\"3 minutes\" \/>\n<script type=\"application\/ld+json\" class=\"yoast-schema-graph\">{\"@context\":\"https:\/\/schema.org\",\"@graph\":[{\"@type\":\"Article\",\"@id\":\"https:\/\/footdavant.fr\/actualites\/estevao-willian-developpement-de-chelsea-aide-par-trois-coequipiers-declare-enzo-maresca\/#article\",\"isPartOf\":{\"@id\":\"https:\/\/footdavant.fr\/actualites\/estevao-willian-developpement-de-chelsea-aide-par-trois-coequipiers-declare-enzo-maresca\/\"},\"author\":{\"name\":\"Cl\u00e9ment\",\"@id\":\"https:\/\/footdavant.fr\/actualites\/#\/schema\/person\/bc222566d95871b37e597b3ed3ba5e1d\"},\"headline\":\"Estevao Willian D\u00e9veloppement de Chelsea aid\u00e9 par trois co\u00e9quipiers, d\u00e9clare Enzo Maresca\",\"datePublished\":\"2025-10-28T20:48:08+00:00\",\"dateModified\":\"2025-10-28T20:48:10+00:00\",\"mainEntityOfPage\":{\"@id\":\"https:\/\/footdavant.fr\/actualites\/estevao-willian-developpement-de-chelsea-aide-par-trois-coequipiers-declare-enzo-maresca\/\"},\"wordCount\":636,\"publisher\":{\"@id\":\"https:\/\/footdavant.fr\/actualites\/#organization\"},\"keywords\":[\"aid\u00e9\",\"Chelsea\",\"co\u00e9quipiers\",\"d\u00e9clar\u00e9\",\"d\u00e9veloppement\",\"Enzo\",\"Estevao\",\"Maresca\",\"par\",\"trois\",\"Willian\"],\"articleSection\":[\"Premier League\"],\"inLanguage\":\"fr-FR\"},{\"@type\":\"WebPage\",\"@id\":\"https:\/\/footdavant.fr\/actualites\/estevao-willian-developpement-de-chelsea-aide-par-trois-coequipiers-declare-enzo-maresca\/\",\"url\":\"https:\/\/footdavant.fr\/actualites\/estevao-willian-developpement-de-chelsea-aide-par-trois-coequipiers-declare-enzo-maresca\/\",\"name\":\"Estevao Willian D\u00e9veloppement de Chelsea aid\u00e9 par trois co\u00e9quipiers, d\u00e9clare Enzo Maresca\",\"isPartOf\":{\"@id\":\"https:\/\/footdavant.fr\/actualites\/#website\"},\"datePublished\":\"2025-10-28T20:48:08+00:00\",\"dateModified\":\"2025-10-28T20:48:10+00:00\",\"breadcrumb\":{\"@id\":\"https:\/\/footdavant.fr\/actualites\/estevao-willian-developpement-de-chelsea-aide-par-trois-coequipiers-declare-enzo-maresca\/#breadcrumb\"},\"inLanguage\":\"fr-FR\",\"potentialAction\":[{\"@type\":\"ReadAction\",\"target\":[\"https:\/\/footdavant.fr\/actualites\/estevao-willian-developpement-de-chelsea-aide-par-trois-coequipiers-declare-enzo-maresca\/\"]}]},{\"@type\":\"BreadcrumbList\",\"@id\":\"https:\/\/footdavant.fr\/actualites\/estevao-willian-developpement-de-chelsea-aide-par-trois-coequipiers-declare-enzo-maresca\/#breadcrumb\",\"itemListElement\":[{\"@type\":\"ListItem\",\"position\":1,\"name\":\"Accueil\",\"item\":\"https:\/\/footdavant.fr\/actualites\/\"},{\"@type\":\"ListItem\",\"position\":2,\"name\":\"Estevao Willian D\u00e9veloppement de Chelsea aid\u00e9 par trois co\u00e9quipiers, d\u00e9clare Enzo Maresca\"}]},{\"@type\":\"WebSite\",\"@id\":\"https:\/\/footdavant.fr\/actualites\/#website\",\"url\":\"https:\/\/footdavant.fr\/actualites\/\",\"name\":\"Foot d'avant\",\"description\":\"\",\"publisher\":{\"@id\":\"https:\/\/footdavant.fr\/actualites\/#organization\"},\"potentialAction\":[{\"@type\":\"SearchAction\",\"target\":{\"@type\":\"EntryPoint\",\"urlTemplate\":\"https:\/\/footdavant.fr\/actualites\/?s={search_term_string}\"},\"query-input\":\"required name=search_term_string\"}],\"inLanguage\":\"fr-FR\"},{\"@type\":\"Organization\",\"@id\":\"https:\/\/footdavant.fr\/actualites\/#organization\",\"name\":\"Foot d'avant\",\"url\":\"https:\/\/footdavant.fr\/actualites\/\",\"logo\":{\"@type\":\"ImageObject\",\"inLanguage\":\"fr-FR\",\"@id\":\"https:\/\/footdavant.fr\/actualites\/#\/schema\/logo\/image\/\",\"url\":\"https:\/\/footdavant.fr\/actualites\/wp-content\/uploads\/2023\/09\/Copy-of-FootDavant-Logo.png\",\"contentUrl\":\"https:\/\/footdavant.fr\/actualites\/wp-content\/uploads\/2023\/09\/Copy-of-FootDavant-Logo.png\",\"width\":936,\"height\":549,\"caption\":\"Foot d'avant\"},\"image\":{\"@id\":\"https:\/\/footdavant.fr\/actualites\/#\/schema\/logo\/image\/\"},\"sameAs\":[\"https:\/\/www.facebook.com\/Footdavant\/\",\"https:\/\/twitter.com\/FootdavantFr\",\"https:\/\/www.instagram.com\/footdavant.fr\/\"]},{\"@type\":\"Person\",\"@id\":\"https:\/\/footdavant.fr\/actualites\/#\/schema\/person\/bc222566d95871b37e597b3ed3ba5e1d\",\"name\":\"Cl\u00e9ment\",\"image\":{\"@type\":\"ImageObject\",\"inLanguage\":\"fr-FR\",\"@id\":\"https:\/\/footdavant.fr\/actualites\/#\/schema\/person\/image\/\",\"url\":\"https:\/\/secure.gravatar.com\/avatar\/7728b29aac2719421e1a9159b2254c44?s=96&d=mm&r=g\",\"contentUrl\":\"https:\/\/secure.gravatar.com\/avatar\/7728b29aac2719421e1a9159b2254c44?s=96&d=mm&r=g\",\"caption\":\"Cl\u00e9ment\"},\"sameAs\":[\"https:\/\/footdavant.fr\/\"]}]}<\/script>\n<!-- \/ Yoast SEO plugin. -->","yoast_head_json":{"title":"Estevao Willian D\u00e9veloppement de Chelsea aid\u00e9 par trois co\u00e9quipiers, d\u00e9clare Enzo Maresca","robots":{"index":"index","follow":"follow","max-snippet":"max-snippet:-1","max-image-preview":"max-image-preview:large","max-video-preview":"max-video-preview:-1"},"canonical":"https:\/\/footdavant.fr\/actualites\/estevao-willian-developpement-de-chelsea-aide-par-trois-coequipiers-declare-enzo-maresca\/","og_locale":"fr_FR","og_type":"article","og_title":"Estevao Willian D\u00e9veloppement de Chelsea aid\u00e9 par trois co\u00e9quipiers, d\u00e9clare Enzo Maresca","og_description":"\u00a9 IMAGO \/ Visionhaus \/ Imago L&#39;entra\u00eeneur-chef de Chelsea, Enzo Maresca, affirme que le d\u00e9veloppement rapide d&#39;Estevao Willian \u00e0 Stamford Bridge a \u00e9t\u00e9 aid\u00e9 par","og_url":"https:\/\/footdavant.fr\/actualites\/estevao-willian-developpement-de-chelsea-aide-par-trois-coequipiers-declare-enzo-maresca\/","og_site_name":"Foot d&#039;avant","article_publisher":"https:\/\/www.facebook.com\/Footdavant\/","article_published_time":"2025-10-28T20:48:08+00:00","article_modified_time":"2025-10-28T20:48:10+00:00","og_image":[{"width":640,"height":480,"url":"https:\/\/footdavant.fr\/actualites\/wp-content\/uploads\/2025\/10\/Estevao-Willian-Developpement-de-Chelsea-aide-par-trois-coequipiers-declare.webp","type":"image\/jpeg"}],"author":"Cl\u00e9ment","twitter_card":"summary_large_image","twitter_creator":"@FootdavantFr","twitter_site":"@FootdavantFr","twitter_misc":{"\u00c9crit par":"Cl\u00e9ment","Dur\u00e9e de lecture estim\u00e9e":"3 minutes"},"schema":{"@context":"https:\/\/schema.org","@graph":[{"@type":"Article","@id":"https:\/\/footdavant.fr\/actualites\/estevao-willian-developpement-de-chelsea-aide-par-trois-coequipiers-declare-enzo-maresca\/#article","isPartOf":{"@id":"https:\/\/footdavant.fr\/actualites\/estevao-willian-developpement-de-chelsea-aide-par-trois-coequipiers-declare-enzo-maresca\/"},"author":{"name":"Cl\u00e9ment","@id":"https:\/\/footdavant.fr\/actualites\/#\/schema\/person\/bc222566d95871b37e597b3ed3ba5e1d"},"headline":"Estevao Willian D\u00e9veloppement de Chelsea aid\u00e9 par trois co\u00e9quipiers, d\u00e9clare Enzo Maresca","datePublished":"2025-10-28T20:48:08+00:00","dateModified":"2025-10-28T20:48:10+00:00","mainEntityOfPage":{"@id":"https:\/\/footdavant.fr\/actualites\/estevao-willian-developpement-de-chelsea-aide-par-trois-coequipiers-declare-enzo-maresca\/"},"wordCount":636,"publisher":{"@id":"https:\/\/footdavant.fr\/actualites\/#organization"},"keywords":["aid\u00e9","Chelsea","co\u00e9quipiers","d\u00e9clar\u00e9","d\u00e9veloppement","Enzo","Estevao","Maresca","par","trois","Willian"],"articleSection":["Premier League"],"inLanguage":"fr-FR"},{"@type":"WebPage","@id":"https:\/\/footdavant.fr\/actualites\/estevao-willian-developpement-de-chelsea-aide-par-trois-coequipiers-declare-enzo-maresca\/","url":"https:\/\/footdavant.fr\/actualites\/estevao-willian-developpement-de-chelsea-aide-par-trois-coequipiers-declare-enzo-maresca\/","name":"Estevao Willian D\u00e9veloppement de Chelsea aid\u00e9 par trois co\u00e9quipiers, d\u00e9clare Enzo Maresca","isPartOf":{"@id":"https:\/\/footdavant.fr\/actualites\/#website"},"datePublished":"2025-10-28T20:48:08+00:00","dateModified":"2025-10-28T20:48:10+00:00","breadcrumb":{"@id":"https:\/\/footdavant.fr\/actualites\/estevao-willian-developpement-de-chelsea-aide-par-trois-coequipiers-declare-enzo-maresca\/#breadcrumb"},"inLanguage":"fr-FR","potentialAction":[{"@type":"ReadAction","target":["https:\/\/footdavant.fr\/actualites\/estevao-willian-developpement-de-chelsea-aide-par-trois-coequipiers-declare-enzo-maresca\/"]}]},{"@type":"BreadcrumbList","@id":"https:\/\/footdavant.fr\/actualites\/estevao-willian-developpement-de-chelsea-aide-par-trois-coequipiers-declare-enzo-maresca\/#breadcrumb","itemListElement":[{"@type":"ListItem","position":1,"name":"Accueil","item":"https:\/\/footdavant.fr\/actualites\/"},{"@type":"ListItem","position":2,"name":"Estevao Willian D\u00e9veloppement de Chelsea aid\u00e9 par trois co\u00e9quipiers, d\u00e9clare Enzo Maresca"}]},{"@type":"WebSite","@id":"https:\/\/footdavant.fr\/actualites\/#website","url":"https:\/\/footdavant.fr\/actualites\/","name":"Foot d'avant","description":"","publisher":{"@id":"https:\/\/footdavant.fr\/actualites\/#organization"},"potentialAction":[{"@type":"SearchAction","target":{"@type":"EntryPoint","urlTemplate":"https:\/\/footdavant.fr\/actualites\/?s={search_term_string}"},"query-input":"required name=search_term_string"}],"inLanguage":"fr-FR"},{"@type":"Organization","@id":"https:\/\/footdavant.fr\/actualites\/#organization","name":"Foot d'avant","url":"https:\/\/footdavant.fr\/actualites\/","logo":{"@type":"ImageObject","inLanguage":"fr-FR","@id":"https:\/\/footdavant.fr\/actualites\/#\/schema\/logo\/image\/","url":"https:\/\/footdavant.fr\/actualites\/wp-content\/uploads\/2023\/09\/Copy-of-FootDavant-Logo.png","contentUrl":"https:\/\/footdavant.fr\/actualites\/wp-content\/uploads\/2023\/09\/Copy-of-FootDavant-Logo.png","width":936,"height":549,"caption":"Foot d'avant"},"image":{"@id":"https:\/\/footdavant.fr\/actualites\/#\/schema\/logo\/image\/"},"sameAs":["https:\/\/www.facebook.com\/Footdavant\/","https:\/\/twitter.com\/FootdavantFr","https:\/\/www.instagram.com\/footdavant.fr\/"]},{"@type":"Person","@id":"https:\/\/footdavant.fr\/actualites\/#\/schema\/person\/bc222566d95871b37e597b3ed3ba5e1d","name":"Cl\u00e9ment","image":{"@type":"ImageObject","inLanguage":"fr-FR","@id":"https:\/\/footdavant.fr\/actualites\/#\/schema\/person\/image\/","url":"https:\/\/secure.gravatar.com\/avatar\/7728b29aac2719421e1a9159b2254c44?s=96&d=mm&r=g","contentUrl":"https:\/\/secure.gravatar.com\/avatar\/7728b29aac2719421e1a9159b2254c44?s=96&d=mm&r=g","caption":"Cl\u00e9ment"},"sameAs":["https:\/\/footdavant.fr\/"]}]}},"_links":{"self":[{"href":"https:\/\/footdavant.fr\/actualites\/wp-json\/wp\/v2\/posts\/30472"}],"collection":[{"href":"https:\/\/footdavant.fr\/actualites\/wp-json\/wp\/v2\/posts"}],"about":[{"href":"https:\/\/footdavant.fr\/actualites\/wp-json\/wp\/v2\/types\/post"}],"author":[{"embeddable":true,"href":"https:\/\/footdavant.fr\/actualites\/wp-json\/wp\/v2\/users\/1"}],"replies":[{"embeddable":true,"href":"https:\/\/footdavant.fr\/actualites\/wp-json\/wp\/v2\/comments?post=30472"}],"version-history":[{"count":1,"href":"https:\/\/footdavant.fr\/actualites\/wp-json\/wp\/v2\/posts\/30472\/revisions"}],"predecessor-version":[{"id":30474,"href":"https:\/\/footdavant.fr\/actualites\/wp-json\/wp\/v2\/posts\/30472\/revisions\/30474"}],"wp:featuredmedia":[{"embeddable":true,"href":"https:\/\/footdavant.fr\/actualites\/wp-json\/wp\/v2\/media\/30473"}],"wp:attachment":[{"href":"https:\/\/footdavant.fr\/actualites\/wp-json\/wp\/v2\/media?parent=30472"}],"wp:term":[{"taxonomy":"category","embeddable":true,"href":"https:\/\/footdavant.fr\/actualites\/wp-json\/wp\/v2\/categories?post=30472"},{"taxonomy":"post_tag","embeddable":true,"href":"https:\/\/footdavant.fr\/actualites\/wp-json\/wp\/v2\/tags?post=30472"}],"curies":[{"name":"wp","href":"https:\/\/api.w.org\/{rel}","templated":true}]}}