{"id":30475,"date":"2025-10-28T23:48:07","date_gmt":"2025-10-28T22:48:07","guid":{"rendered":"https:\/\/footdavant.fr\/actualites\/la-configuration-de-chelsea-ne-fonctionne-pas-de-larriere-vers-lavant\/"},"modified":"2025-10-28T23:48:14","modified_gmt":"2025-10-28T22:48:14","slug":"la-configuration-de-chelsea-ne-fonctionne-pas-de-larriere-vers-lavant","status":"publish","type":"post","link":"https:\/\/footdavant.fr\/actualites\/la-configuration-de-chelsea-ne-fonctionne-pas-de-larriere-vers-lavant\/","title":{"rendered":"La configuration de Chelsea ne fonctionne pas \u2013 de l&#39;arri\u00e8re vers l&#39;avant"},"content":{"rendered":"<div>\n<p>Apr\u00e8s une douloureuse d\u00e9faite de Chelsea contre Sunderland o\u00f9 l&#39;attaque des Blues n&#39;a pas r\u00e9ussi \u00e0 tirer, Enzo Maresca souhaitera avoir de vraies pi\u00e8ces de la FIFA sous la main pour investir dans un nouvel attaquant.<\/p>\n<p>Les choses ne fonctionnent tout simplement pas dans la configuration actuelle.<\/p>\n<p>La mani\u00e8re optimiste de voir les choses est que nous n\u2019avons pas encore vu le v\u00e9ritable plan en action. \u00c0 premi\u00e8re vue, l\u2019id\u00e9e \u00e9tait d\u2019avoir Liam Delap devant, Joao Pedro dans le trou, puis Cole Palmer sur la droite. Ou peut-\u00eatre Delap devant avec Palmer et JP derri\u00e8re en tant que jumeaux dix. Quoi qu\u2019il en soit, la blessure pr\u00e9coce de la recrue estivale Delap et les probl\u00e8mes persistants de Palmer signifient que nous n\u2019avons rien vu non plus.<\/p>\n<p>Mais m\u00eame dans ce cas, m\u00eame les joueurs sur le terrain ne produisent pas au niveau qu\u2019ils devraient \u00eatre. Chelsea a termin\u00e9 le match avec moins de 1 xG cr\u00e9\u00e9. Jouer \u00e0 domicile contre une \u00e9quipe nouvellement promue, ce n&#39;est pas suffisant. En fait, un examen plus approfondi montre qu\u2019ils n\u2019avaient que 0,4 xG en jeu ouvert.<\/p>\n<p>Nous sommes sans Palmer et Delap, mais les options dont Maresca dispose sont plus que suffisantes pour mettre en place un maigre xG en jeu ouvert. Nous voyons actuellement de nombreux managers faire beaucoup plus avec beaucoup moins en Europe.<\/p>\n<p>Quant \u00e0 la d\u00e9fense, par o\u00f9 commencer ? Ils conc\u00e8dent un long lancer, alors que nous savions tous que ce serait probablement l&#39;arme principale de Sunderland dans le match.<\/p>\n<p>Ensuite, le deuxi\u00e8me but est tout simplement honteux. Maresca savait \u00e0 peine quoi dire \u00e0 temps plein. Brian Brobbey a pu rester debout dans notre surface pendant 9 secondes pendant que les joueurs arrivaient en soutien. Personne n&#39;a assum\u00e9 ses responsabilit\u00e9s, signe certain de l&#39;inexp\u00e9rience qui continue de gangrener cette \u00e9quipe.<\/p>\n<p>Le manager a r\u00e9ussi \u00e0 changer les choses \u00e0 la mi-temps contre Nottingham Forest et \u00e0 obtenir un r\u00e9sultat. Mais il n&#39;a pas du tout produit la m\u00eame chose samedi. Les changements qu&#39;il a apport\u00e9s \u00e9taient \u00e9tranges et ceux qu&#39;il n&#39;a pas apport\u00e9s \u00e9taient encore plus \u00e9tranges.<\/p>\n<p>Maresca respire la confiance et la comp\u00e9tence dans son attitude, mais quand vous regardez les d\u00e9cisions qu&#39;il prend dans le jeu \u00e0 la froide lumi\u00e8re du jour, elles ne collent pas. La sortie de Josh Acheampong nous a d\u00e9stabilis\u00e9s en d\u00e9fense, et attendre une heure pour effectuer son premier changement offensif, puis 76 minutes pour effectuer le deuxi\u00e8me, a \u00e9t\u00e9 criminellement lent.<\/p>\n<p>Delap et Palmer finiront par revenir, mais d&#39;ici l\u00e0, nous pourrions avoir de s\u00e9rieux ennuis.<\/p>\n<\/p><\/div>\n","protected":false},"excerpt":{"rendered":"<p>Apr\u00e8s une douloureuse d\u00e9faite de Chelsea contre Sunderland o\u00f9 l&#39;attaque des Blues n&#39;a pas r\u00e9ussi \u00e0 tirer, Enzo Maresca souhaitera avoir de vraies pi\u00e8ces de<\/p>\n","protected":false},"author":1,"featured_media":30476,"comment_status":"closed","ping_status":"","sticky":false,"template":"","format":"standard","meta":{"footnotes":""},"categories":[3],"tags":[171,49,1925,4702,8534,71,297],"yoast_head":"<!-- This site is optimized with the Yoast SEO plugin v21.0 - https:\/\/yoast.com\/wordpress\/plugins\/seo\/ -->\n<title>La configuration de Chelsea ne fonctionne pas \u2013 de l&#039;arri\u00e8re vers l&#039;avant<\/title>\n<meta name=\"robots\" content=\"index, follow, max-snippet:-1, max-image-preview:large, max-video-preview:-1\" \/>\n<link rel=\"canonical\" href=\"https:\/\/footdavant.fr\/actualites\/la-configuration-de-chelsea-ne-fonctionne-pas-de-larriere-vers-lavant\/\" \/>\n<meta property=\"og:locale\" content=\"fr_FR\" \/>\n<meta property=\"og:type\" content=\"article\" \/>\n<meta property=\"og:title\" content=\"La configuration de Chelsea ne fonctionne pas \u2013 de l&#039;arri\u00e8re vers l&#039;avant\" \/>\n<meta property=\"og:description\" content=\"Apr\u00e8s une douloureuse d\u00e9faite de Chelsea contre Sunderland o\u00f9 l&#039;attaque des Blues n&#039;a pas r\u00e9ussi \u00e0 tirer, Enzo Maresca souhaitera avoir de vraies pi\u00e8ces de\" \/>\n<meta property=\"og:url\" content=\"https:\/\/footdavant.fr\/actualites\/la-configuration-de-chelsea-ne-fonctionne-pas-de-larriere-vers-lavant\/\" \/>\n<meta property=\"og:site_name\" content=\"Foot d&#039;avant\" \/>\n<meta property=\"article:publisher\" content=\"https:\/\/www.facebook.com\/Footdavant\/\" \/>\n<meta property=\"article:published_time\" content=\"2025-10-28T22:48:07+00:00\" \/>\n<meta property=\"article:modified_time\" content=\"2025-10-28T22:48:14+00:00\" \/>\n<meta property=\"og:image\" content=\"https:\/\/footdavant.fr\/actualites\/wp-content\/uploads\/2025\/10\/La-configuration-de-Chelsea-ne-fonctionne-pas-\u2013-de-l39arriere.jpg\" \/>\n\t<meta property=\"og:image:width\" content=\"2560\" \/>\n\t<meta property=\"og:image:height\" content=\"1706\" \/>\n\t<meta property=\"og:image:type\" content=\"image\/jpeg\" \/>\n<meta name=\"author\" content=\"Cl\u00e9ment\" \/>\n<meta name=\"twitter:card\" content=\"summary_large_image\" \/>\n<meta name=\"twitter:creator\" content=\"@FootdavantFr\" \/>\n<meta name=\"twitter:site\" content=\"@FootdavantFr\" \/>\n<meta name=\"twitter:label1\" content=\"\u00c9crit par\" \/>\n\t<meta name=\"twitter:data1\" content=\"Cl\u00e9ment\" \/>\n\t<meta name=\"twitter:label2\" content=\"Dur\u00e9e de lecture estim\u00e9e\" \/>\n\t<meta name=\"twitter:data2\" content=\"2 minutes\" \/>\n<script type=\"application\/ld+json\" class=\"yoast-schema-graph\">{\"@context\":\"https:\/\/schema.org\",\"@graph\":[{\"@type\":\"Article\",\"@id\":\"https:\/\/footdavant.fr\/actualites\/la-configuration-de-chelsea-ne-fonctionne-pas-de-larriere-vers-lavant\/#article\",\"isPartOf\":{\"@id\":\"https:\/\/footdavant.fr\/actualites\/la-configuration-de-chelsea-ne-fonctionne-pas-de-larriere-vers-lavant\/\"},\"author\":{\"name\":\"Cl\u00e9ment\",\"@id\":\"https:\/\/footdavant.fr\/actualites\/#\/schema\/person\/bc222566d95871b37e597b3ed3ba5e1d\"},\"headline\":\"La configuration de Chelsea ne fonctionne pas \u2013 de l&#39;arri\u00e8re vers l&#39;avant\",\"datePublished\":\"2025-10-28T22:48:07+00:00\",\"dateModified\":\"2025-10-28T22:48:14+00:00\",\"mainEntityOfPage\":{\"@id\":\"https:\/\/footdavant.fr\/actualites\/la-configuration-de-chelsea-ne-fonctionne-pas-de-larriere-vers-lavant\/\"},\"wordCount\":478,\"publisher\":{\"@id\":\"https:\/\/footdavant.fr\/actualites\/#organization\"},\"keywords\":[\"Chelsea\",\"configuration\",\"fonctionne\",\"l39arri\u00e8re\",\"l39avant\",\"pas\",\"vers\"],\"articleSection\":[\"Football\"],\"inLanguage\":\"fr-FR\"},{\"@type\":\"WebPage\",\"@id\":\"https:\/\/footdavant.fr\/actualites\/la-configuration-de-chelsea-ne-fonctionne-pas-de-larriere-vers-lavant\/\",\"url\":\"https:\/\/footdavant.fr\/actualites\/la-configuration-de-chelsea-ne-fonctionne-pas-de-larriere-vers-lavant\/\",\"name\":\"La configuration de Chelsea ne fonctionne pas \u2013 de l&#39;arri\u00e8re vers l&#39;avant\",\"isPartOf\":{\"@id\":\"https:\/\/footdavant.fr\/actualites\/#website\"},\"datePublished\":\"2025-10-28T22:48:07+00:00\",\"dateModified\":\"2025-10-28T22:48:14+00:00\",\"breadcrumb\":{\"@id\":\"https:\/\/footdavant.fr\/actualites\/la-configuration-de-chelsea-ne-fonctionne-pas-de-larriere-vers-lavant\/#breadcrumb\"},\"inLanguage\":\"fr-FR\",\"potentialAction\":[{\"@type\":\"ReadAction\",\"target\":[\"https:\/\/footdavant.fr\/actualites\/la-configuration-de-chelsea-ne-fonctionne-pas-de-larriere-vers-lavant\/\"]}]},{\"@type\":\"BreadcrumbList\",\"@id\":\"https:\/\/footdavant.fr\/actualites\/la-configuration-de-chelsea-ne-fonctionne-pas-de-larriere-vers-lavant\/#breadcrumb\",\"itemListElement\":[{\"@type\":\"ListItem\",\"position\":1,\"name\":\"Accueil\",\"item\":\"https:\/\/footdavant.fr\/actualites\/\"},{\"@type\":\"ListItem\",\"position\":2,\"name\":\"La configuration de Chelsea ne fonctionne pas \u2013 de l&#39;arri\u00e8re vers l&#39;avant\"}]},{\"@type\":\"WebSite\",\"@id\":\"https:\/\/footdavant.fr\/actualites\/#website\",\"url\":\"https:\/\/footdavant.fr\/actualites\/\",\"name\":\"Foot d'avant\",\"description\":\"\",\"publisher\":{\"@id\":\"https:\/\/footdavant.fr\/actualites\/#organization\"},\"potentialAction\":[{\"@type\":\"SearchAction\",\"target\":{\"@type\":\"EntryPoint\",\"urlTemplate\":\"https:\/\/footdavant.fr\/actualites\/?s={search_term_string}\"},\"query-input\":\"required name=search_term_string\"}],\"inLanguage\":\"fr-FR\"},{\"@type\":\"Organization\",\"@id\":\"https:\/\/footdavant.fr\/actualites\/#organization\",\"name\":\"Foot d'avant\",\"url\":\"https:\/\/footdavant.fr\/actualites\/\",\"logo\":{\"@type\":\"ImageObject\",\"inLanguage\":\"fr-FR\",\"@id\":\"https:\/\/footdavant.fr\/actualites\/#\/schema\/logo\/image\/\",\"url\":\"https:\/\/footdavant.fr\/actualites\/wp-content\/uploads\/2023\/09\/Copy-of-FootDavant-Logo.png\",\"contentUrl\":\"https:\/\/footdavant.fr\/actualites\/wp-content\/uploads\/2023\/09\/Copy-of-FootDavant-Logo.png\",\"width\":936,\"height\":549,\"caption\":\"Foot d'avant\"},\"image\":{\"@id\":\"https:\/\/footdavant.fr\/actualites\/#\/schema\/logo\/image\/\"},\"sameAs\":[\"https:\/\/www.facebook.com\/Footdavant\/\",\"https:\/\/twitter.com\/FootdavantFr\",\"https:\/\/www.instagram.com\/footdavant.fr\/\"]},{\"@type\":\"Person\",\"@id\":\"https:\/\/footdavant.fr\/actualites\/#\/schema\/person\/bc222566d95871b37e597b3ed3ba5e1d\",\"name\":\"Cl\u00e9ment\",\"image\":{\"@type\":\"ImageObject\",\"inLanguage\":\"fr-FR\",\"@id\":\"https:\/\/footdavant.fr\/actualites\/#\/schema\/person\/image\/\",\"url\":\"https:\/\/secure.gravatar.com\/avatar\/7728b29aac2719421e1a9159b2254c44?s=96&d=mm&r=g\",\"contentUrl\":\"https:\/\/secure.gravatar.com\/avatar\/7728b29aac2719421e1a9159b2254c44?s=96&d=mm&r=g\",\"caption\":\"Cl\u00e9ment\"},\"sameAs\":[\"https:\/\/footdavant.fr\/\"]}]}<\/script>\n<!-- \/ Yoast SEO plugin. -->","yoast_head_json":{"title":"La configuration de Chelsea ne fonctionne pas \u2013 de l&#39;arri\u00e8re vers l&#39;avant","robots":{"index":"index","follow":"follow","max-snippet":"max-snippet:-1","max-image-preview":"max-image-preview:large","max-video-preview":"max-video-preview:-1"},"canonical":"https:\/\/footdavant.fr\/actualites\/la-configuration-de-chelsea-ne-fonctionne-pas-de-larriere-vers-lavant\/","og_locale":"fr_FR","og_type":"article","og_title":"La configuration de Chelsea ne fonctionne pas \u2013 de l&#39;arri\u00e8re vers l&#39;avant","og_description":"Apr\u00e8s une douloureuse d\u00e9faite de Chelsea contre Sunderland o\u00f9 l&#39;attaque des Blues n&#39;a pas r\u00e9ussi \u00e0 tirer, Enzo Maresca souhaitera avoir de vraies pi\u00e8ces de","og_url":"https:\/\/footdavant.fr\/actualites\/la-configuration-de-chelsea-ne-fonctionne-pas-de-larriere-vers-lavant\/","og_site_name":"Foot d&#039;avant","article_publisher":"https:\/\/www.facebook.com\/Footdavant\/","article_published_time":"2025-10-28T22:48:07+00:00","article_modified_time":"2025-10-28T22:48:14+00:00","og_image":[{"width":2560,"height":1706,"url":"https:\/\/footdavant.fr\/actualites\/wp-content\/uploads\/2025\/10\/La-configuration-de-Chelsea-ne-fonctionne-pas-\u2013-de-l39arriere.jpg","type":"image\/jpeg"}],"author":"Cl\u00e9ment","twitter_card":"summary_large_image","twitter_creator":"@FootdavantFr","twitter_site":"@FootdavantFr","twitter_misc":{"\u00c9crit par":"Cl\u00e9ment","Dur\u00e9e de lecture estim\u00e9e":"2 minutes"},"schema":{"@context":"https:\/\/schema.org","@graph":[{"@type":"Article","@id":"https:\/\/footdavant.fr\/actualites\/la-configuration-de-chelsea-ne-fonctionne-pas-de-larriere-vers-lavant\/#article","isPartOf":{"@id":"https:\/\/footdavant.fr\/actualites\/la-configuration-de-chelsea-ne-fonctionne-pas-de-larriere-vers-lavant\/"},"author":{"name":"Cl\u00e9ment","@id":"https:\/\/footdavant.fr\/actualites\/#\/schema\/person\/bc222566d95871b37e597b3ed3ba5e1d"},"headline":"La configuration de Chelsea ne fonctionne pas \u2013 de l&#39;arri\u00e8re vers l&#39;avant","datePublished":"2025-10-28T22:48:07+00:00","dateModified":"2025-10-28T22:48:14+00:00","mainEntityOfPage":{"@id":"https:\/\/footdavant.fr\/actualites\/la-configuration-de-chelsea-ne-fonctionne-pas-de-larriere-vers-lavant\/"},"wordCount":478,"publisher":{"@id":"https:\/\/footdavant.fr\/actualites\/#organization"},"keywords":["Chelsea","configuration","fonctionne","l39arri\u00e8re","l39avant","pas","vers"],"articleSection":["Football"],"inLanguage":"fr-FR"},{"@type":"WebPage","@id":"https:\/\/footdavant.fr\/actualites\/la-configuration-de-chelsea-ne-fonctionne-pas-de-larriere-vers-lavant\/","url":"https:\/\/footdavant.fr\/actualites\/la-configuration-de-chelsea-ne-fonctionne-pas-de-larriere-vers-lavant\/","name":"La configuration de Chelsea ne fonctionne pas \u2013 de l&#39;arri\u00e8re vers l&#39;avant","isPartOf":{"@id":"https:\/\/footdavant.fr\/actualites\/#website"},"datePublished":"2025-10-28T22:48:07+00:00","dateModified":"2025-10-28T22:48:14+00:00","breadcrumb":{"@id":"https:\/\/footdavant.fr\/actualites\/la-configuration-de-chelsea-ne-fonctionne-pas-de-larriere-vers-lavant\/#breadcrumb"},"inLanguage":"fr-FR","potentialAction":[{"@type":"ReadAction","target":["https:\/\/footdavant.fr\/actualites\/la-configuration-de-chelsea-ne-fonctionne-pas-de-larriere-vers-lavant\/"]}]},{"@type":"BreadcrumbList","@id":"https:\/\/footdavant.fr\/actualites\/la-configuration-de-chelsea-ne-fonctionne-pas-de-larriere-vers-lavant\/#breadcrumb","itemListElement":[{"@type":"ListItem","position":1,"name":"Accueil","item":"https:\/\/footdavant.fr\/actualites\/"},{"@type":"ListItem","position":2,"name":"La configuration de Chelsea ne fonctionne pas \u2013 de l&#39;arri\u00e8re vers l&#39;avant"}]},{"@type":"WebSite","@id":"https:\/\/footdavant.fr\/actualites\/#website","url":"https:\/\/footdavant.fr\/actualites\/","name":"Foot d'avant","description":"","publisher":{"@id":"https:\/\/footdavant.fr\/actualites\/#organization"},"potentialAction":[{"@type":"SearchAction","target":{"@type":"EntryPoint","urlTemplate":"https:\/\/footdavant.fr\/actualites\/?s={search_term_string}"},"query-input":"required name=search_term_string"}],"inLanguage":"fr-FR"},{"@type":"Organization","@id":"https:\/\/footdavant.fr\/actualites\/#organization","name":"Foot d'avant","url":"https:\/\/footdavant.fr\/actualites\/","logo":{"@type":"ImageObject","inLanguage":"fr-FR","@id":"https:\/\/footdavant.fr\/actualites\/#\/schema\/logo\/image\/","url":"https:\/\/footdavant.fr\/actualites\/wp-content\/uploads\/2023\/09\/Copy-of-FootDavant-Logo.png","contentUrl":"https:\/\/footdavant.fr\/actualites\/wp-content\/uploads\/2023\/09\/Copy-of-FootDavant-Logo.png","width":936,"height":549,"caption":"Foot d'avant"},"image":{"@id":"https:\/\/footdavant.fr\/actualites\/#\/schema\/logo\/image\/"},"sameAs":["https:\/\/www.facebook.com\/Footdavant\/","https:\/\/twitter.com\/FootdavantFr","https:\/\/www.instagram.com\/footdavant.fr\/"]},{"@type":"Person","@id":"https:\/\/footdavant.fr\/actualites\/#\/schema\/person\/bc222566d95871b37e597b3ed3ba5e1d","name":"Cl\u00e9ment","image":{"@type":"ImageObject","inLanguage":"fr-FR","@id":"https:\/\/footdavant.fr\/actualites\/#\/schema\/person\/image\/","url":"https:\/\/secure.gravatar.com\/avatar\/7728b29aac2719421e1a9159b2254c44?s=96&d=mm&r=g","contentUrl":"https:\/\/secure.gravatar.com\/avatar\/7728b29aac2719421e1a9159b2254c44?s=96&d=mm&r=g","caption":"Cl\u00e9ment"},"sameAs":["https:\/\/footdavant.fr\/"]}]}},"_links":{"self":[{"href":"https:\/\/footdavant.fr\/actualites\/wp-json\/wp\/v2\/posts\/30475"}],"collection":[{"href":"https:\/\/footdavant.fr\/actualites\/wp-json\/wp\/v2\/posts"}],"about":[{"href":"https:\/\/footdavant.fr\/actualites\/wp-json\/wp\/v2\/types\/post"}],"author":[{"embeddable":true,"href":"https:\/\/footdavant.fr\/actualites\/wp-json\/wp\/v2\/users\/1"}],"replies":[{"embeddable":true,"href":"https:\/\/footdavant.fr\/actualites\/wp-json\/wp\/v2\/comments?post=30475"}],"version-history":[{"count":1,"href":"https:\/\/footdavant.fr\/actualites\/wp-json\/wp\/v2\/posts\/30475\/revisions"}],"predecessor-version":[{"id":30477,"href":"https:\/\/footdavant.fr\/actualites\/wp-json\/wp\/v2\/posts\/30475\/revisions\/30477"}],"wp:featuredmedia":[{"embeddable":true,"href":"https:\/\/footdavant.fr\/actualites\/wp-json\/wp\/v2\/media\/30476"}],"wp:attachment":[{"href":"https:\/\/footdavant.fr\/actualites\/wp-json\/wp\/v2\/media?parent=30475"}],"wp:term":[{"taxonomy":"category","embeddable":true,"href":"https:\/\/footdavant.fr\/actualites\/wp-json\/wp\/v2\/categories?post=30475"},{"taxonomy":"post_tag","embeddable":true,"href":"https:\/\/footdavant.fr\/actualites\/wp-json\/wp\/v2\/tags?post=30475"}],"curies":[{"name":"wp","href":"https:\/\/api.w.org\/{rel}","templated":true}]}}