{"id":30481,"date":"2025-10-29T01:48:04","date_gmt":"2025-10-29T00:48:04","guid":{"rendered":"https:\/\/footdavant.fr\/actualites\/composition-de-nottingham-forest-contre-bournemouth-xi-prevu-pour-le-choc-de-premier-league-apres-la-victoire-en-ligue-europa\/"},"modified":"2025-10-29T01:48:05","modified_gmt":"2025-10-29T00:48:05","slug":"composition-de-nottingham-forest-contre-bournemouth-xi-prevu-pour-le-choc-de-premier-league-apres-la-victoire-en-ligue-europa","status":"publish","type":"post","link":"https:\/\/footdavant.fr\/actualites\/composition-de-nottingham-forest-contre-bournemouth-xi-prevu-pour-le-choc-de-premier-league-apres-la-victoire-en-ligue-europa\/","title":{"rendered":"Composition de Nottingham Forest contre Bournemouth : XI pr\u00e9vu pour le choc de Premier League apr\u00e8s la victoire en Ligue Europa"},"content":{"rendered":"<p>Sports Mole examine en profondeur comment Nottingham Forest pourrait s&#39;aligner pour son affrontement en Premier League contre Bournemouth dimanche<\/p>\n<div id=\"article_body\" itemprop=\"articleBody\">\n<p>Nouveau <strong class=\"autotag\">Gestionnaire de la for\u00eat de Nottingham <strong class=\"autotag\">Sean Dyche se pr\u00e9pare pour son premier match de Premier League alors que les Reds se rendent au Vitality Stadium pour y affronter <strong class=\"autotag\">Bournemouth dimanche. <\/p>\n<p>Dyche a commenc\u00e9 son mandat de mani\u00e8re positive en milieu de semaine, supervisant une victoire 2-0 en Ligue Europa contre Porto gr\u00e2ce aux p\u00e9nalit\u00e9s de <strong class=\"autotag\">Morgan Gibbs-White et <strong class=\"autotag\">Igor J\u00e9sus.<\/p>\n<p>Les visiteurs feront cependant le voyage vers le sud sans <strong class=\"autotag\">Ola Aina, qui reste absent jusqu&#39;au d\u00e9but janvier en raison d&#39;une blessure aux ischio-jambiers, laissant Dyche \u00e0 court d&#39;options \u00e0 l&#39;arri\u00e8re droit. <\/p>\n<p><strong class=\"autotag\">Dilane Bakwa est \u00e9galement incertaine apr\u00e8s avoir rat\u00e9 les r\u00e9cents entra\u00eenements, tandis que <strong class=\"autotag\">Oleksandr Zinchenko a sembl\u00e9 se blesser \u00e0 l&#39;aine jeudi, limitant encore davantage la flexibilit\u00e9 offensive de Forest.<\/p>\n<p>D\u00e9fensivement, Forest devrait s&#39;en tenir \u00e0 une solide d\u00e9fense \u00e0 cinq, avec <strong class=\"autotag\">Neco Williams, Nicolo Savona, Murillo, Morato et Nikola Milenkovic forment une unit\u00e9 compacte et disciplin\u00e9e.<\/p>\n<p>Les \u00e9quipes de Dyche sont g\u00e9n\u00e9ralement bien entra\u00een\u00e9es et cette structure d\u00e9fensive sera essentielle pour contenir la ligne de front fluide de Bournemouth.<\/p>\n<p>Au milieu de terrain, l&#39;association de Douglas Luiz et <strong class=\"autotag\">Ibrahim Sangar\u00e9 offre force et contr\u00f4le dans les zones centrales, Elliot Anderson devant pousser l\u00e9g\u00e8rement plus haut pour lier le jeu entre les lignes.<\/p>\n<p>Au loin, <strong class=\"autotag\">Callum Hudson-Odoi pourrait r\u00e9appara\u00eetre apr\u00e8s avoir impressionn\u00e9 lors de la victoire de la Ligue Europa contre Porto et cherchera \u00e0 se battre pour une place dans la formation de d\u00e9part, tandis que Gibbs-White continuera probablement \u00e0 jouer son r\u00f4le d&#39;attaquant familier en soutenant l&#39;attaquant.<\/p>\n<p>\u00c0 l&#39;avant, <strong class=\"autotag\">Chris Wood est en passe de r\u00e9cup\u00e9rer sa place de titulaire apr\u00e8s avoir \u00e9t\u00e9 limit\u00e9 \u00e0 16 minutes contre Chelsea le week-end dernier. Cependant, Jesus, qui a impressionn\u00e9 en milieu de semaine avec une prestation compos\u00e9e contre Porto, fait \u00e9galement pression pour un d\u00e9part alors que Dyche exp\u00e9rimente ses options offensives.<\/p>\n<p>Nottingham Forest onze de d\u00e9part possible : Sels ; Savone, Murillo, Morato, Milenkovic, Williams ; Anderson, Sangar\u00e9, Luiz ; Bois, Gibbs-Blanc<\/p>\n<p>> Cliquez ici pour voir comment Bournemouth pourrait s&#39;aligner pour ce match<\/p>\n<\/div>\n","protected":false},"excerpt":{"rendered":"<p>Sports Mole examine en profondeur comment Nottingham Forest pourrait s&#39;aligner pour son affrontement en Premier League contre Bournemouth dimanche Nouveau Gestionnaire de la for\u00eat de<\/p>\n","protected":false},"author":1,"featured_media":30482,"comment_status":"closed","ping_status":"","sticky":false,"template":"","format":"standard","meta":{"footnotes":""},"categories":[5],"tags":[25,54,332,2291,20,761,358,202,30,357,51,201,3924,26],"yoast_head":"<!-- This site is optimized with the Yoast SEO plugin v21.0 - https:\/\/yoast.com\/wordpress\/plugins\/seo\/ -->\n<title>Composition de Nottingham Forest contre Bournemouth : XI pr\u00e9vu pour le choc de Premier League apr\u00e8s la victoire en Ligue Europa<\/title>\n<meta name=\"robots\" content=\"index, follow, max-snippet:-1, max-image-preview:large, max-video-preview:-1\" \/>\n<link rel=\"canonical\" href=\"https:\/\/footdavant.fr\/actualites\/composition-de-nottingham-forest-contre-bournemouth-xi-prevu-pour-le-choc-de-premier-league-apres-la-victoire-en-ligue-europa\/\" \/>\n<meta property=\"og:locale\" content=\"fr_FR\" \/>\n<meta property=\"og:type\" content=\"article\" \/>\n<meta property=\"og:title\" content=\"Composition de Nottingham Forest contre Bournemouth : XI pr\u00e9vu pour le choc de Premier League apr\u00e8s la victoire en Ligue Europa\" \/>\n<meta property=\"og:description\" content=\"Sports Mole examine en profondeur comment Nottingham Forest pourrait s&#039;aligner pour son affrontement en Premier League contre Bournemouth dimanche Nouveau Gestionnaire de la for\u00eat de\" \/>\n<meta property=\"og:url\" content=\"https:\/\/footdavant.fr\/actualites\/composition-de-nottingham-forest-contre-bournemouth-xi-prevu-pour-le-choc-de-premier-league-apres-la-victoire-en-ligue-europa\/\" \/>\n<meta property=\"og:site_name\" content=\"Foot d&#039;avant\" \/>\n<meta property=\"article:publisher\" content=\"https:\/\/www.facebook.com\/Footdavant\/\" \/>\n<meta property=\"article:published_time\" content=\"2025-10-29T00:48:04+00:00\" \/>\n<meta property=\"article:modified_time\" content=\"2025-10-29T00:48:05+00:00\" \/>\n<meta property=\"og:image\" content=\"https:\/\/footdavant.fr\/actualites\/wp-content\/uploads\/2025\/10\/Composition-de-Nottingham-Forest-contre-Bournemouth-XI-prevu-pour.jpg\" \/>\n\t<meta property=\"og:image:width\" content=\"640\" \/>\n\t<meta property=\"og:image:height\" content=\"480\" \/>\n\t<meta property=\"og:image:type\" content=\"image\/jpeg\" \/>\n<meta name=\"author\" content=\"Cl\u00e9ment\" \/>\n<meta name=\"twitter:card\" content=\"summary_large_image\" \/>\n<meta name=\"twitter:creator\" content=\"@FootdavantFr\" \/>\n<meta name=\"twitter:site\" content=\"@FootdavantFr\" \/>\n<meta name=\"twitter:label1\" content=\"\u00c9crit par\" \/>\n\t<meta name=\"twitter:data1\" content=\"Cl\u00e9ment\" \/>\n\t<meta name=\"twitter:label2\" content=\"Dur\u00e9e de lecture estim\u00e9e\" \/>\n\t<meta name=\"twitter:data2\" content=\"2 minutes\" \/>\n<script type=\"application\/ld+json\" class=\"yoast-schema-graph\">{\"@context\":\"https:\/\/schema.org\",\"@graph\":[{\"@type\":\"Article\",\"@id\":\"https:\/\/footdavant.fr\/actualites\/composition-de-nottingham-forest-contre-bournemouth-xi-prevu-pour-le-choc-de-premier-league-apres-la-victoire-en-ligue-europa\/#article\",\"isPartOf\":{\"@id\":\"https:\/\/footdavant.fr\/actualites\/composition-de-nottingham-forest-contre-bournemouth-xi-prevu-pour-le-choc-de-premier-league-apres-la-victoire-en-ligue-europa\/\"},\"author\":{\"name\":\"Cl\u00e9ment\",\"@id\":\"https:\/\/footdavant.fr\/actualites\/#\/schema\/person\/bc222566d95871b37e597b3ed3ba5e1d\"},\"headline\":\"Composition de Nottingham Forest contre Bournemouth : XI pr\u00e9vu pour le choc de Premier League apr\u00e8s la victoire en Ligue Europa\",\"datePublished\":\"2025-10-29T00:48:04+00:00\",\"dateModified\":\"2025-10-29T00:48:05+00:00\",\"mainEntityOfPage\":{\"@id\":\"https:\/\/footdavant.fr\/actualites\/composition-de-nottingham-forest-contre-bournemouth-xi-prevu-pour-le-choc-de-premier-league-apres-la-victoire-en-ligue-europa\/\"},\"wordCount\":412,\"publisher\":{\"@id\":\"https:\/\/footdavant.fr\/actualites\/#organization\"},\"keywords\":[\"apr\u00e8s\",\"Bournemouth\",\"choc\",\"composition\",\"contre\",\"Europa\",\"Forest\",\"League\",\"Ligue\",\"Nottingham\",\"pour\",\"Premier\",\"pr\u00e9vu\",\"victoire\"],\"articleSection\":[\"Premier League\"],\"inLanguage\":\"fr-FR\"},{\"@type\":\"WebPage\",\"@id\":\"https:\/\/footdavant.fr\/actualites\/composition-de-nottingham-forest-contre-bournemouth-xi-prevu-pour-le-choc-de-premier-league-apres-la-victoire-en-ligue-europa\/\",\"url\":\"https:\/\/footdavant.fr\/actualites\/composition-de-nottingham-forest-contre-bournemouth-xi-prevu-pour-le-choc-de-premier-league-apres-la-victoire-en-ligue-europa\/\",\"name\":\"Composition de Nottingham Forest contre Bournemouth : XI pr\u00e9vu pour le choc de Premier League apr\u00e8s la victoire en Ligue Europa\",\"isPartOf\":{\"@id\":\"https:\/\/footdavant.fr\/actualites\/#website\"},\"datePublished\":\"2025-10-29T00:48:04+00:00\",\"dateModified\":\"2025-10-29T00:48:05+00:00\",\"breadcrumb\":{\"@id\":\"https:\/\/footdavant.fr\/actualites\/composition-de-nottingham-forest-contre-bournemouth-xi-prevu-pour-le-choc-de-premier-league-apres-la-victoire-en-ligue-europa\/#breadcrumb\"},\"inLanguage\":\"fr-FR\",\"potentialAction\":[{\"@type\":\"ReadAction\",\"target\":[\"https:\/\/footdavant.fr\/actualites\/composition-de-nottingham-forest-contre-bournemouth-xi-prevu-pour-le-choc-de-premier-league-apres-la-victoire-en-ligue-europa\/\"]}]},{\"@type\":\"BreadcrumbList\",\"@id\":\"https:\/\/footdavant.fr\/actualites\/composition-de-nottingham-forest-contre-bournemouth-xi-prevu-pour-le-choc-de-premier-league-apres-la-victoire-en-ligue-europa\/#breadcrumb\",\"itemListElement\":[{\"@type\":\"ListItem\",\"position\":1,\"name\":\"Accueil\",\"item\":\"https:\/\/footdavant.fr\/actualites\/\"},{\"@type\":\"ListItem\",\"position\":2,\"name\":\"Composition de Nottingham Forest contre Bournemouth : XI pr\u00e9vu pour le choc de Premier League apr\u00e8s la victoire en Ligue Europa\"}]},{\"@type\":\"WebSite\",\"@id\":\"https:\/\/footdavant.fr\/actualites\/#website\",\"url\":\"https:\/\/footdavant.fr\/actualites\/\",\"name\":\"Foot d'avant\",\"description\":\"\",\"publisher\":{\"@id\":\"https:\/\/footdavant.fr\/actualites\/#organization\"},\"potentialAction\":[{\"@type\":\"SearchAction\",\"target\":{\"@type\":\"EntryPoint\",\"urlTemplate\":\"https:\/\/footdavant.fr\/actualites\/?s={search_term_string}\"},\"query-input\":\"required name=search_term_string\"}],\"inLanguage\":\"fr-FR\"},{\"@type\":\"Organization\",\"@id\":\"https:\/\/footdavant.fr\/actualites\/#organization\",\"name\":\"Foot d'avant\",\"url\":\"https:\/\/footdavant.fr\/actualites\/\",\"logo\":{\"@type\":\"ImageObject\",\"inLanguage\":\"fr-FR\",\"@id\":\"https:\/\/footdavant.fr\/actualites\/#\/schema\/logo\/image\/\",\"url\":\"https:\/\/footdavant.fr\/actualites\/wp-content\/uploads\/2023\/09\/Copy-of-FootDavant-Logo.png\",\"contentUrl\":\"https:\/\/footdavant.fr\/actualites\/wp-content\/uploads\/2023\/09\/Copy-of-FootDavant-Logo.png\",\"width\":936,\"height\":549,\"caption\":\"Foot d'avant\"},\"image\":{\"@id\":\"https:\/\/footdavant.fr\/actualites\/#\/schema\/logo\/image\/\"},\"sameAs\":[\"https:\/\/www.facebook.com\/Footdavant\/\",\"https:\/\/twitter.com\/FootdavantFr\",\"https:\/\/www.instagram.com\/footdavant.fr\/\"]},{\"@type\":\"Person\",\"@id\":\"https:\/\/footdavant.fr\/actualites\/#\/schema\/person\/bc222566d95871b37e597b3ed3ba5e1d\",\"name\":\"Cl\u00e9ment\",\"image\":{\"@type\":\"ImageObject\",\"inLanguage\":\"fr-FR\",\"@id\":\"https:\/\/footdavant.fr\/actualites\/#\/schema\/person\/image\/\",\"url\":\"https:\/\/secure.gravatar.com\/avatar\/7728b29aac2719421e1a9159b2254c44?s=96&d=mm&r=g\",\"contentUrl\":\"https:\/\/secure.gravatar.com\/avatar\/7728b29aac2719421e1a9159b2254c44?s=96&d=mm&r=g\",\"caption\":\"Cl\u00e9ment\"},\"sameAs\":[\"https:\/\/footdavant.fr\/\"]}]}<\/script>\n<!-- \/ Yoast SEO plugin. -->","yoast_head_json":{"title":"Composition de Nottingham Forest contre Bournemouth : XI pr\u00e9vu pour le choc de Premier League apr\u00e8s la victoire en Ligue Europa","robots":{"index":"index","follow":"follow","max-snippet":"max-snippet:-1","max-image-preview":"max-image-preview:large","max-video-preview":"max-video-preview:-1"},"canonical":"https:\/\/footdavant.fr\/actualites\/composition-de-nottingham-forest-contre-bournemouth-xi-prevu-pour-le-choc-de-premier-league-apres-la-victoire-en-ligue-europa\/","og_locale":"fr_FR","og_type":"article","og_title":"Composition de Nottingham Forest contre Bournemouth : XI pr\u00e9vu pour le choc de Premier League apr\u00e8s la victoire en Ligue Europa","og_description":"Sports Mole examine en profondeur comment Nottingham Forest pourrait s&#39;aligner pour son affrontement en Premier League contre Bournemouth dimanche Nouveau Gestionnaire de la for\u00eat de","og_url":"https:\/\/footdavant.fr\/actualites\/composition-de-nottingham-forest-contre-bournemouth-xi-prevu-pour-le-choc-de-premier-league-apres-la-victoire-en-ligue-europa\/","og_site_name":"Foot d&#039;avant","article_publisher":"https:\/\/www.facebook.com\/Footdavant\/","article_published_time":"2025-10-29T00:48:04+00:00","article_modified_time":"2025-10-29T00:48:05+00:00","og_image":[{"width":640,"height":480,"url":"https:\/\/footdavant.fr\/actualites\/wp-content\/uploads\/2025\/10\/Composition-de-Nottingham-Forest-contre-Bournemouth-XI-prevu-pour.jpg","type":"image\/jpeg"}],"author":"Cl\u00e9ment","twitter_card":"summary_large_image","twitter_creator":"@FootdavantFr","twitter_site":"@FootdavantFr","twitter_misc":{"\u00c9crit par":"Cl\u00e9ment","Dur\u00e9e de lecture estim\u00e9e":"2 minutes"},"schema":{"@context":"https:\/\/schema.org","@graph":[{"@type":"Article","@id":"https:\/\/footdavant.fr\/actualites\/composition-de-nottingham-forest-contre-bournemouth-xi-prevu-pour-le-choc-de-premier-league-apres-la-victoire-en-ligue-europa\/#article","isPartOf":{"@id":"https:\/\/footdavant.fr\/actualites\/composition-de-nottingham-forest-contre-bournemouth-xi-prevu-pour-le-choc-de-premier-league-apres-la-victoire-en-ligue-europa\/"},"author":{"name":"Cl\u00e9ment","@id":"https:\/\/footdavant.fr\/actualites\/#\/schema\/person\/bc222566d95871b37e597b3ed3ba5e1d"},"headline":"Composition de Nottingham Forest contre Bournemouth : XI pr\u00e9vu pour le choc de Premier League apr\u00e8s la victoire en Ligue Europa","datePublished":"2025-10-29T00:48:04+00:00","dateModified":"2025-10-29T00:48:05+00:00","mainEntityOfPage":{"@id":"https:\/\/footdavant.fr\/actualites\/composition-de-nottingham-forest-contre-bournemouth-xi-prevu-pour-le-choc-de-premier-league-apres-la-victoire-en-ligue-europa\/"},"wordCount":412,"publisher":{"@id":"https:\/\/footdavant.fr\/actualites\/#organization"},"keywords":["apr\u00e8s","Bournemouth","choc","composition","contre","Europa","Forest","League","Ligue","Nottingham","pour","Premier","pr\u00e9vu","victoire"],"articleSection":["Premier League"],"inLanguage":"fr-FR"},{"@type":"WebPage","@id":"https:\/\/footdavant.fr\/actualites\/composition-de-nottingham-forest-contre-bournemouth-xi-prevu-pour-le-choc-de-premier-league-apres-la-victoire-en-ligue-europa\/","url":"https:\/\/footdavant.fr\/actualites\/composition-de-nottingham-forest-contre-bournemouth-xi-prevu-pour-le-choc-de-premier-league-apres-la-victoire-en-ligue-europa\/","name":"Composition de Nottingham Forest contre Bournemouth : XI pr\u00e9vu pour le choc de Premier League apr\u00e8s la victoire en Ligue Europa","isPartOf":{"@id":"https:\/\/footdavant.fr\/actualites\/#website"},"datePublished":"2025-10-29T00:48:04+00:00","dateModified":"2025-10-29T00:48:05+00:00","breadcrumb":{"@id":"https:\/\/footdavant.fr\/actualites\/composition-de-nottingham-forest-contre-bournemouth-xi-prevu-pour-le-choc-de-premier-league-apres-la-victoire-en-ligue-europa\/#breadcrumb"},"inLanguage":"fr-FR","potentialAction":[{"@type":"ReadAction","target":["https:\/\/footdavant.fr\/actualites\/composition-de-nottingham-forest-contre-bournemouth-xi-prevu-pour-le-choc-de-premier-league-apres-la-victoire-en-ligue-europa\/"]}]},{"@type":"BreadcrumbList","@id":"https:\/\/footdavant.fr\/actualites\/composition-de-nottingham-forest-contre-bournemouth-xi-prevu-pour-le-choc-de-premier-league-apres-la-victoire-en-ligue-europa\/#breadcrumb","itemListElement":[{"@type":"ListItem","position":1,"name":"Accueil","item":"https:\/\/footdavant.fr\/actualites\/"},{"@type":"ListItem","position":2,"name":"Composition de Nottingham Forest contre Bournemouth : XI pr\u00e9vu pour le choc de Premier League apr\u00e8s la victoire en Ligue Europa"}]},{"@type":"WebSite","@id":"https:\/\/footdavant.fr\/actualites\/#website","url":"https:\/\/footdavant.fr\/actualites\/","name":"Foot d'avant","description":"","publisher":{"@id":"https:\/\/footdavant.fr\/actualites\/#organization"},"potentialAction":[{"@type":"SearchAction","target":{"@type":"EntryPoint","urlTemplate":"https:\/\/footdavant.fr\/actualites\/?s={search_term_string}"},"query-input":"required name=search_term_string"}],"inLanguage":"fr-FR"},{"@type":"Organization","@id":"https:\/\/footdavant.fr\/actualites\/#organization","name":"Foot d'avant","url":"https:\/\/footdavant.fr\/actualites\/","logo":{"@type":"ImageObject","inLanguage":"fr-FR","@id":"https:\/\/footdavant.fr\/actualites\/#\/schema\/logo\/image\/","url":"https:\/\/footdavant.fr\/actualites\/wp-content\/uploads\/2023\/09\/Copy-of-FootDavant-Logo.png","contentUrl":"https:\/\/footdavant.fr\/actualites\/wp-content\/uploads\/2023\/09\/Copy-of-FootDavant-Logo.png","width":936,"height":549,"caption":"Foot d'avant"},"image":{"@id":"https:\/\/footdavant.fr\/actualites\/#\/schema\/logo\/image\/"},"sameAs":["https:\/\/www.facebook.com\/Footdavant\/","https:\/\/twitter.com\/FootdavantFr","https:\/\/www.instagram.com\/footdavant.fr\/"]},{"@type":"Person","@id":"https:\/\/footdavant.fr\/actualites\/#\/schema\/person\/bc222566d95871b37e597b3ed3ba5e1d","name":"Cl\u00e9ment","image":{"@type":"ImageObject","inLanguage":"fr-FR","@id":"https:\/\/footdavant.fr\/actualites\/#\/schema\/person\/image\/","url":"https:\/\/secure.gravatar.com\/avatar\/7728b29aac2719421e1a9159b2254c44?s=96&d=mm&r=g","contentUrl":"https:\/\/secure.gravatar.com\/avatar\/7728b29aac2719421e1a9159b2254c44?s=96&d=mm&r=g","caption":"Cl\u00e9ment"},"sameAs":["https:\/\/footdavant.fr\/"]}]}},"_links":{"self":[{"href":"https:\/\/footdavant.fr\/actualites\/wp-json\/wp\/v2\/posts\/30481"}],"collection":[{"href":"https:\/\/footdavant.fr\/actualites\/wp-json\/wp\/v2\/posts"}],"about":[{"href":"https:\/\/footdavant.fr\/actualites\/wp-json\/wp\/v2\/types\/post"}],"author":[{"embeddable":true,"href":"https:\/\/footdavant.fr\/actualites\/wp-json\/wp\/v2\/users\/1"}],"replies":[{"embeddable":true,"href":"https:\/\/footdavant.fr\/actualites\/wp-json\/wp\/v2\/comments?post=30481"}],"version-history":[{"count":1,"href":"https:\/\/footdavant.fr\/actualites\/wp-json\/wp\/v2\/posts\/30481\/revisions"}],"predecessor-version":[{"id":30483,"href":"https:\/\/footdavant.fr\/actualites\/wp-json\/wp\/v2\/posts\/30481\/revisions\/30483"}],"wp:featuredmedia":[{"embeddable":true,"href":"https:\/\/footdavant.fr\/actualites\/wp-json\/wp\/v2\/media\/30482"}],"wp:attachment":[{"href":"https:\/\/footdavant.fr\/actualites\/wp-json\/wp\/v2\/media?parent=30481"}],"wp:term":[{"taxonomy":"category","embeddable":true,"href":"https:\/\/footdavant.fr\/actualites\/wp-json\/wp\/v2\/categories?post=30481"},{"taxonomy":"post_tag","embeddable":true,"href":"https:\/\/footdavant.fr\/actualites\/wp-json\/wp\/v2\/tags?post=30481"}],"curies":[{"name":"wp","href":"https:\/\/api.w.org\/{rel}","templated":true}]}}