{"id":305,"date":"2023-11-05T00:15:09","date_gmt":"2023-11-04T23:15:09","guid":{"rendered":"https:\/\/footdavant.fr\/actualites\/rio-ferdinand-felicite-harry-maguire-et-bruno-fernandes-pour-leur-intensification-contre-fulham\/"},"modified":"2023-11-05T00:15:10","modified_gmt":"2023-11-04T23:15:10","slug":"rio-ferdinand-felicite-harry-maguire-et-bruno-fernandes-pour-leur-intensification-contre-fulham","status":"publish","type":"post","link":"https:\/\/footdavant.fr\/actualites\/rio-ferdinand-felicite-harry-maguire-et-bruno-fernandes-pour-leur-intensification-contre-fulham\/","title":{"rendered":"Rio Ferdinand f\u00e9licite Harry Maguire et Bruno Fernandes pour leur intensification contre Fulham \u2013"},"content":{"rendered":"<div id=\"penci-post-entry-inner\">\n<p>\t\t\t<i class=\"penci-post-countview-number-check\" style=\"display:none\">5<\/i><\/p>\n<p><!--Article Start--><br \/>L&rsquo;ancien d\u00e9fenseur de Manchester United, Rio Ferdinand, a f\u00e9licit\u00e9 Harry Maguire et Bruno Fernandes pour leurs contributions massives qui ont aid\u00e9 l&rsquo;\u00e9quipe \u00e0 franchir la ligne d&rsquo;arriv\u00e9e contre Fulham \u00e0 Craven Cottage.<\/p>\n<p>Un but tardif de Fernandes a apport\u00e9 un certain soulagement \u00e0 Erik ten Hag qui \u00e9tait sous pression.<\/p>\n<p>En d\u00e9fense, United doit en grande partie \u00e0 Maguire pour la solidit\u00e9 de l&rsquo;\u00e9quipe en d\u00e9fense qui a assur\u00e9 une troisi\u00e8me cage inviol\u00e9e en Premier League cette saison.<\/p>\n<p>S&rsquo;adressant \u00e0 TNT Sport (via The Mirror) apr\u00e8s le coup de sifflet final, Ferdinand a salu\u00e9 les deux joueurs.<\/p>\n<p>Il a dit : \u00ab Le capitaine s&rsquo;est lev\u00e9.  Il nous fallait une grosse performance, il nous fallait un but.  Moment critique contre Burnley apr\u00e8s la d\u00e9faite en Ligue des champions, il est mont\u00e9 au cr\u00e9neau.  Aujourd\u2019hui, ils avaient besoin de quelqu\u2019un pour sortir de l\u2019ombre et se mettre sous les projecteurs.  C&rsquo;\u00e9tait lui.  Il a pris ses responsabilit\u00e9s.  Une frappe fantastique.<\/p>\n<p>\u00ab Il (Maguire) m\u00e9rite \u00e9galement une mention sp\u00e9ciale.  Bless\u00e9 \u00e0 la t\u00eate dans les premi\u00e8res secondes du match, il s&rsquo;est fray\u00e9 un chemin.  Ce n&rsquo;est pas une question de performances, il n&rsquo;y a pas eu de bonne performance aujourd&rsquo;hui.  Mais ils ont marqu\u00e9 les trois points et c&rsquo;est le plus important.<\/p>\n<p>Ferdinand a \u00e9galement \u00e9voqu\u00e9 la situation de Rasmus Hojlund.  Le buteur s&rsquo;est montr\u00e9 tr\u00e8s seul et frustr\u00e9 \u00e0 l&rsquo;avant car il avait peu ou pas de service sur lequel se lancer.<\/p>\n<p>Lorsqu&rsquo;il a \u00e9t\u00e9 emmen\u00e9, Hojlund \u00e9tait visiblement en col\u00e8re et a \u00e9t\u00e9 aper\u00e7u en train de g\u00e9mir et de secouer la t\u00eate sur le banc.<\/p>\n<p>Ferdinand a expliqu\u00e9 que Hojlund a raison d&rsquo;\u00eatre d\u00e9\u00e7u car ses co\u00e9quipiers ne tirent pas parti de ses atouts et ne le soutiennent pas dans la cr\u00e9ation d&rsquo;opportunit\u00e9s de but claires.<\/p>\n<p>Le Danois n&rsquo;a pas encore marqu\u00e9 dans l&rsquo;\u00e9lite anglaise, bien qu&rsquo;il ait marqu\u00e9 trois buts en Ligue des champions cette saison.<\/p>\n<p>Ferdinand a fait remarquer \u00e0 propos de la star de United, \u00e2g\u00e9e de 20 ans : \u00ab\u00a0J&rsquo;aurais aim\u00e9 que nous passions un peu plus de temps avec Erik ten Hag. [to discuss Hojlund] parce qu&rsquo;il s&rsquo;est investi dans un joueur dont nous ne voyons pas le meilleur.  Ses meilleurs atouts ne sont pas visibles parce que l&rsquo;\u00e9quipe ne joue pas avec ses points forts.<\/p>\n<p>\u00ab\u00a0Il [Ten Hag] a d\u00e9clar\u00e9 lors de ses conf\u00e9rences de presse que nous voulions jouer un peu plus directement avec des joueurs comme Hojlund et Rashford qui peuvent jouer en contre.  Trop souvent, ils deviennent larges et la qualit\u00e9 est loin d\u2019\u00eatre suffisante.<\/p>\n<p>\u00ab Antony ne veut pas le franchir, son premier r\u00e9flexe est de voir ce qu&rsquo;il peut faire par lui-m\u00eame.  Marcus est plut\u00f4t un attaquant qui veut aller au bout des choses et voir s&rsquo;il peut finir.  Lorsqu&rsquo;il effectue ses mouvements, le ballon est retard\u00e9 et n&rsquo;arrive pas dans les zones.<\/p>\n<p>L&rsquo;expert de la t\u00e9l\u00e9vision de 44 ans a not\u00e9 qu&rsquo;\u00e0 un moment donn\u00e9 au cours du match, Hojlund avait r\u00e9alis\u00e9 une brillante course en pr\u00e9vision d&rsquo;un centre d&rsquo;Alejandro Garnacho, mais que le centre de l&rsquo;Argentin n&rsquo;est jamais arriv\u00e9.<\/p>\n<p>Selon Ferdinand, le cas de Hojlund n&rsquo;est pas aid\u00e9 par le fait qu&rsquo;il est encore si jeune et, en tant que tel, ne poss\u00e8de pas le courage de froisser quelques plumes et d&rsquo;exiger plus de ses co\u00e9quipiers.<br \/><!--Article End--><\/p>\n<p><!-- AI CONTENT END 3 --><\/p><\/div>\n","protected":false},"excerpt":{"rendered":"<p>5 L&rsquo;ancien d\u00e9fenseur de Manchester United, Rio Ferdinand, a f\u00e9licit\u00e9 Harry Maguire et Bruno Fernandes pour leurs contributions massives qui ont aid\u00e9 l&rsquo;\u00e9quipe \u00e0 franchir<\/p>\n","protected":false},"author":1,"featured_media":306,"comment_status":"closed","ping_status":"","sticky":false,"template":"","format":"standard","meta":{"footnotes":""},"categories":[3],"tags":[138,20,485,484,139,348,32,487,486,33,51,483],"yoast_head":"<!-- This site is optimized with the Yoast SEO plugin v21.0 - https:\/\/yoast.com\/wordpress\/plugins\/seo\/ -->\n<title>Rio Ferdinand f\u00e9licite Harry Maguire et Bruno Fernandes pour leur intensification contre Fulham \u2013<\/title>\n<meta name=\"robots\" content=\"index, follow, max-snippet:-1, max-image-preview:large, max-video-preview:-1\" \/>\n<link rel=\"canonical\" href=\"https:\/\/footdavant.fr\/actualites\/rio-ferdinand-felicite-harry-maguire-et-bruno-fernandes-pour-leur-intensification-contre-fulham\/\" \/>\n<meta property=\"og:locale\" content=\"fr_FR\" \/>\n<meta property=\"og:type\" content=\"article\" \/>\n<meta property=\"og:title\" content=\"Rio Ferdinand f\u00e9licite Harry Maguire et Bruno Fernandes pour leur intensification contre Fulham \u2013\" \/>\n<meta property=\"og:description\" content=\"5 L&rsquo;ancien d\u00e9fenseur de Manchester United, Rio Ferdinand, a f\u00e9licit\u00e9 Harry Maguire et Bruno Fernandes pour leurs contributions massives qui ont aid\u00e9 l&rsquo;\u00e9quipe \u00e0 franchir\" \/>\n<meta property=\"og:url\" content=\"https:\/\/footdavant.fr\/actualites\/rio-ferdinand-felicite-harry-maguire-et-bruno-fernandes-pour-leur-intensification-contre-fulham\/\" \/>\n<meta property=\"og:site_name\" content=\"Foot d&#039;avant\" \/>\n<meta property=\"article:publisher\" content=\"https:\/\/www.facebook.com\/Footdavant\/\" \/>\n<meta property=\"article:published_time\" content=\"2023-11-04T23:15:09+00:00\" \/>\n<meta property=\"article:modified_time\" content=\"2023-11-04T23:15:10+00:00\" \/>\n<meta property=\"og:image\" content=\"https:\/\/footdavant.fr\/actualites\/wp-content\/uploads\/2023\/11\/Rio-Ferdinand-felicite-Harry-Maguire-et-Bruno-Fernandes-pour-leur.jpg\" \/>\n\t<meta property=\"og:image:width\" content=\"1600\" \/>\n\t<meta property=\"og:image:height\" content=\"700\" \/>\n\t<meta property=\"og:image:type\" content=\"image\/jpeg\" \/>\n<meta name=\"author\" content=\"Cl\u00e9ment\" \/>\n<meta name=\"twitter:card\" content=\"summary_large_image\" \/>\n<meta name=\"twitter:creator\" content=\"@FootdavantFr\" \/>\n<meta name=\"twitter:site\" content=\"@FootdavantFr\" \/>\n<meta name=\"twitter:label1\" content=\"\u00c9crit par\" \/>\n\t<meta name=\"twitter:data1\" content=\"Cl\u00e9ment\" \/>\n\t<meta name=\"twitter:label2\" content=\"Dur\u00e9e de lecture estim\u00e9e\" \/>\n\t<meta name=\"twitter:data2\" content=\"3 minutes\" \/>\n<script type=\"application\/ld+json\" class=\"yoast-schema-graph\">{\"@context\":\"https:\/\/schema.org\",\"@graph\":[{\"@type\":\"Article\",\"@id\":\"https:\/\/footdavant.fr\/actualites\/rio-ferdinand-felicite-harry-maguire-et-bruno-fernandes-pour-leur-intensification-contre-fulham\/#article\",\"isPartOf\":{\"@id\":\"https:\/\/footdavant.fr\/actualites\/rio-ferdinand-felicite-harry-maguire-et-bruno-fernandes-pour-leur-intensification-contre-fulham\/\"},\"author\":{\"name\":\"Cl\u00e9ment\",\"@id\":\"https:\/\/footdavant.fr\/actualites\/#\/schema\/person\/bc222566d95871b37e597b3ed3ba5e1d\"},\"headline\":\"Rio Ferdinand f\u00e9licite Harry Maguire et Bruno Fernandes pour leur intensification contre Fulham \u2013\",\"datePublished\":\"2023-11-04T23:15:09+00:00\",\"dateModified\":\"2023-11-04T23:15:10+00:00\",\"mainEntityOfPage\":{\"@id\":\"https:\/\/footdavant.fr\/actualites\/rio-ferdinand-felicite-harry-maguire-et-bruno-fernandes-pour-leur-intensification-contre-fulham\/\"},\"wordCount\":596,\"publisher\":{\"@id\":\"https:\/\/footdavant.fr\/actualites\/#organization\"},\"keywords\":[\"Bruno\",\"contre\",\"f\u00e9licite\",\"Ferdinand\",\"Fernandes\",\"Fulham\",\"Harry\",\"intensification\",\"leur\",\"Maguire\",\"pour\",\"Rio\"],\"articleSection\":[\"Football\"],\"inLanguage\":\"fr-FR\"},{\"@type\":\"WebPage\",\"@id\":\"https:\/\/footdavant.fr\/actualites\/rio-ferdinand-felicite-harry-maguire-et-bruno-fernandes-pour-leur-intensification-contre-fulham\/\",\"url\":\"https:\/\/footdavant.fr\/actualites\/rio-ferdinand-felicite-harry-maguire-et-bruno-fernandes-pour-leur-intensification-contre-fulham\/\",\"name\":\"Rio Ferdinand f\u00e9licite Harry Maguire et Bruno Fernandes pour leur intensification contre Fulham \u2013\",\"isPartOf\":{\"@id\":\"https:\/\/footdavant.fr\/actualites\/#website\"},\"datePublished\":\"2023-11-04T23:15:09+00:00\",\"dateModified\":\"2023-11-04T23:15:10+00:00\",\"breadcrumb\":{\"@id\":\"https:\/\/footdavant.fr\/actualites\/rio-ferdinand-felicite-harry-maguire-et-bruno-fernandes-pour-leur-intensification-contre-fulham\/#breadcrumb\"},\"inLanguage\":\"fr-FR\",\"potentialAction\":[{\"@type\":\"ReadAction\",\"target\":[\"https:\/\/footdavant.fr\/actualites\/rio-ferdinand-felicite-harry-maguire-et-bruno-fernandes-pour-leur-intensification-contre-fulham\/\"]}]},{\"@type\":\"BreadcrumbList\",\"@id\":\"https:\/\/footdavant.fr\/actualites\/rio-ferdinand-felicite-harry-maguire-et-bruno-fernandes-pour-leur-intensification-contre-fulham\/#breadcrumb\",\"itemListElement\":[{\"@type\":\"ListItem\",\"position\":1,\"name\":\"Accueil\",\"item\":\"https:\/\/footdavant.fr\/actualites\/\"},{\"@type\":\"ListItem\",\"position\":2,\"name\":\"Rio Ferdinand f\u00e9licite Harry Maguire et Bruno Fernandes pour leur intensification contre Fulham \u2013\"}]},{\"@type\":\"WebSite\",\"@id\":\"https:\/\/footdavant.fr\/actualites\/#website\",\"url\":\"https:\/\/footdavant.fr\/actualites\/\",\"name\":\"Foot d'avant\",\"description\":\"\",\"publisher\":{\"@id\":\"https:\/\/footdavant.fr\/actualites\/#organization\"},\"potentialAction\":[{\"@type\":\"SearchAction\",\"target\":{\"@type\":\"EntryPoint\",\"urlTemplate\":\"https:\/\/footdavant.fr\/actualites\/?s={search_term_string}\"},\"query-input\":\"required name=search_term_string\"}],\"inLanguage\":\"fr-FR\"},{\"@type\":\"Organization\",\"@id\":\"https:\/\/footdavant.fr\/actualites\/#organization\",\"name\":\"Foot d'avant\",\"url\":\"https:\/\/footdavant.fr\/actualites\/\",\"logo\":{\"@type\":\"ImageObject\",\"inLanguage\":\"fr-FR\",\"@id\":\"https:\/\/footdavant.fr\/actualites\/#\/schema\/logo\/image\/\",\"url\":\"https:\/\/footdavant.fr\/actualites\/wp-content\/uploads\/2023\/09\/Copy-of-FootDavant-Logo.png\",\"contentUrl\":\"https:\/\/footdavant.fr\/actualites\/wp-content\/uploads\/2023\/09\/Copy-of-FootDavant-Logo.png\",\"width\":936,\"height\":549,\"caption\":\"Foot d'avant\"},\"image\":{\"@id\":\"https:\/\/footdavant.fr\/actualites\/#\/schema\/logo\/image\/\"},\"sameAs\":[\"https:\/\/www.facebook.com\/Footdavant\/\",\"https:\/\/twitter.com\/FootdavantFr\",\"https:\/\/www.instagram.com\/footdavant.fr\/\"]},{\"@type\":\"Person\",\"@id\":\"https:\/\/footdavant.fr\/actualites\/#\/schema\/person\/bc222566d95871b37e597b3ed3ba5e1d\",\"name\":\"Cl\u00e9ment\",\"image\":{\"@type\":\"ImageObject\",\"inLanguage\":\"fr-FR\",\"@id\":\"https:\/\/footdavant.fr\/actualites\/#\/schema\/person\/image\/\",\"url\":\"https:\/\/secure.gravatar.com\/avatar\/7728b29aac2719421e1a9159b2254c44?s=96&d=mm&r=g\",\"contentUrl\":\"https:\/\/secure.gravatar.com\/avatar\/7728b29aac2719421e1a9159b2254c44?s=96&d=mm&r=g\",\"caption\":\"Cl\u00e9ment\"},\"sameAs\":[\"https:\/\/footdavant.fr\/\"]}]}<\/script>\n<!-- \/ Yoast SEO plugin. -->","yoast_head_json":{"title":"Rio Ferdinand f\u00e9licite Harry Maguire et Bruno Fernandes pour leur intensification contre Fulham \u2013","robots":{"index":"index","follow":"follow","max-snippet":"max-snippet:-1","max-image-preview":"max-image-preview:large","max-video-preview":"max-video-preview:-1"},"canonical":"https:\/\/footdavant.fr\/actualites\/rio-ferdinand-felicite-harry-maguire-et-bruno-fernandes-pour-leur-intensification-contre-fulham\/","og_locale":"fr_FR","og_type":"article","og_title":"Rio Ferdinand f\u00e9licite Harry Maguire et Bruno Fernandes pour leur intensification contre Fulham \u2013","og_description":"5 L&rsquo;ancien d\u00e9fenseur de Manchester United, Rio Ferdinand, a f\u00e9licit\u00e9 Harry Maguire et Bruno Fernandes pour leurs contributions massives qui ont aid\u00e9 l&rsquo;\u00e9quipe \u00e0 franchir","og_url":"https:\/\/footdavant.fr\/actualites\/rio-ferdinand-felicite-harry-maguire-et-bruno-fernandes-pour-leur-intensification-contre-fulham\/","og_site_name":"Foot d&#039;avant","article_publisher":"https:\/\/www.facebook.com\/Footdavant\/","article_published_time":"2023-11-04T23:15:09+00:00","article_modified_time":"2023-11-04T23:15:10+00:00","og_image":[{"width":1600,"height":700,"url":"https:\/\/footdavant.fr\/actualites\/wp-content\/uploads\/2023\/11\/Rio-Ferdinand-felicite-Harry-Maguire-et-Bruno-Fernandes-pour-leur.jpg","type":"image\/jpeg"}],"author":"Cl\u00e9ment","twitter_card":"summary_large_image","twitter_creator":"@FootdavantFr","twitter_site":"@FootdavantFr","twitter_misc":{"\u00c9crit par":"Cl\u00e9ment","Dur\u00e9e de lecture estim\u00e9e":"3 minutes"},"schema":{"@context":"https:\/\/schema.org","@graph":[{"@type":"Article","@id":"https:\/\/footdavant.fr\/actualites\/rio-ferdinand-felicite-harry-maguire-et-bruno-fernandes-pour-leur-intensification-contre-fulham\/#article","isPartOf":{"@id":"https:\/\/footdavant.fr\/actualites\/rio-ferdinand-felicite-harry-maguire-et-bruno-fernandes-pour-leur-intensification-contre-fulham\/"},"author":{"name":"Cl\u00e9ment","@id":"https:\/\/footdavant.fr\/actualites\/#\/schema\/person\/bc222566d95871b37e597b3ed3ba5e1d"},"headline":"Rio Ferdinand f\u00e9licite Harry Maguire et Bruno Fernandes pour leur intensification contre Fulham \u2013","datePublished":"2023-11-04T23:15:09+00:00","dateModified":"2023-11-04T23:15:10+00:00","mainEntityOfPage":{"@id":"https:\/\/footdavant.fr\/actualites\/rio-ferdinand-felicite-harry-maguire-et-bruno-fernandes-pour-leur-intensification-contre-fulham\/"},"wordCount":596,"publisher":{"@id":"https:\/\/footdavant.fr\/actualites\/#organization"},"keywords":["Bruno","contre","f\u00e9licite","Ferdinand","Fernandes","Fulham","Harry","intensification","leur","Maguire","pour","Rio"],"articleSection":["Football"],"inLanguage":"fr-FR"},{"@type":"WebPage","@id":"https:\/\/footdavant.fr\/actualites\/rio-ferdinand-felicite-harry-maguire-et-bruno-fernandes-pour-leur-intensification-contre-fulham\/","url":"https:\/\/footdavant.fr\/actualites\/rio-ferdinand-felicite-harry-maguire-et-bruno-fernandes-pour-leur-intensification-contre-fulham\/","name":"Rio Ferdinand f\u00e9licite Harry Maguire et Bruno Fernandes pour leur intensification contre Fulham \u2013","isPartOf":{"@id":"https:\/\/footdavant.fr\/actualites\/#website"},"datePublished":"2023-11-04T23:15:09+00:00","dateModified":"2023-11-04T23:15:10+00:00","breadcrumb":{"@id":"https:\/\/footdavant.fr\/actualites\/rio-ferdinand-felicite-harry-maguire-et-bruno-fernandes-pour-leur-intensification-contre-fulham\/#breadcrumb"},"inLanguage":"fr-FR","potentialAction":[{"@type":"ReadAction","target":["https:\/\/footdavant.fr\/actualites\/rio-ferdinand-felicite-harry-maguire-et-bruno-fernandes-pour-leur-intensification-contre-fulham\/"]}]},{"@type":"BreadcrumbList","@id":"https:\/\/footdavant.fr\/actualites\/rio-ferdinand-felicite-harry-maguire-et-bruno-fernandes-pour-leur-intensification-contre-fulham\/#breadcrumb","itemListElement":[{"@type":"ListItem","position":1,"name":"Accueil","item":"https:\/\/footdavant.fr\/actualites\/"},{"@type":"ListItem","position":2,"name":"Rio Ferdinand f\u00e9licite Harry Maguire et Bruno Fernandes pour leur intensification contre Fulham \u2013"}]},{"@type":"WebSite","@id":"https:\/\/footdavant.fr\/actualites\/#website","url":"https:\/\/footdavant.fr\/actualites\/","name":"Foot d'avant","description":"","publisher":{"@id":"https:\/\/footdavant.fr\/actualites\/#organization"},"potentialAction":[{"@type":"SearchAction","target":{"@type":"EntryPoint","urlTemplate":"https:\/\/footdavant.fr\/actualites\/?s={search_term_string}"},"query-input":"required name=search_term_string"}],"inLanguage":"fr-FR"},{"@type":"Organization","@id":"https:\/\/footdavant.fr\/actualites\/#organization","name":"Foot d'avant","url":"https:\/\/footdavant.fr\/actualites\/","logo":{"@type":"ImageObject","inLanguage":"fr-FR","@id":"https:\/\/footdavant.fr\/actualites\/#\/schema\/logo\/image\/","url":"https:\/\/footdavant.fr\/actualites\/wp-content\/uploads\/2023\/09\/Copy-of-FootDavant-Logo.png","contentUrl":"https:\/\/footdavant.fr\/actualites\/wp-content\/uploads\/2023\/09\/Copy-of-FootDavant-Logo.png","width":936,"height":549,"caption":"Foot d'avant"},"image":{"@id":"https:\/\/footdavant.fr\/actualites\/#\/schema\/logo\/image\/"},"sameAs":["https:\/\/www.facebook.com\/Footdavant\/","https:\/\/twitter.com\/FootdavantFr","https:\/\/www.instagram.com\/footdavant.fr\/"]},{"@type":"Person","@id":"https:\/\/footdavant.fr\/actualites\/#\/schema\/person\/bc222566d95871b37e597b3ed3ba5e1d","name":"Cl\u00e9ment","image":{"@type":"ImageObject","inLanguage":"fr-FR","@id":"https:\/\/footdavant.fr\/actualites\/#\/schema\/person\/image\/","url":"https:\/\/secure.gravatar.com\/avatar\/7728b29aac2719421e1a9159b2254c44?s=96&d=mm&r=g","contentUrl":"https:\/\/secure.gravatar.com\/avatar\/7728b29aac2719421e1a9159b2254c44?s=96&d=mm&r=g","caption":"Cl\u00e9ment"},"sameAs":["https:\/\/footdavant.fr\/"]}]}},"_links":{"self":[{"href":"https:\/\/footdavant.fr\/actualites\/wp-json\/wp\/v2\/posts\/305"}],"collection":[{"href":"https:\/\/footdavant.fr\/actualites\/wp-json\/wp\/v2\/posts"}],"about":[{"href":"https:\/\/footdavant.fr\/actualites\/wp-json\/wp\/v2\/types\/post"}],"author":[{"embeddable":true,"href":"https:\/\/footdavant.fr\/actualites\/wp-json\/wp\/v2\/users\/1"}],"replies":[{"embeddable":true,"href":"https:\/\/footdavant.fr\/actualites\/wp-json\/wp\/v2\/comments?post=305"}],"version-history":[{"count":1,"href":"https:\/\/footdavant.fr\/actualites\/wp-json\/wp\/v2\/posts\/305\/revisions"}],"predecessor-version":[{"id":307,"href":"https:\/\/footdavant.fr\/actualites\/wp-json\/wp\/v2\/posts\/305\/revisions\/307"}],"wp:featuredmedia":[{"embeddable":true,"href":"https:\/\/footdavant.fr\/actualites\/wp-json\/wp\/v2\/media\/306"}],"wp:attachment":[{"href":"https:\/\/footdavant.fr\/actualites\/wp-json\/wp\/v2\/media?parent=305"}],"wp:term":[{"taxonomy":"category","embeddable":true,"href":"https:\/\/footdavant.fr\/actualites\/wp-json\/wp\/v2\/categories?post=305"},{"taxonomy":"post_tag","embeddable":true,"href":"https:\/\/footdavant.fr\/actualites\/wp-json\/wp\/v2\/tags?post=305"}],"curies":[{"name":"wp","href":"https:\/\/api.w.org\/{rel}","templated":true}]}}