{"id":30718,"date":"2025-11-03T08:48:11","date_gmt":"2025-11-03T07:48:11","guid":{"rendered":"https:\/\/footdavant.fr\/actualites\/blessure-a-arsenal-liste-des-suspensions-et-dates-de-retour-du-slavia-prague-gyokeres-zubimendi-martinelli-au-plus-tard\/"},"modified":"2025-11-03T08:48:14","modified_gmt":"2025-11-03T07:48:14","slug":"blessure-a-arsenal-liste-des-suspensions-et-dates-de-retour-du-slavia-prague-gyokeres-zubimendi-martinelli-au-plus-tard","status":"publish","type":"post","link":"https:\/\/footdavant.fr\/actualites\/blessure-a-arsenal-liste-des-suspensions-et-dates-de-retour-du-slavia-prague-gyokeres-zubimendi-martinelli-au-plus-tard\/","title":{"rendered":"Blessure \u00e0 Arsenal, liste des suspensions et dates de retour du Slavia Prague : Gyokeres, Zubimendi, Martinelli au plus tard"},"content":{"rendered":"<p>Sports Mole r\u00e9sume toutes les derni\u00e8res nouvelles sur les blessures et les suspensions d&#39;Arsenal avant le choc de la Ligue des champions de mardi avec le Slavia Prague.<\/p>\n<div id=\"article_body\" itemprop=\"articleBody\">\n<p>Imp\u00e9n\u00e9trable derri\u00e8re et efficace en attaque, <strong class=\"autotag\">Arsenal s&#39;efforce de prolonger sa merveilleuse s\u00e9quence de victoires mardi <strong class=\"autotag\">Bataille de Ligue des Champions avec <strong class=\"autotag\">Slavia Prague en R\u00e9publique tch\u00e8que.<\/p>\n<p>Les Gunners sont \u00e0 trois sur trois en Europe jusqu&#39;\u00e0 pr\u00e9sent cette saison, battant r\u00e9cemment l&#39;Atletico Madrid 4-0 apr\u00e8s avoir \u00e9galement blanchi l&#39;Olympiacos et l&#39;Athletic Bilbao.<\/p>\n<p>La d\u00e9fense magistrale de Mikel Arteta est revenue au premier plan samedi, lorsque l&#39;\u00e9quipe du nord de Londres a battu Burnley 2-0 pour conserver sa bonne avance au sommet du classement de la Premier League.<\/p>\n<p>Ici, Sports Mole r\u00e9sume les derni\u00e8res nouvelles sur les blessures et les suspensions d&#39;Arsenal avant leur affrontement avec le Slavia Prague, qui attend toujours sa premi\u00e8re victoire en Ligue des champions cette saison.<\/p>\n<hr>\n<p class=\"imgI\">\n<p>Statut : doute majeur<\/p>\n<p>Type de blessure\u00a0: Musculaire<\/p>\n<p>Date de retour possible : 4 novembre (contre Slavia Prague)<\/p>\n<p>La meilleure performance de la saison de Viktor Gyokeres jusqu&#39;\u00e0 pr\u00e9sent contre Burnley a \u00e9t\u00e9 cruellement interrompue \u00e0 la mi-temps en raison d&#39;une blessure musculaire ; l&#39;\u00e9tendue des d\u00e9g\u00e2ts n&#39;est pas claire, mais ce serait une surprise de le voir impliqu\u00e9 mardi.<\/p>\n<hr>\n<p class=\"imgI\">\n<p>Statut\u00a0:\u00a0Out<\/p>\n<p>Type de blessure : Non pr\u00e9cis\u00e9<\/p>\n<p>Date de retour possible : Inconnue<\/p>\n<p>Gabriel Martinelli a subi un probl\u00e8me musculaire pr\u00e9sum\u00e9 lors de la victoire 1-0 contre Crystal Palace fin octobre, et il n&#39;y a toujours pas de d\u00e9lai pour le retour \u00e0 l&#39;action du Br\u00e9silien.<\/p>\n<hr>\n<p class=\"imgI\"><img decoding=\"async\" alt=\"Martin Odegaard d&#39;Arsenal photographi\u00e9 le 28 septembre 2025\" src=\"https:\/\/footdavant.fr\/actualites\/wp-content\/uploads\/2025\/10\/Arsenal-Lineup-vs-Olympiacos-Predit-XI-pour-le-conflit-de.jpg\"><\/p>\n<p>Statut\u00a0:\u00a0Out<\/p>\n<p>Type de blessure : Genou<\/p>\n<p>Date de retour possible : 23 novembre (contre Tottenham Hotspur)<\/p>\n<p>Martin Odegaard a pass\u00e9 un mois \u00e0 l&#39;infirmerie en raison d&#39;une blessure au genou, mais le capitaine vise un retour pour le derby des Gunners au nord de Londres contre Tottenham Hotspur apr\u00e8s la tr\u00eave internationale.<\/p>\n<hr>\n<p><\/p>\n<h2>Kai Havertz<\/h2>\n<p class=\"imgI\"><img decoding=\"async\" alt=\"Kai Havertz d&#39;Arsenal photographi\u00e9 le 9 ao\u00fbt 2025\" src=\"https:\/\/footdavant.fr\/actualites\/wp-content\/uploads\/2025\/10\/1759621688_195_Blessure-d39Arsenal-liste-de-suspension-et-dates-de-retour-pour.webp\"><\/p>\n<p>Statut\u00a0:\u00a0Out<\/p>\n<p>Type de blessure : Genou<\/p>\n<p>Date de retour possible : 23 novembre (contre Tottenham Hotspur)<\/p>\n<p>Kai Havertz pourrait \u00e9galement \u00eatre de retour dans les rangs d&#39;Arsenal \u00e0 temps pour la confrontation contre Tottenham Hotspur le 23 novembre, alors que l&#39;Allemand intensifie sa r\u00e9\u00e9ducation suite \u00e0 son propre probl\u00e8me de genou.<\/p>\n<hr>\n<p class=\"imgI\"><img decoding=\"async\" alt=\"Noni Madueke d&#39;Arsenal photographi\u00e9 le 13 septembre 2025\" src=\"https:\/\/footdavant.fr\/actualites\/wp-content\/uploads\/2025\/09\/1758905300_Premier-League-GW6-Actualites-des-blessures-nouvelles-de-l39equipe-absents.jpg\"><\/p>\n<p>Statut\u00a0:\u00a0Out<\/p>\n<p>Type de blessure : Genou<\/p>\n<p>Date de retour possible : 23 novembre (contre Tottenham Hotspur)<\/p>\n<p>Exactement dans le m\u00eame bateau, Noni Madueke est absent depuis plus d&#39;un mois en raison d&#39;un probl\u00e8me au genou, mais devrait revenir au bercail avant la fin du mois.<\/p>\n<hr>\n<p><\/p>\n<h2>Gabriel J\u00e9sus<\/h2>\n<p class=\"imgI\"><img decoding=\"async\" alt=\"Gabriel Jesus d&#39;Arsenal r\u00e9agit le 21 d\u00e9cembre 2024\" src=\"https:\/\/footdavant.fr\/actualites\/wp-content\/uploads\/2025\/08\/Arsenal-Blessury-News-Gabriel-Jesus-partage-une-mise-a-jour.jpg\"><\/p>\n<p>Statut\u00a0:\u00a0Out<\/p>\n<p>Type de blessure : Genou <\/p>\n<p>Date de retour possible : 30 d\u00e9cembre (vs Aston Villa)<\/p>\n<p>Gabriel Jesus devrait \u00eatre le dernier \u00e0 sortir du rang en termes de blessures actuelles d&#39;Arsenal, car il lui faudra encore plusieurs semaines pour se remettre d&#39;un probl\u00e8me au LCA.<\/p>\n<hr>\n<p><\/p>\n<h2>LISTE DE SUSPENSION D&#39;ARSENAL  <\/h2>\n<p class=\"imgI\">\n<p>Date de retour : 8 novembre (contre Sunderland)<\/p>\n<p>Martin Zubimendi n&#39;est pas disponible pour le voyage \u00e0 Prague en raison d&#39;une interdiction de carton jaune, mais l&#39;Espagnol a quand m\u00eame subi un coup lors de la victoire contre Burnley.<\/p>\n<div class=\"author_box\">\n<div class=\"author_box_banner\"> <img decoding=\"async\" class=\"author_img\" src=\"https:\/\/footdavant.fr\/actualites\/wp-content\/uploads\/2025\/06\/1749127685_316_Equipe-de-la-Ligue-des-champions-du-tournoi-Lamine-Yamal.jpg\"><\/div>\n<\/div>\n<\/div>\n","protected":false},"excerpt":{"rendered":"<p>Sports Mole r\u00e9sume toutes les derni\u00e8res nouvelles sur les blessures et les suspensions d&#39;Arsenal avant le choc de la Ligue des champions de mardi avec<\/p>\n","protected":false},"author":1,"featured_media":30719,"comment_status":"closed","ping_status":"","sticky":false,"template":"","format":"standard","meta":{"footnotes":""},"categories":[4],"tags":[67,15,2867,12,2304,17,894,4105,393,6012,2177,4041,893],"yoast_head":"<!-- This site is optimized with the Yoast SEO plugin v21.0 - https:\/\/yoast.com\/wordpress\/plugins\/seo\/ -->\n<title>Blessure \u00e0 Arsenal, liste des suspensions et dates de retour du Slavia Prague : Gyokeres, Zubimendi, Martinelli au plus tard<\/title>\n<meta name=\"robots\" content=\"index, follow, max-snippet:-1, max-image-preview:large, max-video-preview:-1\" \/>\n<link rel=\"canonical\" href=\"https:\/\/footdavant.fr\/actualites\/blessure-a-arsenal-liste-des-suspensions-et-dates-de-retour-du-slavia-prague-gyokeres-zubimendi-martinelli-au-plus-tard\/\" \/>\n<meta property=\"og:locale\" content=\"fr_FR\" \/>\n<meta property=\"og:type\" content=\"article\" \/>\n<meta property=\"og:title\" content=\"Blessure \u00e0 Arsenal, liste des suspensions et dates de retour du Slavia Prague : Gyokeres, Zubimendi, Martinelli au plus tard\" \/>\n<meta property=\"og:description\" content=\"Sports Mole r\u00e9sume toutes les derni\u00e8res nouvelles sur les blessures et les suspensions d&#039;Arsenal avant le choc de la Ligue des champions de mardi avec\" \/>\n<meta property=\"og:url\" content=\"https:\/\/footdavant.fr\/actualites\/blessure-a-arsenal-liste-des-suspensions-et-dates-de-retour-du-slavia-prague-gyokeres-zubimendi-martinelli-au-plus-tard\/\" \/>\n<meta property=\"og:site_name\" content=\"Foot d&#039;avant\" \/>\n<meta property=\"article:publisher\" content=\"https:\/\/www.facebook.com\/Footdavant\/\" \/>\n<meta property=\"article:published_time\" content=\"2025-11-03T07:48:11+00:00\" \/>\n<meta property=\"article:modified_time\" content=\"2025-11-03T07:48:14+00:00\" \/>\n<meta property=\"og:image\" content=\"https:\/\/footdavant.fr\/actualites\/wp-content\/uploads\/2025\/11\/Blessure-a-Arsenal-liste-des-suspensions-et-dates-de-retour.jpg\" \/>\n\t<meta property=\"og:image:width\" content=\"640\" \/>\n\t<meta property=\"og:image:height\" content=\"480\" \/>\n\t<meta property=\"og:image:type\" content=\"image\/jpeg\" \/>\n<meta name=\"author\" content=\"Cl\u00e9ment\" \/>\n<meta name=\"twitter:card\" content=\"summary_large_image\" \/>\n<meta name=\"twitter:creator\" content=\"@FootdavantFr\" \/>\n<meta name=\"twitter:site\" content=\"@FootdavantFr\" \/>\n<meta name=\"twitter:label1\" content=\"\u00c9crit par\" \/>\n\t<meta name=\"twitter:data1\" content=\"Cl\u00e9ment\" \/>\n\t<meta name=\"twitter:label2\" content=\"Dur\u00e9e de lecture estim\u00e9e\" \/>\n\t<meta name=\"twitter:data2\" content=\"3 minutes\" \/>\n<script type=\"application\/ld+json\" class=\"yoast-schema-graph\">{\"@context\":\"https:\/\/schema.org\",\"@graph\":[{\"@type\":\"Article\",\"@id\":\"https:\/\/footdavant.fr\/actualites\/blessure-a-arsenal-liste-des-suspensions-et-dates-de-retour-du-slavia-prague-gyokeres-zubimendi-martinelli-au-plus-tard\/#article\",\"isPartOf\":{\"@id\":\"https:\/\/footdavant.fr\/actualites\/blessure-a-arsenal-liste-des-suspensions-et-dates-de-retour-du-slavia-prague-gyokeres-zubimendi-martinelli-au-plus-tard\/\"},\"author\":{\"name\":\"Cl\u00e9ment\",\"@id\":\"https:\/\/footdavant.fr\/actualites\/#\/schema\/person\/bc222566d95871b37e597b3ed3ba5e1d\"},\"headline\":\"Blessure \u00e0 Arsenal, liste des suspensions et dates de retour du Slavia Prague : Gyokeres, Zubimendi, Martinelli au plus tard\",\"datePublished\":\"2025-11-03T07:48:11+00:00\",\"dateModified\":\"2025-11-03T07:48:14+00:00\",\"mainEntityOfPage\":{\"@id\":\"https:\/\/footdavant.fr\/actualites\/blessure-a-arsenal-liste-des-suspensions-et-dates-de-retour-du-slavia-prague-gyokeres-zubimendi-martinelli-au-plus-tard\/\"},\"wordCount\":547,\"publisher\":{\"@id\":\"https:\/\/footdavant.fr\/actualites\/#organization\"},\"keywords\":[\"Arsenal\",\"Blessure\",\"Dates\",\"des\",\"Gyokeres\",\"liste\",\"Martinelli\",\"Prague\",\"retour\",\"Slavia\",\"suspensions\",\"tard\",\"Zubimendi\"],\"articleSection\":[\"Champions League\"],\"inLanguage\":\"fr-FR\"},{\"@type\":\"WebPage\",\"@id\":\"https:\/\/footdavant.fr\/actualites\/blessure-a-arsenal-liste-des-suspensions-et-dates-de-retour-du-slavia-prague-gyokeres-zubimendi-martinelli-au-plus-tard\/\",\"url\":\"https:\/\/footdavant.fr\/actualites\/blessure-a-arsenal-liste-des-suspensions-et-dates-de-retour-du-slavia-prague-gyokeres-zubimendi-martinelli-au-plus-tard\/\",\"name\":\"Blessure \u00e0 Arsenal, liste des suspensions et dates de retour du Slavia Prague : Gyokeres, Zubimendi, Martinelli au plus tard\",\"isPartOf\":{\"@id\":\"https:\/\/footdavant.fr\/actualites\/#website\"},\"datePublished\":\"2025-11-03T07:48:11+00:00\",\"dateModified\":\"2025-11-03T07:48:14+00:00\",\"breadcrumb\":{\"@id\":\"https:\/\/footdavant.fr\/actualites\/blessure-a-arsenal-liste-des-suspensions-et-dates-de-retour-du-slavia-prague-gyokeres-zubimendi-martinelli-au-plus-tard\/#breadcrumb\"},\"inLanguage\":\"fr-FR\",\"potentialAction\":[{\"@type\":\"ReadAction\",\"target\":[\"https:\/\/footdavant.fr\/actualites\/blessure-a-arsenal-liste-des-suspensions-et-dates-de-retour-du-slavia-prague-gyokeres-zubimendi-martinelli-au-plus-tard\/\"]}]},{\"@type\":\"BreadcrumbList\",\"@id\":\"https:\/\/footdavant.fr\/actualites\/blessure-a-arsenal-liste-des-suspensions-et-dates-de-retour-du-slavia-prague-gyokeres-zubimendi-martinelli-au-plus-tard\/#breadcrumb\",\"itemListElement\":[{\"@type\":\"ListItem\",\"position\":1,\"name\":\"Accueil\",\"item\":\"https:\/\/footdavant.fr\/actualites\/\"},{\"@type\":\"ListItem\",\"position\":2,\"name\":\"Blessure \u00e0 Arsenal, liste des suspensions et dates de retour du Slavia Prague : Gyokeres, Zubimendi, Martinelli au plus tard\"}]},{\"@type\":\"WebSite\",\"@id\":\"https:\/\/footdavant.fr\/actualites\/#website\",\"url\":\"https:\/\/footdavant.fr\/actualites\/\",\"name\":\"Foot d'avant\",\"description\":\"\",\"publisher\":{\"@id\":\"https:\/\/footdavant.fr\/actualites\/#organization\"},\"potentialAction\":[{\"@type\":\"SearchAction\",\"target\":{\"@type\":\"EntryPoint\",\"urlTemplate\":\"https:\/\/footdavant.fr\/actualites\/?s={search_term_string}\"},\"query-input\":\"required name=search_term_string\"}],\"inLanguage\":\"fr-FR\"},{\"@type\":\"Organization\",\"@id\":\"https:\/\/footdavant.fr\/actualites\/#organization\",\"name\":\"Foot d'avant\",\"url\":\"https:\/\/footdavant.fr\/actualites\/\",\"logo\":{\"@type\":\"ImageObject\",\"inLanguage\":\"fr-FR\",\"@id\":\"https:\/\/footdavant.fr\/actualites\/#\/schema\/logo\/image\/\",\"url\":\"https:\/\/footdavant.fr\/actualites\/wp-content\/uploads\/2023\/09\/Copy-of-FootDavant-Logo.png\",\"contentUrl\":\"https:\/\/footdavant.fr\/actualites\/wp-content\/uploads\/2023\/09\/Copy-of-FootDavant-Logo.png\",\"width\":936,\"height\":549,\"caption\":\"Foot d'avant\"},\"image\":{\"@id\":\"https:\/\/footdavant.fr\/actualites\/#\/schema\/logo\/image\/\"},\"sameAs\":[\"https:\/\/www.facebook.com\/Footdavant\/\",\"https:\/\/twitter.com\/FootdavantFr\",\"https:\/\/www.instagram.com\/footdavant.fr\/\"]},{\"@type\":\"Person\",\"@id\":\"https:\/\/footdavant.fr\/actualites\/#\/schema\/person\/bc222566d95871b37e597b3ed3ba5e1d\",\"name\":\"Cl\u00e9ment\",\"image\":{\"@type\":\"ImageObject\",\"inLanguage\":\"fr-FR\",\"@id\":\"https:\/\/footdavant.fr\/actualites\/#\/schema\/person\/image\/\",\"url\":\"https:\/\/secure.gravatar.com\/avatar\/7728b29aac2719421e1a9159b2254c44?s=96&d=mm&r=g\",\"contentUrl\":\"https:\/\/secure.gravatar.com\/avatar\/7728b29aac2719421e1a9159b2254c44?s=96&d=mm&r=g\",\"caption\":\"Cl\u00e9ment\"},\"sameAs\":[\"https:\/\/footdavant.fr\/\"]}]}<\/script>\n<!-- \/ Yoast SEO plugin. -->","yoast_head_json":{"title":"Blessure \u00e0 Arsenal, liste des suspensions et dates de retour du Slavia Prague : Gyokeres, Zubimendi, Martinelli au plus tard","robots":{"index":"index","follow":"follow","max-snippet":"max-snippet:-1","max-image-preview":"max-image-preview:large","max-video-preview":"max-video-preview:-1"},"canonical":"https:\/\/footdavant.fr\/actualites\/blessure-a-arsenal-liste-des-suspensions-et-dates-de-retour-du-slavia-prague-gyokeres-zubimendi-martinelli-au-plus-tard\/","og_locale":"fr_FR","og_type":"article","og_title":"Blessure \u00e0 Arsenal, liste des suspensions et dates de retour du Slavia Prague : Gyokeres, Zubimendi, Martinelli au plus tard","og_description":"Sports Mole r\u00e9sume toutes les derni\u00e8res nouvelles sur les blessures et les suspensions d&#39;Arsenal avant le choc de la Ligue des champions de mardi avec","og_url":"https:\/\/footdavant.fr\/actualites\/blessure-a-arsenal-liste-des-suspensions-et-dates-de-retour-du-slavia-prague-gyokeres-zubimendi-martinelli-au-plus-tard\/","og_site_name":"Foot d&#039;avant","article_publisher":"https:\/\/www.facebook.com\/Footdavant\/","article_published_time":"2025-11-03T07:48:11+00:00","article_modified_time":"2025-11-03T07:48:14+00:00","og_image":[{"width":640,"height":480,"url":"https:\/\/footdavant.fr\/actualites\/wp-content\/uploads\/2025\/11\/Blessure-a-Arsenal-liste-des-suspensions-et-dates-de-retour.jpg","type":"image\/jpeg"}],"author":"Cl\u00e9ment","twitter_card":"summary_large_image","twitter_creator":"@FootdavantFr","twitter_site":"@FootdavantFr","twitter_misc":{"\u00c9crit par":"Cl\u00e9ment","Dur\u00e9e de lecture estim\u00e9e":"3 minutes"},"schema":{"@context":"https:\/\/schema.org","@graph":[{"@type":"Article","@id":"https:\/\/footdavant.fr\/actualites\/blessure-a-arsenal-liste-des-suspensions-et-dates-de-retour-du-slavia-prague-gyokeres-zubimendi-martinelli-au-plus-tard\/#article","isPartOf":{"@id":"https:\/\/footdavant.fr\/actualites\/blessure-a-arsenal-liste-des-suspensions-et-dates-de-retour-du-slavia-prague-gyokeres-zubimendi-martinelli-au-plus-tard\/"},"author":{"name":"Cl\u00e9ment","@id":"https:\/\/footdavant.fr\/actualites\/#\/schema\/person\/bc222566d95871b37e597b3ed3ba5e1d"},"headline":"Blessure \u00e0 Arsenal, liste des suspensions et dates de retour du Slavia Prague : Gyokeres, Zubimendi, Martinelli au plus tard","datePublished":"2025-11-03T07:48:11+00:00","dateModified":"2025-11-03T07:48:14+00:00","mainEntityOfPage":{"@id":"https:\/\/footdavant.fr\/actualites\/blessure-a-arsenal-liste-des-suspensions-et-dates-de-retour-du-slavia-prague-gyokeres-zubimendi-martinelli-au-plus-tard\/"},"wordCount":547,"publisher":{"@id":"https:\/\/footdavant.fr\/actualites\/#organization"},"keywords":["Arsenal","Blessure","Dates","des","Gyokeres","liste","Martinelli","Prague","retour","Slavia","suspensions","tard","Zubimendi"],"articleSection":["Champions League"],"inLanguage":"fr-FR"},{"@type":"WebPage","@id":"https:\/\/footdavant.fr\/actualites\/blessure-a-arsenal-liste-des-suspensions-et-dates-de-retour-du-slavia-prague-gyokeres-zubimendi-martinelli-au-plus-tard\/","url":"https:\/\/footdavant.fr\/actualites\/blessure-a-arsenal-liste-des-suspensions-et-dates-de-retour-du-slavia-prague-gyokeres-zubimendi-martinelli-au-plus-tard\/","name":"Blessure \u00e0 Arsenal, liste des suspensions et dates de retour du Slavia Prague : Gyokeres, Zubimendi, Martinelli au plus tard","isPartOf":{"@id":"https:\/\/footdavant.fr\/actualites\/#website"},"datePublished":"2025-11-03T07:48:11+00:00","dateModified":"2025-11-03T07:48:14+00:00","breadcrumb":{"@id":"https:\/\/footdavant.fr\/actualites\/blessure-a-arsenal-liste-des-suspensions-et-dates-de-retour-du-slavia-prague-gyokeres-zubimendi-martinelli-au-plus-tard\/#breadcrumb"},"inLanguage":"fr-FR","potentialAction":[{"@type":"ReadAction","target":["https:\/\/footdavant.fr\/actualites\/blessure-a-arsenal-liste-des-suspensions-et-dates-de-retour-du-slavia-prague-gyokeres-zubimendi-martinelli-au-plus-tard\/"]}]},{"@type":"BreadcrumbList","@id":"https:\/\/footdavant.fr\/actualites\/blessure-a-arsenal-liste-des-suspensions-et-dates-de-retour-du-slavia-prague-gyokeres-zubimendi-martinelli-au-plus-tard\/#breadcrumb","itemListElement":[{"@type":"ListItem","position":1,"name":"Accueil","item":"https:\/\/footdavant.fr\/actualites\/"},{"@type":"ListItem","position":2,"name":"Blessure \u00e0 Arsenal, liste des suspensions et dates de retour du Slavia Prague : Gyokeres, Zubimendi, Martinelli au plus tard"}]},{"@type":"WebSite","@id":"https:\/\/footdavant.fr\/actualites\/#website","url":"https:\/\/footdavant.fr\/actualites\/","name":"Foot d'avant","description":"","publisher":{"@id":"https:\/\/footdavant.fr\/actualites\/#organization"},"potentialAction":[{"@type":"SearchAction","target":{"@type":"EntryPoint","urlTemplate":"https:\/\/footdavant.fr\/actualites\/?s={search_term_string}"},"query-input":"required name=search_term_string"}],"inLanguage":"fr-FR"},{"@type":"Organization","@id":"https:\/\/footdavant.fr\/actualites\/#organization","name":"Foot d'avant","url":"https:\/\/footdavant.fr\/actualites\/","logo":{"@type":"ImageObject","inLanguage":"fr-FR","@id":"https:\/\/footdavant.fr\/actualites\/#\/schema\/logo\/image\/","url":"https:\/\/footdavant.fr\/actualites\/wp-content\/uploads\/2023\/09\/Copy-of-FootDavant-Logo.png","contentUrl":"https:\/\/footdavant.fr\/actualites\/wp-content\/uploads\/2023\/09\/Copy-of-FootDavant-Logo.png","width":936,"height":549,"caption":"Foot d'avant"},"image":{"@id":"https:\/\/footdavant.fr\/actualites\/#\/schema\/logo\/image\/"},"sameAs":["https:\/\/www.facebook.com\/Footdavant\/","https:\/\/twitter.com\/FootdavantFr","https:\/\/www.instagram.com\/footdavant.fr\/"]},{"@type":"Person","@id":"https:\/\/footdavant.fr\/actualites\/#\/schema\/person\/bc222566d95871b37e597b3ed3ba5e1d","name":"Cl\u00e9ment","image":{"@type":"ImageObject","inLanguage":"fr-FR","@id":"https:\/\/footdavant.fr\/actualites\/#\/schema\/person\/image\/","url":"https:\/\/secure.gravatar.com\/avatar\/7728b29aac2719421e1a9159b2254c44?s=96&d=mm&r=g","contentUrl":"https:\/\/secure.gravatar.com\/avatar\/7728b29aac2719421e1a9159b2254c44?s=96&d=mm&r=g","caption":"Cl\u00e9ment"},"sameAs":["https:\/\/footdavant.fr\/"]}]}},"_links":{"self":[{"href":"https:\/\/footdavant.fr\/actualites\/wp-json\/wp\/v2\/posts\/30718"}],"collection":[{"href":"https:\/\/footdavant.fr\/actualites\/wp-json\/wp\/v2\/posts"}],"about":[{"href":"https:\/\/footdavant.fr\/actualites\/wp-json\/wp\/v2\/types\/post"}],"author":[{"embeddable":true,"href":"https:\/\/footdavant.fr\/actualites\/wp-json\/wp\/v2\/users\/1"}],"replies":[{"embeddable":true,"href":"https:\/\/footdavant.fr\/actualites\/wp-json\/wp\/v2\/comments?post=30718"}],"version-history":[{"count":1,"href":"https:\/\/footdavant.fr\/actualites\/wp-json\/wp\/v2\/posts\/30718\/revisions"}],"predecessor-version":[{"id":30720,"href":"https:\/\/footdavant.fr\/actualites\/wp-json\/wp\/v2\/posts\/30718\/revisions\/30720"}],"wp:featuredmedia":[{"embeddable":true,"href":"https:\/\/footdavant.fr\/actualites\/wp-json\/wp\/v2\/media\/30719"}],"wp:attachment":[{"href":"https:\/\/footdavant.fr\/actualites\/wp-json\/wp\/v2\/media?parent=30718"}],"wp:term":[{"taxonomy":"category","embeddable":true,"href":"https:\/\/footdavant.fr\/actualites\/wp-json\/wp\/v2\/categories?post=30718"},{"taxonomy":"post_tag","embeddable":true,"href":"https:\/\/footdavant.fr\/actualites\/wp-json\/wp\/v2\/tags?post=30718"}],"curies":[{"name":"wp","href":"https:\/\/api.w.org\/{rel}","templated":true}]}}