{"id":30721,"date":"2025-11-03T09:48:10","date_gmt":"2025-11-03T08:48:10","guid":{"rendered":"https:\/\/footdavant.fr\/actualites\/nouvelles-du-transfert-de-bournemouth-le-club-de-la-liga-garde-un-oeil-sur-lattaquant-des-cherries-avant-la-fenetre-de-janvier\/"},"modified":"2025-11-03T09:48:13","modified_gmt":"2025-11-03T08:48:13","slug":"nouvelles-du-transfert-de-bournemouth-le-club-de-la-liga-garde-un-oeil-sur-lattaquant-des-cherries-avant-la-fenetre-de-janvier","status":"publish","type":"post","link":"https:\/\/footdavant.fr\/actualites\/nouvelles-du-transfert-de-bournemouth-le-club-de-la-liga-garde-un-oeil-sur-lattaquant-des-cherries-avant-la-fenetre-de-janvier\/","title":{"rendered":"Nouvelles du transfert de Bournemouth: le club de la Liga \u00ab garde un \u0153il \u00bb sur l&#39;attaquant des Cherries avant la fen\u00eatre de janvier"},"content":{"rendered":"<div>\n<div class=\"article_img_img\">\n<p>\u00a9 Pro Sports Images \/ Imago<\/p>\n<\/div>\n<\/div>\n<p>Une \u00e9quipe de la Liga aurait manifest\u00e9 un vif int\u00e9r\u00eat pour la signature de l&#39;attaquant de Bournemouth Enes Unal lors du mercato hivernal.<\/p>\n<div id=\"article_body\" itemprop=\"articleBody\">\n<h3 class=\"firstPara\"><\/h3>\n<p><strong class=\"autotag\">Getafe serait int\u00e9ress\u00e9 \u00e0 signer \u00e0 nouveau <strong class=\"autotag\">L&#39;attaquant de Bournemouth <strong class=\"autotag\">Enes Unal dans la nouvelle ann\u00e9e.<\/p>\n<p>Unal a marqu\u00e9 36 buts en 109 matches de comp\u00e9tition pour Getafe avant de d\u00e9m\u00e9nager \u00e0 Bournemouth en pr\u00eat lors du mercato d&#39;hiver 2024.<\/p>\n<p>L&#39;international turc, d\u00e9finitivement transf\u00e9r\u00e9 lors du march\u00e9 d&#39;\u00e9t\u00e9 suivant, n&#39;a d\u00fb se contenter que de quatre buts en 35 matches. <strong class=\"autotag\">Du c\u00f4t\u00e9 d&#39;Andoni Iraola. <\/p>\n<p>Unal a vu sa carri\u00e8re \u00e0 Bournemouth stagner apr\u00e8s avoir subi une blessure au ligament crois\u00e9 ant\u00e9rieur (LCA) en janvier \u2013 la deuxi\u00e8me blessure au LCA qu&#39;il a subie dans sa carri\u00e8re apr\u00e8s avoir pass\u00e9 une p\u00e9riode prolong\u00e9e sur la touche \u00e0 Getafe.<\/p>\n<p class=\"imgI\"><img decoding=\"async\" alt=\"L&#39;entra\u00eeneur-chef de Getafe, Jos\u00e9 Bordalas, le 16 mars 2025\" class=\"vanilla-lazyload article-image\" src=\"https:\/\/footdavant.fr\/actualites\/wp-content\/uploads\/2025\/11\/Nouvelles-du-transfert-de-Bournemouth-le-club-de-la-Liga.jpg\"><\/p>\n<h2>Getafe veut re-signer Unal en 2026<\/h2>\n<p>Le joueur de 28 ans a fait son retour tant attendu dimanche lors de la victoire 2-0 \u00e0 domicile contre Nottingham Forest, rempla\u00e7ant <strong class=\"autotag\">Antoine Semenyo dans les arr\u00eats de jeu pour faire une apparition tardive en remplacement au Vitality Stadium.<\/p>\n<p>L&#39;objectif principal d&#39;Unal sera d&#39;accumuler ses minutes et de retrouver sa forme physique, mais il pourrait avoir une d\u00e9cision \u00e0 prendre sur son avenir lorsque la fen\u00eatre de transfert s&#39;ouvrira en janvier.<\/p>\n<p>Selon <em>Stade Deportivo<\/em>l&#39;ancien club d&#39;Unal, Getafe, souhaite le ramener dans la capitale espagnole au cours de la nouvelle ann\u00e9e.<\/p>\n<p>Les Azulones souhaitaient recruter \u00e0 nouveau l&#39;attaquant lors de la derni\u00e8re fen\u00eatre hivernale, mais ils ont \u00e9t\u00e9 contraints d&#39;abandonner leur poursuite apr\u00e8s qu&#39;il ait subi une grave blessure au genou.<\/p>\n<p><strong class=\"autotag\">L&#39;\u00e9quipe de Jose Bordalas devrait d\u00e9sormais surveiller de pr\u00e8s sa forme physique et ses performances d&#39;ici le mercato de janvier, avant de d\u00e9cider de faire ou non une proposition. <\/p>\n<p class=\"imgI\"><img decoding=\"async\" alt=\"Enes Unal de Bournemouth le 26 d\u00e9cembre 2024\" class=\"vanilla-lazyload article-image\" src=\"https:\/\/footdavant.fr\/actualites\/wp-content\/uploads\/2025\/11\/1762159690_10_Nouvelles-du-transfert-de-Bournemouth-le-club-de-la-Liga.jpg\"><\/p>\n<h2>Bournemouth devrait-il se d\u00e9barrasser d\u2019Unal ?<\/h2>\n<p>Bournemouth pourrait avoir des inqui\u00e9tudes quant \u00e0 la forme physique \u00e0 long terme d&#39;Unal, compte tenu du fait qu&#39;il a subi deux blessures au LCA en moins de deux ans.<\/p>\n<p>Dans cet esprit, ils pourraient \u00eatre dispos\u00e9s \u00e0 se s\u00e9parer sur le march\u00e9 de janvier, m\u00eame si l&#39;attaquant est sous contrat jusqu&#39;\u00e0 l&#39;\u00e9t\u00e9 2028.<\/p>\n<p>Cependant, en v\u00e9rit\u00e9, il est peu probable que les Cherries prennent une d\u00e9cision avant d&#39;avoir eu le temps d&#39;\u00e9valuer ses performances sur le terrain au cours des prochains mois. <\/p>\n<p>Iraola n&#39;a pas la chance de disposer d&#39;un \u00e9ventail d&#39;options d&#39;avant-centre, Unal \u00e9tant l&#39;un des trois attaquants naturels de l&#39;\u00e9quipe avec Evanilson et Eli Kroupi.<\/p>\n<p>En cons\u00e9quence, Bournemouth devra s\u00fbrement signer un rempla\u00e7ant avant d&#39;envisager de vendre l&#39;ancien homme de Getafe.<\/p>\n<\/div>\n","protected":false},"excerpt":{"rendered":"<p>\u00a9 Pro Sports Images \/ Imago Une \u00e9quipe de la Liga aurait manifest\u00e9 un vif int\u00e9r\u00eat pour la signature de l&#39;attaquant de Bournemouth Enes Unal<\/p>\n","protected":false},"author":1,"featured_media":30722,"comment_status":"closed","ping_status":"","sticky":false,"template":"","format":"standard","meta":{"footnotes":""},"categories":[5],"tags":[491,54,5549,333,12,2446,205,166,4304,1704,461,206,103,700],"yoast_head":"<!-- This site is optimized with the Yoast SEO plugin v21.0 - https:\/\/yoast.com\/wordpress\/plugins\/seo\/ -->\n<title>Nouvelles du transfert de Bournemouth: le club de la Liga \u00ab garde un \u0153il \u00bb sur l&#039;attaquant des Cherries avant la fen\u00eatre de janvier<\/title>\n<meta name=\"robots\" content=\"index, follow, max-snippet:-1, max-image-preview:large, max-video-preview:-1\" \/>\n<link rel=\"canonical\" href=\"https:\/\/footdavant.fr\/actualites\/nouvelles-du-transfert-de-bournemouth-le-club-de-la-liga-garde-un-oeil-sur-lattaquant-des-cherries-avant-la-fenetre-de-janvier\/\" \/>\n<meta property=\"og:locale\" content=\"fr_FR\" \/>\n<meta property=\"og:type\" content=\"article\" \/>\n<meta property=\"og:title\" content=\"Nouvelles du transfert de Bournemouth: le club de la Liga \u00ab garde un \u0153il \u00bb sur l&#039;attaquant des Cherries avant la fen\u00eatre de janvier\" \/>\n<meta property=\"og:description\" content=\"\u00a9 Pro Sports Images \/ Imago Une \u00e9quipe de la Liga aurait manifest\u00e9 un vif int\u00e9r\u00eat pour la signature de l&#039;attaquant de Bournemouth Enes Unal\" \/>\n<meta property=\"og:url\" content=\"https:\/\/footdavant.fr\/actualites\/nouvelles-du-transfert-de-bournemouth-le-club-de-la-liga-garde-un-oeil-sur-lattaquant-des-cherries-avant-la-fenetre-de-janvier\/\" \/>\n<meta property=\"og:site_name\" content=\"Foot d&#039;avant\" \/>\n<meta property=\"article:publisher\" content=\"https:\/\/www.facebook.com\/Footdavant\/\" \/>\n<meta property=\"article:published_time\" content=\"2025-11-03T08:48:10+00:00\" \/>\n<meta property=\"article:modified_time\" content=\"2025-11-03T08:48:13+00:00\" \/>\n<meta property=\"og:image\" content=\"https:\/\/footdavant.fr\/actualites\/wp-content\/uploads\/2025\/11\/Nouvelles-du-transfert-de-Bournemouth-le-club-de-la-Liga.webp\" \/>\n\t<meta property=\"og:image:width\" content=\"640\" \/>\n\t<meta property=\"og:image:height\" content=\"480\" \/>\n\t<meta property=\"og:image:type\" content=\"image\/jpeg\" \/>\n<meta name=\"author\" content=\"Cl\u00e9ment\" \/>\n<meta name=\"twitter:card\" content=\"summary_large_image\" \/>\n<meta name=\"twitter:creator\" content=\"@FootdavantFr\" \/>\n<meta name=\"twitter:site\" content=\"@FootdavantFr\" \/>\n<meta name=\"twitter:label1\" content=\"\u00c9crit par\" \/>\n\t<meta name=\"twitter:data1\" content=\"Cl\u00e9ment\" \/>\n\t<meta name=\"twitter:label2\" content=\"Dur\u00e9e de lecture estim\u00e9e\" \/>\n\t<meta name=\"twitter:data2\" content=\"2 minutes\" \/>\n<script type=\"application\/ld+json\" class=\"yoast-schema-graph\">{\"@context\":\"https:\/\/schema.org\",\"@graph\":[{\"@type\":\"Article\",\"@id\":\"https:\/\/footdavant.fr\/actualites\/nouvelles-du-transfert-de-bournemouth-le-club-de-la-liga-garde-un-oeil-sur-lattaquant-des-cherries-avant-la-fenetre-de-janvier\/#article\",\"isPartOf\":{\"@id\":\"https:\/\/footdavant.fr\/actualites\/nouvelles-du-transfert-de-bournemouth-le-club-de-la-liga-garde-un-oeil-sur-lattaquant-des-cherries-avant-la-fenetre-de-janvier\/\"},\"author\":{\"name\":\"Cl\u00e9ment\",\"@id\":\"https:\/\/footdavant.fr\/actualites\/#\/schema\/person\/bc222566d95871b37e597b3ed3ba5e1d\"},\"headline\":\"Nouvelles du transfert de Bournemouth: le club de la Liga \u00ab garde un \u0153il \u00bb sur l&#39;attaquant des Cherries avant la fen\u00eatre de janvier\",\"datePublished\":\"2025-11-03T08:48:10+00:00\",\"dateModified\":\"2025-11-03T08:48:13+00:00\",\"mainEntityOfPage\":{\"@id\":\"https:\/\/footdavant.fr\/actualites\/nouvelles-du-transfert-de-bournemouth-le-club-de-la-liga-garde-un-oeil-sur-lattaquant-des-cherries-avant-la-fenetre-de-janvier\/\"},\"wordCount\":498,\"publisher\":{\"@id\":\"https:\/\/footdavant.fr\/actualites\/#organization\"},\"keywords\":[\"avant\",\"Bournemouth\",\"Cherries\",\"club\",\"des\",\"fen\u00eatre\",\"garde\",\"janvier\",\"l39attaquant\",\"Liga\",\"Nouvelles\",\"\u0153il\",\"sur\",\"transfert\"],\"articleSection\":[\"Premier League\"],\"inLanguage\":\"fr-FR\"},{\"@type\":\"WebPage\",\"@id\":\"https:\/\/footdavant.fr\/actualites\/nouvelles-du-transfert-de-bournemouth-le-club-de-la-liga-garde-un-oeil-sur-lattaquant-des-cherries-avant-la-fenetre-de-janvier\/\",\"url\":\"https:\/\/footdavant.fr\/actualites\/nouvelles-du-transfert-de-bournemouth-le-club-de-la-liga-garde-un-oeil-sur-lattaquant-des-cherries-avant-la-fenetre-de-janvier\/\",\"name\":\"Nouvelles du transfert de Bournemouth: le club de la Liga \u00ab garde un \u0153il \u00bb sur l&#39;attaquant des Cherries avant la fen\u00eatre de janvier\",\"isPartOf\":{\"@id\":\"https:\/\/footdavant.fr\/actualites\/#website\"},\"datePublished\":\"2025-11-03T08:48:10+00:00\",\"dateModified\":\"2025-11-03T08:48:13+00:00\",\"breadcrumb\":{\"@id\":\"https:\/\/footdavant.fr\/actualites\/nouvelles-du-transfert-de-bournemouth-le-club-de-la-liga-garde-un-oeil-sur-lattaquant-des-cherries-avant-la-fenetre-de-janvier\/#breadcrumb\"},\"inLanguage\":\"fr-FR\",\"potentialAction\":[{\"@type\":\"ReadAction\",\"target\":[\"https:\/\/footdavant.fr\/actualites\/nouvelles-du-transfert-de-bournemouth-le-club-de-la-liga-garde-un-oeil-sur-lattaquant-des-cherries-avant-la-fenetre-de-janvier\/\"]}]},{\"@type\":\"BreadcrumbList\",\"@id\":\"https:\/\/footdavant.fr\/actualites\/nouvelles-du-transfert-de-bournemouth-le-club-de-la-liga-garde-un-oeil-sur-lattaquant-des-cherries-avant-la-fenetre-de-janvier\/#breadcrumb\",\"itemListElement\":[{\"@type\":\"ListItem\",\"position\":1,\"name\":\"Accueil\",\"item\":\"https:\/\/footdavant.fr\/actualites\/\"},{\"@type\":\"ListItem\",\"position\":2,\"name\":\"Nouvelles du transfert de Bournemouth: le club de la Liga \u00ab garde un \u0153il \u00bb sur l&#39;attaquant des Cherries avant la fen\u00eatre de janvier\"}]},{\"@type\":\"WebSite\",\"@id\":\"https:\/\/footdavant.fr\/actualites\/#website\",\"url\":\"https:\/\/footdavant.fr\/actualites\/\",\"name\":\"Foot d'avant\",\"description\":\"\",\"publisher\":{\"@id\":\"https:\/\/footdavant.fr\/actualites\/#organization\"},\"potentialAction\":[{\"@type\":\"SearchAction\",\"target\":{\"@type\":\"EntryPoint\",\"urlTemplate\":\"https:\/\/footdavant.fr\/actualites\/?s={search_term_string}\"},\"query-input\":\"required name=search_term_string\"}],\"inLanguage\":\"fr-FR\"},{\"@type\":\"Organization\",\"@id\":\"https:\/\/footdavant.fr\/actualites\/#organization\",\"name\":\"Foot d'avant\",\"url\":\"https:\/\/footdavant.fr\/actualites\/\",\"logo\":{\"@type\":\"ImageObject\",\"inLanguage\":\"fr-FR\",\"@id\":\"https:\/\/footdavant.fr\/actualites\/#\/schema\/logo\/image\/\",\"url\":\"https:\/\/footdavant.fr\/actualites\/wp-content\/uploads\/2023\/09\/Copy-of-FootDavant-Logo.png\",\"contentUrl\":\"https:\/\/footdavant.fr\/actualites\/wp-content\/uploads\/2023\/09\/Copy-of-FootDavant-Logo.png\",\"width\":936,\"height\":549,\"caption\":\"Foot d'avant\"},\"image\":{\"@id\":\"https:\/\/footdavant.fr\/actualites\/#\/schema\/logo\/image\/\"},\"sameAs\":[\"https:\/\/www.facebook.com\/Footdavant\/\",\"https:\/\/twitter.com\/FootdavantFr\",\"https:\/\/www.instagram.com\/footdavant.fr\/\"]},{\"@type\":\"Person\",\"@id\":\"https:\/\/footdavant.fr\/actualites\/#\/schema\/person\/bc222566d95871b37e597b3ed3ba5e1d\",\"name\":\"Cl\u00e9ment\",\"image\":{\"@type\":\"ImageObject\",\"inLanguage\":\"fr-FR\",\"@id\":\"https:\/\/footdavant.fr\/actualites\/#\/schema\/person\/image\/\",\"url\":\"https:\/\/secure.gravatar.com\/avatar\/7728b29aac2719421e1a9159b2254c44?s=96&d=mm&r=g\",\"contentUrl\":\"https:\/\/secure.gravatar.com\/avatar\/7728b29aac2719421e1a9159b2254c44?s=96&d=mm&r=g\",\"caption\":\"Cl\u00e9ment\"},\"sameAs\":[\"https:\/\/footdavant.fr\/\"]}]}<\/script>\n<!-- \/ Yoast SEO plugin. -->","yoast_head_json":{"title":"Nouvelles du transfert de Bournemouth: le club de la Liga \u00ab garde un \u0153il \u00bb sur l&#39;attaquant des Cherries avant la fen\u00eatre de janvier","robots":{"index":"index","follow":"follow","max-snippet":"max-snippet:-1","max-image-preview":"max-image-preview:large","max-video-preview":"max-video-preview:-1"},"canonical":"https:\/\/footdavant.fr\/actualites\/nouvelles-du-transfert-de-bournemouth-le-club-de-la-liga-garde-un-oeil-sur-lattaquant-des-cherries-avant-la-fenetre-de-janvier\/","og_locale":"fr_FR","og_type":"article","og_title":"Nouvelles du transfert de Bournemouth: le club de la Liga \u00ab garde un \u0153il \u00bb sur l&#39;attaquant des Cherries avant la fen\u00eatre de janvier","og_description":"\u00a9 Pro Sports Images \/ Imago Une \u00e9quipe de la Liga aurait manifest\u00e9 un vif int\u00e9r\u00eat pour la signature de l&#39;attaquant de Bournemouth Enes Unal","og_url":"https:\/\/footdavant.fr\/actualites\/nouvelles-du-transfert-de-bournemouth-le-club-de-la-liga-garde-un-oeil-sur-lattaquant-des-cherries-avant-la-fenetre-de-janvier\/","og_site_name":"Foot d&#039;avant","article_publisher":"https:\/\/www.facebook.com\/Footdavant\/","article_published_time":"2025-11-03T08:48:10+00:00","article_modified_time":"2025-11-03T08:48:13+00:00","og_image":[{"width":640,"height":480,"url":"https:\/\/footdavant.fr\/actualites\/wp-content\/uploads\/2025\/11\/Nouvelles-du-transfert-de-Bournemouth-le-club-de-la-Liga.webp","type":"image\/jpeg"}],"author":"Cl\u00e9ment","twitter_card":"summary_large_image","twitter_creator":"@FootdavantFr","twitter_site":"@FootdavantFr","twitter_misc":{"\u00c9crit par":"Cl\u00e9ment","Dur\u00e9e de lecture estim\u00e9e":"2 minutes"},"schema":{"@context":"https:\/\/schema.org","@graph":[{"@type":"Article","@id":"https:\/\/footdavant.fr\/actualites\/nouvelles-du-transfert-de-bournemouth-le-club-de-la-liga-garde-un-oeil-sur-lattaquant-des-cherries-avant-la-fenetre-de-janvier\/#article","isPartOf":{"@id":"https:\/\/footdavant.fr\/actualites\/nouvelles-du-transfert-de-bournemouth-le-club-de-la-liga-garde-un-oeil-sur-lattaquant-des-cherries-avant-la-fenetre-de-janvier\/"},"author":{"name":"Cl\u00e9ment","@id":"https:\/\/footdavant.fr\/actualites\/#\/schema\/person\/bc222566d95871b37e597b3ed3ba5e1d"},"headline":"Nouvelles du transfert de Bournemouth: le club de la Liga \u00ab garde un \u0153il \u00bb sur l&#39;attaquant des Cherries avant la fen\u00eatre de janvier","datePublished":"2025-11-03T08:48:10+00:00","dateModified":"2025-11-03T08:48:13+00:00","mainEntityOfPage":{"@id":"https:\/\/footdavant.fr\/actualites\/nouvelles-du-transfert-de-bournemouth-le-club-de-la-liga-garde-un-oeil-sur-lattaquant-des-cherries-avant-la-fenetre-de-janvier\/"},"wordCount":498,"publisher":{"@id":"https:\/\/footdavant.fr\/actualites\/#organization"},"keywords":["avant","Bournemouth","Cherries","club","des","fen\u00eatre","garde","janvier","l39attaquant","Liga","Nouvelles","\u0153il","sur","transfert"],"articleSection":["Premier League"],"inLanguage":"fr-FR"},{"@type":"WebPage","@id":"https:\/\/footdavant.fr\/actualites\/nouvelles-du-transfert-de-bournemouth-le-club-de-la-liga-garde-un-oeil-sur-lattaquant-des-cherries-avant-la-fenetre-de-janvier\/","url":"https:\/\/footdavant.fr\/actualites\/nouvelles-du-transfert-de-bournemouth-le-club-de-la-liga-garde-un-oeil-sur-lattaquant-des-cherries-avant-la-fenetre-de-janvier\/","name":"Nouvelles du transfert de Bournemouth: le club de la Liga \u00ab garde un \u0153il \u00bb sur l&#39;attaquant des Cherries avant la fen\u00eatre de janvier","isPartOf":{"@id":"https:\/\/footdavant.fr\/actualites\/#website"},"datePublished":"2025-11-03T08:48:10+00:00","dateModified":"2025-11-03T08:48:13+00:00","breadcrumb":{"@id":"https:\/\/footdavant.fr\/actualites\/nouvelles-du-transfert-de-bournemouth-le-club-de-la-liga-garde-un-oeil-sur-lattaquant-des-cherries-avant-la-fenetre-de-janvier\/#breadcrumb"},"inLanguage":"fr-FR","potentialAction":[{"@type":"ReadAction","target":["https:\/\/footdavant.fr\/actualites\/nouvelles-du-transfert-de-bournemouth-le-club-de-la-liga-garde-un-oeil-sur-lattaquant-des-cherries-avant-la-fenetre-de-janvier\/"]}]},{"@type":"BreadcrumbList","@id":"https:\/\/footdavant.fr\/actualites\/nouvelles-du-transfert-de-bournemouth-le-club-de-la-liga-garde-un-oeil-sur-lattaquant-des-cherries-avant-la-fenetre-de-janvier\/#breadcrumb","itemListElement":[{"@type":"ListItem","position":1,"name":"Accueil","item":"https:\/\/footdavant.fr\/actualites\/"},{"@type":"ListItem","position":2,"name":"Nouvelles du transfert de Bournemouth: le club de la Liga \u00ab garde un \u0153il \u00bb sur l&#39;attaquant des Cherries avant la fen\u00eatre de janvier"}]},{"@type":"WebSite","@id":"https:\/\/footdavant.fr\/actualites\/#website","url":"https:\/\/footdavant.fr\/actualites\/","name":"Foot d'avant","description":"","publisher":{"@id":"https:\/\/footdavant.fr\/actualites\/#organization"},"potentialAction":[{"@type":"SearchAction","target":{"@type":"EntryPoint","urlTemplate":"https:\/\/footdavant.fr\/actualites\/?s={search_term_string}"},"query-input":"required name=search_term_string"}],"inLanguage":"fr-FR"},{"@type":"Organization","@id":"https:\/\/footdavant.fr\/actualites\/#organization","name":"Foot d'avant","url":"https:\/\/footdavant.fr\/actualites\/","logo":{"@type":"ImageObject","inLanguage":"fr-FR","@id":"https:\/\/footdavant.fr\/actualites\/#\/schema\/logo\/image\/","url":"https:\/\/footdavant.fr\/actualites\/wp-content\/uploads\/2023\/09\/Copy-of-FootDavant-Logo.png","contentUrl":"https:\/\/footdavant.fr\/actualites\/wp-content\/uploads\/2023\/09\/Copy-of-FootDavant-Logo.png","width":936,"height":549,"caption":"Foot d'avant"},"image":{"@id":"https:\/\/footdavant.fr\/actualites\/#\/schema\/logo\/image\/"},"sameAs":["https:\/\/www.facebook.com\/Footdavant\/","https:\/\/twitter.com\/FootdavantFr","https:\/\/www.instagram.com\/footdavant.fr\/"]},{"@type":"Person","@id":"https:\/\/footdavant.fr\/actualites\/#\/schema\/person\/bc222566d95871b37e597b3ed3ba5e1d","name":"Cl\u00e9ment","image":{"@type":"ImageObject","inLanguage":"fr-FR","@id":"https:\/\/footdavant.fr\/actualites\/#\/schema\/person\/image\/","url":"https:\/\/secure.gravatar.com\/avatar\/7728b29aac2719421e1a9159b2254c44?s=96&d=mm&r=g","contentUrl":"https:\/\/secure.gravatar.com\/avatar\/7728b29aac2719421e1a9159b2254c44?s=96&d=mm&r=g","caption":"Cl\u00e9ment"},"sameAs":["https:\/\/footdavant.fr\/"]}]}},"_links":{"self":[{"href":"https:\/\/footdavant.fr\/actualites\/wp-json\/wp\/v2\/posts\/30721"}],"collection":[{"href":"https:\/\/footdavant.fr\/actualites\/wp-json\/wp\/v2\/posts"}],"about":[{"href":"https:\/\/footdavant.fr\/actualites\/wp-json\/wp\/v2\/types\/post"}],"author":[{"embeddable":true,"href":"https:\/\/footdavant.fr\/actualites\/wp-json\/wp\/v2\/users\/1"}],"replies":[{"embeddable":true,"href":"https:\/\/footdavant.fr\/actualites\/wp-json\/wp\/v2\/comments?post=30721"}],"version-history":[{"count":1,"href":"https:\/\/footdavant.fr\/actualites\/wp-json\/wp\/v2\/posts\/30721\/revisions"}],"predecessor-version":[{"id":30723,"href":"https:\/\/footdavant.fr\/actualites\/wp-json\/wp\/v2\/posts\/30721\/revisions\/30723"}],"wp:featuredmedia":[{"embeddable":true,"href":"https:\/\/footdavant.fr\/actualites\/wp-json\/wp\/v2\/media\/30722"}],"wp:attachment":[{"href":"https:\/\/footdavant.fr\/actualites\/wp-json\/wp\/v2\/media?parent=30721"}],"wp:term":[{"taxonomy":"category","embeddable":true,"href":"https:\/\/footdavant.fr\/actualites\/wp-json\/wp\/v2\/categories?post=30721"},{"taxonomy":"post_tag","embeddable":true,"href":"https:\/\/footdavant.fr\/actualites\/wp-json\/wp\/v2\/tags?post=30721"}],"curies":[{"name":"wp","href":"https:\/\/api.w.org\/{rel}","templated":true}]}}