{"id":30724,"date":"2025-11-03T11:48:03","date_gmt":"2025-11-03T10:48:03","guid":{"rendered":"https:\/\/footdavant.fr\/actualites\/ruben-amorim-dit-que-son-passage-a-manchester-united-a-fait-de-lui-un-meilleur-entraineur\/"},"modified":"2025-11-03T11:48:07","modified_gmt":"2025-11-03T10:48:07","slug":"ruben-amorim-dit-que-son-passage-a-manchester-united-a-fait-de-lui-un-meilleur-entraineur","status":"publish","type":"post","link":"https:\/\/footdavant.fr\/actualites\/ruben-amorim-dit-que-son-passage-a-manchester-united-a-fait-de-lui-un-meilleur-entraineur\/","title":{"rendered":"Ruben Amorim dit que son passage \u00e0 Manchester United a fait de lui un meilleur entra\u00eeneur \u2013"},"content":{"rendered":"<div id=\"penci-post-entry-inner\">\n<p>\t\t\t<i class=\"penci-post-countview-number-check\" style=\"display:none\">2<\/i><\/p>\n<p>Ruben Amorim pense que son passage \u00e0 Manchester United a fait de lui un meilleur entra\u00eeneur. Les g\u00e9ants de la Premier League ont nomm\u00e9 le Portugais comme nouvel entra\u00eeneur-chef en novembre de l&#39;ann\u00e9e derni\u00e8re apr\u00e8s s&#39;\u00eatre s\u00e9par\u00e9 d&#39;Erik ten Hag.<\/p>\n<p>Amorim est arriv\u00e9 \u00e0 Old Trafford apr\u00e8s une p\u00e9riode fulgurante avec le Sporting, o\u00f9 il a remport\u00e9 le championnat deux fois en quatre ans. Il a transform\u00e9 la fortune du club, enregistrant 164 victoires en 231 matches \u00e0 la t\u00eate.<\/p>\n<p>Le Portugais a cependant travers\u00e9 une premi\u00e8re ann\u00e9e difficile au Th\u00e9\u00e2tre des R\u00eaves, m\u00eame si son \u00e9quipe a r\u00e9cemment montr\u00e9 des signes de redressement.<\/p>\n<h3>Le bilan d&#39;Amorim \u00e0 Old Trafford jusqu&#39;\u00e0 pr\u00e9sent<\/h3>\n<p>Amorim n&#39;a remport\u00e9 que 16 victoires en 42 matches toutes comp\u00e9titions confondues la saison derni\u00e8re et a perdu la finale de la Ligue Europa 1-0 contre Tottenham Hotspur. United a \u00e9galement termin\u00e9 15e du classement de la Premier League.<\/p>\n<p>Malgr\u00e9 un premier semestre d\u00e9cevant, INEOS a gard\u00e9 confiance dans le Portugais et l&#39;a fortement soutenu sur le march\u00e9 des transferts. <\/p>\n<p>Amorim s&#39;est \u00e9galement d\u00e9barrass\u00e9 du bois mort au cours de l&#39;\u00e9t\u00e9 dans le but de rationaliser son \u00e9quipe avant sa premi\u00e8re saison compl\u00e8te \u00e0 la t\u00eate. <\/p>\n<p>Les performances de l&#39;\u00e9quipe se sont d\u00e9j\u00e0 am\u00e9lior\u00e9es cette saison, avec cinq victoires et quatre d\u00e9faites sur leurs 11 matches toutes comp\u00e9titions confondues jusqu&#39;\u00e0 pr\u00e9sent. <\/p>\n<p>Les Diables Rouges sont \u00e9galement sur une s\u00e9rie de quatre matchs sans d\u00e9faite en championnat, dont trois victoires et un nul, et occupent d\u00e9sormais la huiti\u00e8me place du classement apr\u00e8s 10 matchs. <\/p>\n<table id=\"tablepress-54\" class=\"tablepress tablepress-id-54\">\n<thead>\n<tr class=\"row-1\">\n<th class=\"column-1\">\u00c9quipe<\/th>\n<th class=\"column-2\">Depuis<\/th>\n<th class=\"column-3\">\u00c0<\/th>\n<th class=\"column-4\">P.<\/th>\n<th class=\"column-5\">W<\/th>\n<th class=\"column-6\">D<\/th>\n<th class=\"column-7\">L<\/th>\n<th class=\"column-8\">Gagner %<\/th>\n<th class=\"column-9\">R\u00e9f.<\/th>\n<\/tr>\n<\/thead>\n<tbody class=\"row-striping row-hover\">\n<tr class=\"row-2\">\n<td class=\"column-1\">Maison Pia<\/td>\n<td class=\"column-2\">1er juillet 2018<\/td>\n<td class=\"column-3\">7 janvier 2019<\/td>\n<td class=\"column-4\">4<\/td>\n<td class=\"column-5\">3<\/td>\n<td class=\"column-6\">0<\/td>\n<td class=\"column-7\">1<\/td>\n<td class=\"column-8\">75.00<\/td>\n<td class=\"column-9\">[citation needed]<\/td>\n<\/tr>\n<tr class=\"row-3\">\n<td class=\"column-1\">Braga B<\/td>\n<td class=\"column-2\">16 septembre 2019<\/td>\n<td class=\"column-3\">23 d\u00e9cembre 2019<\/td>\n<td class=\"column-4\">11<\/td>\n<td class=\"column-5\">8<\/td>\n<td class=\"column-6\">2<\/td>\n<td class=\"column-7\">1<\/td>\n<td class=\"column-8\">72,73<\/td>\n<td class=\"column-9\">[citation needed]<\/td>\n<\/tr>\n<tr class=\"row-4\">\n<td class=\"column-1\">Braga<\/td>\n<td class=\"column-2\">23 d\u00e9cembre 2019<\/td>\n<td class=\"column-3\">4 mars 2020<\/td>\n<td class=\"column-4\">13<\/td>\n<td class=\"column-5\">10<\/td>\n<td class=\"column-6\">1<\/td>\n<td class=\"column-7\">2<\/td>\n<td class=\"column-8\">76,92<\/td>\n<td class=\"column-9\">[citation needed]<\/td>\n<\/tr>\n<tr class=\"row-5\">\n<td class=\"column-1\">CP sportif<\/td>\n<td class=\"column-2\">4 mars 2020<\/td>\n<td class=\"column-3\">10 novembre 2024<\/td>\n<td class=\"column-4\">231<\/td>\n<td class=\"column-5\">164<\/td>\n<td class=\"column-6\">34<\/td>\n<td class=\"column-7\">33<\/td>\n<td class=\"column-8\">71h00<\/td>\n<td class=\"column-9\">[citation needed]<\/td>\n<\/tr>\n<tr class=\"row-6\">\n<td class=\"column-1\">Manchester United<\/td>\n<td class=\"column-2\">11 novembre 2024<\/td>\n<td class=\"column-3\">Pr\u00e9sent<\/td>\n<td class=\"column-4\">53<\/td>\n<td class=\"column-5\">21<\/td>\n<td class=\"column-6\">13<\/td>\n<td class=\"column-7\">19<\/td>\n<td class=\"column-8\">39,62<\/td>\n<td class=\"column-9\">[154]<\/td>\n<\/tr>\n<tr class=\"row-7\">\n<td class=\"column-1\">Total en carri\u00e8re<\/td>\n<td class=\"column-2\">\u2014<\/td>\n<td class=\"column-3\">\u2014<\/td>\n<td class=\"column-4\">312<\/td>\n<td class=\"column-5\">206<\/td>\n<td class=\"column-6\">50<\/td>\n<td class=\"column-7\">56<\/td>\n<td class=\"column-8\">66.03<\/td>\n<td class=\"column-9\">\u2014<\/td>\n<\/tr>\n<\/tbody>\n<\/table>\n<p><!-- #tablepress-54 from cache --><\/p>\n<p>Amorim revient maintenant sur sa premi\u00e8re ann\u00e9e mouvement\u00e9e \u00e0 la t\u00eate du Th\u00e9\u00e2tre des R\u00eaves.<\/p>\n<h3>Le moment le plus important de sa carri\u00e8re<\/h3>\n<p>S&#39;adressant \u00e0 , Amorim a d\u00e9clar\u00e9 : \u00ab\u00a0Si j&#39;arrive \u00e0 la fin de ma carri\u00e8re, je verrai que c&#39;\u00e9tait peut-\u00eatre le moment le plus important de ma carri\u00e8re.\u00a0\u00bb<\/p>\n<p>\u00ab\u00a0Tout s&#39;est bien pass\u00e9, car j&#39;ai commenc\u00e9 \u00e0 gagner beaucoup de matchs et de titres au d\u00e9but de ma carri\u00e8re, ce qui m&#39;a donn\u00e9 une certaine capacit\u00e9 \u00e0 choisir le prochain projet, \u00e0 avoir l&#39;esprit tranquille et puis oui, j&#39;ai pass\u00e9 un mauvais moment et donc cela fait partie de la vie d&#39;entra\u00eeneur.\u00a0\u00bb<\/p>\n<p>\u00ab\u00a0Si je vais voir toute mon histoire, c&#39;est peut-\u00eatre la meilleure chose qui me soit arriv\u00e9e. Aujourd&#39;hui, c&#39;est facile de dire pourquoi nous gagnons. Mais je vais beaucoup mieux, je pense que je suis un bien meilleur entra\u00eeneur maintenant. C&#39;est bizarre \u00e0 dire, mais je pense que oui, parce que j&#39;ai appris \u00e0 surmonter des choses dont je ne savais pas ce que c&#39;\u00e9tait.\u00a0\u00bb<\/p>\n<p>Les performances r\u00e9centes sugg\u00e8rent que l&#39;\u00e9quipe accepte enfin la tactique d&#39;Amorim. Les ajouts d&#39;exp\u00e9rience en Premier League avec Bryan Mbeumo et Matheus Cunha au cours de l&#39;\u00e9t\u00e9 ont certainement aid\u00e9 la cause de United.<\/p>\n<p>Les Diables rouges devraient d\u00e9sormais porter leur attention sur le milieu de terrain en 2026, avec Carlos Baleba et Elliot Anderson parmi les noms sur leur radar.<\/p>\n<blockquote class=\"twitter-tweet\" data-width=\"550\" data-dnt=\"true\">\n<p lang=\"en\" dir=\"ltr\">Un an depuis R\u00faben Amorim.<\/p>\n<p>\ud83d\udc65 52 jeux <br \/>\u2705 22 victoires<br \/>\ud83e\udd1d 9 tirages<br \/>\u274c 21 d\u00e9faites<\/p>\n<p>\u26bd\ufe0f 103 buts marqu\u00e9s<br \/>\ud83d\ude2c 98 buts encaiss\u00e9s <a rel=\"nofollow\" href=\"https:\/\/t.co\/LRKmVKwatC\">pic.twitter.com\/LRKmVKwatC<\/a><\/p>\n<p>\u2013 District Utd (@UtdDistrict) <a rel=\"nofollow\" href=\"https:\/\/twitter.com\/UtdDistrict\/status\/1984557900879315051?ref_src=twsrc%5Etfw\">1 novembre 2025<\/a><\/p>\n<\/blockquote>\n<hr>\n<p>The Peoples Person est l&#39;un des principaux sites d&#39;information de Man United au monde depuis plus d&#39;une d\u00e9cennie. Suivez-nous sur Bluesky\u00a0: @peoplesperson.bsky.social<\/p>\n<\/p>\n<p><!-- CONTENT END 2 --><\/p><\/div>\n<p><script async src=\"https:\/\/platform.twitter.com\/widgets.js\" charset=\"utf-8\"><\/script><\/p>\n","protected":false},"excerpt":{"rendered":"<p>2 Ruben Amorim pense que son passage \u00e0 Manchester United a fait de lui un meilleur entra\u00eeneur. Les g\u00e9ants de la Premier League ont nomm\u00e9<\/p>\n","protected":false},"author":1,"featured_media":30725,"comment_status":"closed","ping_status":"","sticky":false,"template":"","format":"standard","meta":{"footnotes":""},"categories":[3],"tags":[4477,125,4023,152,771,11,452,3632,160,86,13],"yoast_head":"<!-- This site is optimized with the Yoast SEO plugin v21.0 - https:\/\/yoast.com\/wordpress\/plugins\/seo\/ -->\n<title>Ruben Amorim dit que son passage \u00e0 Manchester United a fait de lui un meilleur entra\u00eeneur \u2013<\/title>\n<meta name=\"robots\" content=\"index, follow, max-snippet:-1, max-image-preview:large, max-video-preview:-1\" \/>\n<link rel=\"canonical\" href=\"https:\/\/footdavant.fr\/actualites\/ruben-amorim-dit-que-son-passage-a-manchester-united-a-fait-de-lui-un-meilleur-entraineur\/\" \/>\n<meta property=\"og:locale\" content=\"fr_FR\" \/>\n<meta property=\"og:type\" content=\"article\" \/>\n<meta property=\"og:title\" content=\"Ruben Amorim dit que son passage \u00e0 Manchester United a fait de lui un meilleur entra\u00eeneur \u2013\" \/>\n<meta property=\"og:description\" content=\"2 Ruben Amorim pense que son passage \u00e0 Manchester United a fait de lui un meilleur entra\u00eeneur. Les g\u00e9ants de la Premier League ont nomm\u00e9\" \/>\n<meta property=\"og:url\" content=\"https:\/\/footdavant.fr\/actualites\/ruben-amorim-dit-que-son-passage-a-manchester-united-a-fait-de-lui-un-meilleur-entraineur\/\" \/>\n<meta property=\"og:site_name\" content=\"Foot d&#039;avant\" \/>\n<meta property=\"article:publisher\" content=\"https:\/\/www.facebook.com\/Footdavant\/\" \/>\n<meta property=\"article:published_time\" content=\"2025-11-03T10:48:03+00:00\" \/>\n<meta property=\"article:modified_time\" content=\"2025-11-03T10:48:07+00:00\" \/>\n<meta property=\"og:image\" content=\"https:\/\/footdavant.fr\/actualites\/wp-content\/uploads\/2025\/11\/Ruben-Amorim-dit-que-son-passage-a-Manchester-United-a.jpg\" \/>\n\t<meta property=\"og:image:width\" content=\"1600\" \/>\n\t<meta property=\"og:image:height\" content=\"704\" \/>\n\t<meta property=\"og:image:type\" content=\"image\/jpeg\" \/>\n<meta name=\"author\" content=\"Cl\u00e9ment\" \/>\n<meta name=\"twitter:card\" content=\"summary_large_image\" \/>\n<meta name=\"twitter:creator\" content=\"@FootdavantFr\" \/>\n<meta name=\"twitter:site\" content=\"@FootdavantFr\" \/>\n<meta name=\"twitter:label1\" content=\"\u00c9crit par\" \/>\n\t<meta name=\"twitter:data1\" content=\"Cl\u00e9ment\" \/>\n\t<meta name=\"twitter:label2\" content=\"Dur\u00e9e de lecture estim\u00e9e\" \/>\n\t<meta name=\"twitter:data2\" content=\"3 minutes\" \/>\n<script type=\"application\/ld+json\" class=\"yoast-schema-graph\">{\"@context\":\"https:\/\/schema.org\",\"@graph\":[{\"@type\":\"Article\",\"@id\":\"https:\/\/footdavant.fr\/actualites\/ruben-amorim-dit-que-son-passage-a-manchester-united-a-fait-de-lui-un-meilleur-entraineur\/#article\",\"isPartOf\":{\"@id\":\"https:\/\/footdavant.fr\/actualites\/ruben-amorim-dit-que-son-passage-a-manchester-united-a-fait-de-lui-un-meilleur-entraineur\/\"},\"author\":{\"name\":\"Cl\u00e9ment\",\"@id\":\"https:\/\/footdavant.fr\/actualites\/#\/schema\/person\/bc222566d95871b37e597b3ed3ba5e1d\"},\"headline\":\"Ruben Amorim dit que son passage \u00e0 Manchester United a fait de lui un meilleur entra\u00eeneur \u2013\",\"datePublished\":\"2025-11-03T10:48:03+00:00\",\"dateModified\":\"2025-11-03T10:48:07+00:00\",\"mainEntityOfPage\":{\"@id\":\"https:\/\/footdavant.fr\/actualites\/ruben-amorim-dit-que-son-passage-a-manchester-united-a-fait-de-lui-un-meilleur-entraineur\/\"},\"wordCount\":660,\"publisher\":{\"@id\":\"https:\/\/footdavant.fr\/actualites\/#organization\"},\"keywords\":[\"Amorim\",\"dit\",\"entra\u00eeneur\",\"fait\",\"lui\",\"Manchester\",\"meilleur\",\"passage\",\"Ruben\",\"son\",\"United\"],\"articleSection\":[\"Football\"],\"inLanguage\":\"fr-FR\"},{\"@type\":\"WebPage\",\"@id\":\"https:\/\/footdavant.fr\/actualites\/ruben-amorim-dit-que-son-passage-a-manchester-united-a-fait-de-lui-un-meilleur-entraineur\/\",\"url\":\"https:\/\/footdavant.fr\/actualites\/ruben-amorim-dit-que-son-passage-a-manchester-united-a-fait-de-lui-un-meilleur-entraineur\/\",\"name\":\"Ruben Amorim dit que son passage \u00e0 Manchester United a fait de lui un meilleur entra\u00eeneur \u2013\",\"isPartOf\":{\"@id\":\"https:\/\/footdavant.fr\/actualites\/#website\"},\"datePublished\":\"2025-11-03T10:48:03+00:00\",\"dateModified\":\"2025-11-03T10:48:07+00:00\",\"breadcrumb\":{\"@id\":\"https:\/\/footdavant.fr\/actualites\/ruben-amorim-dit-que-son-passage-a-manchester-united-a-fait-de-lui-un-meilleur-entraineur\/#breadcrumb\"},\"inLanguage\":\"fr-FR\",\"potentialAction\":[{\"@type\":\"ReadAction\",\"target\":[\"https:\/\/footdavant.fr\/actualites\/ruben-amorim-dit-que-son-passage-a-manchester-united-a-fait-de-lui-un-meilleur-entraineur\/\"]}]},{\"@type\":\"BreadcrumbList\",\"@id\":\"https:\/\/footdavant.fr\/actualites\/ruben-amorim-dit-que-son-passage-a-manchester-united-a-fait-de-lui-un-meilleur-entraineur\/#breadcrumb\",\"itemListElement\":[{\"@type\":\"ListItem\",\"position\":1,\"name\":\"Accueil\",\"item\":\"https:\/\/footdavant.fr\/actualites\/\"},{\"@type\":\"ListItem\",\"position\":2,\"name\":\"Ruben Amorim dit que son passage \u00e0 Manchester United a fait de lui un meilleur entra\u00eeneur \u2013\"}]},{\"@type\":\"WebSite\",\"@id\":\"https:\/\/footdavant.fr\/actualites\/#website\",\"url\":\"https:\/\/footdavant.fr\/actualites\/\",\"name\":\"Foot d'avant\",\"description\":\"\",\"publisher\":{\"@id\":\"https:\/\/footdavant.fr\/actualites\/#organization\"},\"potentialAction\":[{\"@type\":\"SearchAction\",\"target\":{\"@type\":\"EntryPoint\",\"urlTemplate\":\"https:\/\/footdavant.fr\/actualites\/?s={search_term_string}\"},\"query-input\":\"required name=search_term_string\"}],\"inLanguage\":\"fr-FR\"},{\"@type\":\"Organization\",\"@id\":\"https:\/\/footdavant.fr\/actualites\/#organization\",\"name\":\"Foot d'avant\",\"url\":\"https:\/\/footdavant.fr\/actualites\/\",\"logo\":{\"@type\":\"ImageObject\",\"inLanguage\":\"fr-FR\",\"@id\":\"https:\/\/footdavant.fr\/actualites\/#\/schema\/logo\/image\/\",\"url\":\"https:\/\/footdavant.fr\/actualites\/wp-content\/uploads\/2023\/09\/Copy-of-FootDavant-Logo.png\",\"contentUrl\":\"https:\/\/footdavant.fr\/actualites\/wp-content\/uploads\/2023\/09\/Copy-of-FootDavant-Logo.png\",\"width\":936,\"height\":549,\"caption\":\"Foot d'avant\"},\"image\":{\"@id\":\"https:\/\/footdavant.fr\/actualites\/#\/schema\/logo\/image\/\"},\"sameAs\":[\"https:\/\/www.facebook.com\/Footdavant\/\",\"https:\/\/twitter.com\/FootdavantFr\",\"https:\/\/www.instagram.com\/footdavant.fr\/\"]},{\"@type\":\"Person\",\"@id\":\"https:\/\/footdavant.fr\/actualites\/#\/schema\/person\/bc222566d95871b37e597b3ed3ba5e1d\",\"name\":\"Cl\u00e9ment\",\"image\":{\"@type\":\"ImageObject\",\"inLanguage\":\"fr-FR\",\"@id\":\"https:\/\/footdavant.fr\/actualites\/#\/schema\/person\/image\/\",\"url\":\"https:\/\/secure.gravatar.com\/avatar\/7728b29aac2719421e1a9159b2254c44?s=96&d=mm&r=g\",\"contentUrl\":\"https:\/\/secure.gravatar.com\/avatar\/7728b29aac2719421e1a9159b2254c44?s=96&d=mm&r=g\",\"caption\":\"Cl\u00e9ment\"},\"sameAs\":[\"https:\/\/footdavant.fr\/\"]}]}<\/script>\n<!-- \/ Yoast SEO plugin. -->","yoast_head_json":{"title":"Ruben Amorim dit que son passage \u00e0 Manchester United a fait de lui un meilleur entra\u00eeneur \u2013","robots":{"index":"index","follow":"follow","max-snippet":"max-snippet:-1","max-image-preview":"max-image-preview:large","max-video-preview":"max-video-preview:-1"},"canonical":"https:\/\/footdavant.fr\/actualites\/ruben-amorim-dit-que-son-passage-a-manchester-united-a-fait-de-lui-un-meilleur-entraineur\/","og_locale":"fr_FR","og_type":"article","og_title":"Ruben Amorim dit que son passage \u00e0 Manchester United a fait de lui un meilleur entra\u00eeneur \u2013","og_description":"2 Ruben Amorim pense que son passage \u00e0 Manchester United a fait de lui un meilleur entra\u00eeneur. Les g\u00e9ants de la Premier League ont nomm\u00e9","og_url":"https:\/\/footdavant.fr\/actualites\/ruben-amorim-dit-que-son-passage-a-manchester-united-a-fait-de-lui-un-meilleur-entraineur\/","og_site_name":"Foot d&#039;avant","article_publisher":"https:\/\/www.facebook.com\/Footdavant\/","article_published_time":"2025-11-03T10:48:03+00:00","article_modified_time":"2025-11-03T10:48:07+00:00","og_image":[{"width":1600,"height":704,"url":"https:\/\/footdavant.fr\/actualites\/wp-content\/uploads\/2025\/11\/Ruben-Amorim-dit-que-son-passage-a-Manchester-United-a.jpg","type":"image\/jpeg"}],"author":"Cl\u00e9ment","twitter_card":"summary_large_image","twitter_creator":"@FootdavantFr","twitter_site":"@FootdavantFr","twitter_misc":{"\u00c9crit par":"Cl\u00e9ment","Dur\u00e9e de lecture estim\u00e9e":"3 minutes"},"schema":{"@context":"https:\/\/schema.org","@graph":[{"@type":"Article","@id":"https:\/\/footdavant.fr\/actualites\/ruben-amorim-dit-que-son-passage-a-manchester-united-a-fait-de-lui-un-meilleur-entraineur\/#article","isPartOf":{"@id":"https:\/\/footdavant.fr\/actualites\/ruben-amorim-dit-que-son-passage-a-manchester-united-a-fait-de-lui-un-meilleur-entraineur\/"},"author":{"name":"Cl\u00e9ment","@id":"https:\/\/footdavant.fr\/actualites\/#\/schema\/person\/bc222566d95871b37e597b3ed3ba5e1d"},"headline":"Ruben Amorim dit que son passage \u00e0 Manchester United a fait de lui un meilleur entra\u00eeneur \u2013","datePublished":"2025-11-03T10:48:03+00:00","dateModified":"2025-11-03T10:48:07+00:00","mainEntityOfPage":{"@id":"https:\/\/footdavant.fr\/actualites\/ruben-amorim-dit-que-son-passage-a-manchester-united-a-fait-de-lui-un-meilleur-entraineur\/"},"wordCount":660,"publisher":{"@id":"https:\/\/footdavant.fr\/actualites\/#organization"},"keywords":["Amorim","dit","entra\u00eeneur","fait","lui","Manchester","meilleur","passage","Ruben","son","United"],"articleSection":["Football"],"inLanguage":"fr-FR"},{"@type":"WebPage","@id":"https:\/\/footdavant.fr\/actualites\/ruben-amorim-dit-que-son-passage-a-manchester-united-a-fait-de-lui-un-meilleur-entraineur\/","url":"https:\/\/footdavant.fr\/actualites\/ruben-amorim-dit-que-son-passage-a-manchester-united-a-fait-de-lui-un-meilleur-entraineur\/","name":"Ruben Amorim dit que son passage \u00e0 Manchester United a fait de lui un meilleur entra\u00eeneur \u2013","isPartOf":{"@id":"https:\/\/footdavant.fr\/actualites\/#website"},"datePublished":"2025-11-03T10:48:03+00:00","dateModified":"2025-11-03T10:48:07+00:00","breadcrumb":{"@id":"https:\/\/footdavant.fr\/actualites\/ruben-amorim-dit-que-son-passage-a-manchester-united-a-fait-de-lui-un-meilleur-entraineur\/#breadcrumb"},"inLanguage":"fr-FR","potentialAction":[{"@type":"ReadAction","target":["https:\/\/footdavant.fr\/actualites\/ruben-amorim-dit-que-son-passage-a-manchester-united-a-fait-de-lui-un-meilleur-entraineur\/"]}]},{"@type":"BreadcrumbList","@id":"https:\/\/footdavant.fr\/actualites\/ruben-amorim-dit-que-son-passage-a-manchester-united-a-fait-de-lui-un-meilleur-entraineur\/#breadcrumb","itemListElement":[{"@type":"ListItem","position":1,"name":"Accueil","item":"https:\/\/footdavant.fr\/actualites\/"},{"@type":"ListItem","position":2,"name":"Ruben Amorim dit que son passage \u00e0 Manchester United a fait de lui un meilleur entra\u00eeneur \u2013"}]},{"@type":"WebSite","@id":"https:\/\/footdavant.fr\/actualites\/#website","url":"https:\/\/footdavant.fr\/actualites\/","name":"Foot d'avant","description":"","publisher":{"@id":"https:\/\/footdavant.fr\/actualites\/#organization"},"potentialAction":[{"@type":"SearchAction","target":{"@type":"EntryPoint","urlTemplate":"https:\/\/footdavant.fr\/actualites\/?s={search_term_string}"},"query-input":"required name=search_term_string"}],"inLanguage":"fr-FR"},{"@type":"Organization","@id":"https:\/\/footdavant.fr\/actualites\/#organization","name":"Foot d'avant","url":"https:\/\/footdavant.fr\/actualites\/","logo":{"@type":"ImageObject","inLanguage":"fr-FR","@id":"https:\/\/footdavant.fr\/actualites\/#\/schema\/logo\/image\/","url":"https:\/\/footdavant.fr\/actualites\/wp-content\/uploads\/2023\/09\/Copy-of-FootDavant-Logo.png","contentUrl":"https:\/\/footdavant.fr\/actualites\/wp-content\/uploads\/2023\/09\/Copy-of-FootDavant-Logo.png","width":936,"height":549,"caption":"Foot d'avant"},"image":{"@id":"https:\/\/footdavant.fr\/actualites\/#\/schema\/logo\/image\/"},"sameAs":["https:\/\/www.facebook.com\/Footdavant\/","https:\/\/twitter.com\/FootdavantFr","https:\/\/www.instagram.com\/footdavant.fr\/"]},{"@type":"Person","@id":"https:\/\/footdavant.fr\/actualites\/#\/schema\/person\/bc222566d95871b37e597b3ed3ba5e1d","name":"Cl\u00e9ment","image":{"@type":"ImageObject","inLanguage":"fr-FR","@id":"https:\/\/footdavant.fr\/actualites\/#\/schema\/person\/image\/","url":"https:\/\/secure.gravatar.com\/avatar\/7728b29aac2719421e1a9159b2254c44?s=96&d=mm&r=g","contentUrl":"https:\/\/secure.gravatar.com\/avatar\/7728b29aac2719421e1a9159b2254c44?s=96&d=mm&r=g","caption":"Cl\u00e9ment"},"sameAs":["https:\/\/footdavant.fr\/"]}]}},"_links":{"self":[{"href":"https:\/\/footdavant.fr\/actualites\/wp-json\/wp\/v2\/posts\/30724"}],"collection":[{"href":"https:\/\/footdavant.fr\/actualites\/wp-json\/wp\/v2\/posts"}],"about":[{"href":"https:\/\/footdavant.fr\/actualites\/wp-json\/wp\/v2\/types\/post"}],"author":[{"embeddable":true,"href":"https:\/\/footdavant.fr\/actualites\/wp-json\/wp\/v2\/users\/1"}],"replies":[{"embeddable":true,"href":"https:\/\/footdavant.fr\/actualites\/wp-json\/wp\/v2\/comments?post=30724"}],"version-history":[{"count":1,"href":"https:\/\/footdavant.fr\/actualites\/wp-json\/wp\/v2\/posts\/30724\/revisions"}],"predecessor-version":[{"id":30726,"href":"https:\/\/footdavant.fr\/actualites\/wp-json\/wp\/v2\/posts\/30724\/revisions\/30726"}],"wp:featuredmedia":[{"embeddable":true,"href":"https:\/\/footdavant.fr\/actualites\/wp-json\/wp\/v2\/media\/30725"}],"wp:attachment":[{"href":"https:\/\/footdavant.fr\/actualites\/wp-json\/wp\/v2\/media?parent=30724"}],"wp:term":[{"taxonomy":"category","embeddable":true,"href":"https:\/\/footdavant.fr\/actualites\/wp-json\/wp\/v2\/categories?post=30724"},{"taxonomy":"post_tag","embeddable":true,"href":"https:\/\/footdavant.fr\/actualites\/wp-json\/wp\/v2\/tags?post=30724"}],"curies":[{"name":"wp","href":"https:\/\/api.w.org\/{rel}","templated":true}]}}