{"id":30734,"date":"2025-11-03T17:48:09","date_gmt":"2025-11-03T16:48:09","guid":{"rendered":"https:\/\/footdavant.fr\/actualites\/nouvelles-des-transferts-de-barcelone-les-geants-catalans-pourraient-ils-faire-un-choc-pour-scott-mctominay-de-naples-lete-prochain\/"},"modified":"2025-11-03T17:48:11","modified_gmt":"2025-11-03T16:48:11","slug":"nouvelles-des-transferts-de-barcelone-les-geants-catalans-pourraient-ils-faire-un-choc-pour-scott-mctominay-de-naples-lete-prochain","status":"publish","type":"post","link":"https:\/\/footdavant.fr\/actualites\/nouvelles-des-transferts-de-barcelone-les-geants-catalans-pourraient-ils-faire-un-choc-pour-scott-mctominay-de-naples-lete-prochain\/","title":{"rendered":"Nouvelles des transferts de Barcelone : les g\u00e9ants catalans pourraient-ils faire un \u00ab choc \u00bb pour Scott McTominay de Naples l&#39;\u00e9t\u00e9 prochain ?"},"content":{"rendered":"<div>\n<div class=\"article_img_img\">\n<p>\u00a9 Giuseppe Maffia \/ Imago<\/p>\n<\/div>\n<\/div>\n<p>Barcelone serait int\u00e9ress\u00e9 par la signature du milieu de terrain de Naples Scott McTominay lors du mercato de l&#39;\u00e9t\u00e9 prochain.<\/p>\n<div id=\"article_body\" itemprop=\"articleBody\">\n<h3 class=\"firstPara\"><\/h3>\n<p><strong class=\"autotag\">Barcelone serait int\u00e9ress\u00e9 par une signature <strong class=\"autotag\">Milieu de terrain de Naples <strong class=\"autotag\">Scott McTominay lors du mercato de l&#39;\u00e9t\u00e9 prochain, les g\u00e9ants catalans \u00e9tant de grands admirateurs de l&#39;international \u00e9cossais.<\/p>\n<p>McTominay a marqu\u00e9 29 buts et enregistr\u00e9 huit passes d\u00e9cisives en 255 apparitions pour Manchester United avant son transfert \u00e0 Naples \u00e0 l&#39;\u00e9t\u00e9 2024, et il a jou\u00e9 pour les g\u00e9ants italiens depuis son arriv\u00e9e.<\/p>\n<p>Le joueur de 28 ans a marqu\u00e9 13 buts et enregistr\u00e9 six passes d\u00e9cisives en 36 matches avec Naples la saison derni\u00e8re, les aidant \u00e0 remporter le titre de Serie A, alors qu&#39;il a \u00e9t\u00e9 nomm\u00e9 dans l&#39;\u00e9quipe de Serie A de la saison.<\/p>\n<p>L&#39;\u00c9cossais a \u00e9galement d\u00e9but\u00e9 cette campagne sous une forme impressionnante, marquant quatre buts et enregistrant une passe d\u00e9cisive en 11 apparitions, dont deux buts et une passe d\u00e9cisive en huit matches de Serie A.<\/p>\n<p>Pendant ce temps, McTominay compte deux buts en trois matchs de Ligue des champions cette saison.<\/p>\n<p class=\"imgI\"><img decoding=\"async\" alt=\"Scott McTominay de Naples le 14 avril 2025\" class=\"vanilla-lazyload article-image\" src=\"https:\/\/footdavant.fr\/actualites\/wp-content\/uploads\/2025\/11\/Nouvelles-des-transferts-de-Barcelone-les-geants-catalans-pourraient-ils.jpg\"><\/p>\n<h2>Barcelone \u00ab envisage \u00bb un transfert estival pour Scott McTominay<\/h2>\n<p>Il y a actuellement des sp\u00e9culations autour de l&#39;avenir de McTominay, avec <strong class=\"autotag\">Tottenham Hotspur et <strong class=\"autotag\">Newcastle United pensait vouloir le ramener en Premier League.<\/p>\n<p>Selon <em>Discussion en \u00e9quipe<\/em>Barcelone est \u00e9galement enthousiaste, les g\u00e9ants catalans le pla\u00e7ant sur leur liste restreinte de milieu de terrain, qui comprend \u00e9galement Amadou Onana d&#39;Aston Villa.<\/p>\n<p>Le rapport affirme que le physique et l&#39;\u00e9nergie de McTominay ont fait de lui une cible de choix pour Barcelone, l&#39;\u00e9quipe catalane cherchant \u00e0 renforcer ce d\u00e9partement avant la campagne 2026-27.<\/p>\n<p>Naples est en position de force en ce qui concerne l&#39;avenir de l&#39;\u00c9cossais, son contrat devant durer jusqu&#39;en juin 2028, et il a \u00e9t\u00e9 question d&#39;un \u00e9ventuel nouvel accord propos\u00e9 jusqu&#39;en juin 2030.<\/p>\n<p class=\"imgI\"><img decoding=\"async\" alt=\"Scott McTominay de Naples le 8 d\u00e9cembre 2024\" class=\"vanilla-lazyload article-image\" src=\"https:\/\/footdavant.fr\/actualites\/wp-content\/uploads\/2025\/11\/1762188489_325_Nouvelles-des-transferts-de-Barcelone-les-geants-catalans-pourraient-ils.jpg\"><\/p>\n<h2>McTominay serait-il une bonne signature pour Barcelone ?<\/h2>\n<p>Il n&#39;est pas difficile de comprendre pourquoi Barcelone souhaite recruter un nouveau milieu de terrain en 2026, avec Frenkie de Jong, Pedri, Marc Casado et Marc Bernal comme options dans ce domaine.<\/p>\n<p>L&#39;avenir de Casado a fait l&#39;objet de nombreuses sp\u00e9culations et il semblerait int\u00e9resser un certain nombre de clubs de Premier League, avec un transfert possible lors du mercato de l&#39;\u00e9t\u00e9 prochain.<\/p>\n<p>McTominay a \u00e9t\u00e9 excellent en Serie A et poss\u00e8de les comp\u00e9tences requises pour prosp\u00e9rer en Liga, et il a \u00e9galement le type de personnalit\u00e9 requis pour repr\u00e9senter une \u00e9quipe du type de Barcelone.<\/p>\n<p>Beaucoup d\u00e9pendra du prix demand\u00e9 par Naples, mais McTominay aura incroyablement du mal \u00e0 refuser un transfert aux c\u00f4t\u00e9s de Hansi Flick si l&#39;opportunit\u00e9 se pr\u00e9sente lors de la fen\u00eatre de transfert de l&#39;\u00e9t\u00e9 prochain.<\/p>\n<div class=\"author_box\">\n<div class=\"author_box_banner\"> <img decoding=\"async\" class=\"author_img\" src=\"https:\/\/footdavant.fr\/actualites\/wp-content\/uploads\/2025\/06\/1749851283_714_Man-United-Transfer-News-Antony-Dernier-revele-apres-le-spectaculaire.jpg\"><\/div>\n<\/div>\n<\/div>\n","protected":false},"excerpt":{"rendered":"<p>\u00a9 Giuseppe Maffia \/ Imago Barcelone serait int\u00e9ress\u00e9 par la signature du milieu de terrain de Naples Scott McTominay lors du mercato de l&#39;\u00e9t\u00e9 prochain.<\/p>\n","protected":false},"author":1,"featured_media":30735,"comment_status":"closed","ping_status":"","sticky":false,"template":"","format":"standard","meta":{"footnotes":""},"categories":[5],"tags":[130,6386,332,12,1423,4740,4327,93,3639,551,461,51,6750,1257,3638,1376],"yoast_head":"<!-- This site is optimized with the Yoast SEO plugin v21.0 - https:\/\/yoast.com\/wordpress\/plugins\/seo\/ -->\n<title>Nouvelles des transferts de Barcelone : les g\u00e9ants catalans pourraient-ils faire un \u00ab choc \u00bb pour Scott McTominay de Naples l&#039;\u00e9t\u00e9 prochain ?<\/title>\n<meta name=\"robots\" content=\"index, follow, max-snippet:-1, max-image-preview:large, max-video-preview:-1\" \/>\n<link rel=\"canonical\" href=\"https:\/\/footdavant.fr\/actualites\/nouvelles-des-transferts-de-barcelone-les-geants-catalans-pourraient-ils-faire-un-choc-pour-scott-mctominay-de-naples-lete-prochain\/\" \/>\n<meta property=\"og:locale\" content=\"fr_FR\" \/>\n<meta property=\"og:type\" content=\"article\" \/>\n<meta property=\"og:title\" content=\"Nouvelles des transferts de Barcelone : les g\u00e9ants catalans pourraient-ils faire un \u00ab choc \u00bb pour Scott McTominay de Naples l&#039;\u00e9t\u00e9 prochain ?\" \/>\n<meta property=\"og:description\" content=\"\u00a9 Giuseppe Maffia \/ Imago Barcelone serait int\u00e9ress\u00e9 par la signature du milieu de terrain de Naples Scott McTominay lors du mercato de l&#039;\u00e9t\u00e9 prochain.\" \/>\n<meta property=\"og:url\" content=\"https:\/\/footdavant.fr\/actualites\/nouvelles-des-transferts-de-barcelone-les-geants-catalans-pourraient-ils-faire-un-choc-pour-scott-mctominay-de-naples-lete-prochain\/\" \/>\n<meta property=\"og:site_name\" content=\"Foot d&#039;avant\" \/>\n<meta property=\"article:publisher\" content=\"https:\/\/www.facebook.com\/Footdavant\/\" \/>\n<meta property=\"article:published_time\" content=\"2025-11-03T16:48:09+00:00\" \/>\n<meta property=\"article:modified_time\" content=\"2025-11-03T16:48:11+00:00\" \/>\n<meta property=\"og:image\" content=\"https:\/\/footdavant.fr\/actualites\/wp-content\/uploads\/2025\/11\/Nouvelles-des-transferts-de-Barcelone-les-geants-catalans-pourraient-ils.webp\" \/>\n\t<meta property=\"og:image:width\" content=\"640\" \/>\n\t<meta property=\"og:image:height\" content=\"480\" \/>\n\t<meta property=\"og:image:type\" content=\"image\/jpeg\" \/>\n<meta name=\"author\" content=\"Cl\u00e9ment\" \/>\n<meta name=\"twitter:card\" content=\"summary_large_image\" \/>\n<meta name=\"twitter:creator\" content=\"@FootdavantFr\" \/>\n<meta name=\"twitter:site\" content=\"@FootdavantFr\" \/>\n<meta name=\"twitter:label1\" content=\"\u00c9crit par\" \/>\n\t<meta name=\"twitter:data1\" content=\"Cl\u00e9ment\" \/>\n\t<meta name=\"twitter:label2\" content=\"Dur\u00e9e de lecture estim\u00e9e\" \/>\n\t<meta name=\"twitter:data2\" content=\"2 minutes\" \/>\n<script type=\"application\/ld+json\" class=\"yoast-schema-graph\">{\"@context\":\"https:\/\/schema.org\",\"@graph\":[{\"@type\":\"Article\",\"@id\":\"https:\/\/footdavant.fr\/actualites\/nouvelles-des-transferts-de-barcelone-les-geants-catalans-pourraient-ils-faire-un-choc-pour-scott-mctominay-de-naples-lete-prochain\/#article\",\"isPartOf\":{\"@id\":\"https:\/\/footdavant.fr\/actualites\/nouvelles-des-transferts-de-barcelone-les-geants-catalans-pourraient-ils-faire-un-choc-pour-scott-mctominay-de-naples-lete-prochain\/\"},\"author\":{\"name\":\"Cl\u00e9ment\",\"@id\":\"https:\/\/footdavant.fr\/actualites\/#\/schema\/person\/bc222566d95871b37e597b3ed3ba5e1d\"},\"headline\":\"Nouvelles des transferts de Barcelone : les g\u00e9ants catalans pourraient-ils faire un \u00ab choc \u00bb pour Scott McTominay de Naples l&#39;\u00e9t\u00e9 prochain ?\",\"datePublished\":\"2025-11-03T16:48:09+00:00\",\"dateModified\":\"2025-11-03T16:48:11+00:00\",\"mainEntityOfPage\":{\"@id\":\"https:\/\/footdavant.fr\/actualites\/nouvelles-des-transferts-de-barcelone-les-geants-catalans-pourraient-ils-faire-un-choc-pour-scott-mctominay-de-naples-lete-prochain\/\"},\"wordCount\":496,\"publisher\":{\"@id\":\"https:\/\/footdavant.fr\/actualites\/#organization\"},\"keywords\":[\"Barcelone\",\"catalans\",\"choc\",\"des\",\"faire\",\"g\u00e9ants\",\"l39\u00e9t\u00e9\",\"les\",\"McTominay\",\"Naples\",\"Nouvelles\",\"pour\",\"pourraientils\",\"prochain\",\"Scott\",\"transferts\"],\"articleSection\":[\"Premier League\"],\"inLanguage\":\"fr-FR\"},{\"@type\":\"WebPage\",\"@id\":\"https:\/\/footdavant.fr\/actualites\/nouvelles-des-transferts-de-barcelone-les-geants-catalans-pourraient-ils-faire-un-choc-pour-scott-mctominay-de-naples-lete-prochain\/\",\"url\":\"https:\/\/footdavant.fr\/actualites\/nouvelles-des-transferts-de-barcelone-les-geants-catalans-pourraient-ils-faire-un-choc-pour-scott-mctominay-de-naples-lete-prochain\/\",\"name\":\"Nouvelles des transferts de Barcelone : les g\u00e9ants catalans pourraient-ils faire un \u00ab choc \u00bb pour Scott McTominay de Naples l&#39;\u00e9t\u00e9 prochain ?\",\"isPartOf\":{\"@id\":\"https:\/\/footdavant.fr\/actualites\/#website\"},\"datePublished\":\"2025-11-03T16:48:09+00:00\",\"dateModified\":\"2025-11-03T16:48:11+00:00\",\"breadcrumb\":{\"@id\":\"https:\/\/footdavant.fr\/actualites\/nouvelles-des-transferts-de-barcelone-les-geants-catalans-pourraient-ils-faire-un-choc-pour-scott-mctominay-de-naples-lete-prochain\/#breadcrumb\"},\"inLanguage\":\"fr-FR\",\"potentialAction\":[{\"@type\":\"ReadAction\",\"target\":[\"https:\/\/footdavant.fr\/actualites\/nouvelles-des-transferts-de-barcelone-les-geants-catalans-pourraient-ils-faire-un-choc-pour-scott-mctominay-de-naples-lete-prochain\/\"]}]},{\"@type\":\"BreadcrumbList\",\"@id\":\"https:\/\/footdavant.fr\/actualites\/nouvelles-des-transferts-de-barcelone-les-geants-catalans-pourraient-ils-faire-un-choc-pour-scott-mctominay-de-naples-lete-prochain\/#breadcrumb\",\"itemListElement\":[{\"@type\":\"ListItem\",\"position\":1,\"name\":\"Accueil\",\"item\":\"https:\/\/footdavant.fr\/actualites\/\"},{\"@type\":\"ListItem\",\"position\":2,\"name\":\"Nouvelles des transferts de Barcelone : les g\u00e9ants catalans pourraient-ils faire un \u00ab choc \u00bb pour Scott McTominay de Naples l&#39;\u00e9t\u00e9 prochain ?\"}]},{\"@type\":\"WebSite\",\"@id\":\"https:\/\/footdavant.fr\/actualites\/#website\",\"url\":\"https:\/\/footdavant.fr\/actualites\/\",\"name\":\"Foot d'avant\",\"description\":\"\",\"publisher\":{\"@id\":\"https:\/\/footdavant.fr\/actualites\/#organization\"},\"potentialAction\":[{\"@type\":\"SearchAction\",\"target\":{\"@type\":\"EntryPoint\",\"urlTemplate\":\"https:\/\/footdavant.fr\/actualites\/?s={search_term_string}\"},\"query-input\":\"required name=search_term_string\"}],\"inLanguage\":\"fr-FR\"},{\"@type\":\"Organization\",\"@id\":\"https:\/\/footdavant.fr\/actualites\/#organization\",\"name\":\"Foot d'avant\",\"url\":\"https:\/\/footdavant.fr\/actualites\/\",\"logo\":{\"@type\":\"ImageObject\",\"inLanguage\":\"fr-FR\",\"@id\":\"https:\/\/footdavant.fr\/actualites\/#\/schema\/logo\/image\/\",\"url\":\"https:\/\/footdavant.fr\/actualites\/wp-content\/uploads\/2023\/09\/Copy-of-FootDavant-Logo.png\",\"contentUrl\":\"https:\/\/footdavant.fr\/actualites\/wp-content\/uploads\/2023\/09\/Copy-of-FootDavant-Logo.png\",\"width\":936,\"height\":549,\"caption\":\"Foot d'avant\"},\"image\":{\"@id\":\"https:\/\/footdavant.fr\/actualites\/#\/schema\/logo\/image\/\"},\"sameAs\":[\"https:\/\/www.facebook.com\/Footdavant\/\",\"https:\/\/twitter.com\/FootdavantFr\",\"https:\/\/www.instagram.com\/footdavant.fr\/\"]},{\"@type\":\"Person\",\"@id\":\"https:\/\/footdavant.fr\/actualites\/#\/schema\/person\/bc222566d95871b37e597b3ed3ba5e1d\",\"name\":\"Cl\u00e9ment\",\"image\":{\"@type\":\"ImageObject\",\"inLanguage\":\"fr-FR\",\"@id\":\"https:\/\/footdavant.fr\/actualites\/#\/schema\/person\/image\/\",\"url\":\"https:\/\/secure.gravatar.com\/avatar\/7728b29aac2719421e1a9159b2254c44?s=96&d=mm&r=g\",\"contentUrl\":\"https:\/\/secure.gravatar.com\/avatar\/7728b29aac2719421e1a9159b2254c44?s=96&d=mm&r=g\",\"caption\":\"Cl\u00e9ment\"},\"sameAs\":[\"https:\/\/footdavant.fr\/\"]}]}<\/script>\n<!-- \/ Yoast SEO plugin. -->","yoast_head_json":{"title":"Nouvelles des transferts de Barcelone : les g\u00e9ants catalans pourraient-ils faire un \u00ab choc \u00bb pour Scott McTominay de Naples l&#39;\u00e9t\u00e9 prochain ?","robots":{"index":"index","follow":"follow","max-snippet":"max-snippet:-1","max-image-preview":"max-image-preview:large","max-video-preview":"max-video-preview:-1"},"canonical":"https:\/\/footdavant.fr\/actualites\/nouvelles-des-transferts-de-barcelone-les-geants-catalans-pourraient-ils-faire-un-choc-pour-scott-mctominay-de-naples-lete-prochain\/","og_locale":"fr_FR","og_type":"article","og_title":"Nouvelles des transferts de Barcelone : les g\u00e9ants catalans pourraient-ils faire un \u00ab choc \u00bb pour Scott McTominay de Naples l&#39;\u00e9t\u00e9 prochain ?","og_description":"\u00a9 Giuseppe Maffia \/ Imago Barcelone serait int\u00e9ress\u00e9 par la signature du milieu de terrain de Naples Scott McTominay lors du mercato de l&#39;\u00e9t\u00e9 prochain.","og_url":"https:\/\/footdavant.fr\/actualites\/nouvelles-des-transferts-de-barcelone-les-geants-catalans-pourraient-ils-faire-un-choc-pour-scott-mctominay-de-naples-lete-prochain\/","og_site_name":"Foot d&#039;avant","article_publisher":"https:\/\/www.facebook.com\/Footdavant\/","article_published_time":"2025-11-03T16:48:09+00:00","article_modified_time":"2025-11-03T16:48:11+00:00","og_image":[{"width":640,"height":480,"url":"https:\/\/footdavant.fr\/actualites\/wp-content\/uploads\/2025\/11\/Nouvelles-des-transferts-de-Barcelone-les-geants-catalans-pourraient-ils.webp","type":"image\/jpeg"}],"author":"Cl\u00e9ment","twitter_card":"summary_large_image","twitter_creator":"@FootdavantFr","twitter_site":"@FootdavantFr","twitter_misc":{"\u00c9crit par":"Cl\u00e9ment","Dur\u00e9e de lecture estim\u00e9e":"2 minutes"},"schema":{"@context":"https:\/\/schema.org","@graph":[{"@type":"Article","@id":"https:\/\/footdavant.fr\/actualites\/nouvelles-des-transferts-de-barcelone-les-geants-catalans-pourraient-ils-faire-un-choc-pour-scott-mctominay-de-naples-lete-prochain\/#article","isPartOf":{"@id":"https:\/\/footdavant.fr\/actualites\/nouvelles-des-transferts-de-barcelone-les-geants-catalans-pourraient-ils-faire-un-choc-pour-scott-mctominay-de-naples-lete-prochain\/"},"author":{"name":"Cl\u00e9ment","@id":"https:\/\/footdavant.fr\/actualites\/#\/schema\/person\/bc222566d95871b37e597b3ed3ba5e1d"},"headline":"Nouvelles des transferts de Barcelone : les g\u00e9ants catalans pourraient-ils faire un \u00ab choc \u00bb pour Scott McTominay de Naples l&#39;\u00e9t\u00e9 prochain ?","datePublished":"2025-11-03T16:48:09+00:00","dateModified":"2025-11-03T16:48:11+00:00","mainEntityOfPage":{"@id":"https:\/\/footdavant.fr\/actualites\/nouvelles-des-transferts-de-barcelone-les-geants-catalans-pourraient-ils-faire-un-choc-pour-scott-mctominay-de-naples-lete-prochain\/"},"wordCount":496,"publisher":{"@id":"https:\/\/footdavant.fr\/actualites\/#organization"},"keywords":["Barcelone","catalans","choc","des","faire","g\u00e9ants","l39\u00e9t\u00e9","les","McTominay","Naples","Nouvelles","pour","pourraientils","prochain","Scott","transferts"],"articleSection":["Premier League"],"inLanguage":"fr-FR"},{"@type":"WebPage","@id":"https:\/\/footdavant.fr\/actualites\/nouvelles-des-transferts-de-barcelone-les-geants-catalans-pourraient-ils-faire-un-choc-pour-scott-mctominay-de-naples-lete-prochain\/","url":"https:\/\/footdavant.fr\/actualites\/nouvelles-des-transferts-de-barcelone-les-geants-catalans-pourraient-ils-faire-un-choc-pour-scott-mctominay-de-naples-lete-prochain\/","name":"Nouvelles des transferts de Barcelone : les g\u00e9ants catalans pourraient-ils faire un \u00ab choc \u00bb pour Scott McTominay de Naples l&#39;\u00e9t\u00e9 prochain ?","isPartOf":{"@id":"https:\/\/footdavant.fr\/actualites\/#website"},"datePublished":"2025-11-03T16:48:09+00:00","dateModified":"2025-11-03T16:48:11+00:00","breadcrumb":{"@id":"https:\/\/footdavant.fr\/actualites\/nouvelles-des-transferts-de-barcelone-les-geants-catalans-pourraient-ils-faire-un-choc-pour-scott-mctominay-de-naples-lete-prochain\/#breadcrumb"},"inLanguage":"fr-FR","potentialAction":[{"@type":"ReadAction","target":["https:\/\/footdavant.fr\/actualites\/nouvelles-des-transferts-de-barcelone-les-geants-catalans-pourraient-ils-faire-un-choc-pour-scott-mctominay-de-naples-lete-prochain\/"]}]},{"@type":"BreadcrumbList","@id":"https:\/\/footdavant.fr\/actualites\/nouvelles-des-transferts-de-barcelone-les-geants-catalans-pourraient-ils-faire-un-choc-pour-scott-mctominay-de-naples-lete-prochain\/#breadcrumb","itemListElement":[{"@type":"ListItem","position":1,"name":"Accueil","item":"https:\/\/footdavant.fr\/actualites\/"},{"@type":"ListItem","position":2,"name":"Nouvelles des transferts de Barcelone : les g\u00e9ants catalans pourraient-ils faire un \u00ab choc \u00bb pour Scott McTominay de Naples l&#39;\u00e9t\u00e9 prochain ?"}]},{"@type":"WebSite","@id":"https:\/\/footdavant.fr\/actualites\/#website","url":"https:\/\/footdavant.fr\/actualites\/","name":"Foot d'avant","description":"","publisher":{"@id":"https:\/\/footdavant.fr\/actualites\/#organization"},"potentialAction":[{"@type":"SearchAction","target":{"@type":"EntryPoint","urlTemplate":"https:\/\/footdavant.fr\/actualites\/?s={search_term_string}"},"query-input":"required name=search_term_string"}],"inLanguage":"fr-FR"},{"@type":"Organization","@id":"https:\/\/footdavant.fr\/actualites\/#organization","name":"Foot d'avant","url":"https:\/\/footdavant.fr\/actualites\/","logo":{"@type":"ImageObject","inLanguage":"fr-FR","@id":"https:\/\/footdavant.fr\/actualites\/#\/schema\/logo\/image\/","url":"https:\/\/footdavant.fr\/actualites\/wp-content\/uploads\/2023\/09\/Copy-of-FootDavant-Logo.png","contentUrl":"https:\/\/footdavant.fr\/actualites\/wp-content\/uploads\/2023\/09\/Copy-of-FootDavant-Logo.png","width":936,"height":549,"caption":"Foot d'avant"},"image":{"@id":"https:\/\/footdavant.fr\/actualites\/#\/schema\/logo\/image\/"},"sameAs":["https:\/\/www.facebook.com\/Footdavant\/","https:\/\/twitter.com\/FootdavantFr","https:\/\/www.instagram.com\/footdavant.fr\/"]},{"@type":"Person","@id":"https:\/\/footdavant.fr\/actualites\/#\/schema\/person\/bc222566d95871b37e597b3ed3ba5e1d","name":"Cl\u00e9ment","image":{"@type":"ImageObject","inLanguage":"fr-FR","@id":"https:\/\/footdavant.fr\/actualites\/#\/schema\/person\/image\/","url":"https:\/\/secure.gravatar.com\/avatar\/7728b29aac2719421e1a9159b2254c44?s=96&d=mm&r=g","contentUrl":"https:\/\/secure.gravatar.com\/avatar\/7728b29aac2719421e1a9159b2254c44?s=96&d=mm&r=g","caption":"Cl\u00e9ment"},"sameAs":["https:\/\/footdavant.fr\/"]}]}},"_links":{"self":[{"href":"https:\/\/footdavant.fr\/actualites\/wp-json\/wp\/v2\/posts\/30734"}],"collection":[{"href":"https:\/\/footdavant.fr\/actualites\/wp-json\/wp\/v2\/posts"}],"about":[{"href":"https:\/\/footdavant.fr\/actualites\/wp-json\/wp\/v2\/types\/post"}],"author":[{"embeddable":true,"href":"https:\/\/footdavant.fr\/actualites\/wp-json\/wp\/v2\/users\/1"}],"replies":[{"embeddable":true,"href":"https:\/\/footdavant.fr\/actualites\/wp-json\/wp\/v2\/comments?post=30734"}],"version-history":[{"count":1,"href":"https:\/\/footdavant.fr\/actualites\/wp-json\/wp\/v2\/posts\/30734\/revisions"}],"predecessor-version":[{"id":30736,"href":"https:\/\/footdavant.fr\/actualites\/wp-json\/wp\/v2\/posts\/30734\/revisions\/30736"}],"wp:featuredmedia":[{"embeddable":true,"href":"https:\/\/footdavant.fr\/actualites\/wp-json\/wp\/v2\/media\/30735"}],"wp:attachment":[{"href":"https:\/\/footdavant.fr\/actualites\/wp-json\/wp\/v2\/media?parent=30734"}],"wp:term":[{"taxonomy":"category","embeddable":true,"href":"https:\/\/footdavant.fr\/actualites\/wp-json\/wp\/v2\/categories?post=30734"},{"taxonomy":"post_tag","embeddable":true,"href":"https:\/\/footdavant.fr\/actualites\/wp-json\/wp\/v2\/tags?post=30734"}],"curies":[{"name":"wp","href":"https:\/\/api.w.org\/{rel}","templated":true}]}}