{"id":30737,"date":"2025-11-03T19:48:08","date_gmt":"2025-11-03T18:48:08","guid":{"rendered":"https:\/\/footdavant.fr\/actualites\/en-attente-de-mises-a-jour-sur-les-blessures-le-pas-en-avant-de-calafiori\/"},"modified":"2025-11-03T19:48:09","modified_gmt":"2025-11-03T18:48:09","slug":"en-attente-de-mises-a-jour-sur-les-blessures-le-pas-en-avant-de-calafiori","status":"publish","type":"post","link":"https:\/\/footdavant.fr\/actualites\/en-attente-de-mises-a-jour-sur-les-blessures-le-pas-en-avant-de-calafiori\/","title":{"rendered":"En attente de mises \u00e0 jour sur les blessures : le pas en avant de Calafiori"},"content":{"rendered":"<div>\n<p>Bonjour, bienvenue dans une toute nouvelle semaine.<\/p>\n<p>Si le week-end dernier a \u00e9t\u00e9 un week-end o\u00f9 les \u00e9quipes consid\u00e9r\u00e9es comme rivales pour le titre ont perdu des points, il \u00e9tait important que nous en profitions, ce week-end a \u00e9t\u00e9 celui du maintien du statu quo. Liverpool et Man City ont remport\u00e9 leurs matchs, mais notre victoire contre Burnley nous a permis de conserver notre avance en t\u00eate du classement.<\/p>\n<p>C&#39;est assez dr\u00f4le de voir \u00e0 quel point nous avons eu tant d&#39;histoires et de discussions sur la fa\u00e7on dont Arsenal est trop d\u00e9pendant des coups de pied arr\u00eat\u00e9s, et pourtant, vous n&#39;entendez vraiment personne dire la m\u00eame chose \u00e0 propos de la d\u00e9pendance de City \u00e0 l&#39;\u00e9gard d&#39;Erling Haaland. De toute \u00e9vidence, c&#39;est un joueur incroyable, potentiellement dans la meilleure forme de sa carri\u00e8re en Premier League jusqu&#39;\u00e0 pr\u00e9sent, ce qui est vraiment effrayant, mais il a marqu\u00e9 13 de leurs 20 buts en championnat jusqu&#39;\u00e0 pr\u00e9sent cette saison. C&#39;est peut-\u00eatre tout simplement in\u00e9vitable avec un joueur aussi bon que lui, mais n\u00e9anmoins int\u00e9ressant.<\/p>\n<p>Quoi qu&#39;il en soit, nous nous tournons vers la Ligue des Champions en milieu de semaine, avec un d\u00e9placement au Slavia Prague. Nous devrons attendre de voir l&#39;entra\u00eenement ouvert d&#39;aujourd&#39;hui, ou la conf\u00e9rence de presse de Mikel Arteta plus tard, \u00e0 propos de quelques probl\u00e8mes de blessures que nous avons rencontr\u00e9s contre Burnley. Martin Zubimendi est de toute fa\u00e7on suspendu pour ce match, il ne voyagera donc pas, mais tous les regards seront tourn\u00e9s vers Viktor Gyokeres qui est sorti \u00e0 la mi-temps.<\/p>\n<p>Je me demande si, compte tenu de l&#39;ampleur des absences que nous avons dans le tiers offensif, si on dit aux joueurs d&#39;\u00eatre ultra-prudents s&#39;ils ressentent un quelconque probl\u00e8me musculaire. Nous sommes d\u00e9j\u00e0 priv\u00e9s de Kai Havertz, Gabriel Martinelli, Gabriel Jesus, Noni Madueke et Martin Odegaard, donc adopter une approche sans risque avec quiconque dans notre ligne avant aurait du sens. J&#39;esp\u00e8re que ce n&#39;est pas trop grave, mais il a d\u00fb beaucoup jouer depuis son arriv\u00e9e et la charge a \u00e9t\u00e9 assez lourde. Voyons ce qu&#39;apporte aujourd&#39;hui en termes de nouvelles.<\/p>\n<p>J&#39;ai mentionn\u00e9 Declan Rice hier en raison de sa qualit\u00e9 contre Burnley, et au cours de cette saison, les gens ont fait l&#39;\u00e9loge de Gabriel (pour des raisons \u00e9videntes)\u00a0; Jurrien Timber qui a consolid\u00e9 sa place d&#39;arri\u00e8re droit de premier choix ; et William Saliba dont la r\u00e9gularit\u00e9 est si impressionnante. Cependant, et je m&#39;inclus dans cela, lorsque les gens parlent de Riccardo Calafiori, c&#39;est \u00e0 cause de sa capacit\u00e9 \u00e0 se d\u00e9placer sur le terrain et \u00e0 appara\u00eetre dans des zones o\u00f9 l&#39;on ne s&#39;attend normalement pas \u00e0 voir un arri\u00e8re gauche.<\/p>\n<p>Il y avait une statistique avant le match de la semaine derni\u00e8re qui nous disait que seul Gyokeres avait eu plus de tirs pour Arsenal cette saison, ce qui en dit long sur sa capacit\u00e9 \u00e0 avancer dans les zones dangereuses. Cependant, je pense que nous ne lui rendons pas service en n&#39;appr\u00e9ciant pas \u00e9galement sa contribution aux quatre d\u00e9fenseurs et notre bilan d\u00e9fensif. Il a \u00e9t\u00e9 dans et hors de l&#39;\u00e9quipe la saison derni\u00e8re \u00e0 cause d&#39;une blessure, et c&#39;est toujours difficile de montrer sa meilleure forme dans ces circonstances, mais je pense qu&#39;il a fait un pas en avant d\u00e9fensivement cette saison.<\/p>\n<p>C&#39;est en partie d\u00fb \u00e0 sa disponibilit\u00e9 et \u00e0 la fa\u00e7on dont cela l&#39;a aid\u00e9, mais je pense aussi que certains aspects de son jeu qui \u00e9taient un peu bruts sont devenus plus raffin\u00e9s. S&#39;exprimant apr\u00e8s le match de Burnley, Mikel Arteta a d\u00e9clar\u00e9 au site officiel :<\/p>\n<blockquote>\n<p>Il a \u00e9t\u00e9 vraiment stable, avec de grosses performances. Il contribue \u00e9galement grandement \u00e0 ce que nous faisons d\u00e9fensivement. Il nous apporte beaucoup en attaque avec sa position et sa menace. Il continue de semer le chaos parmi l\u2019opposition.<\/p>\n<\/blockquote>\n<p>Quelques joueurs ont \u00e9voqu\u00e9 l&#39;influence de Gabriel Heinze sur le terrain d&#39;entra\u00eenement depuis son arriv\u00e9e en tant qu&#39;entra\u00eeneur cet \u00e9t\u00e9. Il n&#39;est probablement pas exag\u00e9r\u00e9 de penser qu&#39;un ancien d\u00e9fenseur central gaucher qui peut \u00e9galement jouer \u00e0 l&#39;arri\u00e8re gauche s&#39;est connect\u00e9 assez facilement avec Calafiori et a \u00e9t\u00e9 d&#39;une grande aide en ce qui concerne son d\u00e9veloppement d\u00e9fensif. J&#39;adore les r\u00e9f\u00e9rences au \u00ab chaos \u00bb d&#39;Arteta, mais contre Crystal Palace la semaine derni\u00e8re, on lui a demand\u00e9 de jouer un r\u00f4le plus sobre sur notre c\u00f4t\u00e9 gauche, et il l&#39;a tr\u00e8s bien fait.<\/p>\n<p>Je pense qu&#39;il y a peut-\u00eatre eu quelques questions la saison derni\u00e8re \u00e0 propos de l&#39;Italien, les probl\u00e8mes de blessures n&#39;ont pas aid\u00e9, mais il \u00e9tait \u00e9galement facile d&#39;oublier que seuls Ethan Nwaneri et Myles Lewis-Skelly \u00e9taient plus jeunes que lui dans l&#39;\u00e9quipe actuelle. Pour les d\u00e9fenseurs en particulier, l&#39;exp\u00e9rience et la maturit\u00e9 sont extr\u00eamement importantes, et jusqu&#39;\u00e0 pr\u00e9sent cette saison, je pense que nous le voyons avec Calafiori en ce qui concerne le \u00ab pain et le beurre \u00bb de son jeu. J&#39;esp\u00e8re qu&#39;il ne changera jamais sa fa\u00e7on d&#39;essayer d&#39;avoir un impact dans la moiti\u00e9 de terrain adverse, mais quand il peut s&#39;ins\u00e9rer aux c\u00f4t\u00e9s de d\u00e9fenseurs de la qualit\u00e9 que nous avons et atteindre leur niveau (plus ou moins), c&#39;est vraiment tr\u00e8s encourageant.<\/p>\n<p>D&#39;accord, je vais le laisser l\u00e0 ce matin. Nous aurons un Arsecast Extra pour vous plus tard, nous enregistrons vers 10 heures du matin. Nous avons d\u00e9j\u00e0 lanc\u00e9 un appel \u00e0 questions sur @gunnerblog.bsky.social et @arseblog.com avec le hashtag \u2013 ou si vous \u00eates membre d&#39;Arseblog sur Patreon, laissez votre question dans la cha\u00eene de notre serveur Discord. Le pod devrait \u00eatre sorti vers midi.<\/p>\n<p>Et, plus tard encore, nous aurons un \u00e9pisode de The 30 sur Patreon, r\u00e9capitulant toute l&#39;action de Premier League du week-end, alors rejoignez-nous pour cela.<\/p>\n<p>Pour l\u2019instant, passez-en un bon.<\/p>\n<\/div>\n","protected":false},"excerpt":{"rendered":"<p>Bonjour, bienvenue dans une toute nouvelle semaine. Si le week-end dernier a \u00e9t\u00e9 un week-end o\u00f9 les \u00e9quipes consid\u00e9r\u00e9es comme rivales pour le titre ont<\/p>\n","protected":false},"author":1,"featured_media":30738,"comment_status":"closed","ping_status":"","sticky":false,"template":"","format":"standard","meta":{"footnotes":""},"categories":[3],"tags":[248,491,155,5578,328,93,2836,71,103],"yoast_head":"<!-- This site is optimized with the Yoast SEO plugin v21.0 - https:\/\/yoast.com\/wordpress\/plugins\/seo\/ -->\n<title>En attente de mises \u00e0 jour sur les blessures : le pas en avant de Calafiori<\/title>\n<meta name=\"robots\" content=\"index, follow, max-snippet:-1, max-image-preview:large, max-video-preview:-1\" \/>\n<link rel=\"canonical\" href=\"https:\/\/footdavant.fr\/actualites\/en-attente-de-mises-a-jour-sur-les-blessures-le-pas-en-avant-de-calafiori\/\" \/>\n<meta property=\"og:locale\" content=\"fr_FR\" \/>\n<meta property=\"og:type\" content=\"article\" \/>\n<meta property=\"og:title\" content=\"En attente de mises \u00e0 jour sur les blessures : le pas en avant de Calafiori\" \/>\n<meta property=\"og:description\" content=\"Bonjour, bienvenue dans une toute nouvelle semaine. Si le week-end dernier a \u00e9t\u00e9 un week-end o\u00f9 les \u00e9quipes consid\u00e9r\u00e9es comme rivales pour le titre ont\" \/>\n<meta property=\"og:url\" content=\"https:\/\/footdavant.fr\/actualites\/en-attente-de-mises-a-jour-sur-les-blessures-le-pas-en-avant-de-calafiori\/\" \/>\n<meta property=\"og:site_name\" content=\"Foot d&#039;avant\" \/>\n<meta property=\"article:publisher\" content=\"https:\/\/www.facebook.com\/Footdavant\/\" \/>\n<meta property=\"article:published_time\" content=\"2025-11-03T18:48:08+00:00\" \/>\n<meta property=\"article:modified_time\" content=\"2025-11-03T18:48:09+00:00\" \/>\n<meta property=\"og:image\" content=\"https:\/\/footdavant.fr\/actualites\/wp-content\/uploads\/2025\/11\/En-attente-de-mises-a-jour-sur-les-blessures.jpg\" \/>\n\t<meta property=\"og:image:width\" content=\"1500\" \/>\n\t<meta property=\"og:image:height\" content=\"750\" \/>\n\t<meta property=\"og:image:type\" content=\"image\/jpeg\" \/>\n<meta name=\"author\" content=\"Cl\u00e9ment\" \/>\n<meta name=\"twitter:card\" content=\"summary_large_image\" \/>\n<meta name=\"twitter:creator\" content=\"@FootdavantFr\" \/>\n<meta name=\"twitter:site\" content=\"@FootdavantFr\" \/>\n<meta name=\"twitter:label1\" content=\"\u00c9crit par\" \/>\n\t<meta name=\"twitter:data1\" content=\"Cl\u00e9ment\" \/>\n\t<meta name=\"twitter:label2\" content=\"Dur\u00e9e de lecture estim\u00e9e\" \/>\n\t<meta name=\"twitter:data2\" content=\"5 minutes\" \/>\n<script type=\"application\/ld+json\" class=\"yoast-schema-graph\">{\"@context\":\"https:\/\/schema.org\",\"@graph\":[{\"@type\":\"Article\",\"@id\":\"https:\/\/footdavant.fr\/actualites\/en-attente-de-mises-a-jour-sur-les-blessures-le-pas-en-avant-de-calafiori\/#article\",\"isPartOf\":{\"@id\":\"https:\/\/footdavant.fr\/actualites\/en-attente-de-mises-a-jour-sur-les-blessures-le-pas-en-avant-de-calafiori\/\"},\"author\":{\"name\":\"Cl\u00e9ment\",\"@id\":\"https:\/\/footdavant.fr\/actualites\/#\/schema\/person\/bc222566d95871b37e597b3ed3ba5e1d\"},\"headline\":\"En attente de mises \u00e0 jour sur les blessures : le pas en avant de Calafiori\",\"datePublished\":\"2025-11-03T18:48:08+00:00\",\"dateModified\":\"2025-11-03T18:48:09+00:00\",\"mainEntityOfPage\":{\"@id\":\"https:\/\/footdavant.fr\/actualites\/en-attente-de-mises-a-jour-sur-les-blessures-le-pas-en-avant-de-calafiori\/\"},\"wordCount\":1073,\"publisher\":{\"@id\":\"https:\/\/footdavant.fr\/actualites\/#organization\"},\"keywords\":[\"attente\",\"avant\",\"blessures\",\"Calafiori\",\"jour\",\"les\",\"Mises\",\"pas\",\"sur\"],\"articleSection\":[\"Football\"],\"inLanguage\":\"fr-FR\"},{\"@type\":\"WebPage\",\"@id\":\"https:\/\/footdavant.fr\/actualites\/en-attente-de-mises-a-jour-sur-les-blessures-le-pas-en-avant-de-calafiori\/\",\"url\":\"https:\/\/footdavant.fr\/actualites\/en-attente-de-mises-a-jour-sur-les-blessures-le-pas-en-avant-de-calafiori\/\",\"name\":\"En attente de mises \u00e0 jour sur les blessures : le pas en avant de Calafiori\",\"isPartOf\":{\"@id\":\"https:\/\/footdavant.fr\/actualites\/#website\"},\"datePublished\":\"2025-11-03T18:48:08+00:00\",\"dateModified\":\"2025-11-03T18:48:09+00:00\",\"breadcrumb\":{\"@id\":\"https:\/\/footdavant.fr\/actualites\/en-attente-de-mises-a-jour-sur-les-blessures-le-pas-en-avant-de-calafiori\/#breadcrumb\"},\"inLanguage\":\"fr-FR\",\"potentialAction\":[{\"@type\":\"ReadAction\",\"target\":[\"https:\/\/footdavant.fr\/actualites\/en-attente-de-mises-a-jour-sur-les-blessures-le-pas-en-avant-de-calafiori\/\"]}]},{\"@type\":\"BreadcrumbList\",\"@id\":\"https:\/\/footdavant.fr\/actualites\/en-attente-de-mises-a-jour-sur-les-blessures-le-pas-en-avant-de-calafiori\/#breadcrumb\",\"itemListElement\":[{\"@type\":\"ListItem\",\"position\":1,\"name\":\"Accueil\",\"item\":\"https:\/\/footdavant.fr\/actualites\/\"},{\"@type\":\"ListItem\",\"position\":2,\"name\":\"En attente de mises \u00e0 jour sur les blessures : le pas en avant de Calafiori\"}]},{\"@type\":\"WebSite\",\"@id\":\"https:\/\/footdavant.fr\/actualites\/#website\",\"url\":\"https:\/\/footdavant.fr\/actualites\/\",\"name\":\"Foot d'avant\",\"description\":\"\",\"publisher\":{\"@id\":\"https:\/\/footdavant.fr\/actualites\/#organization\"},\"potentialAction\":[{\"@type\":\"SearchAction\",\"target\":{\"@type\":\"EntryPoint\",\"urlTemplate\":\"https:\/\/footdavant.fr\/actualites\/?s={search_term_string}\"},\"query-input\":\"required name=search_term_string\"}],\"inLanguage\":\"fr-FR\"},{\"@type\":\"Organization\",\"@id\":\"https:\/\/footdavant.fr\/actualites\/#organization\",\"name\":\"Foot d'avant\",\"url\":\"https:\/\/footdavant.fr\/actualites\/\",\"logo\":{\"@type\":\"ImageObject\",\"inLanguage\":\"fr-FR\",\"@id\":\"https:\/\/footdavant.fr\/actualites\/#\/schema\/logo\/image\/\",\"url\":\"https:\/\/footdavant.fr\/actualites\/wp-content\/uploads\/2023\/09\/Copy-of-FootDavant-Logo.png\",\"contentUrl\":\"https:\/\/footdavant.fr\/actualites\/wp-content\/uploads\/2023\/09\/Copy-of-FootDavant-Logo.png\",\"width\":936,\"height\":549,\"caption\":\"Foot d'avant\"},\"image\":{\"@id\":\"https:\/\/footdavant.fr\/actualites\/#\/schema\/logo\/image\/\"},\"sameAs\":[\"https:\/\/www.facebook.com\/Footdavant\/\",\"https:\/\/twitter.com\/FootdavantFr\",\"https:\/\/www.instagram.com\/footdavant.fr\/\"]},{\"@type\":\"Person\",\"@id\":\"https:\/\/footdavant.fr\/actualites\/#\/schema\/person\/bc222566d95871b37e597b3ed3ba5e1d\",\"name\":\"Cl\u00e9ment\",\"image\":{\"@type\":\"ImageObject\",\"inLanguage\":\"fr-FR\",\"@id\":\"https:\/\/footdavant.fr\/actualites\/#\/schema\/person\/image\/\",\"url\":\"https:\/\/secure.gravatar.com\/avatar\/7728b29aac2719421e1a9159b2254c44?s=96&d=mm&r=g\",\"contentUrl\":\"https:\/\/secure.gravatar.com\/avatar\/7728b29aac2719421e1a9159b2254c44?s=96&d=mm&r=g\",\"caption\":\"Cl\u00e9ment\"},\"sameAs\":[\"https:\/\/footdavant.fr\/\"]}]}<\/script>\n<!-- \/ Yoast SEO plugin. -->","yoast_head_json":{"title":"En attente de mises \u00e0 jour sur les blessures : le pas en avant de Calafiori","robots":{"index":"index","follow":"follow","max-snippet":"max-snippet:-1","max-image-preview":"max-image-preview:large","max-video-preview":"max-video-preview:-1"},"canonical":"https:\/\/footdavant.fr\/actualites\/en-attente-de-mises-a-jour-sur-les-blessures-le-pas-en-avant-de-calafiori\/","og_locale":"fr_FR","og_type":"article","og_title":"En attente de mises \u00e0 jour sur les blessures : le pas en avant de Calafiori","og_description":"Bonjour, bienvenue dans une toute nouvelle semaine. Si le week-end dernier a \u00e9t\u00e9 un week-end o\u00f9 les \u00e9quipes consid\u00e9r\u00e9es comme rivales pour le titre ont","og_url":"https:\/\/footdavant.fr\/actualites\/en-attente-de-mises-a-jour-sur-les-blessures-le-pas-en-avant-de-calafiori\/","og_site_name":"Foot d&#039;avant","article_publisher":"https:\/\/www.facebook.com\/Footdavant\/","article_published_time":"2025-11-03T18:48:08+00:00","article_modified_time":"2025-11-03T18:48:09+00:00","og_image":[{"width":1500,"height":750,"url":"https:\/\/footdavant.fr\/actualites\/wp-content\/uploads\/2025\/11\/En-attente-de-mises-a-jour-sur-les-blessures.jpg","type":"image\/jpeg"}],"author":"Cl\u00e9ment","twitter_card":"summary_large_image","twitter_creator":"@FootdavantFr","twitter_site":"@FootdavantFr","twitter_misc":{"\u00c9crit par":"Cl\u00e9ment","Dur\u00e9e de lecture estim\u00e9e":"5 minutes"},"schema":{"@context":"https:\/\/schema.org","@graph":[{"@type":"Article","@id":"https:\/\/footdavant.fr\/actualites\/en-attente-de-mises-a-jour-sur-les-blessures-le-pas-en-avant-de-calafiori\/#article","isPartOf":{"@id":"https:\/\/footdavant.fr\/actualites\/en-attente-de-mises-a-jour-sur-les-blessures-le-pas-en-avant-de-calafiori\/"},"author":{"name":"Cl\u00e9ment","@id":"https:\/\/footdavant.fr\/actualites\/#\/schema\/person\/bc222566d95871b37e597b3ed3ba5e1d"},"headline":"En attente de mises \u00e0 jour sur les blessures : le pas en avant de Calafiori","datePublished":"2025-11-03T18:48:08+00:00","dateModified":"2025-11-03T18:48:09+00:00","mainEntityOfPage":{"@id":"https:\/\/footdavant.fr\/actualites\/en-attente-de-mises-a-jour-sur-les-blessures-le-pas-en-avant-de-calafiori\/"},"wordCount":1073,"publisher":{"@id":"https:\/\/footdavant.fr\/actualites\/#organization"},"keywords":["attente","avant","blessures","Calafiori","jour","les","Mises","pas","sur"],"articleSection":["Football"],"inLanguage":"fr-FR"},{"@type":"WebPage","@id":"https:\/\/footdavant.fr\/actualites\/en-attente-de-mises-a-jour-sur-les-blessures-le-pas-en-avant-de-calafiori\/","url":"https:\/\/footdavant.fr\/actualites\/en-attente-de-mises-a-jour-sur-les-blessures-le-pas-en-avant-de-calafiori\/","name":"En attente de mises \u00e0 jour sur les blessures : le pas en avant de Calafiori","isPartOf":{"@id":"https:\/\/footdavant.fr\/actualites\/#website"},"datePublished":"2025-11-03T18:48:08+00:00","dateModified":"2025-11-03T18:48:09+00:00","breadcrumb":{"@id":"https:\/\/footdavant.fr\/actualites\/en-attente-de-mises-a-jour-sur-les-blessures-le-pas-en-avant-de-calafiori\/#breadcrumb"},"inLanguage":"fr-FR","potentialAction":[{"@type":"ReadAction","target":["https:\/\/footdavant.fr\/actualites\/en-attente-de-mises-a-jour-sur-les-blessures-le-pas-en-avant-de-calafiori\/"]}]},{"@type":"BreadcrumbList","@id":"https:\/\/footdavant.fr\/actualites\/en-attente-de-mises-a-jour-sur-les-blessures-le-pas-en-avant-de-calafiori\/#breadcrumb","itemListElement":[{"@type":"ListItem","position":1,"name":"Accueil","item":"https:\/\/footdavant.fr\/actualites\/"},{"@type":"ListItem","position":2,"name":"En attente de mises \u00e0 jour sur les blessures : le pas en avant de Calafiori"}]},{"@type":"WebSite","@id":"https:\/\/footdavant.fr\/actualites\/#website","url":"https:\/\/footdavant.fr\/actualites\/","name":"Foot d'avant","description":"","publisher":{"@id":"https:\/\/footdavant.fr\/actualites\/#organization"},"potentialAction":[{"@type":"SearchAction","target":{"@type":"EntryPoint","urlTemplate":"https:\/\/footdavant.fr\/actualites\/?s={search_term_string}"},"query-input":"required name=search_term_string"}],"inLanguage":"fr-FR"},{"@type":"Organization","@id":"https:\/\/footdavant.fr\/actualites\/#organization","name":"Foot d'avant","url":"https:\/\/footdavant.fr\/actualites\/","logo":{"@type":"ImageObject","inLanguage":"fr-FR","@id":"https:\/\/footdavant.fr\/actualites\/#\/schema\/logo\/image\/","url":"https:\/\/footdavant.fr\/actualites\/wp-content\/uploads\/2023\/09\/Copy-of-FootDavant-Logo.png","contentUrl":"https:\/\/footdavant.fr\/actualites\/wp-content\/uploads\/2023\/09\/Copy-of-FootDavant-Logo.png","width":936,"height":549,"caption":"Foot d'avant"},"image":{"@id":"https:\/\/footdavant.fr\/actualites\/#\/schema\/logo\/image\/"},"sameAs":["https:\/\/www.facebook.com\/Footdavant\/","https:\/\/twitter.com\/FootdavantFr","https:\/\/www.instagram.com\/footdavant.fr\/"]},{"@type":"Person","@id":"https:\/\/footdavant.fr\/actualites\/#\/schema\/person\/bc222566d95871b37e597b3ed3ba5e1d","name":"Cl\u00e9ment","image":{"@type":"ImageObject","inLanguage":"fr-FR","@id":"https:\/\/footdavant.fr\/actualites\/#\/schema\/person\/image\/","url":"https:\/\/secure.gravatar.com\/avatar\/7728b29aac2719421e1a9159b2254c44?s=96&d=mm&r=g","contentUrl":"https:\/\/secure.gravatar.com\/avatar\/7728b29aac2719421e1a9159b2254c44?s=96&d=mm&r=g","caption":"Cl\u00e9ment"},"sameAs":["https:\/\/footdavant.fr\/"]}]}},"_links":{"self":[{"href":"https:\/\/footdavant.fr\/actualites\/wp-json\/wp\/v2\/posts\/30737"}],"collection":[{"href":"https:\/\/footdavant.fr\/actualites\/wp-json\/wp\/v2\/posts"}],"about":[{"href":"https:\/\/footdavant.fr\/actualites\/wp-json\/wp\/v2\/types\/post"}],"author":[{"embeddable":true,"href":"https:\/\/footdavant.fr\/actualites\/wp-json\/wp\/v2\/users\/1"}],"replies":[{"embeddable":true,"href":"https:\/\/footdavant.fr\/actualites\/wp-json\/wp\/v2\/comments?post=30737"}],"version-history":[{"count":1,"href":"https:\/\/footdavant.fr\/actualites\/wp-json\/wp\/v2\/posts\/30737\/revisions"}],"predecessor-version":[{"id":30739,"href":"https:\/\/footdavant.fr\/actualites\/wp-json\/wp\/v2\/posts\/30737\/revisions\/30739"}],"wp:featuredmedia":[{"embeddable":true,"href":"https:\/\/footdavant.fr\/actualites\/wp-json\/wp\/v2\/media\/30738"}],"wp:attachment":[{"href":"https:\/\/footdavant.fr\/actualites\/wp-json\/wp\/v2\/media?parent=30737"}],"wp:term":[{"taxonomy":"category","embeddable":true,"href":"https:\/\/footdavant.fr\/actualites\/wp-json\/wp\/v2\/categories?post=30737"},{"taxonomy":"post_tag","embeddable":true,"href":"https:\/\/footdavant.fr\/actualites\/wp-json\/wp\/v2\/tags?post=30737"}],"curies":[{"name":"wp","href":"https:\/\/api.w.org\/{rel}","templated":true}]}}