{"id":30740,"date":"2025-11-03T20:48:12","date_gmt":"2025-11-03T19:48:12","guid":{"rendered":"https:\/\/footdavant.fr\/actualites\/apercu-bodo-glimt-vs-monaco-pronostics-actualites-de-lequipe-compositions\/"},"modified":"2025-11-03T20:48:13","modified_gmt":"2025-11-03T19:48:13","slug":"apercu-bodo-glimt-vs-monaco-pronostics-actualites-de-lequipe-compositions","status":"publish","type":"post","link":"https:\/\/footdavant.fr\/actualites\/apercu-bodo-glimt-vs-monaco-pronostics-actualites-de-lequipe-compositions\/","title":{"rendered":"Aper\u00e7u : Bodo\/Glimt vs Monaco \u2013 pronostics, actualit\u00e9s de l\u2019\u00e9quipe, compositions"},"content":{"rendered":"<p>Sports Mole pr\u00e9sente un aper\u00e7u du choc de la Ligue des champions de mardi entre Bodo\/Glimt et Monaco, y compris les pronostics, les nouvelles de l&#39;\u00e9quipe et les compositions possibles.<\/p>\n<div id=\"article_body\" itemprop=\"articleBody\">\n<p style=\"margin-bottom:11px\">Deux \u00e9quipes toujours en qu\u00eate de leur premi\u00e8re victoire dans cette phase du <strong class=\"autotag\">La Ligue des Champions s&#39;affrontera mardi alors que <strong class=\"autotag\">Monaco se rend \u00e0 l&#39;Aspmyra Stadion en Norv\u00e8ge pour y affronter <strong class=\"autotag\">Bodo\/Glimt.<\/p>\n<p>Les deux \u00e9quipes sont \u00e0 deux points apr\u00e8s trois journ\u00e9es, Glimt ayant subi une d\u00e9faite 3-1 contre Galatasaray lors de sa derni\u00e8re sortie et les Mon\u00e9gasques faisant match nul 0-0 contre Tottenham.<\/p>\n<p><\/p>\n<h2>Aper\u00e7u du match<\/h2>\n<p style=\"margin-bottom:11px\">Apr\u00e8s trois matches de championnat, les Norv\u00e9giens ont d\u00e9montr\u00e9 leur qualit\u00e9 dans le tiers offensif mais se sont \u00e9galement montr\u00e9s quelque peu vuln\u00e9rables en d\u00e9fense.<\/p>\n<p>Ils ont encaiss\u00e9 sept buts lors de leurs trois derni\u00e8res confrontations en Ligue des Champions, pour accompagner cinq buts marqu\u00e9s, lors de ce qui constitue leur premi\u00e8re apparition dans cette phase de la comp\u00e9tition.<\/p>\n<p>M\u00eame s&#39;ils ont \u00e9t\u00e9 puissants \u00e0 l&#39;avenir, ils ont eu tendance \u00e0 s&#39;en sortir un peu tard, avec leurs cinq buts marqu\u00e9s dans cette phase en seconde p\u00e9riode, dont trois \u00e0 moins de 15 minutes de la fin.<\/p>\n<p><strong class=\"autotag\">Les hommes de Kjetil Knutsen sont invaincus lors de leurs neuf derniers matches \u00e0 domicile disput\u00e9s toutes comp\u00e9titions confondues, remportant ces deux derniers par une marge combin\u00e9e de 6-1.<\/p>\n<p>Seuls deux de leurs 13 derniers matches \u00e0 domicile en comp\u00e9titions de l&#39;UEFA se sont sold\u00e9s par une d\u00e9faite, m\u00eame si les Scandinaves n&#39;ont triomph\u00e9 que lors d&#39;un de leurs huit derniers matches disput\u00e9s en Europe.<\/p>\n<p>Mardi ne sera que la deuxi\u00e8me fois qu&#39;ils affronteront une \u00e9quipe fran\u00e7aise dans une comp\u00e9tition europ\u00e9enne, apr\u00e8s avoir fait match nul 1-1 contre Nice, le grand rival de Monaco, en Ligue Europa la saison derni\u00e8re.<\/p>\n<p class=\"imgI\">\n<p><strong class=\"autotag\">S\u00e9bastien Pocognoli a h\u00e9rit\u00e9 d&#39;une \u00e9quipe en Principaut\u00e9 bless\u00e9e, tant physiquement qu&#39;\u00e9motionnellement, mais \u00e7a va un peu mieux sur les deux fronts ces derni\u00e8res semaines.<\/p>\n<p>Les Mon\u00e9gasques sont en meilleure sant\u00e9 et trouvent un peu plus de r\u00e9gularit\u00e9, remportant deux de leurs trois pr\u00e9c\u00e9dentes confrontations en Ligue 1, marquant six buts au total sur cette s\u00e9quence.<\/p>\n<p>C&#39;est un grand contraste avec une \u00e9quipe qui avait connu une s\u00e9rie de cinq matchs sans victoire avant fin octobre, gagnant seulement deux points apr\u00e8s trois journ\u00e9es de Ligue des champions.<\/p>\n<p>Monaco est sans victoire lors de ses quatre pr\u00e9c\u00e9dents matches \u00e0 l&#39;ext\u00e9rieur dans cette comp\u00e9tition, encaissant trois buts ou plus lors de chacune de ces sorties, dont une d\u00e9faite 4-1 au Club de Bruges en septembre.<\/p>\n<p>Ils n\u2019ont remport\u00e9 aucune de leurs six pr\u00e9c\u00e9dentes confrontations en Ligue des champions, mais ils ont \u00e9vit\u00e9 la d\u00e9faite en temps normal lors de trois de leurs quatre derni\u00e8res sorties de ce type.<\/p>\n<p>Leur seule rencontre pr\u00e9c\u00e9dente contre un club norv\u00e9gien en Europe a eu lieu il y a plus de 20 ans, en octobre 2005, lorsque Viking les avait battus 1-0 lors d&#39;un match de Coupe UEFA disput\u00e9 \u00e0 Stavanger.<\/p>\n<p class=\"bM8\">Forme de la Ligue des Champions Bodo\/Glimt\u00a0:<\/p>\n<p class=\"bM8\">Forme Bodo\/Glimt (toutes comp\u00e9titions) :<\/p>\n<p class=\"bM8\">Forme de la Ligue des Champions de Monaco :<\/p>\n<p class=\"bM8\">Forme Monaco (toutes comp\u00e9titions) :<\/p>\n<p><\/p>\n<h2>Nouvelles de l&#39;\u00e9quipe<\/h2>\n<p class=\"imgI\">\n<p style=\"margin-bottom:11px\">Ne vous attendez pas \u00e0 voir <strong class=\"autotag\">Haitam Aleesami dans l&#39;alignement de Bodo mardi alors que le d\u00e9fenseur souffre d&#39;une tension aux ischio-jambiers, tandis que <strong class=\"autotag\">Ola Brynhildsen est incertaine \u00e0 cause d&#39;un coup.<\/p>\n<p><strong class=\"autotag\">Magnus Riisnaes pourrait devenir le plus jeune joueur de l&#39;histoire du club \u00e0 faire ses d\u00e9buts en Ligue des champions le jour de son anniversaire, alors qu&#39;il f\u00eatera ses 21 ans lors de la quatri\u00e8me journ\u00e9e. <strong class=\"autotag\">Andreas Helmersen a marqu\u00e9 le seul but de l&#39;\u00e9quipe lors de la d\u00e9faite contre Galatasaray lors de la troisi\u00e8me journ\u00e9e.<\/p>\n<p>Les deux <strong class=\"autotag\">Vanderson et <strong class=\"autotag\">Eric Dier reste incertain pour Monaco en raison de tensions aux ischio-jambiers, <strong class=\"autotag\">Denis Zakaria a des douleurs aux adducteurs et <strong class=\"autotag\">Lamine Camara se remet d&#39;une entorse \u00e0 la cheville.<\/p>\n<p>Gardien de but <strong class=\"autotag\">Lukas Hradecky a subi un l\u00e9ger revers \u00e0 son retour d&#39;une blessure au genou et est discutable pour celui-ci, <strong class=\"autotag\">Christian Mawissa a mal aux ischio-jambiers, tandis que <strong class=\"autotag\">Paul Pogba pourrait \u00eatre dans une semaine ou deux de son retour apr\u00e8s s&#39;\u00eatre bless\u00e9 \u00e0 la cheville.<\/p>\n<p>Bodo\/Glimt composition de d\u00e9part possible\u00a0:<\/p>\n<p style=\"margin-bottom:11px\">Ha\u00efkin\u00a0; Sj\u00f6vold, Bjortuft, Nielsen, Maatta\u00a0; Klynge, Berg, Fet\u00a0; Auklend, Helmersen, Hauge<\/p>\n<p>Onze de d\u00e9part possibles \u00e0 Monaco :<\/p>\n<p style=\"margin-bottom:11px\">Kohn\u00a0; Kehrer, Salisu, Henrique; Diatta, Teze, Golovin, Ouattara ; Akliouche, Minamino; Balogun<\/p>\n<p class=\"sm_center\">\n<h2 class=\"sm_center\">On dit : Bodo\/Glimt 0-2 Monaco<\/h2>\n<p style=\"margin-bottom:11px\">Les conditions en Norv\u00e8ge ne sont jamais faciles \u00e0 jouer, mais Monaco a un peu retrouv\u00e9 confiance et marque plus de buts, et nous sommes convaincus que cela continuera contre une \u00e9quipe qui est encore pire que Monaco d\u00e9fensivement.<\/p>\n<p>Pour l\u2019analyse des donn\u00e9es des r\u00e9sultats les plus probables, des scores et plus encore pour ce match, veuillez cliquer ici.<\/p>\n<p><\/p>\n<div class=\"author_box\">\n<div class=\"author_box_banner\"> <\/div>\n<\/div>\n<h2>Aper\u00e7us par email<\/h2>\n<div>Cliquez ici pour recevoir l&#39;e-mail quotidien de Sports Mole contenant des aper\u00e7us et des pronostics pour chaque jeu majeur\u00a0!<\/div>\n<p><\/div>\n","protected":false},"excerpt":{"rendered":"<p>Sports Mole pr\u00e9sente un aper\u00e7u du choc de la Ligue des champions de mardi entre Bodo\/Glimt et Monaco, y compris les pronostics, les nouvelles de<\/p>\n","protected":false},"author":1,"featured_media":30741,"comment_status":"closed","ping_status":"","sticky":false,"template":"","format":"standard","meta":{"footnotes":""},"categories":[4],"tags":[7,284,5850,383,9,2808,382],"yoast_head":"<!-- This site is optimized with the Yoast SEO plugin v21.0 - https:\/\/yoast.com\/wordpress\/plugins\/seo\/ -->\n<title>Aper\u00e7u : Bodo\/Glimt vs Monaco \u2013 pronostics, actualit\u00e9s de l\u2019\u00e9quipe, compositions<\/title>\n<meta name=\"robots\" content=\"index, follow, max-snippet:-1, max-image-preview:large, max-video-preview:-1\" \/>\n<link rel=\"canonical\" href=\"https:\/\/footdavant.fr\/actualites\/apercu-bodo-glimt-vs-monaco-pronostics-actualites-de-lequipe-compositions\/\" \/>\n<meta property=\"og:locale\" content=\"fr_FR\" \/>\n<meta property=\"og:type\" content=\"article\" \/>\n<meta property=\"og:title\" content=\"Aper\u00e7u : Bodo\/Glimt vs Monaco \u2013 pronostics, actualit\u00e9s de l\u2019\u00e9quipe, compositions\" \/>\n<meta property=\"og:description\" content=\"Sports Mole pr\u00e9sente un aper\u00e7u du choc de la Ligue des champions de mardi entre Bodo\/Glimt et Monaco, y compris les pronostics, les nouvelles de\" \/>\n<meta property=\"og:url\" content=\"https:\/\/footdavant.fr\/actualites\/apercu-bodo-glimt-vs-monaco-pronostics-actualites-de-lequipe-compositions\/\" \/>\n<meta property=\"og:site_name\" content=\"Foot d&#039;avant\" \/>\n<meta property=\"article:publisher\" content=\"https:\/\/www.facebook.com\/Footdavant\/\" \/>\n<meta property=\"article:published_time\" content=\"2025-11-03T19:48:12+00:00\" \/>\n<meta property=\"article:modified_time\" content=\"2025-11-03T19:48:13+00:00\" \/>\n<meta property=\"og:image\" content=\"https:\/\/footdavant.fr\/actualites\/wp-content\/uploads\/2025\/11\/Apercu-BodoGlimt-vs-Monaco-\u2013-pronostics-actualites-de-lequipe.jpg\" \/>\n\t<meta property=\"og:image:width\" content=\"640\" \/>\n\t<meta property=\"og:image:height\" content=\"480\" \/>\n\t<meta property=\"og:image:type\" content=\"image\/jpeg\" \/>\n<meta name=\"author\" content=\"Cl\u00e9ment\" \/>\n<meta name=\"twitter:card\" content=\"summary_large_image\" \/>\n<meta name=\"twitter:creator\" content=\"@FootdavantFr\" \/>\n<meta name=\"twitter:site\" content=\"@FootdavantFr\" \/>\n<meta name=\"twitter:label1\" content=\"\u00c9crit par\" \/>\n\t<meta name=\"twitter:data1\" content=\"Cl\u00e9ment\" \/>\n\t<meta name=\"twitter:label2\" content=\"Dur\u00e9e de lecture estim\u00e9e\" \/>\n\t<meta name=\"twitter:data2\" content=\"4 minutes\" \/>\n<script type=\"application\/ld+json\" class=\"yoast-schema-graph\">{\"@context\":\"https:\/\/schema.org\",\"@graph\":[{\"@type\":\"Article\",\"@id\":\"https:\/\/footdavant.fr\/actualites\/apercu-bodo-glimt-vs-monaco-pronostics-actualites-de-lequipe-compositions\/#article\",\"isPartOf\":{\"@id\":\"https:\/\/footdavant.fr\/actualites\/apercu-bodo-glimt-vs-monaco-pronostics-actualites-de-lequipe-compositions\/\"},\"author\":{\"name\":\"Cl\u00e9ment\",\"@id\":\"https:\/\/footdavant.fr\/actualites\/#\/schema\/person\/bc222566d95871b37e597b3ed3ba5e1d\"},\"headline\":\"Aper\u00e7u : Bodo\/Glimt vs Monaco \u2013 pronostics, actualit\u00e9s de l\u2019\u00e9quipe, compositions\",\"datePublished\":\"2025-11-03T19:48:12+00:00\",\"dateModified\":\"2025-11-03T19:48:13+00:00\",\"mainEntityOfPage\":{\"@id\":\"https:\/\/footdavant.fr\/actualites\/apercu-bodo-glimt-vs-monaco-pronostics-actualites-de-lequipe-compositions\/\"},\"wordCount\":911,\"publisher\":{\"@id\":\"https:\/\/footdavant.fr\/actualites\/#organization\"},\"keywords\":[\"Actualit\u00e9s\",\"Aper\u00e7u\",\"BodoGlimt\",\"compositions\",\"l\u00e9quipe\",\"Monaco\",\"pronostics\"],\"articleSection\":[\"Champions League\"],\"inLanguage\":\"fr-FR\"},{\"@type\":\"WebPage\",\"@id\":\"https:\/\/footdavant.fr\/actualites\/apercu-bodo-glimt-vs-monaco-pronostics-actualites-de-lequipe-compositions\/\",\"url\":\"https:\/\/footdavant.fr\/actualites\/apercu-bodo-glimt-vs-monaco-pronostics-actualites-de-lequipe-compositions\/\",\"name\":\"Aper\u00e7u : Bodo\/Glimt vs Monaco \u2013 pronostics, actualit\u00e9s de l\u2019\u00e9quipe, compositions\",\"isPartOf\":{\"@id\":\"https:\/\/footdavant.fr\/actualites\/#website\"},\"datePublished\":\"2025-11-03T19:48:12+00:00\",\"dateModified\":\"2025-11-03T19:48:13+00:00\",\"breadcrumb\":{\"@id\":\"https:\/\/footdavant.fr\/actualites\/apercu-bodo-glimt-vs-monaco-pronostics-actualites-de-lequipe-compositions\/#breadcrumb\"},\"inLanguage\":\"fr-FR\",\"potentialAction\":[{\"@type\":\"ReadAction\",\"target\":[\"https:\/\/footdavant.fr\/actualites\/apercu-bodo-glimt-vs-monaco-pronostics-actualites-de-lequipe-compositions\/\"]}]},{\"@type\":\"BreadcrumbList\",\"@id\":\"https:\/\/footdavant.fr\/actualites\/apercu-bodo-glimt-vs-monaco-pronostics-actualites-de-lequipe-compositions\/#breadcrumb\",\"itemListElement\":[{\"@type\":\"ListItem\",\"position\":1,\"name\":\"Accueil\",\"item\":\"https:\/\/footdavant.fr\/actualites\/\"},{\"@type\":\"ListItem\",\"position\":2,\"name\":\"Aper\u00e7u : Bodo\/Glimt vs Monaco \u2013 pronostics, actualit\u00e9s de l\u2019\u00e9quipe, compositions\"}]},{\"@type\":\"WebSite\",\"@id\":\"https:\/\/footdavant.fr\/actualites\/#website\",\"url\":\"https:\/\/footdavant.fr\/actualites\/\",\"name\":\"Foot d'avant\",\"description\":\"\",\"publisher\":{\"@id\":\"https:\/\/footdavant.fr\/actualites\/#organization\"},\"potentialAction\":[{\"@type\":\"SearchAction\",\"target\":{\"@type\":\"EntryPoint\",\"urlTemplate\":\"https:\/\/footdavant.fr\/actualites\/?s={search_term_string}\"},\"query-input\":\"required name=search_term_string\"}],\"inLanguage\":\"fr-FR\"},{\"@type\":\"Organization\",\"@id\":\"https:\/\/footdavant.fr\/actualites\/#organization\",\"name\":\"Foot d'avant\",\"url\":\"https:\/\/footdavant.fr\/actualites\/\",\"logo\":{\"@type\":\"ImageObject\",\"inLanguage\":\"fr-FR\",\"@id\":\"https:\/\/footdavant.fr\/actualites\/#\/schema\/logo\/image\/\",\"url\":\"https:\/\/footdavant.fr\/actualites\/wp-content\/uploads\/2023\/09\/Copy-of-FootDavant-Logo.png\",\"contentUrl\":\"https:\/\/footdavant.fr\/actualites\/wp-content\/uploads\/2023\/09\/Copy-of-FootDavant-Logo.png\",\"width\":936,\"height\":549,\"caption\":\"Foot d'avant\"},\"image\":{\"@id\":\"https:\/\/footdavant.fr\/actualites\/#\/schema\/logo\/image\/\"},\"sameAs\":[\"https:\/\/www.facebook.com\/Footdavant\/\",\"https:\/\/twitter.com\/FootdavantFr\",\"https:\/\/www.instagram.com\/footdavant.fr\/\"]},{\"@type\":\"Person\",\"@id\":\"https:\/\/footdavant.fr\/actualites\/#\/schema\/person\/bc222566d95871b37e597b3ed3ba5e1d\",\"name\":\"Cl\u00e9ment\",\"image\":{\"@type\":\"ImageObject\",\"inLanguage\":\"fr-FR\",\"@id\":\"https:\/\/footdavant.fr\/actualites\/#\/schema\/person\/image\/\",\"url\":\"https:\/\/secure.gravatar.com\/avatar\/7728b29aac2719421e1a9159b2254c44?s=96&d=mm&r=g\",\"contentUrl\":\"https:\/\/secure.gravatar.com\/avatar\/7728b29aac2719421e1a9159b2254c44?s=96&d=mm&r=g\",\"caption\":\"Cl\u00e9ment\"},\"sameAs\":[\"https:\/\/footdavant.fr\/\"]}]}<\/script>\n<!-- \/ Yoast SEO plugin. -->","yoast_head_json":{"title":"Aper\u00e7u : Bodo\/Glimt vs Monaco \u2013 pronostics, actualit\u00e9s de l\u2019\u00e9quipe, compositions","robots":{"index":"index","follow":"follow","max-snippet":"max-snippet:-1","max-image-preview":"max-image-preview:large","max-video-preview":"max-video-preview:-1"},"canonical":"https:\/\/footdavant.fr\/actualites\/apercu-bodo-glimt-vs-monaco-pronostics-actualites-de-lequipe-compositions\/","og_locale":"fr_FR","og_type":"article","og_title":"Aper\u00e7u : Bodo\/Glimt vs Monaco \u2013 pronostics, actualit\u00e9s de l\u2019\u00e9quipe, compositions","og_description":"Sports Mole pr\u00e9sente un aper\u00e7u du choc de la Ligue des champions de mardi entre Bodo\/Glimt et Monaco, y compris les pronostics, les nouvelles de","og_url":"https:\/\/footdavant.fr\/actualites\/apercu-bodo-glimt-vs-monaco-pronostics-actualites-de-lequipe-compositions\/","og_site_name":"Foot d&#039;avant","article_publisher":"https:\/\/www.facebook.com\/Footdavant\/","article_published_time":"2025-11-03T19:48:12+00:00","article_modified_time":"2025-11-03T19:48:13+00:00","og_image":[{"width":640,"height":480,"url":"https:\/\/footdavant.fr\/actualites\/wp-content\/uploads\/2025\/11\/Apercu-BodoGlimt-vs-Monaco-\u2013-pronostics-actualites-de-lequipe.jpg","type":"image\/jpeg"}],"author":"Cl\u00e9ment","twitter_card":"summary_large_image","twitter_creator":"@FootdavantFr","twitter_site":"@FootdavantFr","twitter_misc":{"\u00c9crit par":"Cl\u00e9ment","Dur\u00e9e de lecture estim\u00e9e":"4 minutes"},"schema":{"@context":"https:\/\/schema.org","@graph":[{"@type":"Article","@id":"https:\/\/footdavant.fr\/actualites\/apercu-bodo-glimt-vs-monaco-pronostics-actualites-de-lequipe-compositions\/#article","isPartOf":{"@id":"https:\/\/footdavant.fr\/actualites\/apercu-bodo-glimt-vs-monaco-pronostics-actualites-de-lequipe-compositions\/"},"author":{"name":"Cl\u00e9ment","@id":"https:\/\/footdavant.fr\/actualites\/#\/schema\/person\/bc222566d95871b37e597b3ed3ba5e1d"},"headline":"Aper\u00e7u : Bodo\/Glimt vs Monaco \u2013 pronostics, actualit\u00e9s de l\u2019\u00e9quipe, compositions","datePublished":"2025-11-03T19:48:12+00:00","dateModified":"2025-11-03T19:48:13+00:00","mainEntityOfPage":{"@id":"https:\/\/footdavant.fr\/actualites\/apercu-bodo-glimt-vs-monaco-pronostics-actualites-de-lequipe-compositions\/"},"wordCount":911,"publisher":{"@id":"https:\/\/footdavant.fr\/actualites\/#organization"},"keywords":["Actualit\u00e9s","Aper\u00e7u","BodoGlimt","compositions","l\u00e9quipe","Monaco","pronostics"],"articleSection":["Champions League"],"inLanguage":"fr-FR"},{"@type":"WebPage","@id":"https:\/\/footdavant.fr\/actualites\/apercu-bodo-glimt-vs-monaco-pronostics-actualites-de-lequipe-compositions\/","url":"https:\/\/footdavant.fr\/actualites\/apercu-bodo-glimt-vs-monaco-pronostics-actualites-de-lequipe-compositions\/","name":"Aper\u00e7u : Bodo\/Glimt vs Monaco \u2013 pronostics, actualit\u00e9s de l\u2019\u00e9quipe, compositions","isPartOf":{"@id":"https:\/\/footdavant.fr\/actualites\/#website"},"datePublished":"2025-11-03T19:48:12+00:00","dateModified":"2025-11-03T19:48:13+00:00","breadcrumb":{"@id":"https:\/\/footdavant.fr\/actualites\/apercu-bodo-glimt-vs-monaco-pronostics-actualites-de-lequipe-compositions\/#breadcrumb"},"inLanguage":"fr-FR","potentialAction":[{"@type":"ReadAction","target":["https:\/\/footdavant.fr\/actualites\/apercu-bodo-glimt-vs-monaco-pronostics-actualites-de-lequipe-compositions\/"]}]},{"@type":"BreadcrumbList","@id":"https:\/\/footdavant.fr\/actualites\/apercu-bodo-glimt-vs-monaco-pronostics-actualites-de-lequipe-compositions\/#breadcrumb","itemListElement":[{"@type":"ListItem","position":1,"name":"Accueil","item":"https:\/\/footdavant.fr\/actualites\/"},{"@type":"ListItem","position":2,"name":"Aper\u00e7u : Bodo\/Glimt vs Monaco \u2013 pronostics, actualit\u00e9s de l\u2019\u00e9quipe, compositions"}]},{"@type":"WebSite","@id":"https:\/\/footdavant.fr\/actualites\/#website","url":"https:\/\/footdavant.fr\/actualites\/","name":"Foot d'avant","description":"","publisher":{"@id":"https:\/\/footdavant.fr\/actualites\/#organization"},"potentialAction":[{"@type":"SearchAction","target":{"@type":"EntryPoint","urlTemplate":"https:\/\/footdavant.fr\/actualites\/?s={search_term_string}"},"query-input":"required name=search_term_string"}],"inLanguage":"fr-FR"},{"@type":"Organization","@id":"https:\/\/footdavant.fr\/actualites\/#organization","name":"Foot d'avant","url":"https:\/\/footdavant.fr\/actualites\/","logo":{"@type":"ImageObject","inLanguage":"fr-FR","@id":"https:\/\/footdavant.fr\/actualites\/#\/schema\/logo\/image\/","url":"https:\/\/footdavant.fr\/actualites\/wp-content\/uploads\/2023\/09\/Copy-of-FootDavant-Logo.png","contentUrl":"https:\/\/footdavant.fr\/actualites\/wp-content\/uploads\/2023\/09\/Copy-of-FootDavant-Logo.png","width":936,"height":549,"caption":"Foot d'avant"},"image":{"@id":"https:\/\/footdavant.fr\/actualites\/#\/schema\/logo\/image\/"},"sameAs":["https:\/\/www.facebook.com\/Footdavant\/","https:\/\/twitter.com\/FootdavantFr","https:\/\/www.instagram.com\/footdavant.fr\/"]},{"@type":"Person","@id":"https:\/\/footdavant.fr\/actualites\/#\/schema\/person\/bc222566d95871b37e597b3ed3ba5e1d","name":"Cl\u00e9ment","image":{"@type":"ImageObject","inLanguage":"fr-FR","@id":"https:\/\/footdavant.fr\/actualites\/#\/schema\/person\/image\/","url":"https:\/\/secure.gravatar.com\/avatar\/7728b29aac2719421e1a9159b2254c44?s=96&d=mm&r=g","contentUrl":"https:\/\/secure.gravatar.com\/avatar\/7728b29aac2719421e1a9159b2254c44?s=96&d=mm&r=g","caption":"Cl\u00e9ment"},"sameAs":["https:\/\/footdavant.fr\/"]}]}},"_links":{"self":[{"href":"https:\/\/footdavant.fr\/actualites\/wp-json\/wp\/v2\/posts\/30740"}],"collection":[{"href":"https:\/\/footdavant.fr\/actualites\/wp-json\/wp\/v2\/posts"}],"about":[{"href":"https:\/\/footdavant.fr\/actualites\/wp-json\/wp\/v2\/types\/post"}],"author":[{"embeddable":true,"href":"https:\/\/footdavant.fr\/actualites\/wp-json\/wp\/v2\/users\/1"}],"replies":[{"embeddable":true,"href":"https:\/\/footdavant.fr\/actualites\/wp-json\/wp\/v2\/comments?post=30740"}],"version-history":[{"count":1,"href":"https:\/\/footdavant.fr\/actualites\/wp-json\/wp\/v2\/posts\/30740\/revisions"}],"predecessor-version":[{"id":30742,"href":"https:\/\/footdavant.fr\/actualites\/wp-json\/wp\/v2\/posts\/30740\/revisions\/30742"}],"wp:featuredmedia":[{"embeddable":true,"href":"https:\/\/footdavant.fr\/actualites\/wp-json\/wp\/v2\/media\/30741"}],"wp:attachment":[{"href":"https:\/\/footdavant.fr\/actualites\/wp-json\/wp\/v2\/media?parent=30740"}],"wp:term":[{"taxonomy":"category","embeddable":true,"href":"https:\/\/footdavant.fr\/actualites\/wp-json\/wp\/v2\/categories?post=30740"},{"taxonomy":"post_tag","embeddable":true,"href":"https:\/\/footdavant.fr\/actualites\/wp-json\/wp\/v2\/tags?post=30740"}],"curies":[{"name":"wp","href":"https:\/\/api.w.org\/{rel}","templated":true}]}}