{"id":30763,"date":"2025-11-04T07:48:12","date_gmt":"2025-11-04T06:48:12","guid":{"rendered":"https:\/\/footdavant.fr\/actualites\/je-voulais-plus-declare-moyes-apres-le-match-nul-deverton-a-sunderland\/"},"modified":"2025-11-04T07:48:18","modified_gmt":"2025-11-04T06:48:18","slug":"je-voulais-plus-declare-moyes-apres-le-match-nul-deverton-a-sunderland","status":"publish","type":"post","link":"https:\/\/footdavant.fr\/actualites\/je-voulais-plus-declare-moyes-apres-le-match-nul-deverton-a-sunderland\/","title":{"rendered":"\u00ab\u00a0Je voulais plus\u00a0\u00bb, d\u00e9clare Moyes apr\u00e8s le match nul d&#39;Everton \u00e0 Sunderland"},"content":{"rendered":"<div>\n<p>Le manager d&#39;Everton, David Moyes, \u00e9tait frustr\u00e9 par la performance de son \u00e9quipe en seconde p\u00e9riode \u00e0 Sunderland alors que les \u00e9quipes faisaient match nul 1-1 en Premier League.<\/p>\n<p>Les visiteurs de Moyes ont \u00e9t\u00e9 brillants dans les 30 premi\u00e8res minutes et auraient pu \u00eatre plus en avance que l&#39;avance 1-0 que leur avait donn\u00e9e Iliman Ndiaye.<\/p>\n<p>Jack Grealish a frapp\u00e9 un poteau et Thierno Barry a rat\u00e9 un gardien \u2013 avant que Sunderland ne domine totalement la seconde mi-temps et \u00e9galise gr\u00e2ce \u00e0 Granit Xhaka.<\/p>\n<p>Everton a fait plus de matchs nuls en Premier League que n&#39;importe quelle autre \u00e9quipe depuis le retour de Moyes au club en janvier de la saison derni\u00e8re (10), mais seules trois \u00e9quipes ont plus de points en d\u00e9placement que leurs 21 sur cette p\u00e9riode (Arsenal \u2013 28, Crystal Palace \u2013 25, Brentford \u2013 23).<br \/>Il a d\u00e9clar\u00e9 : \u00ab\u00a0Pendant 20 ou 30 minutes, j&#39;ai pens\u00e9 que je serais d\u00e9\u00e7u si je rentrais chez moi avec un point, et \u00e0 la fin, j&#39;\u00e9tais content d&#39;avoir marqu\u00e9 un point. Nous avons rat\u00e9 une bonne occasion de porter le score \u00e0 2-0, puis nous nous sommes assis et cela a donn\u00e9 un peu de confiance \u00e0 Sunderland.<\/p>\n<p>\u00ab\u00a0Nous n&#39;avons pas tr\u00e8s bien g\u00e9r\u00e9 les 15 derni\u00e8res minutes de la premi\u00e8re mi-temps et nous n&#39;avons pas bien g\u00e9r\u00e9 la seconde mi-temps. Nous avons fait tout ce que nous esp\u00e9rions, la question \u00e9tait de savoir si nous marquions.<\/p>\n<p>\u00ab Iliman Ndiaye a marqu\u00e9 un tr\u00e8s bon but individuel, Jack [Grealish] frappe le poteau et quand nous avons rat\u00e9 [Thierno Barry\u2019s] Nous n&#39;en avions pas assez et nous avons conc\u00e9d\u00e9 imm\u00e9diatement apr\u00e8s le coup d&#39;envoi. Les objectifs font la diff\u00e9rence et peuvent changer ce que vous ressentez en tant que manager.<\/p>\n<figure class=\"wp-block-embed is-type-rich is-provider-twitter wp-block-embed-twitter\">\n<div class=\"wp-block-embed__wrapper\">\n<blockquote class=\"twitter-tweet\" data-width=\"500\" data-dnt=\"true\">\n<p lang=\"en\" dir=\"ltr\">Managers en avril 2002\u00a0:<br \/>Everton : David Moyes<br \/>Cheltenham : Steve Cotterill<br \/>Celtique\u00a0: Martin O&#39;Neill<\/p>\n<p>Les managers aujourd&#39;hui :<br \/>Everton : David Moyes<br \/>Cheltenham : Steve Cotterill<br \/>Celtique\u00a0: Martin O&#39;Neill<\/p>\n<p>\u2013 Bill Edgar (@BillEdgarTimes) <a rel=\"nofollow\" href=\"https:\/\/twitter.com\/BillEdgarTimes\/status\/1985267289969607040?ref_src=twsrc%5Etfw\" rel=\"nofollow noopener\">3 novembre 2025<\/a><\/p><\/blockquote>\n<\/div>\n<\/figure>\n<p>\u00ab\u00a0En venant \u00e0 Sunderland, un point n&#39;est pas un mauvais r\u00e9sultat, mais apr\u00e8s 30 minutes, je me sentais &#39;tout va bien ici, nous devrions obtenir un r\u00e9sultat&#39;. On pouvait voir que c&#39;\u00e9tait un but chanceux. [for Sunderland]c&#39;\u00e9tait une d\u00e9viation mais si vous tirez, parfois vous avez un peu de chance et eux ont eu un peu de chance.<\/p>\n<p>\u00ab\u00a0J&#39;ai du mal \u00e0 trouver beaucoup de points positifs dans notre football en seconde p\u00e9riode. L&#39;essentiel \u00e9tait de ne pas encaisser de deuxi\u00e8me but. Cela r\u00e9sume la soir\u00e9e: nous n&#39;avons pas pu trouver de passe pour marquer ce deuxi\u00e8me but.<\/p>\n<p>\u00ab\u00a0Je voulais beaucoup plus et nous en sommes capables. Je pense que nous avons une bonne \u00e9quipe, nous avons plut\u00f4t bien jou\u00e9 pendant certaines p\u00e9riodes, mais pas assez longtemps.\u00a0\u00bb<\/p>\n<p>Contrairement au d\u00e9but de saison plut\u00f4t lourd d&#39;Everton, Sunderland vole et aurait termin\u00e9 deuxi\u00e8me du classement avec une victoire.<\/p>\n<p>La frappe d\u00e9vi\u00e9e de Xhaka signifie qu&#39;ils sont quatri\u00e8mes apr\u00e8s 10 matchs et semblent d\u00e9j\u00e0 bien plac\u00e9s pour \u00e9viter toute crainte de rel\u00e9gation.<\/p>\n<p>Sunderland compte 18 points lors de ses 10 premiers matches de Premier League cette saison (5 victoires, 3 nuls, 2 d\u00e9faites), soit le plus grand nombre pour une \u00e9quipe nouvellement promue depuis Hull City en 2008-09 (20).  <\/p>\n<figure class=\"wp-block-embed is-type-rich is-provider-twitter wp-block-embed-twitter\">\n<div class=\"wp-block-embed__wrapper\">\n<blockquote class=\"twitter-tweet\" data-width=\"500\" data-dnt=\"true\">\n<p lang=\"en\" dir=\"ltr\">Les fans de Sunderland ont attendu huit ans pour un retour en Premier League\u2026<\/p>\n<p>Dix matchs et ils occupent les places de la Ligue des Champions devant Newcastle, Man United, Chelsea et Spurs \ud83d\ude33 <a rel=\"nofollow\" href=\"https:\/\/t.co\/VIUZPjtBBw\" rel=\"nofollow\">pic.twitter.com\/VIUZPjtBBw<\/a><\/p>\n<p>\u2013 Football sur TNT Sports (@footballontnt) <a rel=\"nofollow\" href=\"https:\/\/twitter.com\/footballontnt\/status\/1985470773763403802?ref_src=twsrc%5Etfw\" rel=\"nofollow noopener\">3 novembre 2025<\/a><\/p><\/blockquote>\n<\/div>\n<\/figure>\n<p>L&#39;entra\u00eeneur R\u00e9gis Le Bris a d\u00e9clar\u00e9 : \u00ab\u00a0C&#39;est un bon point. Nous n&#39;avons pas bien commenc\u00e9. Ils ont \u00e9t\u00e9 meilleurs que nous pendant 25\/30 minutes. Nous avons senti qu&#39;ils \u00e9taient une bonne \u00e9quipe et qu&#39;ils avaient beaucoup de menaces, la capacit\u00e9 d&#39;exploiter nos revirements, et nous n&#39;avons pas \u00e9t\u00e9 assez r\u00e9guliers pendant cette premi\u00e8re partie du match pour \u00eatre comp\u00e9titifs. Mais nous avons chang\u00e9 sur la derni\u00e8re partie de la premi\u00e8re mi-temps, et la seconde mi-temps a \u00e9t\u00e9 bien meilleure et nous m\u00e9ritions m\u00eame de marquer un deuxi\u00e8me but.<\/p>\n<p>\u00ab\u00a0Parfois, nous commen\u00e7ons bien, et on ne sait pas vraiment pourquoi. Parfois, nous commen\u00e7ons comme nous l&#39;avons fait aujourd&#39;hui, et nous ne savons pas pourquoi, mais nous pouvons changer d&#39;\u00e9lan, donc nous \u00e9tions toujours connect\u00e9s avec nos id\u00e9es, et c&#39;est la meilleure fa\u00e7on de revenir dans ce match.\u00a0\u00bb<\/p>\n<\/p><\/div>\n<p><script async src=\"https:\/\/platform.twitter.com\/widgets.js\" charset=\"utf-8\"><\/script><\/p>\n","protected":false},"excerpt":{"rendered":"<p>Le manager d&#39;Everton, David Moyes, \u00e9tait frustr\u00e9 par la performance de son \u00e9quipe en seconde p\u00e9riode \u00e0 Sunderland alors que les \u00e9quipes faisaient match nul<\/p>\n","protected":false},"author":1,"featured_media":30764,"comment_status":"closed","ping_status":"","sticky":false,"template":"","format":"standard","meta":{"footnotes":""},"categories":[3],"tags":[25,4282,1279,257,1216,492,1955,6583],"yoast_head":"<!-- This site is optimized with the Yoast SEO plugin v21.0 - https:\/\/yoast.com\/wordpress\/plugins\/seo\/ -->\n<title>&quot;Je voulais plus&quot;, d\u00e9clare Moyes apr\u00e8s le match nul d&#039;Everton \u00e0 Sunderland<\/title>\n<meta name=\"robots\" content=\"index, follow, max-snippet:-1, max-image-preview:large, max-video-preview:-1\" \/>\n<link rel=\"canonical\" href=\"https:\/\/footdavant.fr\/actualites\/je-voulais-plus-declare-moyes-apres-le-match-nul-deverton-a-sunderland\/\" \/>\n<meta property=\"og:locale\" content=\"fr_FR\" \/>\n<meta property=\"og:type\" content=\"article\" \/>\n<meta property=\"og:title\" content=\"&quot;Je voulais plus&quot;, d\u00e9clare Moyes apr\u00e8s le match nul d&#039;Everton \u00e0 Sunderland\" \/>\n<meta property=\"og:description\" content=\"Le manager d&#039;Everton, David Moyes, \u00e9tait frustr\u00e9 par la performance de son \u00e9quipe en seconde p\u00e9riode \u00e0 Sunderland alors que les \u00e9quipes faisaient match nul\" \/>\n<meta property=\"og:url\" content=\"https:\/\/footdavant.fr\/actualites\/je-voulais-plus-declare-moyes-apres-le-match-nul-deverton-a-sunderland\/\" \/>\n<meta property=\"og:site_name\" content=\"Foot d&#039;avant\" \/>\n<meta property=\"article:publisher\" content=\"https:\/\/www.facebook.com\/Footdavant\/\" \/>\n<meta property=\"article:published_time\" content=\"2025-11-04T06:48:12+00:00\" \/>\n<meta property=\"article:modified_time\" content=\"2025-11-04T06:48:18+00:00\" \/>\n<meta property=\"og:image\" content=\"https:\/\/footdavant.fr\/actualites\/wp-content\/uploads\/2025\/05\/Chelsea-Newcastle-en-Ligue-des-champions-en-tant-que-Villa.jpg\" \/>\n\t<meta property=\"og:image:width\" content=\"1200\" \/>\n\t<meta property=\"og:image:height\" content=\"675\" \/>\n\t<meta property=\"og:image:type\" content=\"image\/jpeg\" \/>\n<meta name=\"author\" content=\"Cl\u00e9ment\" \/>\n<meta name=\"twitter:card\" content=\"summary_large_image\" \/>\n<meta name=\"twitter:creator\" content=\"@FootdavantFr\" \/>\n<meta name=\"twitter:site\" content=\"@FootdavantFr\" \/>\n<meta name=\"twitter:label1\" content=\"\u00c9crit par\" \/>\n\t<meta name=\"twitter:data1\" content=\"Cl\u00e9ment\" \/>\n\t<meta name=\"twitter:label2\" content=\"Dur\u00e9e de lecture estim\u00e9e\" \/>\n\t<meta name=\"twitter:data2\" content=\"4 minutes\" \/>\n<script type=\"application\/ld+json\" class=\"yoast-schema-graph\">{\"@context\":\"https:\/\/schema.org\",\"@graph\":[{\"@type\":\"Article\",\"@id\":\"https:\/\/footdavant.fr\/actualites\/je-voulais-plus-declare-moyes-apres-le-match-nul-deverton-a-sunderland\/#article\",\"isPartOf\":{\"@id\":\"https:\/\/footdavant.fr\/actualites\/je-voulais-plus-declare-moyes-apres-le-match-nul-deverton-a-sunderland\/\"},\"author\":{\"name\":\"Cl\u00e9ment\",\"@id\":\"https:\/\/footdavant.fr\/actualites\/#\/schema\/person\/bc222566d95871b37e597b3ed3ba5e1d\"},\"headline\":\"\u00ab\u00a0Je voulais plus\u00a0\u00bb, d\u00e9clare Moyes apr\u00e8s le match nul d&#39;Everton \u00e0 Sunderland\",\"datePublished\":\"2025-11-04T06:48:12+00:00\",\"dateModified\":\"2025-11-04T06:48:18+00:00\",\"mainEntityOfPage\":{\"@id\":\"https:\/\/footdavant.fr\/actualites\/je-voulais-plus-declare-moyes-apres-le-match-nul-deverton-a-sunderland\/\"},\"wordCount\":776,\"publisher\":{\"@id\":\"https:\/\/footdavant.fr\/actualites\/#organization\"},\"keywords\":[\"apr\u00e8s\",\"d39Everton\",\"d\u00e9clar\u00e9\",\"match\",\"Moyes\",\"nul\",\"Sunderland\",\"voulais\"],\"articleSection\":[\"Football\"],\"inLanguage\":\"fr-FR\"},{\"@type\":\"WebPage\",\"@id\":\"https:\/\/footdavant.fr\/actualites\/je-voulais-plus-declare-moyes-apres-le-match-nul-deverton-a-sunderland\/\",\"url\":\"https:\/\/footdavant.fr\/actualites\/je-voulais-plus-declare-moyes-apres-le-match-nul-deverton-a-sunderland\/\",\"name\":\"\\\"Je voulais plus\\\", d\u00e9clare Moyes apr\u00e8s le match nul d&#39;Everton \u00e0 Sunderland\",\"isPartOf\":{\"@id\":\"https:\/\/footdavant.fr\/actualites\/#website\"},\"datePublished\":\"2025-11-04T06:48:12+00:00\",\"dateModified\":\"2025-11-04T06:48:18+00:00\",\"breadcrumb\":{\"@id\":\"https:\/\/footdavant.fr\/actualites\/je-voulais-plus-declare-moyes-apres-le-match-nul-deverton-a-sunderland\/#breadcrumb\"},\"inLanguage\":\"fr-FR\",\"potentialAction\":[{\"@type\":\"ReadAction\",\"target\":[\"https:\/\/footdavant.fr\/actualites\/je-voulais-plus-declare-moyes-apres-le-match-nul-deverton-a-sunderland\/\"]}]},{\"@type\":\"BreadcrumbList\",\"@id\":\"https:\/\/footdavant.fr\/actualites\/je-voulais-plus-declare-moyes-apres-le-match-nul-deverton-a-sunderland\/#breadcrumb\",\"itemListElement\":[{\"@type\":\"ListItem\",\"position\":1,\"name\":\"Accueil\",\"item\":\"https:\/\/footdavant.fr\/actualites\/\"},{\"@type\":\"ListItem\",\"position\":2,\"name\":\"\u00ab\u00a0Je voulais plus\u00a0\u00bb, d\u00e9clare Moyes apr\u00e8s le match nul d&#39;Everton \u00e0 Sunderland\"}]},{\"@type\":\"WebSite\",\"@id\":\"https:\/\/footdavant.fr\/actualites\/#website\",\"url\":\"https:\/\/footdavant.fr\/actualites\/\",\"name\":\"Foot d'avant\",\"description\":\"\",\"publisher\":{\"@id\":\"https:\/\/footdavant.fr\/actualites\/#organization\"},\"potentialAction\":[{\"@type\":\"SearchAction\",\"target\":{\"@type\":\"EntryPoint\",\"urlTemplate\":\"https:\/\/footdavant.fr\/actualites\/?s={search_term_string}\"},\"query-input\":\"required name=search_term_string\"}],\"inLanguage\":\"fr-FR\"},{\"@type\":\"Organization\",\"@id\":\"https:\/\/footdavant.fr\/actualites\/#organization\",\"name\":\"Foot d'avant\",\"url\":\"https:\/\/footdavant.fr\/actualites\/\",\"logo\":{\"@type\":\"ImageObject\",\"inLanguage\":\"fr-FR\",\"@id\":\"https:\/\/footdavant.fr\/actualites\/#\/schema\/logo\/image\/\",\"url\":\"https:\/\/footdavant.fr\/actualites\/wp-content\/uploads\/2023\/09\/Copy-of-FootDavant-Logo.png\",\"contentUrl\":\"https:\/\/footdavant.fr\/actualites\/wp-content\/uploads\/2023\/09\/Copy-of-FootDavant-Logo.png\",\"width\":936,\"height\":549,\"caption\":\"Foot d'avant\"},\"image\":{\"@id\":\"https:\/\/footdavant.fr\/actualites\/#\/schema\/logo\/image\/\"},\"sameAs\":[\"https:\/\/www.facebook.com\/Footdavant\/\",\"https:\/\/twitter.com\/FootdavantFr\",\"https:\/\/www.instagram.com\/footdavant.fr\/\"]},{\"@type\":\"Person\",\"@id\":\"https:\/\/footdavant.fr\/actualites\/#\/schema\/person\/bc222566d95871b37e597b3ed3ba5e1d\",\"name\":\"Cl\u00e9ment\",\"image\":{\"@type\":\"ImageObject\",\"inLanguage\":\"fr-FR\",\"@id\":\"https:\/\/footdavant.fr\/actualites\/#\/schema\/person\/image\/\",\"url\":\"https:\/\/secure.gravatar.com\/avatar\/7728b29aac2719421e1a9159b2254c44?s=96&d=mm&r=g\",\"contentUrl\":\"https:\/\/secure.gravatar.com\/avatar\/7728b29aac2719421e1a9159b2254c44?s=96&d=mm&r=g\",\"caption\":\"Cl\u00e9ment\"},\"sameAs\":[\"https:\/\/footdavant.fr\/\"]}]}<\/script>\n<!-- \/ Yoast SEO plugin. -->","yoast_head_json":{"title":"\"Je voulais plus\", d\u00e9clare Moyes apr\u00e8s le match nul d&#39;Everton \u00e0 Sunderland","robots":{"index":"index","follow":"follow","max-snippet":"max-snippet:-1","max-image-preview":"max-image-preview:large","max-video-preview":"max-video-preview:-1"},"canonical":"https:\/\/footdavant.fr\/actualites\/je-voulais-plus-declare-moyes-apres-le-match-nul-deverton-a-sunderland\/","og_locale":"fr_FR","og_type":"article","og_title":"\"Je voulais plus\", d\u00e9clare Moyes apr\u00e8s le match nul d&#39;Everton \u00e0 Sunderland","og_description":"Le manager d&#39;Everton, David Moyes, \u00e9tait frustr\u00e9 par la performance de son \u00e9quipe en seconde p\u00e9riode \u00e0 Sunderland alors que les \u00e9quipes faisaient match nul","og_url":"https:\/\/footdavant.fr\/actualites\/je-voulais-plus-declare-moyes-apres-le-match-nul-deverton-a-sunderland\/","og_site_name":"Foot d&#039;avant","article_publisher":"https:\/\/www.facebook.com\/Footdavant\/","article_published_time":"2025-11-04T06:48:12+00:00","article_modified_time":"2025-11-04T06:48:18+00:00","og_image":[{"width":1200,"height":675,"url":"https:\/\/footdavant.fr\/actualites\/wp-content\/uploads\/2025\/05\/Chelsea-Newcastle-en-Ligue-des-champions-en-tant-que-Villa.jpg","type":"image\/jpeg"}],"author":"Cl\u00e9ment","twitter_card":"summary_large_image","twitter_creator":"@FootdavantFr","twitter_site":"@FootdavantFr","twitter_misc":{"\u00c9crit par":"Cl\u00e9ment","Dur\u00e9e de lecture estim\u00e9e":"4 minutes"},"schema":{"@context":"https:\/\/schema.org","@graph":[{"@type":"Article","@id":"https:\/\/footdavant.fr\/actualites\/je-voulais-plus-declare-moyes-apres-le-match-nul-deverton-a-sunderland\/#article","isPartOf":{"@id":"https:\/\/footdavant.fr\/actualites\/je-voulais-plus-declare-moyes-apres-le-match-nul-deverton-a-sunderland\/"},"author":{"name":"Cl\u00e9ment","@id":"https:\/\/footdavant.fr\/actualites\/#\/schema\/person\/bc222566d95871b37e597b3ed3ba5e1d"},"headline":"\u00ab\u00a0Je voulais plus\u00a0\u00bb, d\u00e9clare Moyes apr\u00e8s le match nul d&#39;Everton \u00e0 Sunderland","datePublished":"2025-11-04T06:48:12+00:00","dateModified":"2025-11-04T06:48:18+00:00","mainEntityOfPage":{"@id":"https:\/\/footdavant.fr\/actualites\/je-voulais-plus-declare-moyes-apres-le-match-nul-deverton-a-sunderland\/"},"wordCount":776,"publisher":{"@id":"https:\/\/footdavant.fr\/actualites\/#organization"},"keywords":["apr\u00e8s","d39Everton","d\u00e9clar\u00e9","match","Moyes","nul","Sunderland","voulais"],"articleSection":["Football"],"inLanguage":"fr-FR"},{"@type":"WebPage","@id":"https:\/\/footdavant.fr\/actualites\/je-voulais-plus-declare-moyes-apres-le-match-nul-deverton-a-sunderland\/","url":"https:\/\/footdavant.fr\/actualites\/je-voulais-plus-declare-moyes-apres-le-match-nul-deverton-a-sunderland\/","name":"\"Je voulais plus\", d\u00e9clare Moyes apr\u00e8s le match nul d&#39;Everton \u00e0 Sunderland","isPartOf":{"@id":"https:\/\/footdavant.fr\/actualites\/#website"},"datePublished":"2025-11-04T06:48:12+00:00","dateModified":"2025-11-04T06:48:18+00:00","breadcrumb":{"@id":"https:\/\/footdavant.fr\/actualites\/je-voulais-plus-declare-moyes-apres-le-match-nul-deverton-a-sunderland\/#breadcrumb"},"inLanguage":"fr-FR","potentialAction":[{"@type":"ReadAction","target":["https:\/\/footdavant.fr\/actualites\/je-voulais-plus-declare-moyes-apres-le-match-nul-deverton-a-sunderland\/"]}]},{"@type":"BreadcrumbList","@id":"https:\/\/footdavant.fr\/actualites\/je-voulais-plus-declare-moyes-apres-le-match-nul-deverton-a-sunderland\/#breadcrumb","itemListElement":[{"@type":"ListItem","position":1,"name":"Accueil","item":"https:\/\/footdavant.fr\/actualites\/"},{"@type":"ListItem","position":2,"name":"\u00ab\u00a0Je voulais plus\u00a0\u00bb, d\u00e9clare Moyes apr\u00e8s le match nul d&#39;Everton \u00e0 Sunderland"}]},{"@type":"WebSite","@id":"https:\/\/footdavant.fr\/actualites\/#website","url":"https:\/\/footdavant.fr\/actualites\/","name":"Foot d'avant","description":"","publisher":{"@id":"https:\/\/footdavant.fr\/actualites\/#organization"},"potentialAction":[{"@type":"SearchAction","target":{"@type":"EntryPoint","urlTemplate":"https:\/\/footdavant.fr\/actualites\/?s={search_term_string}"},"query-input":"required name=search_term_string"}],"inLanguage":"fr-FR"},{"@type":"Organization","@id":"https:\/\/footdavant.fr\/actualites\/#organization","name":"Foot d'avant","url":"https:\/\/footdavant.fr\/actualites\/","logo":{"@type":"ImageObject","inLanguage":"fr-FR","@id":"https:\/\/footdavant.fr\/actualites\/#\/schema\/logo\/image\/","url":"https:\/\/footdavant.fr\/actualites\/wp-content\/uploads\/2023\/09\/Copy-of-FootDavant-Logo.png","contentUrl":"https:\/\/footdavant.fr\/actualites\/wp-content\/uploads\/2023\/09\/Copy-of-FootDavant-Logo.png","width":936,"height":549,"caption":"Foot d'avant"},"image":{"@id":"https:\/\/footdavant.fr\/actualites\/#\/schema\/logo\/image\/"},"sameAs":["https:\/\/www.facebook.com\/Footdavant\/","https:\/\/twitter.com\/FootdavantFr","https:\/\/www.instagram.com\/footdavant.fr\/"]},{"@type":"Person","@id":"https:\/\/footdavant.fr\/actualites\/#\/schema\/person\/bc222566d95871b37e597b3ed3ba5e1d","name":"Cl\u00e9ment","image":{"@type":"ImageObject","inLanguage":"fr-FR","@id":"https:\/\/footdavant.fr\/actualites\/#\/schema\/person\/image\/","url":"https:\/\/secure.gravatar.com\/avatar\/7728b29aac2719421e1a9159b2254c44?s=96&d=mm&r=g","contentUrl":"https:\/\/secure.gravatar.com\/avatar\/7728b29aac2719421e1a9159b2254c44?s=96&d=mm&r=g","caption":"Cl\u00e9ment"},"sameAs":["https:\/\/footdavant.fr\/"]}]}},"_links":{"self":[{"href":"https:\/\/footdavant.fr\/actualites\/wp-json\/wp\/v2\/posts\/30763"}],"collection":[{"href":"https:\/\/footdavant.fr\/actualites\/wp-json\/wp\/v2\/posts"}],"about":[{"href":"https:\/\/footdavant.fr\/actualites\/wp-json\/wp\/v2\/types\/post"}],"author":[{"embeddable":true,"href":"https:\/\/footdavant.fr\/actualites\/wp-json\/wp\/v2\/users\/1"}],"replies":[{"embeddable":true,"href":"https:\/\/footdavant.fr\/actualites\/wp-json\/wp\/v2\/comments?post=30763"}],"version-history":[{"count":1,"href":"https:\/\/footdavant.fr\/actualites\/wp-json\/wp\/v2\/posts\/30763\/revisions"}],"predecessor-version":[{"id":30765,"href":"https:\/\/footdavant.fr\/actualites\/wp-json\/wp\/v2\/posts\/30763\/revisions\/30765"}],"wp:featuredmedia":[{"embeddable":true,"href":"https:\/\/footdavant.fr\/actualites\/wp-json\/wp\/v2\/media\/30764"}],"wp:attachment":[{"href":"https:\/\/footdavant.fr\/actualites\/wp-json\/wp\/v2\/media?parent=30763"}],"wp:term":[{"taxonomy":"category","embeddable":true,"href":"https:\/\/footdavant.fr\/actualites\/wp-json\/wp\/v2\/categories?post=30763"},{"taxonomy":"post_tag","embeddable":true,"href":"https:\/\/footdavant.fr\/actualites\/wp-json\/wp\/v2\/tags?post=30763"}],"curies":[{"name":"wp","href":"https:\/\/api.w.org\/{rel}","templated":true}]}}