{"id":30766,"date":"2025-11-04T09:48:03","date_gmt":"2025-11-04T08:48:03","guid":{"rendered":"https:\/\/footdavant.fr\/actualites\/nouvelles-du-transfert-de-man-united-naples-veut-resoudre-lurgence-en-signant-un-homme-des-red-devils-en-janvier\/"},"modified":"2025-11-04T09:48:05","modified_gmt":"2025-11-04T08:48:05","slug":"nouvelles-du-transfert-de-man-united-naples-veut-resoudre-lurgence-en-signant-un-homme-des-red-devils-en-janvier","status":"publish","type":"post","link":"https:\/\/footdavant.fr\/actualites\/nouvelles-du-transfert-de-man-united-naples-veut-resoudre-lurgence-en-signant-un-homme-des-red-devils-en-janvier\/","title":{"rendered":"Nouvelles du transfert de Man United: Naples veut r\u00e9soudre \u00ab l&#39;urgence \u00bb en signant un homme des Red Devils en janvier"},"content":{"rendered":"<div>\n<div class=\"article_img_img\">\n<p>\u00a9 Chaque deuxi\u00e8me m\u00e9dia \/ Imago<\/p>\n<\/div>\n<\/div>\n<p>Naples se pr\u00e9parerait \u00e0 faire une nouvelle offre pour le milieu de terrain de Manchester United Kobbie Mainoo lors du mercato de janvier.<\/p>\n<div id=\"article_body\" itemprop=\"articleBody\">\n<h3 class=\"firstPara\"><\/h3>\n<p><strong class=\"autotag\">Naples se pr\u00e9parerait \u00e0 faire une nouvelle offre pour <strong class=\"autotag\">Milieu de terrain de Manchester United <strong class=\"autotag\">Kobbie Mainoo lors du mercato de janvier, apr\u00e8s avoir \u00e9chou\u00e9 avec un transfert pour l&#39;Anglais au cours de l&#39;\u00e9t\u00e9.<\/p>\n<p>Mainoo a demand\u00e9 \u00e0 quitter Old Trafford en pr\u00eat dans les derni\u00e8res \u00e9tapes du march\u00e9 estival, mais sa demande a \u00e9t\u00e9 rejet\u00e9e, Man United le consid\u00e9rant comme un membre important de l&#39;\u00e9quipe.<\/p>\n<p>Le joueur de 20 ans a fait huit apparitions pour Man United cette saison, mais il n&#39;a d\u00e9but\u00e9 qu&#39;une seule fois, tandis que ses sept sorties en Premier League sont sorties du banc.<\/p>\n<p>Mainoo est apparemment en concurrence directe avec le capitaine des Red Devils Bruno Fernandes pour une place dans l&#39;\u00e9quipe, ce qui rend incroyablement difficile pour lui de percer. <strong class=\"autotag\">Le premier XI de Ruben Amorim.<\/p>\n<p>Selon <em>Gazzetta du Sport<\/em>Naples \u00ab\u00a0essayera \u00e0 nouveau\u00a0\u00bb pour Mainoo en janvier, et l&#39;Anglais serait pr\u00eat \u00e0 rejoindre les champions d&#39;Italie sur le march\u00e9 d&#39;hiver.<\/p>\n<p class=\"imgI\"><img decoding=\"async\" alt=\"Kobbie Mainoo de Manchester United lors du match de son \u00e9quipe contre Burnley, le 30 ao\u00fbt 2025\" class=\"vanilla-lazyload article-image\" src=\"https:\/\/footdavant.fr\/actualites\/wp-content\/uploads\/2025\/11\/Nouvelles-du-transfert-de-Man-United-Naples-veut-resoudre.webp\"><\/p>\n<h2>Naples \u00ab planifie \u00bb un nouveau transfert pour Mainoo de Man United<\/h2>\n<p>Naples entretient une relation solide avec Man United, en signant Scott McTominay des Red Devils \u00e0 l&#39;\u00e9t\u00e9 2024, tandis que Rasmus Hojlund a bascul\u00e9 entre les deux clubs lors de la r\u00e9cente fen\u00eatre.<\/p>\n<p>Hojlund est techniquement pr\u00eat\u00e9 \u00e0 Naples, mais ce transfert deviendra permanent l&#39;\u00e9t\u00e9 prochain.<\/p>\n<p>Naples a perdu Kevin De Bruyne \u00e0 cause d&#39;une blessure \u00e0 long terme \u00e0 la cuisse, tandis que Stanislav Lobotka est aux prises avec des probl\u00e8mes de forme physique ; Frank Zambo Anguissa devrait \u00e9galement participer \u00e0 la Coupe d&#39;Afrique des Nations pour le Cameroun en janvier. Un nouveau milieu de terrain est donc consid\u00e9r\u00e9 comme une priorit\u00e9 pour l&#39;\u00e9quipe de Serie A, qui a d\u00e9clar\u00e9 la situation \u00ab\u00a0d&#39;urgence\u00a0\u00bb.<\/p>\n<p>Mainoo a besoin d&#39;un football r\u00e9gulier dans la seconde moiti\u00e9 de la campagne 2025-26 pour \u00eatre pris en consid\u00e9ration pour une place dans l&#39;\u00e9quipe d&#39;Angleterre pour la Coupe du monde 2026.<\/p>\n<p class=\"imgI\"><img decoding=\"async\" alt=\"Kobbie Mainoo de Manchester United le 27 ao\u00fbt 2025\" class=\"vanilla-lazyload article-image\" src=\"https:\/\/footdavant.fr\/actualites\/wp-content\/uploads\/2025\/11\/1762246083_571_Nouvelles-du-transfert-de-Man-United-Naples-veut-resoudre.webp\"><\/p>\n<h2>Man United laissera-t-il partir Kobbie Mainoo en janvier ?<\/h2>\n<p>L&#39;entra\u00eeneur-chef de Man United, Amorim, a r\u00e9cemment d\u00e9clar\u00e9 que Mainoo ne serait pas autoris\u00e9 \u00e0 partir en janvier.<\/p>\n<p>\u00ab\u00a0Je sais aussi que dans notre club, tout fait beaucoup de bruit. Il faut avoir des nouvelles. Les joueurs ne jouent pas. Ils veulent jouer\u00a0\u00bb, a d\u00e9clar\u00e9 Amorim aux journalistes.<\/p>\n<p publication=\"men\">\u00ab\u00a0Il y a une Coupe du Monde. Il y a des agents qui \u00e9coutent les joueurs parler tout le temps. Donc je comprends cela, mais ce sont nos joueurs et nous avons besoin que tout le monde fasse une bonne saison.<\/p>\n<p publication=\"men\">\u00ab\u00a0Je crois beaucoup en Kobbie, mais certains d&#39;entre vous pensent que Kobbie Mainoo a d\u00e9j\u00e0 termin\u00e9 (l&#39;article termin\u00e9). Je pense qu&#39;il peut faire tellement mieux, il peut s&#39;am\u00e9liorer dans beaucoup de domaines.\u00a0\u00bb<\/p>\n<p>Man United a une liste de matches r\u00e9duite, mais Amorim craint d&#39;\u00eatre surpris par une blessure \u00e0 long terme au milieu de terrain. Il est donc difficile d&#39;imaginer que Mainoo soit autoris\u00e9 \u00e0 partir en janvier, mais il y a apparemment de s\u00e9rieuses chances que le jeune parte lors de la fen\u00eatre de transfert de l&#39;\u00e9t\u00e9 prochain.<\/p>\n<div class=\"author_box\">\n<div class=\"author_box_banner\"> <img decoding=\"async\" class=\"author_img\" src=\"https:\/\/footdavant.fr\/actualites\/wp-content\/uploads\/2025\/06\/1749851283_714_Man-United-Transfer-News-Antony-Dernier-revele-apres-le-spectaculaire.jpg\"><\/div>\n<\/div>\n<\/div>\n","protected":false},"excerpt":{"rendered":"<p>\u00a9 Chaque deuxi\u00e8me m\u00e9dia \/ Imago Naples se pr\u00e9parerait \u00e0 faire une nouvelle offre pour le milieu de terrain de Manchester United Kobbie Mainoo lors<\/p>\n","protected":false},"author":1,"featured_media":30227,"comment_status":"closed","ping_status":"","sticky":false,"template":"","format":"standard","meta":{"footnotes":""},"categories":[5],"tags":[12,265,1245,166,10911,24,551,461,536,1197,4466,700,13,600],"yoast_head":"<!-- This site is optimized with the Yoast SEO plugin v21.0 - https:\/\/yoast.com\/wordpress\/plugins\/seo\/ -->\n<title>Nouvelles du transfert de Man United: Naples veut r\u00e9soudre \u00ab l&#039;urgence \u00bb en signant un homme des Red Devils en janvier<\/title>\n<meta name=\"robots\" content=\"index, follow, max-snippet:-1, max-image-preview:large, max-video-preview:-1\" \/>\n<link rel=\"canonical\" href=\"https:\/\/footdavant.fr\/actualites\/nouvelles-du-transfert-de-man-united-naples-veut-resoudre-lurgence-en-signant-un-homme-des-red-devils-en-janvier\/\" \/>\n<meta property=\"og:locale\" content=\"fr_FR\" \/>\n<meta property=\"og:type\" content=\"article\" \/>\n<meta property=\"og:title\" content=\"Nouvelles du transfert de Man United: Naples veut r\u00e9soudre \u00ab l&#039;urgence \u00bb en signant un homme des Red Devils en janvier\" \/>\n<meta property=\"og:description\" content=\"\u00a9 Chaque deuxi\u00e8me m\u00e9dia \/ Imago Naples se pr\u00e9parerait \u00e0 faire une nouvelle offre pour le milieu de terrain de Manchester United Kobbie Mainoo lors\" \/>\n<meta property=\"og:url\" content=\"https:\/\/footdavant.fr\/actualites\/nouvelles-du-transfert-de-man-united-naples-veut-resoudre-lurgence-en-signant-un-homme-des-red-devils-en-janvier\/\" \/>\n<meta property=\"og:site_name\" content=\"Foot d&#039;avant\" \/>\n<meta property=\"article:publisher\" content=\"https:\/\/www.facebook.com\/Footdavant\/\" \/>\n<meta property=\"article:published_time\" content=\"2025-11-04T08:48:03+00:00\" \/>\n<meta property=\"article:modified_time\" content=\"2025-11-04T08:48:05+00:00\" \/>\n<meta property=\"og:image\" content=\"https:\/\/footdavant.fr\/actualites\/wp-content\/uploads\/2025\/10\/Nouvelles-du-transfert-de-Man-Utd-le-club-europeen.webp\" \/>\n\t<meta property=\"og:image:width\" content=\"640\" \/>\n\t<meta property=\"og:image:height\" content=\"480\" \/>\n\t<meta property=\"og:image:type\" content=\"image\/jpeg\" \/>\n<meta name=\"author\" content=\"Cl\u00e9ment\" \/>\n<meta name=\"twitter:card\" content=\"summary_large_image\" \/>\n<meta name=\"twitter:creator\" content=\"@FootdavantFr\" \/>\n<meta name=\"twitter:site\" content=\"@FootdavantFr\" \/>\n<meta name=\"twitter:label1\" content=\"\u00c9crit par\" \/>\n\t<meta name=\"twitter:data1\" content=\"Cl\u00e9ment\" \/>\n\t<meta name=\"twitter:label2\" content=\"Dur\u00e9e de lecture estim\u00e9e\" \/>\n\t<meta name=\"twitter:data2\" content=\"3 minutes\" \/>\n<script type=\"application\/ld+json\" class=\"yoast-schema-graph\">{\"@context\":\"https:\/\/schema.org\",\"@graph\":[{\"@type\":\"Article\",\"@id\":\"https:\/\/footdavant.fr\/actualites\/nouvelles-du-transfert-de-man-united-naples-veut-resoudre-lurgence-en-signant-un-homme-des-red-devils-en-janvier\/#article\",\"isPartOf\":{\"@id\":\"https:\/\/footdavant.fr\/actualites\/nouvelles-du-transfert-de-man-united-naples-veut-resoudre-lurgence-en-signant-un-homme-des-red-devils-en-janvier\/\"},\"author\":{\"name\":\"Cl\u00e9ment\",\"@id\":\"https:\/\/footdavant.fr\/actualites\/#\/schema\/person\/bc222566d95871b37e597b3ed3ba5e1d\"},\"headline\":\"Nouvelles du transfert de Man United: Naples veut r\u00e9soudre \u00ab l&#39;urgence \u00bb en signant un homme des Red Devils en janvier\",\"datePublished\":\"2025-11-04T08:48:03+00:00\",\"dateModified\":\"2025-11-04T08:48:05+00:00\",\"mainEntityOfPage\":{\"@id\":\"https:\/\/footdavant.fr\/actualites\/nouvelles-du-transfert-de-man-united-naples-veut-resoudre-lurgence-en-signant-un-homme-des-red-devils-en-janvier\/\"},\"wordCount\":583,\"publisher\":{\"@id\":\"https:\/\/footdavant.fr\/actualites\/#organization\"},\"keywords\":[\"des\",\"Devils\",\"homme\",\"janvier\",\"l39urgence\",\"Man\",\"Naples\",\"Nouvelles\",\"Red\",\"r\u00e9soudre\",\"signant\",\"transfert\",\"United\",\"veut\"],\"articleSection\":[\"Premier League\"],\"inLanguage\":\"fr-FR\"},{\"@type\":\"WebPage\",\"@id\":\"https:\/\/footdavant.fr\/actualites\/nouvelles-du-transfert-de-man-united-naples-veut-resoudre-lurgence-en-signant-un-homme-des-red-devils-en-janvier\/\",\"url\":\"https:\/\/footdavant.fr\/actualites\/nouvelles-du-transfert-de-man-united-naples-veut-resoudre-lurgence-en-signant-un-homme-des-red-devils-en-janvier\/\",\"name\":\"Nouvelles du transfert de Man United: Naples veut r\u00e9soudre \u00ab l&#39;urgence \u00bb en signant un homme des Red Devils en janvier\",\"isPartOf\":{\"@id\":\"https:\/\/footdavant.fr\/actualites\/#website\"},\"datePublished\":\"2025-11-04T08:48:03+00:00\",\"dateModified\":\"2025-11-04T08:48:05+00:00\",\"breadcrumb\":{\"@id\":\"https:\/\/footdavant.fr\/actualites\/nouvelles-du-transfert-de-man-united-naples-veut-resoudre-lurgence-en-signant-un-homme-des-red-devils-en-janvier\/#breadcrumb\"},\"inLanguage\":\"fr-FR\",\"potentialAction\":[{\"@type\":\"ReadAction\",\"target\":[\"https:\/\/footdavant.fr\/actualites\/nouvelles-du-transfert-de-man-united-naples-veut-resoudre-lurgence-en-signant-un-homme-des-red-devils-en-janvier\/\"]}]},{\"@type\":\"BreadcrumbList\",\"@id\":\"https:\/\/footdavant.fr\/actualites\/nouvelles-du-transfert-de-man-united-naples-veut-resoudre-lurgence-en-signant-un-homme-des-red-devils-en-janvier\/#breadcrumb\",\"itemListElement\":[{\"@type\":\"ListItem\",\"position\":1,\"name\":\"Accueil\",\"item\":\"https:\/\/footdavant.fr\/actualites\/\"},{\"@type\":\"ListItem\",\"position\":2,\"name\":\"Nouvelles du transfert de Man United: Naples veut r\u00e9soudre \u00ab l&#39;urgence \u00bb en signant un homme des Red Devils en janvier\"}]},{\"@type\":\"WebSite\",\"@id\":\"https:\/\/footdavant.fr\/actualites\/#website\",\"url\":\"https:\/\/footdavant.fr\/actualites\/\",\"name\":\"Foot d'avant\",\"description\":\"\",\"publisher\":{\"@id\":\"https:\/\/footdavant.fr\/actualites\/#organization\"},\"potentialAction\":[{\"@type\":\"SearchAction\",\"target\":{\"@type\":\"EntryPoint\",\"urlTemplate\":\"https:\/\/footdavant.fr\/actualites\/?s={search_term_string}\"},\"query-input\":\"required name=search_term_string\"}],\"inLanguage\":\"fr-FR\"},{\"@type\":\"Organization\",\"@id\":\"https:\/\/footdavant.fr\/actualites\/#organization\",\"name\":\"Foot d'avant\",\"url\":\"https:\/\/footdavant.fr\/actualites\/\",\"logo\":{\"@type\":\"ImageObject\",\"inLanguage\":\"fr-FR\",\"@id\":\"https:\/\/footdavant.fr\/actualites\/#\/schema\/logo\/image\/\",\"url\":\"https:\/\/footdavant.fr\/actualites\/wp-content\/uploads\/2023\/09\/Copy-of-FootDavant-Logo.png\",\"contentUrl\":\"https:\/\/footdavant.fr\/actualites\/wp-content\/uploads\/2023\/09\/Copy-of-FootDavant-Logo.png\",\"width\":936,\"height\":549,\"caption\":\"Foot d'avant\"},\"image\":{\"@id\":\"https:\/\/footdavant.fr\/actualites\/#\/schema\/logo\/image\/\"},\"sameAs\":[\"https:\/\/www.facebook.com\/Footdavant\/\",\"https:\/\/twitter.com\/FootdavantFr\",\"https:\/\/www.instagram.com\/footdavant.fr\/\"]},{\"@type\":\"Person\",\"@id\":\"https:\/\/footdavant.fr\/actualites\/#\/schema\/person\/bc222566d95871b37e597b3ed3ba5e1d\",\"name\":\"Cl\u00e9ment\",\"image\":{\"@type\":\"ImageObject\",\"inLanguage\":\"fr-FR\",\"@id\":\"https:\/\/footdavant.fr\/actualites\/#\/schema\/person\/image\/\",\"url\":\"https:\/\/secure.gravatar.com\/avatar\/7728b29aac2719421e1a9159b2254c44?s=96&d=mm&r=g\",\"contentUrl\":\"https:\/\/secure.gravatar.com\/avatar\/7728b29aac2719421e1a9159b2254c44?s=96&d=mm&r=g\",\"caption\":\"Cl\u00e9ment\"},\"sameAs\":[\"https:\/\/footdavant.fr\/\"]}]}<\/script>\n<!-- \/ Yoast SEO plugin. -->","yoast_head_json":{"title":"Nouvelles du transfert de Man United: Naples veut r\u00e9soudre \u00ab l&#39;urgence \u00bb en signant un homme des Red Devils en janvier","robots":{"index":"index","follow":"follow","max-snippet":"max-snippet:-1","max-image-preview":"max-image-preview:large","max-video-preview":"max-video-preview:-1"},"canonical":"https:\/\/footdavant.fr\/actualites\/nouvelles-du-transfert-de-man-united-naples-veut-resoudre-lurgence-en-signant-un-homme-des-red-devils-en-janvier\/","og_locale":"fr_FR","og_type":"article","og_title":"Nouvelles du transfert de Man United: Naples veut r\u00e9soudre \u00ab l&#39;urgence \u00bb en signant un homme des Red Devils en janvier","og_description":"\u00a9 Chaque deuxi\u00e8me m\u00e9dia \/ Imago Naples se pr\u00e9parerait \u00e0 faire une nouvelle offre pour le milieu de terrain de Manchester United Kobbie Mainoo lors","og_url":"https:\/\/footdavant.fr\/actualites\/nouvelles-du-transfert-de-man-united-naples-veut-resoudre-lurgence-en-signant-un-homme-des-red-devils-en-janvier\/","og_site_name":"Foot d&#039;avant","article_publisher":"https:\/\/www.facebook.com\/Footdavant\/","article_published_time":"2025-11-04T08:48:03+00:00","article_modified_time":"2025-11-04T08:48:05+00:00","og_image":[{"width":640,"height":480,"url":"https:\/\/footdavant.fr\/actualites\/wp-content\/uploads\/2025\/10\/Nouvelles-du-transfert-de-Man-Utd-le-club-europeen.webp","type":"image\/jpeg"}],"author":"Cl\u00e9ment","twitter_card":"summary_large_image","twitter_creator":"@FootdavantFr","twitter_site":"@FootdavantFr","twitter_misc":{"\u00c9crit par":"Cl\u00e9ment","Dur\u00e9e de lecture estim\u00e9e":"3 minutes"},"schema":{"@context":"https:\/\/schema.org","@graph":[{"@type":"Article","@id":"https:\/\/footdavant.fr\/actualites\/nouvelles-du-transfert-de-man-united-naples-veut-resoudre-lurgence-en-signant-un-homme-des-red-devils-en-janvier\/#article","isPartOf":{"@id":"https:\/\/footdavant.fr\/actualites\/nouvelles-du-transfert-de-man-united-naples-veut-resoudre-lurgence-en-signant-un-homme-des-red-devils-en-janvier\/"},"author":{"name":"Cl\u00e9ment","@id":"https:\/\/footdavant.fr\/actualites\/#\/schema\/person\/bc222566d95871b37e597b3ed3ba5e1d"},"headline":"Nouvelles du transfert de Man United: Naples veut r\u00e9soudre \u00ab l&#39;urgence \u00bb en signant un homme des Red Devils en janvier","datePublished":"2025-11-04T08:48:03+00:00","dateModified":"2025-11-04T08:48:05+00:00","mainEntityOfPage":{"@id":"https:\/\/footdavant.fr\/actualites\/nouvelles-du-transfert-de-man-united-naples-veut-resoudre-lurgence-en-signant-un-homme-des-red-devils-en-janvier\/"},"wordCount":583,"publisher":{"@id":"https:\/\/footdavant.fr\/actualites\/#organization"},"keywords":["des","Devils","homme","janvier","l39urgence","Man","Naples","Nouvelles","Red","r\u00e9soudre","signant","transfert","United","veut"],"articleSection":["Premier League"],"inLanguage":"fr-FR"},{"@type":"WebPage","@id":"https:\/\/footdavant.fr\/actualites\/nouvelles-du-transfert-de-man-united-naples-veut-resoudre-lurgence-en-signant-un-homme-des-red-devils-en-janvier\/","url":"https:\/\/footdavant.fr\/actualites\/nouvelles-du-transfert-de-man-united-naples-veut-resoudre-lurgence-en-signant-un-homme-des-red-devils-en-janvier\/","name":"Nouvelles du transfert de Man United: Naples veut r\u00e9soudre \u00ab l&#39;urgence \u00bb en signant un homme des Red Devils en janvier","isPartOf":{"@id":"https:\/\/footdavant.fr\/actualites\/#website"},"datePublished":"2025-11-04T08:48:03+00:00","dateModified":"2025-11-04T08:48:05+00:00","breadcrumb":{"@id":"https:\/\/footdavant.fr\/actualites\/nouvelles-du-transfert-de-man-united-naples-veut-resoudre-lurgence-en-signant-un-homme-des-red-devils-en-janvier\/#breadcrumb"},"inLanguage":"fr-FR","potentialAction":[{"@type":"ReadAction","target":["https:\/\/footdavant.fr\/actualites\/nouvelles-du-transfert-de-man-united-naples-veut-resoudre-lurgence-en-signant-un-homme-des-red-devils-en-janvier\/"]}]},{"@type":"BreadcrumbList","@id":"https:\/\/footdavant.fr\/actualites\/nouvelles-du-transfert-de-man-united-naples-veut-resoudre-lurgence-en-signant-un-homme-des-red-devils-en-janvier\/#breadcrumb","itemListElement":[{"@type":"ListItem","position":1,"name":"Accueil","item":"https:\/\/footdavant.fr\/actualites\/"},{"@type":"ListItem","position":2,"name":"Nouvelles du transfert de Man United: Naples veut r\u00e9soudre \u00ab l&#39;urgence \u00bb en signant un homme des Red Devils en janvier"}]},{"@type":"WebSite","@id":"https:\/\/footdavant.fr\/actualites\/#website","url":"https:\/\/footdavant.fr\/actualites\/","name":"Foot d'avant","description":"","publisher":{"@id":"https:\/\/footdavant.fr\/actualites\/#organization"},"potentialAction":[{"@type":"SearchAction","target":{"@type":"EntryPoint","urlTemplate":"https:\/\/footdavant.fr\/actualites\/?s={search_term_string}"},"query-input":"required name=search_term_string"}],"inLanguage":"fr-FR"},{"@type":"Organization","@id":"https:\/\/footdavant.fr\/actualites\/#organization","name":"Foot d'avant","url":"https:\/\/footdavant.fr\/actualites\/","logo":{"@type":"ImageObject","inLanguage":"fr-FR","@id":"https:\/\/footdavant.fr\/actualites\/#\/schema\/logo\/image\/","url":"https:\/\/footdavant.fr\/actualites\/wp-content\/uploads\/2023\/09\/Copy-of-FootDavant-Logo.png","contentUrl":"https:\/\/footdavant.fr\/actualites\/wp-content\/uploads\/2023\/09\/Copy-of-FootDavant-Logo.png","width":936,"height":549,"caption":"Foot d'avant"},"image":{"@id":"https:\/\/footdavant.fr\/actualites\/#\/schema\/logo\/image\/"},"sameAs":["https:\/\/www.facebook.com\/Footdavant\/","https:\/\/twitter.com\/FootdavantFr","https:\/\/www.instagram.com\/footdavant.fr\/"]},{"@type":"Person","@id":"https:\/\/footdavant.fr\/actualites\/#\/schema\/person\/bc222566d95871b37e597b3ed3ba5e1d","name":"Cl\u00e9ment","image":{"@type":"ImageObject","inLanguage":"fr-FR","@id":"https:\/\/footdavant.fr\/actualites\/#\/schema\/person\/image\/","url":"https:\/\/secure.gravatar.com\/avatar\/7728b29aac2719421e1a9159b2254c44?s=96&d=mm&r=g","contentUrl":"https:\/\/secure.gravatar.com\/avatar\/7728b29aac2719421e1a9159b2254c44?s=96&d=mm&r=g","caption":"Cl\u00e9ment"},"sameAs":["https:\/\/footdavant.fr\/"]}]}},"_links":{"self":[{"href":"https:\/\/footdavant.fr\/actualites\/wp-json\/wp\/v2\/posts\/30766"}],"collection":[{"href":"https:\/\/footdavant.fr\/actualites\/wp-json\/wp\/v2\/posts"}],"about":[{"href":"https:\/\/footdavant.fr\/actualites\/wp-json\/wp\/v2\/types\/post"}],"author":[{"embeddable":true,"href":"https:\/\/footdavant.fr\/actualites\/wp-json\/wp\/v2\/users\/1"}],"replies":[{"embeddable":true,"href":"https:\/\/footdavant.fr\/actualites\/wp-json\/wp\/v2\/comments?post=30766"}],"version-history":[{"count":1,"href":"https:\/\/footdavant.fr\/actualites\/wp-json\/wp\/v2\/posts\/30766\/revisions"}],"predecessor-version":[{"id":30767,"href":"https:\/\/footdavant.fr\/actualites\/wp-json\/wp\/v2\/posts\/30766\/revisions\/30767"}],"wp:featuredmedia":[{"embeddable":true,"href":"https:\/\/footdavant.fr\/actualites\/wp-json\/wp\/v2\/media\/30227"}],"wp:attachment":[{"href":"https:\/\/footdavant.fr\/actualites\/wp-json\/wp\/v2\/media?parent=30766"}],"wp:term":[{"taxonomy":"category","embeddable":true,"href":"https:\/\/footdavant.fr\/actualites\/wp-json\/wp\/v2\/categories?post=30766"},{"taxonomy":"post_tag","embeddable":true,"href":"https:\/\/footdavant.fr\/actualites\/wp-json\/wp\/v2\/tags?post=30766"}],"curies":[{"name":"wp","href":"https:\/\/api.w.org\/{rel}","templated":true}]}}