{"id":30771,"date":"2025-11-04T12:48:15","date_gmt":"2025-11-04T11:48:15","guid":{"rendered":"https:\/\/footdavant.fr\/actualites\/liverpool-contre-real-madrid-los-blancos-manquent-quatre-stars-de-la-premiere-equipe-pour-le-choc-de-la-ligue-des-champions-alors-quun-nouveau-coup-de-blessure-est-confirme\/"},"modified":"2025-11-04T12:48:16","modified_gmt":"2025-11-04T11:48:16","slug":"liverpool-contre-real-madrid-los-blancos-manquent-quatre-stars-de-la-premiere-equipe-pour-le-choc-de-la-ligue-des-champions-alors-quun-nouveau-coup-de-blessure-est-confirme","status":"publish","type":"post","link":"https:\/\/footdavant.fr\/actualites\/liverpool-contre-real-madrid-los-blancos-manquent-quatre-stars-de-la-premiere-equipe-pour-le-choc-de-la-ligue-des-champions-alors-quun-nouveau-coup-de-blessure-est-confirme\/","title":{"rendered":"Liverpool contre Real Madrid: Los Blancos manquent quatre stars de la premi\u00e8re \u00e9quipe pour le choc de la Ligue des Champions alors qu&#39;un nouveau coup de blessure est confirm\u00e9"},"content":{"rendered":"<p>Le Real Madrid subit un nouveau coup dur avant le match de Ligue des Champions de mardi contre Liverpool, l&#39;arriv\u00e9e estivale de Franco Mastantuono \u00e9tant exclu de la comp\u00e9tition.<\/p>\n<div id=\"article_body\" itemprop=\"articleBody\">\n<h3 class=\"firstPara\"><\/h3>\n<p><strong class=\"autotag\">Le Real Madrid a subi une nouvelle blessure avant le match de mardi. <strong class=\"autotag\">Match de Ligue des Champions contre <strong class=\"autotag\">Liverpool, avec l&#39;arriv\u00e9e estivale de Franco Mastantuono, exclu du concours.<\/p>\n<p>L&#39;international argentin est un habitu\u00e9 des Blancos depuis son arriv\u00e9e de River Plate, participant \u00e0 12 reprises toutes comp\u00e9titions confondues, marquant une fois et fournissant une passe d\u00e9cisive.<\/p>\n<p>Le joueur de 18 ans aurait \u00e9t\u00e9 en lice pour d\u00e9buter \u00e0 Anfield, mais le Real Madrid a r\u00e9v\u00e9l\u00e9 que l&#39;attaquant r\u00e9silierait son contrat en raison de pubalgie.<\/p>\n<p>\u00ab Suite aux tests effectu\u00e9s aujourd&#39;hui sur notre lecteur <strong class=\"autotag\">Franco Mastantuono par les Services M\u00e9dicaux du Real Madrid, on lui a diagnostiqu\u00e9 une pubalgie. Son r\u00e9tablissement sera surveill\u00e9\u00a0\u00bb, peut-on lire dans un communiqu\u00e9 des g\u00e9ants du capital.<\/p>\n<p>Le Real Madrid n&#39;a pas fourni de d\u00e9lai en termes de processus de r\u00e9cup\u00e9ration de l&#39;attaquant, car il sera \u00e0 nouveau \u00e9valu\u00e9 plus tard dans la semaine avant le d\u00e9placement au Rayo Vallecano en championnat dimanche.<\/p>\n<p class=\"imgI\">\n<h2>Liverpool vs Real Madrid: Mastantuono exclu du choc de la Ligue des champions<\/h2>\n<p><strong class=\"autotag\">Antonio R\u00fcdiger et <strong class=\"autotag\">David Alaba est deux autres absents de l&#39;\u00e9quipe premi\u00e8re du Real Madrid, le second ne parvenant pas \u00e0 se remettre d&#39;un probl\u00e8me au mollet, tandis que le premier est toujours absent en raison d&#39;une grave blessure musculaire ; <strong class=\"autotag\">Dani Carvajal est \u00e9galement absent suite \u00e0 une op\u00e9ration au genou.<\/p>\n<p><strong class=\"autotag\">Trent Alexander-Arnold a r\u00e9cemment retrouv\u00e9 sa forme physique, m\u00eame si l&#39;ancien d\u00e9fenseur de Liverpool a \u00e9t\u00e9 un rempla\u00e7ant inutilis\u00e9 lors des deux derniers matches de l&#39;\u00e9quipe suite \u00e0 un probl\u00e8me aux ischio-jambiers.<\/p>\n<p>\u00ab\u00a0Il va bien, il n&#39;a pas jou\u00e9 l&#39;autre jour \u00e0 cause des circonstances du match. Il est disponible et peut jouer demain. Nous avons besoin de lui car il a d&#39;\u00e9normes qualit\u00e9s. Nous devons l&#39;aider et lui donner ce dont il a besoin pour qu&#39;il soit performant\u00a0\u00bb, a d\u00e9clar\u00e9 l&#39;entra\u00eeneur du Real Madrid. <strong class=\"autotag\">Xabi Alonso lors de sa conf\u00e9rence de presse d&#39;avant-match.<\/p>\n<p>Federico Valverde est le favori pour d\u00e9buter \u00e0 l&#39;arri\u00e8re droit \u00e0 Anfield, le manque de football d&#39;Alexander-Arnold devant jouer contre lui en ce qui concerne l&#39;\u00e9quipe de d\u00e9part.<\/p>\n<p class=\"imgI\">\n<h2>Xabi Alonso attend avec impatience le retour d&#39;Anfield<\/h2>\n<p>Alonso s&#39;est pr\u00e9sent\u00e9 \u00e0 Liverpool en tant que joueur entre 2004 et 2009, remportant la Ligue des champions lors d&#39;une p\u00e9riode r\u00e9ussie, et il se pr\u00e9pare maintenant \u00e0 revenir \u00e0 Anfield mardi soir.<\/p>\n<p>\u00ab\u00a0Cela fait toujours du bien de retourner dans un endroit o\u00f9 l&#39;on a \u00e9t\u00e9 tant aim\u00e9\u00a0\u00bb, a-t-il d\u00e9clar\u00e9.<\/p>\n<p>\u00ab\u00a0C&#39;\u00e9tait tr\u00e8s important, ce n&#39;\u00e9tait pas seulement une \u00e9tape d\u00e9nu\u00e9e de sens. J&#39;y suis rest\u00e9 cinq ans et j&#39;ai beaucoup appris. Pas seulement sur le jeu, mais aussi sur la r\u00e9flexion. Cela m&#39;a aid\u00e9 d&#39;\u00eatre ici. Vous aimez le football et vous aimez jouer pour un club comme celui-ci.<\/p>\n<p>\u00ab\u00a0J&#39;essaie de ne pas laisser mes \u00e9motions prendre le dessus sur moi. Je ne veux pas qu&#39;elles changent ma pr\u00e9paration&#8230; et ce qui est cens\u00e9 arriver arrivera. M&#39;\u00e9loigner des \u00e9motions de ces matches est important pour pouvoir \u00eatre plus concentr\u00e9 sur ce que je dois faire.\u00a0\u00bb<\/p>\n<p>Le Real Madrid a remport\u00e9 ses trois matchs de la phase de championnat de la Ligue des Champions cette saison, ce qui le place \u00e0 la cinqui\u00e8me place du classement g\u00e9n\u00e9ral avec neuf points.<\/p>\n<h3>L&#39;\u00e9quipe du Real Madrid contre Liverpool<\/h3>\n<p>Courtois, Lun\u00edn, Gonzalez\u00a0; Militao, Alexander-Arnold, Asencio, Carreras, F Garcia, Mendy, Huijsen ; Bellingham, Camavinga, Valverde, Tchouameni, Guler, Ceballos ; Vinicius, Endrick, Mbapp\u00e9, Rodrygo, Gonzalo, Brahim<\/p>\n<div class=\"author_box\">\n<div class=\"author_box_banner\"> <\/div>\n<\/div>\n<\/div>\n","protected":false},"excerpt":{"rendered":"<p>Le Real Madrid subit un nouveau coup dur avant le match de Ligue des Champions de mardi contre Liverpool, l&#39;arriv\u00e9e estivale de Franco Mastantuono \u00e9tant<\/p>\n","protected":false},"author":1,"featured_media":25236,"comment_status":"closed","ping_status":"","sticky":false,"template":"","format":"standard","meta":{"footnotes":""},"categories":[4],"tags":[318,4499,15,31,332,40,20,489,12,28,217,30,53,2707,303,1775,199,51,1024,4272,373,302,2067],"yoast_head":"<!-- This site is optimized with the Yoast SEO plugin v21.0 - https:\/\/yoast.com\/wordpress\/plugins\/seo\/ -->\n<title>Liverpool contre Real Madrid: Los Blancos manquent quatre stars de la premi\u00e8re \u00e9quipe pour le choc de la Ligue des Champions alors qu&#039;un nouveau coup de blessure est confirm\u00e9<\/title>\n<meta name=\"robots\" content=\"index, follow, max-snippet:-1, max-image-preview:large, max-video-preview:-1\" \/>\n<link rel=\"canonical\" href=\"https:\/\/footdavant.fr\/actualites\/liverpool-contre-real-madrid-los-blancos-manquent-quatre-stars-de-la-premiere-equipe-pour-le-choc-de-la-ligue-des-champions-alors-quun-nouveau-coup-de-blessure-est-confirme\/\" \/>\n<meta property=\"og:locale\" content=\"fr_FR\" \/>\n<meta property=\"og:type\" content=\"article\" \/>\n<meta property=\"og:title\" content=\"Liverpool contre Real Madrid: Los Blancos manquent quatre stars de la premi\u00e8re \u00e9quipe pour le choc de la Ligue des Champions alors qu&#039;un nouveau coup de blessure est confirm\u00e9\" \/>\n<meta property=\"og:description\" content=\"Le Real Madrid subit un nouveau coup dur avant le match de Ligue des Champions de mardi contre Liverpool, l&#039;arriv\u00e9e estivale de Franco Mastantuono \u00e9tant\" \/>\n<meta property=\"og:url\" content=\"https:\/\/footdavant.fr\/actualites\/liverpool-contre-real-madrid-los-blancos-manquent-quatre-stars-de-la-premiere-equipe-pour-le-choc-de-la-ligue-des-champions-alors-quun-nouveau-coup-de-blessure-est-confirme\/\" \/>\n<meta property=\"og:site_name\" content=\"Foot d&#039;avant\" \/>\n<meta property=\"article:publisher\" content=\"https:\/\/www.facebook.com\/Footdavant\/\" \/>\n<meta property=\"article:published_time\" content=\"2025-11-04T11:48:15+00:00\" \/>\n<meta property=\"article:modified_time\" content=\"2025-11-04T11:48:16+00:00\" \/>\n<meta property=\"og:image\" content=\"https:\/\/footdavant.fr\/actualites\/wp-content\/uploads\/2025\/06\/1750369684_Real-Madrid-Transfer-News-Los-Blancos-39planification-de-51-millions.jpg\" \/>\n\t<meta property=\"og:image:width\" content=\"640\" \/>\n\t<meta property=\"og:image:height\" content=\"480\" \/>\n\t<meta property=\"og:image:type\" content=\"image\/jpeg\" \/>\n<meta name=\"author\" content=\"Cl\u00e9ment\" \/>\n<meta name=\"twitter:card\" content=\"summary_large_image\" \/>\n<meta name=\"twitter:creator\" content=\"@FootdavantFr\" \/>\n<meta name=\"twitter:site\" content=\"@FootdavantFr\" \/>\n<meta name=\"twitter:label1\" content=\"\u00c9crit par\" \/>\n\t<meta name=\"twitter:data1\" content=\"Cl\u00e9ment\" \/>\n\t<meta name=\"twitter:label2\" content=\"Dur\u00e9e de lecture estim\u00e9e\" \/>\n\t<meta name=\"twitter:data2\" content=\"3 minutes\" \/>\n<script type=\"application\/ld+json\" class=\"yoast-schema-graph\">{\"@context\":\"https:\/\/schema.org\",\"@graph\":[{\"@type\":\"Article\",\"@id\":\"https:\/\/footdavant.fr\/actualites\/liverpool-contre-real-madrid-los-blancos-manquent-quatre-stars-de-la-premiere-equipe-pour-le-choc-de-la-ligue-des-champions-alors-quun-nouveau-coup-de-blessure-est-confirme\/#article\",\"isPartOf\":{\"@id\":\"https:\/\/footdavant.fr\/actualites\/liverpool-contre-real-madrid-los-blancos-manquent-quatre-stars-de-la-premiere-equipe-pour-le-choc-de-la-ligue-des-champions-alors-quun-nouveau-coup-de-blessure-est-confirme\/\"},\"author\":{\"name\":\"Cl\u00e9ment\",\"@id\":\"https:\/\/footdavant.fr\/actualites\/#\/schema\/person\/bc222566d95871b37e597b3ed3ba5e1d\"},\"headline\":\"Liverpool contre Real Madrid: Los Blancos manquent quatre stars de la premi\u00e8re \u00e9quipe pour le choc de la Ligue des Champions alors qu&#39;un nouveau coup de blessure est confirm\u00e9\",\"datePublished\":\"2025-11-04T11:48:15+00:00\",\"dateModified\":\"2025-11-04T11:48:16+00:00\",\"mainEntityOfPage\":{\"@id\":\"https:\/\/footdavant.fr\/actualites\/liverpool-contre-real-madrid-los-blancos-manquent-quatre-stars-de-la-premiere-equipe-pour-le-choc-de-la-ligue-des-champions-alors-quun-nouveau-coup-de-blessure-est-confirme\/\"},\"wordCount\":687,\"publisher\":{\"@id\":\"https:\/\/footdavant.fr\/actualites\/#organization\"},\"keywords\":[\"alors\",\"Blancos\",\"Blessure\",\"champions\",\"choc\",\"confirme\",\"contre\",\"coup\",\"des\",\"\u00c9quipe\",\"est\",\"Ligue\",\"Liverpool\",\"Los\",\"Madrid\",\"manquent\",\"nouveau\",\"pour\",\"premi\u00e8re\",\"qu39un\",\"quatre\",\"Real\",\"stars\"],\"articleSection\":[\"Champions League\"],\"inLanguage\":\"fr-FR\"},{\"@type\":\"WebPage\",\"@id\":\"https:\/\/footdavant.fr\/actualites\/liverpool-contre-real-madrid-los-blancos-manquent-quatre-stars-de-la-premiere-equipe-pour-le-choc-de-la-ligue-des-champions-alors-quun-nouveau-coup-de-blessure-est-confirme\/\",\"url\":\"https:\/\/footdavant.fr\/actualites\/liverpool-contre-real-madrid-los-blancos-manquent-quatre-stars-de-la-premiere-equipe-pour-le-choc-de-la-ligue-des-champions-alors-quun-nouveau-coup-de-blessure-est-confirme\/\",\"name\":\"Liverpool contre Real Madrid: Los Blancos manquent quatre stars de la premi\u00e8re \u00e9quipe pour le choc de la Ligue des Champions alors qu&#39;un nouveau coup de blessure est confirm\u00e9\",\"isPartOf\":{\"@id\":\"https:\/\/footdavant.fr\/actualites\/#website\"},\"datePublished\":\"2025-11-04T11:48:15+00:00\",\"dateModified\":\"2025-11-04T11:48:16+00:00\",\"breadcrumb\":{\"@id\":\"https:\/\/footdavant.fr\/actualites\/liverpool-contre-real-madrid-los-blancos-manquent-quatre-stars-de-la-premiere-equipe-pour-le-choc-de-la-ligue-des-champions-alors-quun-nouveau-coup-de-blessure-est-confirme\/#breadcrumb\"},\"inLanguage\":\"fr-FR\",\"potentialAction\":[{\"@type\":\"ReadAction\",\"target\":[\"https:\/\/footdavant.fr\/actualites\/liverpool-contre-real-madrid-los-blancos-manquent-quatre-stars-de-la-premiere-equipe-pour-le-choc-de-la-ligue-des-champions-alors-quun-nouveau-coup-de-blessure-est-confirme\/\"]}]},{\"@type\":\"BreadcrumbList\",\"@id\":\"https:\/\/footdavant.fr\/actualites\/liverpool-contre-real-madrid-los-blancos-manquent-quatre-stars-de-la-premiere-equipe-pour-le-choc-de-la-ligue-des-champions-alors-quun-nouveau-coup-de-blessure-est-confirme\/#breadcrumb\",\"itemListElement\":[{\"@type\":\"ListItem\",\"position\":1,\"name\":\"Accueil\",\"item\":\"https:\/\/footdavant.fr\/actualites\/\"},{\"@type\":\"ListItem\",\"position\":2,\"name\":\"Liverpool contre Real Madrid: Los Blancos manquent quatre stars de la premi\u00e8re \u00e9quipe pour le choc de la Ligue des Champions alors qu&#39;un nouveau coup de blessure est confirm\u00e9\"}]},{\"@type\":\"WebSite\",\"@id\":\"https:\/\/footdavant.fr\/actualites\/#website\",\"url\":\"https:\/\/footdavant.fr\/actualites\/\",\"name\":\"Foot d'avant\",\"description\":\"\",\"publisher\":{\"@id\":\"https:\/\/footdavant.fr\/actualites\/#organization\"},\"potentialAction\":[{\"@type\":\"SearchAction\",\"target\":{\"@type\":\"EntryPoint\",\"urlTemplate\":\"https:\/\/footdavant.fr\/actualites\/?s={search_term_string}\"},\"query-input\":\"required name=search_term_string\"}],\"inLanguage\":\"fr-FR\"},{\"@type\":\"Organization\",\"@id\":\"https:\/\/footdavant.fr\/actualites\/#organization\",\"name\":\"Foot d'avant\",\"url\":\"https:\/\/footdavant.fr\/actualites\/\",\"logo\":{\"@type\":\"ImageObject\",\"inLanguage\":\"fr-FR\",\"@id\":\"https:\/\/footdavant.fr\/actualites\/#\/schema\/logo\/image\/\",\"url\":\"https:\/\/footdavant.fr\/actualites\/wp-content\/uploads\/2023\/09\/Copy-of-FootDavant-Logo.png\",\"contentUrl\":\"https:\/\/footdavant.fr\/actualites\/wp-content\/uploads\/2023\/09\/Copy-of-FootDavant-Logo.png\",\"width\":936,\"height\":549,\"caption\":\"Foot d'avant\"},\"image\":{\"@id\":\"https:\/\/footdavant.fr\/actualites\/#\/schema\/logo\/image\/\"},\"sameAs\":[\"https:\/\/www.facebook.com\/Footdavant\/\",\"https:\/\/twitter.com\/FootdavantFr\",\"https:\/\/www.instagram.com\/footdavant.fr\/\"]},{\"@type\":\"Person\",\"@id\":\"https:\/\/footdavant.fr\/actualites\/#\/schema\/person\/bc222566d95871b37e597b3ed3ba5e1d\",\"name\":\"Cl\u00e9ment\",\"image\":{\"@type\":\"ImageObject\",\"inLanguage\":\"fr-FR\",\"@id\":\"https:\/\/footdavant.fr\/actualites\/#\/schema\/person\/image\/\",\"url\":\"https:\/\/secure.gravatar.com\/avatar\/7728b29aac2719421e1a9159b2254c44?s=96&d=mm&r=g\",\"contentUrl\":\"https:\/\/secure.gravatar.com\/avatar\/7728b29aac2719421e1a9159b2254c44?s=96&d=mm&r=g\",\"caption\":\"Cl\u00e9ment\"},\"sameAs\":[\"https:\/\/footdavant.fr\/\"]}]}<\/script>\n<!-- \/ Yoast SEO plugin. -->","yoast_head_json":{"title":"Liverpool contre Real Madrid: Los Blancos manquent quatre stars de la premi\u00e8re \u00e9quipe pour le choc de la Ligue des Champions alors qu&#39;un nouveau coup de blessure est confirm\u00e9","robots":{"index":"index","follow":"follow","max-snippet":"max-snippet:-1","max-image-preview":"max-image-preview:large","max-video-preview":"max-video-preview:-1"},"canonical":"https:\/\/footdavant.fr\/actualites\/liverpool-contre-real-madrid-los-blancos-manquent-quatre-stars-de-la-premiere-equipe-pour-le-choc-de-la-ligue-des-champions-alors-quun-nouveau-coup-de-blessure-est-confirme\/","og_locale":"fr_FR","og_type":"article","og_title":"Liverpool contre Real Madrid: Los Blancos manquent quatre stars de la premi\u00e8re \u00e9quipe pour le choc de la Ligue des Champions alors qu&#39;un nouveau coup de blessure est confirm\u00e9","og_description":"Le Real Madrid subit un nouveau coup dur avant le match de Ligue des Champions de mardi contre Liverpool, l&#39;arriv\u00e9e estivale de Franco Mastantuono \u00e9tant","og_url":"https:\/\/footdavant.fr\/actualites\/liverpool-contre-real-madrid-los-blancos-manquent-quatre-stars-de-la-premiere-equipe-pour-le-choc-de-la-ligue-des-champions-alors-quun-nouveau-coup-de-blessure-est-confirme\/","og_site_name":"Foot d&#039;avant","article_publisher":"https:\/\/www.facebook.com\/Footdavant\/","article_published_time":"2025-11-04T11:48:15+00:00","article_modified_time":"2025-11-04T11:48:16+00:00","og_image":[{"width":640,"height":480,"url":"https:\/\/footdavant.fr\/actualites\/wp-content\/uploads\/2025\/06\/1750369684_Real-Madrid-Transfer-News-Los-Blancos-39planification-de-51-millions.jpg","type":"image\/jpeg"}],"author":"Cl\u00e9ment","twitter_card":"summary_large_image","twitter_creator":"@FootdavantFr","twitter_site":"@FootdavantFr","twitter_misc":{"\u00c9crit par":"Cl\u00e9ment","Dur\u00e9e de lecture estim\u00e9e":"3 minutes"},"schema":{"@context":"https:\/\/schema.org","@graph":[{"@type":"Article","@id":"https:\/\/footdavant.fr\/actualites\/liverpool-contre-real-madrid-los-blancos-manquent-quatre-stars-de-la-premiere-equipe-pour-le-choc-de-la-ligue-des-champions-alors-quun-nouveau-coup-de-blessure-est-confirme\/#article","isPartOf":{"@id":"https:\/\/footdavant.fr\/actualites\/liverpool-contre-real-madrid-los-blancos-manquent-quatre-stars-de-la-premiere-equipe-pour-le-choc-de-la-ligue-des-champions-alors-quun-nouveau-coup-de-blessure-est-confirme\/"},"author":{"name":"Cl\u00e9ment","@id":"https:\/\/footdavant.fr\/actualites\/#\/schema\/person\/bc222566d95871b37e597b3ed3ba5e1d"},"headline":"Liverpool contre Real Madrid: Los Blancos manquent quatre stars de la premi\u00e8re \u00e9quipe pour le choc de la Ligue des Champions alors qu&#39;un nouveau coup de blessure est confirm\u00e9","datePublished":"2025-11-04T11:48:15+00:00","dateModified":"2025-11-04T11:48:16+00:00","mainEntityOfPage":{"@id":"https:\/\/footdavant.fr\/actualites\/liverpool-contre-real-madrid-los-blancos-manquent-quatre-stars-de-la-premiere-equipe-pour-le-choc-de-la-ligue-des-champions-alors-quun-nouveau-coup-de-blessure-est-confirme\/"},"wordCount":687,"publisher":{"@id":"https:\/\/footdavant.fr\/actualites\/#organization"},"keywords":["alors","Blancos","Blessure","champions","choc","confirme","contre","coup","des","\u00c9quipe","est","Ligue","Liverpool","Los","Madrid","manquent","nouveau","pour","premi\u00e8re","qu39un","quatre","Real","stars"],"articleSection":["Champions League"],"inLanguage":"fr-FR"},{"@type":"WebPage","@id":"https:\/\/footdavant.fr\/actualites\/liverpool-contre-real-madrid-los-blancos-manquent-quatre-stars-de-la-premiere-equipe-pour-le-choc-de-la-ligue-des-champions-alors-quun-nouveau-coup-de-blessure-est-confirme\/","url":"https:\/\/footdavant.fr\/actualites\/liverpool-contre-real-madrid-los-blancos-manquent-quatre-stars-de-la-premiere-equipe-pour-le-choc-de-la-ligue-des-champions-alors-quun-nouveau-coup-de-blessure-est-confirme\/","name":"Liverpool contre Real Madrid: Los Blancos manquent quatre stars de la premi\u00e8re \u00e9quipe pour le choc de la Ligue des Champions alors qu&#39;un nouveau coup de blessure est confirm\u00e9","isPartOf":{"@id":"https:\/\/footdavant.fr\/actualites\/#website"},"datePublished":"2025-11-04T11:48:15+00:00","dateModified":"2025-11-04T11:48:16+00:00","breadcrumb":{"@id":"https:\/\/footdavant.fr\/actualites\/liverpool-contre-real-madrid-los-blancos-manquent-quatre-stars-de-la-premiere-equipe-pour-le-choc-de-la-ligue-des-champions-alors-quun-nouveau-coup-de-blessure-est-confirme\/#breadcrumb"},"inLanguage":"fr-FR","potentialAction":[{"@type":"ReadAction","target":["https:\/\/footdavant.fr\/actualites\/liverpool-contre-real-madrid-los-blancos-manquent-quatre-stars-de-la-premiere-equipe-pour-le-choc-de-la-ligue-des-champions-alors-quun-nouveau-coup-de-blessure-est-confirme\/"]}]},{"@type":"BreadcrumbList","@id":"https:\/\/footdavant.fr\/actualites\/liverpool-contre-real-madrid-los-blancos-manquent-quatre-stars-de-la-premiere-equipe-pour-le-choc-de-la-ligue-des-champions-alors-quun-nouveau-coup-de-blessure-est-confirme\/#breadcrumb","itemListElement":[{"@type":"ListItem","position":1,"name":"Accueil","item":"https:\/\/footdavant.fr\/actualites\/"},{"@type":"ListItem","position":2,"name":"Liverpool contre Real Madrid: Los Blancos manquent quatre stars de la premi\u00e8re \u00e9quipe pour le choc de la Ligue des Champions alors qu&#39;un nouveau coup de blessure est confirm\u00e9"}]},{"@type":"WebSite","@id":"https:\/\/footdavant.fr\/actualites\/#website","url":"https:\/\/footdavant.fr\/actualites\/","name":"Foot d'avant","description":"","publisher":{"@id":"https:\/\/footdavant.fr\/actualites\/#organization"},"potentialAction":[{"@type":"SearchAction","target":{"@type":"EntryPoint","urlTemplate":"https:\/\/footdavant.fr\/actualites\/?s={search_term_string}"},"query-input":"required name=search_term_string"}],"inLanguage":"fr-FR"},{"@type":"Organization","@id":"https:\/\/footdavant.fr\/actualites\/#organization","name":"Foot d'avant","url":"https:\/\/footdavant.fr\/actualites\/","logo":{"@type":"ImageObject","inLanguage":"fr-FR","@id":"https:\/\/footdavant.fr\/actualites\/#\/schema\/logo\/image\/","url":"https:\/\/footdavant.fr\/actualites\/wp-content\/uploads\/2023\/09\/Copy-of-FootDavant-Logo.png","contentUrl":"https:\/\/footdavant.fr\/actualites\/wp-content\/uploads\/2023\/09\/Copy-of-FootDavant-Logo.png","width":936,"height":549,"caption":"Foot d'avant"},"image":{"@id":"https:\/\/footdavant.fr\/actualites\/#\/schema\/logo\/image\/"},"sameAs":["https:\/\/www.facebook.com\/Footdavant\/","https:\/\/twitter.com\/FootdavantFr","https:\/\/www.instagram.com\/footdavant.fr\/"]},{"@type":"Person","@id":"https:\/\/footdavant.fr\/actualites\/#\/schema\/person\/bc222566d95871b37e597b3ed3ba5e1d","name":"Cl\u00e9ment","image":{"@type":"ImageObject","inLanguage":"fr-FR","@id":"https:\/\/footdavant.fr\/actualites\/#\/schema\/person\/image\/","url":"https:\/\/secure.gravatar.com\/avatar\/7728b29aac2719421e1a9159b2254c44?s=96&d=mm&r=g","contentUrl":"https:\/\/secure.gravatar.com\/avatar\/7728b29aac2719421e1a9159b2254c44?s=96&d=mm&r=g","caption":"Cl\u00e9ment"},"sameAs":["https:\/\/footdavant.fr\/"]}]}},"_links":{"self":[{"href":"https:\/\/footdavant.fr\/actualites\/wp-json\/wp\/v2\/posts\/30771"}],"collection":[{"href":"https:\/\/footdavant.fr\/actualites\/wp-json\/wp\/v2\/posts"}],"about":[{"href":"https:\/\/footdavant.fr\/actualites\/wp-json\/wp\/v2\/types\/post"}],"author":[{"embeddable":true,"href":"https:\/\/footdavant.fr\/actualites\/wp-json\/wp\/v2\/users\/1"}],"replies":[{"embeddable":true,"href":"https:\/\/footdavant.fr\/actualites\/wp-json\/wp\/v2\/comments?post=30771"}],"version-history":[{"count":1,"href":"https:\/\/footdavant.fr\/actualites\/wp-json\/wp\/v2\/posts\/30771\/revisions"}],"predecessor-version":[{"id":30772,"href":"https:\/\/footdavant.fr\/actualites\/wp-json\/wp\/v2\/posts\/30771\/revisions\/30772"}],"wp:featuredmedia":[{"embeddable":true,"href":"https:\/\/footdavant.fr\/actualites\/wp-json\/wp\/v2\/media\/25236"}],"wp:attachment":[{"href":"https:\/\/footdavant.fr\/actualites\/wp-json\/wp\/v2\/media?parent=30771"}],"wp:term":[{"taxonomy":"category","embeddable":true,"href":"https:\/\/footdavant.fr\/actualites\/wp-json\/wp\/v2\/categories?post=30771"},{"taxonomy":"post_tag","embeddable":true,"href":"https:\/\/footdavant.fr\/actualites\/wp-json\/wp\/v2\/tags?post=30771"}],"curies":[{"name":"wp","href":"https:\/\/api.w.org\/{rel}","templated":true}]}}