{"id":30783,"date":"2025-11-04T19:48:06","date_gmt":"2025-11-04T18:48:06","guid":{"rendered":"https:\/\/footdavant.fr\/actualites\/arteta-denonce-la-blessure-de-gyokeres-la-date-des-quarts-de-finale-de-palace-annoncee\/"},"modified":"2025-11-04T19:48:08","modified_gmt":"2025-11-04T18:48:08","slug":"arteta-denonce-la-blessure-de-gyokeres-la-date-des-quarts-de-finale-de-palace-annoncee","status":"publish","type":"post","link":"https:\/\/footdavant.fr\/actualites\/arteta-denonce-la-blessure-de-gyokeres-la-date-des-quarts-de-finale-de-palace-annoncee\/","title":{"rendered":"Arteta d\u00e9nonce la blessure de Gyokeres : la date des quarts de finale de Palace annonc\u00e9e"},"content":{"rendered":"<div>\n<p>Bonjour \u00e0 tous.<\/p>\n<p>Arsenal participe ce soir \u00e0 la Ligue des champions, contre le Slavia Prague. Il n&#39;y avait aucun signe de Viktor Gyokeres lors de la s\u00e9ance d&#39;entra\u00eenement d&#39;ouverture avant que l&#39;\u00e9quipe ne quitte Londres, et lors de sa conf\u00e9rence de presse, l&#39;entra\u00eeneur s&#39;est montr\u00e9 plut\u00f4t pessimiste \u00e0 propos de la blessure subie par l&#39;attaquant su\u00e9dois lors de la victoire 2-0 contre Burnley samedi, en d\u00e9clarant :<\/p>\n<blockquote>\n<p>Il n&#39;est d\u00e9finitivement pas disponible. Il ne s&#39;est pas entra\u00een\u00e9 aujourd&#39;hui et nous devons faire d&#39;autres tests et scanners dans les prochains jours pour comprendre l&#39;\u00e9tendue de la blessure, mais pour ce match, il n&#39;est pas disponible.<\/p>\n<p>Je suis inquiet car il n&#39;a pas eu beaucoup de probl\u00e8mes musculaires et il a d\u00fb quitter le terrain car il ressentait quelque chose, et ce n&#39;est \u00e9videmment jamais bon signe. Surtout pour un joueur qui est tr\u00e8s, tr\u00e8s explosif, donc nous creusons un peu plus pour comprendre o\u00f9 nous en sommes en termes de blessure et nous l&#39;annoncerons quand nous en saurons plus.<\/p>\n<\/blockquote>\n<p>On ne sait jamais vraiment quand il s&#39;agit d&#39;Arteta et de blessures, mais cela ne semble pas \u00eatre une chose mineure. La plupart des autres options avanc\u00e9es \u00e9tant \u00e9galement mises de c\u00f4t\u00e9, cela lui donne quelques id\u00e9es \u00e0 faire concernant son \u00e9quipe ce soir. Il pourrait utiliser Mikel Merino, comme il l&#39;a fait samedi ; il y a la possibilit\u00e9 d&#39;y jouer Leandro Trossard ; ou m\u00eame donner un d\u00e9part au jeune Andre Harriman-Anous qui a particip\u00e9 \u00e0 la victoire de la Coupe EFL contre Brighton.<\/p>\n<p>L&#39;opposition de ce soir est en t\u00eate de son championnat national, invaincue \u00e0 domicile toutes comp\u00e9titions confondues depuis d\u00e9cembre de l&#39;ann\u00e9e derni\u00e8re, lorsqu&#39;Anderlecht s&#39;y \u00e9tait rendu et avait gagn\u00e9 2-1. Malgr\u00e9 cela, je pense que nous verrons une \u00e9quipe qui aura des changements. Il n&#39;y a pas de Martin Zubimendi, qui est suspendu, nous pourrions donc voir Christian Norgaard d\u00e9buter, et cela ne me surprendrait pas si des joueurs comme Ben White, Myles Lewis-Skelly, Ethan Nwaneri, Piero Hincapie et Cristhian Mosquera \u00e9taient impliqu\u00e9s. Si Arteta s&#39;inqui\u00e8te \u00e0 juste titre du manque d&#39;options \u00e0 l&#39;avant, il a la capacit\u00e9 de tourner plus en arri\u00e8re \u2013 non seulement pour donner des minutes \u00e0 ces joueurs, mais pour prot\u00e9ger ses titulaires de \u00ab premier choix \u00bb avant un match difficile \u00e0 l&#39;ext\u00e9rieur en Premier League ce week-end.<\/p>\n<p>En haut, je suis s\u00fbr que nous verrons Bukayo Saka commencer. Eberechi Eze pourrait jouer \u00e0 gauche s&#39;il veut jouer Trossard devant, mais sans Gyokeres, Gabriel Martinelli, Kai Havertz, Noni Madueke, Gabriel Jesus et Martin Odegaard, les options sont vraiment tr\u00e8s limit\u00e9es. Arteta dit :<\/p>\n<blockquote>\n<p>Nous devons y faire face [the injury situation]nous l&#39;avons affront\u00e9 de mani\u00e8re brillante et nous continuerons ainsi. Demain, nous savons que nous allons relever un tr\u00e8s bon d\u00e9fi ici et, dans l&#39;\u00e9quipe aussi, ils sont tr\u00e8s intenses, tr\u00e8s directs, tr\u00e8s verticaux et il va falloir \u00eatre vraiment bons pour r\u00e9aliser ce que nous voulons.<\/p>\n<\/blockquote>\n<p>Arsenal a \u00e9t\u00e9 parfait jusqu&#39;\u00e0 pr\u00e9sent en Europe cette saison. Trois matchs, trois victoires, aucun but encaiss\u00e9, et je suis s\u00fbr que c&#39;est un record que l&#39;entra\u00eeneur tient \u00e0 maintenir. Je me demande simplement si, avec les blessures, la rotation potentielle et le match qui arrive si peu de temps apr\u00e8s le dernier, si ce match pourrait \u00eatre un peu plus d\u00e9sordonn\u00e9 que ce que nous voyons habituellement. Voyons ce qui se passe, et n&#39;oubliez pas qu&#39;il s&#39;agit \u00e9galement d&#39;un coup d&#39;envoi anticip\u00e9, \u00e0 17h45.<\/p>\n<p>\u2014<\/p>\n<p>En attendant, la date du quart de finale de la Coupe Carabao contre Crystal Palace a \u00e9t\u00e9 annonc\u00e9e, elle est le 23 d\u00e9cembre \u00e0 20h. Cela signifie que nous jouons seulement deux jours apr\u00e8s notre voyage \u00e0 Everton le 21 d\u00e9cembre, et il semble qu&#39;Arsenal ait demand\u00e9 que ce match soit report\u00e9 au samedi. En parlant de cela hier soir, Mikel Arteta a d\u00e9clar\u00e9 :<\/p>\n<blockquote>\n<p>Esp\u00e9rons qu&#39;ils d\u00e9placeront notre match de Premier League car jouer deux jours plus tard, cela n&#39;a \u00e9videmment aucun sens. Nous allons maintenant d\u00e9cider de la date, je suis s\u00fbr qu&#39;ils changeront \u00e9galement la date de la Premier League. Je pense que nous savons tr\u00e8s clairement quelle est la meilleure chose, la date la plus logique pour jouer. Je suis s\u00fbr que nous devrons nous adapter \u00e0 cela.<\/p>\n<\/blockquote>\n<p>Le probl\u00e8me est que ce match a \u00e9t\u00e9 d\u00e9plac\u00e9 ce dimanche pour la couverture t\u00e9l\u00e9vis\u00e9e (Sky), et les fans d&#39;Arsenal auront d\u00e9j\u00e0 r\u00e9serv\u00e9 leur voyage et \u00e9ventuellement leur h\u00e9bergement sur cette base. L&#39;autre aspect est que Palace lui-m\u00eame joue le 18 d\u00e9cembre en Ligue Europa, ce qui signifie que son match de Premier League \u00e0 Leeds aura \u00e9galement lieu le 21 d\u00e9cembre, sans r\u00e9elle chance de reculer. Ainsi, dans un souci \u00ab d&#39;\u00e9quit\u00e9 \u00bb, ils pourraient dire que m\u00eame si deux jours entre les matchs ne sont pas id\u00e9aux, c&#39;est la m\u00eame chose pour les deux \u00e9quipes.<\/p>\n<p>L&#39;autre aspect est qu&#39;Arsenal a, dans une certaine mesure, fait preuve de flexibilit\u00e9 pour s&#39;assurer que Palace n&#39;ait pas \u00e0 jouer quatre matchs en huit jours, mais malgr\u00e9 cela, je ne les vois tout simplement pas changer la date du match d&#39;Everton. Une d\u00e9cision \u00e0 ce sujet devrait \u00eatre prise tr\u00e8s prochainement, donc je m&#39;attendrais \u00e0 entendre quelque chose cette semaine. Quoi qu&#39;il arrive, ce n&#39;est id\u00e9al pour aucun des deux clubs, et comme je l&#39;ai dit l&#39;autre jour, la congestion des matches est la cons\u00e9quence de d\u00e9cisions prises par ceux qui dirigent le jeu sans suffisamment r\u00e9fl\u00e9chir aux joueurs ou aux supporters.<\/p>\n<p>Voyons ce qui se passe, mais d&#39;une mani\u00e8re ou d&#39;une autre, un quart de finale de coupe va \u00eatre diminu\u00e9 \u00e0 cause du calendrier, et finalement c&#39;est dommage.<\/p>\n<p>Bon, je vais en rester l\u00e0 maintenant. Nous esp\u00e9rons retrouver le blog en direct plus tard, mais nous annoncerons sur BlueSky si nous diffusons cette couverture. Nous aurons tous les contenus habituels sur Arseblog News, et il y a un Arsecast Extra ci-dessous si vous n&#39;avez pas encore eu l&#39;occasion de l&#39;\u00e9couter.<\/p>\n<p>Passez-en une bonne.<\/p>\n<p><iframe loading=\"lazy\" src=\"https:\/\/embed.acast.com\/a1a58121-6fb4-43cf-8156-8d6df6fc312f\/69089aba91c8879996794e5b\" width=\"100%\" height=\"300px\" frameborder=\"0\"><\/iframe><\/p>\n<h4> <\/h4>\n<\/div>\n","protected":false},"excerpt":{"rendered":"<p>Bonjour \u00e0 tous. Arsenal participe ce soir \u00e0 la Ligue des champions, contre le Slavia Prague. Il n&#39;y avait aucun signe de Viktor Gyokeres lors<\/p>\n","protected":false},"author":1,"featured_media":30784,"comment_status":"closed","ping_status":"","sticky":false,"template":"","format":"standard","meta":{"footnotes":""},"categories":[3],"tags":[10914,211,15,391,696,12,897,2304,815,3966],"yoast_head":"<!-- This site is optimized with the Yoast SEO plugin v21.0 - https:\/\/yoast.com\/wordpress\/plugins\/seo\/ -->\n<title>Arteta d\u00e9nonce la blessure de Gyokeres : la date des quarts de finale de Palace annonc\u00e9e<\/title>\n<meta name=\"robots\" content=\"index, follow, max-snippet:-1, max-image-preview:large, max-video-preview:-1\" \/>\n<link rel=\"canonical\" href=\"https:\/\/footdavant.fr\/actualites\/arteta-denonce-la-blessure-de-gyokeres-la-date-des-quarts-de-finale-de-palace-annoncee\/\" \/>\n<meta property=\"og:locale\" content=\"fr_FR\" \/>\n<meta property=\"og:type\" content=\"article\" \/>\n<meta property=\"og:title\" content=\"Arteta d\u00e9nonce la blessure de Gyokeres : la date des quarts de finale de Palace annonc\u00e9e\" \/>\n<meta property=\"og:description\" content=\"Bonjour \u00e0 tous. Arsenal participe ce soir \u00e0 la Ligue des champions, contre le Slavia Prague. Il n&#039;y avait aucun signe de Viktor Gyokeres lors\" \/>\n<meta property=\"og:url\" content=\"https:\/\/footdavant.fr\/actualites\/arteta-denonce-la-blessure-de-gyokeres-la-date-des-quarts-de-finale-de-palace-annoncee\/\" \/>\n<meta property=\"og:site_name\" content=\"Foot d&#039;avant\" \/>\n<meta property=\"article:publisher\" content=\"https:\/\/www.facebook.com\/Footdavant\/\" \/>\n<meta property=\"article:published_time\" content=\"2025-11-04T18:48:06+00:00\" \/>\n<meta property=\"article:modified_time\" content=\"2025-11-04T18:48:08+00:00\" \/>\n<meta property=\"og:image\" content=\"https:\/\/footdavant.fr\/actualites\/wp-content\/uploads\/2025\/11\/Arteta-denonce-la-blessure-de-Gyokeres-la-date-des.jpg\" \/>\n\t<meta property=\"og:image:width\" content=\"1500\" \/>\n\t<meta property=\"og:image:height\" content=\"750\" \/>\n\t<meta property=\"og:image:type\" content=\"image\/jpeg\" \/>\n<meta name=\"author\" content=\"Cl\u00e9ment\" \/>\n<meta name=\"twitter:card\" content=\"summary_large_image\" \/>\n<meta name=\"twitter:creator\" content=\"@FootdavantFr\" \/>\n<meta name=\"twitter:site\" content=\"@FootdavantFr\" \/>\n<meta name=\"twitter:label1\" content=\"\u00c9crit par\" \/>\n\t<meta name=\"twitter:data1\" content=\"Cl\u00e9ment\" \/>\n\t<meta name=\"twitter:label2\" content=\"Dur\u00e9e de lecture estim\u00e9e\" \/>\n\t<meta name=\"twitter:data2\" content=\"5 minutes\" \/>\n<script type=\"application\/ld+json\" class=\"yoast-schema-graph\">{\"@context\":\"https:\/\/schema.org\",\"@graph\":[{\"@type\":\"Article\",\"@id\":\"https:\/\/footdavant.fr\/actualites\/arteta-denonce-la-blessure-de-gyokeres-la-date-des-quarts-de-finale-de-palace-annoncee\/#article\",\"isPartOf\":{\"@id\":\"https:\/\/footdavant.fr\/actualites\/arteta-denonce-la-blessure-de-gyokeres-la-date-des-quarts-de-finale-de-palace-annoncee\/\"},\"author\":{\"name\":\"Cl\u00e9ment\",\"@id\":\"https:\/\/footdavant.fr\/actualites\/#\/schema\/person\/bc222566d95871b37e597b3ed3ba5e1d\"},\"headline\":\"Arteta d\u00e9nonce la blessure de Gyokeres : la date des quarts de finale de Palace annonc\u00e9e\",\"datePublished\":\"2025-11-04T18:48:06+00:00\",\"dateModified\":\"2025-11-04T18:48:08+00:00\",\"mainEntityOfPage\":{\"@id\":\"https:\/\/footdavant.fr\/actualites\/arteta-denonce-la-blessure-de-gyokeres-la-date-des-quarts-de-finale-de-palace-annoncee\/\"},\"wordCount\":1112,\"publisher\":{\"@id\":\"https:\/\/footdavant.fr\/actualites\/#organization\"},\"keywords\":[\"annonc\u00e9e\",\"Arteta\",\"Blessure\",\"date\",\"d\u00e9nonce\",\"des\",\"finale\",\"Gyokeres\",\"Palace\",\"quarts\"],\"articleSection\":[\"Football\"],\"inLanguage\":\"fr-FR\"},{\"@type\":\"WebPage\",\"@id\":\"https:\/\/footdavant.fr\/actualites\/arteta-denonce-la-blessure-de-gyokeres-la-date-des-quarts-de-finale-de-palace-annoncee\/\",\"url\":\"https:\/\/footdavant.fr\/actualites\/arteta-denonce-la-blessure-de-gyokeres-la-date-des-quarts-de-finale-de-palace-annoncee\/\",\"name\":\"Arteta d\u00e9nonce la blessure de Gyokeres : la date des quarts de finale de Palace annonc\u00e9e\",\"isPartOf\":{\"@id\":\"https:\/\/footdavant.fr\/actualites\/#website\"},\"datePublished\":\"2025-11-04T18:48:06+00:00\",\"dateModified\":\"2025-11-04T18:48:08+00:00\",\"breadcrumb\":{\"@id\":\"https:\/\/footdavant.fr\/actualites\/arteta-denonce-la-blessure-de-gyokeres-la-date-des-quarts-de-finale-de-palace-annoncee\/#breadcrumb\"},\"inLanguage\":\"fr-FR\",\"potentialAction\":[{\"@type\":\"ReadAction\",\"target\":[\"https:\/\/footdavant.fr\/actualites\/arteta-denonce-la-blessure-de-gyokeres-la-date-des-quarts-de-finale-de-palace-annoncee\/\"]}]},{\"@type\":\"BreadcrumbList\",\"@id\":\"https:\/\/footdavant.fr\/actualites\/arteta-denonce-la-blessure-de-gyokeres-la-date-des-quarts-de-finale-de-palace-annoncee\/#breadcrumb\",\"itemListElement\":[{\"@type\":\"ListItem\",\"position\":1,\"name\":\"Accueil\",\"item\":\"https:\/\/footdavant.fr\/actualites\/\"},{\"@type\":\"ListItem\",\"position\":2,\"name\":\"Arteta d\u00e9nonce la blessure de Gyokeres : la date des quarts de finale de Palace annonc\u00e9e\"}]},{\"@type\":\"WebSite\",\"@id\":\"https:\/\/footdavant.fr\/actualites\/#website\",\"url\":\"https:\/\/footdavant.fr\/actualites\/\",\"name\":\"Foot d'avant\",\"description\":\"\",\"publisher\":{\"@id\":\"https:\/\/footdavant.fr\/actualites\/#organization\"},\"potentialAction\":[{\"@type\":\"SearchAction\",\"target\":{\"@type\":\"EntryPoint\",\"urlTemplate\":\"https:\/\/footdavant.fr\/actualites\/?s={search_term_string}\"},\"query-input\":\"required name=search_term_string\"}],\"inLanguage\":\"fr-FR\"},{\"@type\":\"Organization\",\"@id\":\"https:\/\/footdavant.fr\/actualites\/#organization\",\"name\":\"Foot d'avant\",\"url\":\"https:\/\/footdavant.fr\/actualites\/\",\"logo\":{\"@type\":\"ImageObject\",\"inLanguage\":\"fr-FR\",\"@id\":\"https:\/\/footdavant.fr\/actualites\/#\/schema\/logo\/image\/\",\"url\":\"https:\/\/footdavant.fr\/actualites\/wp-content\/uploads\/2023\/09\/Copy-of-FootDavant-Logo.png\",\"contentUrl\":\"https:\/\/footdavant.fr\/actualites\/wp-content\/uploads\/2023\/09\/Copy-of-FootDavant-Logo.png\",\"width\":936,\"height\":549,\"caption\":\"Foot d'avant\"},\"image\":{\"@id\":\"https:\/\/footdavant.fr\/actualites\/#\/schema\/logo\/image\/\"},\"sameAs\":[\"https:\/\/www.facebook.com\/Footdavant\/\",\"https:\/\/twitter.com\/FootdavantFr\",\"https:\/\/www.instagram.com\/footdavant.fr\/\"]},{\"@type\":\"Person\",\"@id\":\"https:\/\/footdavant.fr\/actualites\/#\/schema\/person\/bc222566d95871b37e597b3ed3ba5e1d\",\"name\":\"Cl\u00e9ment\",\"image\":{\"@type\":\"ImageObject\",\"inLanguage\":\"fr-FR\",\"@id\":\"https:\/\/footdavant.fr\/actualites\/#\/schema\/person\/image\/\",\"url\":\"https:\/\/secure.gravatar.com\/avatar\/7728b29aac2719421e1a9159b2254c44?s=96&d=mm&r=g\",\"contentUrl\":\"https:\/\/secure.gravatar.com\/avatar\/7728b29aac2719421e1a9159b2254c44?s=96&d=mm&r=g\",\"caption\":\"Cl\u00e9ment\"},\"sameAs\":[\"https:\/\/footdavant.fr\/\"]}]}<\/script>\n<!-- \/ Yoast SEO plugin. -->","yoast_head_json":{"title":"Arteta d\u00e9nonce la blessure de Gyokeres : la date des quarts de finale de Palace annonc\u00e9e","robots":{"index":"index","follow":"follow","max-snippet":"max-snippet:-1","max-image-preview":"max-image-preview:large","max-video-preview":"max-video-preview:-1"},"canonical":"https:\/\/footdavant.fr\/actualites\/arteta-denonce-la-blessure-de-gyokeres-la-date-des-quarts-de-finale-de-palace-annoncee\/","og_locale":"fr_FR","og_type":"article","og_title":"Arteta d\u00e9nonce la blessure de Gyokeres : la date des quarts de finale de Palace annonc\u00e9e","og_description":"Bonjour \u00e0 tous. Arsenal participe ce soir \u00e0 la Ligue des champions, contre le Slavia Prague. Il n&#39;y avait aucun signe de Viktor Gyokeres lors","og_url":"https:\/\/footdavant.fr\/actualites\/arteta-denonce-la-blessure-de-gyokeres-la-date-des-quarts-de-finale-de-palace-annoncee\/","og_site_name":"Foot d&#039;avant","article_publisher":"https:\/\/www.facebook.com\/Footdavant\/","article_published_time":"2025-11-04T18:48:06+00:00","article_modified_time":"2025-11-04T18:48:08+00:00","og_image":[{"width":1500,"height":750,"url":"https:\/\/footdavant.fr\/actualites\/wp-content\/uploads\/2025\/11\/Arteta-denonce-la-blessure-de-Gyokeres-la-date-des.jpg","type":"image\/jpeg"}],"author":"Cl\u00e9ment","twitter_card":"summary_large_image","twitter_creator":"@FootdavantFr","twitter_site":"@FootdavantFr","twitter_misc":{"\u00c9crit par":"Cl\u00e9ment","Dur\u00e9e de lecture estim\u00e9e":"5 minutes"},"schema":{"@context":"https:\/\/schema.org","@graph":[{"@type":"Article","@id":"https:\/\/footdavant.fr\/actualites\/arteta-denonce-la-blessure-de-gyokeres-la-date-des-quarts-de-finale-de-palace-annoncee\/#article","isPartOf":{"@id":"https:\/\/footdavant.fr\/actualites\/arteta-denonce-la-blessure-de-gyokeres-la-date-des-quarts-de-finale-de-palace-annoncee\/"},"author":{"name":"Cl\u00e9ment","@id":"https:\/\/footdavant.fr\/actualites\/#\/schema\/person\/bc222566d95871b37e597b3ed3ba5e1d"},"headline":"Arteta d\u00e9nonce la blessure de Gyokeres : la date des quarts de finale de Palace annonc\u00e9e","datePublished":"2025-11-04T18:48:06+00:00","dateModified":"2025-11-04T18:48:08+00:00","mainEntityOfPage":{"@id":"https:\/\/footdavant.fr\/actualites\/arteta-denonce-la-blessure-de-gyokeres-la-date-des-quarts-de-finale-de-palace-annoncee\/"},"wordCount":1112,"publisher":{"@id":"https:\/\/footdavant.fr\/actualites\/#organization"},"keywords":["annonc\u00e9e","Arteta","Blessure","date","d\u00e9nonce","des","finale","Gyokeres","Palace","quarts"],"articleSection":["Football"],"inLanguage":"fr-FR"},{"@type":"WebPage","@id":"https:\/\/footdavant.fr\/actualites\/arteta-denonce-la-blessure-de-gyokeres-la-date-des-quarts-de-finale-de-palace-annoncee\/","url":"https:\/\/footdavant.fr\/actualites\/arteta-denonce-la-blessure-de-gyokeres-la-date-des-quarts-de-finale-de-palace-annoncee\/","name":"Arteta d\u00e9nonce la blessure de Gyokeres : la date des quarts de finale de Palace annonc\u00e9e","isPartOf":{"@id":"https:\/\/footdavant.fr\/actualites\/#website"},"datePublished":"2025-11-04T18:48:06+00:00","dateModified":"2025-11-04T18:48:08+00:00","breadcrumb":{"@id":"https:\/\/footdavant.fr\/actualites\/arteta-denonce-la-blessure-de-gyokeres-la-date-des-quarts-de-finale-de-palace-annoncee\/#breadcrumb"},"inLanguage":"fr-FR","potentialAction":[{"@type":"ReadAction","target":["https:\/\/footdavant.fr\/actualites\/arteta-denonce-la-blessure-de-gyokeres-la-date-des-quarts-de-finale-de-palace-annoncee\/"]}]},{"@type":"BreadcrumbList","@id":"https:\/\/footdavant.fr\/actualites\/arteta-denonce-la-blessure-de-gyokeres-la-date-des-quarts-de-finale-de-palace-annoncee\/#breadcrumb","itemListElement":[{"@type":"ListItem","position":1,"name":"Accueil","item":"https:\/\/footdavant.fr\/actualites\/"},{"@type":"ListItem","position":2,"name":"Arteta d\u00e9nonce la blessure de Gyokeres : la date des quarts de finale de Palace annonc\u00e9e"}]},{"@type":"WebSite","@id":"https:\/\/footdavant.fr\/actualites\/#website","url":"https:\/\/footdavant.fr\/actualites\/","name":"Foot d'avant","description":"","publisher":{"@id":"https:\/\/footdavant.fr\/actualites\/#organization"},"potentialAction":[{"@type":"SearchAction","target":{"@type":"EntryPoint","urlTemplate":"https:\/\/footdavant.fr\/actualites\/?s={search_term_string}"},"query-input":"required name=search_term_string"}],"inLanguage":"fr-FR"},{"@type":"Organization","@id":"https:\/\/footdavant.fr\/actualites\/#organization","name":"Foot d'avant","url":"https:\/\/footdavant.fr\/actualites\/","logo":{"@type":"ImageObject","inLanguage":"fr-FR","@id":"https:\/\/footdavant.fr\/actualites\/#\/schema\/logo\/image\/","url":"https:\/\/footdavant.fr\/actualites\/wp-content\/uploads\/2023\/09\/Copy-of-FootDavant-Logo.png","contentUrl":"https:\/\/footdavant.fr\/actualites\/wp-content\/uploads\/2023\/09\/Copy-of-FootDavant-Logo.png","width":936,"height":549,"caption":"Foot d'avant"},"image":{"@id":"https:\/\/footdavant.fr\/actualites\/#\/schema\/logo\/image\/"},"sameAs":["https:\/\/www.facebook.com\/Footdavant\/","https:\/\/twitter.com\/FootdavantFr","https:\/\/www.instagram.com\/footdavant.fr\/"]},{"@type":"Person","@id":"https:\/\/footdavant.fr\/actualites\/#\/schema\/person\/bc222566d95871b37e597b3ed3ba5e1d","name":"Cl\u00e9ment","image":{"@type":"ImageObject","inLanguage":"fr-FR","@id":"https:\/\/footdavant.fr\/actualites\/#\/schema\/person\/image\/","url":"https:\/\/secure.gravatar.com\/avatar\/7728b29aac2719421e1a9159b2254c44?s=96&d=mm&r=g","contentUrl":"https:\/\/secure.gravatar.com\/avatar\/7728b29aac2719421e1a9159b2254c44?s=96&d=mm&r=g","caption":"Cl\u00e9ment"},"sameAs":["https:\/\/footdavant.fr\/"]}]}},"_links":{"self":[{"href":"https:\/\/footdavant.fr\/actualites\/wp-json\/wp\/v2\/posts\/30783"}],"collection":[{"href":"https:\/\/footdavant.fr\/actualites\/wp-json\/wp\/v2\/posts"}],"about":[{"href":"https:\/\/footdavant.fr\/actualites\/wp-json\/wp\/v2\/types\/post"}],"author":[{"embeddable":true,"href":"https:\/\/footdavant.fr\/actualites\/wp-json\/wp\/v2\/users\/1"}],"replies":[{"embeddable":true,"href":"https:\/\/footdavant.fr\/actualites\/wp-json\/wp\/v2\/comments?post=30783"}],"version-history":[{"count":1,"href":"https:\/\/footdavant.fr\/actualites\/wp-json\/wp\/v2\/posts\/30783\/revisions"}],"predecessor-version":[{"id":30785,"href":"https:\/\/footdavant.fr\/actualites\/wp-json\/wp\/v2\/posts\/30783\/revisions\/30785"}],"wp:featuredmedia":[{"embeddable":true,"href":"https:\/\/footdavant.fr\/actualites\/wp-json\/wp\/v2\/media\/30784"}],"wp:attachment":[{"href":"https:\/\/footdavant.fr\/actualites\/wp-json\/wp\/v2\/media?parent=30783"}],"wp:term":[{"taxonomy":"category","embeddable":true,"href":"https:\/\/footdavant.fr\/actualites\/wp-json\/wp\/v2\/categories?post=30783"},{"taxonomy":"post_tag","embeddable":true,"href":"https:\/\/footdavant.fr\/actualites\/wp-json\/wp\/v2\/tags?post=30783"}],"curies":[{"name":"wp","href":"https:\/\/api.w.org\/{rel}","templated":true}]}}