{"id":30792,"date":"2025-11-04T23:48:05","date_gmt":"2025-11-04T22:48:05","guid":{"rendered":"https:\/\/footdavant.fr\/actualites\/ce-que-florian-wirtz-a-fait-en-premiere-mi-temps-contre-le-real-madrid-etait-exceptionnel\/"},"modified":"2025-11-04T23:48:08","modified_gmt":"2025-11-04T22:48:08","slug":"ce-que-florian-wirtz-a-fait-en-premiere-mi-temps-contre-le-real-madrid-etait-exceptionnel","status":"publish","type":"post","link":"https:\/\/footdavant.fr\/actualites\/ce-que-florian-wirtz-a-fait-en-premiere-mi-temps-contre-le-real-madrid-etait-exceptionnel\/","title":{"rendered":"Ce que Florian Wirtz a fait en premi\u00e8re mi-temps contre le Real Madrid \u00e9tait exceptionnel"},"content":{"rendered":"<div id=\"article-body\">\n<!-- Article Start --><\/p>\n<p>L&#39;international allemand a \u00e9t\u00e9 s\u00e9lectionn\u00e9 devant Cody Gakpo pour la rencontre de Ligue des champions des Reds contre les g\u00e9ants espagnols.<\/p>\n<p>Les Merseysiders sont entr\u00e9s dans la pause de la mi-temps avec un score de 0-0 malgr\u00e9 la domination des h\u00f4tes pendant les 45 premi\u00e8res minutes de la rencontre europ\u00e9enne.<\/p>\n<h2>Que disent les statistiques de Florian Wirtz contre le Real Madrid ?<\/h2>\n<figure class=\"wp-caption alignnone\"><picture><source type=\"image\/webp\" data- data-><\/source><\/picture><\/figure>\n<p>Arne Slot sera assis un peu suffisant apr\u00e8s avoir titularis\u00e9 Wirtz sur le flanc gauche \u00e0 la place de son compatriote n\u00e9erlandais.<\/p>\n<p>L&#39;ancienne star du Bayer Leverkusen a prouv\u00e9 son prix de 116 millions de livres sterling (package complet) avec une premi\u00e8re mi-temps exceptionnelle contre les visiteurs de Xabi Alonso.<\/p>\n<table style=\"border-collapse: collapse; width: 100%;\">\n<thead>\n<tr>\n<td style=\"width: 100%;\"><\/td>\n<\/tr>\n<\/thead>\n<tbody>\n<tr>\n<td style=\"width: 100%;\">1 grande chance cr\u00e9\u00e9e<\/td>\n<\/tr>\n<tr>\n<td style=\"width: 100%;\">5 passes cl\u00e9s<\/td>\n<\/tr>\n<tr>\n<td style=\"width: 100%;\">21\/23 passes compl\u00e9t\u00e9es<\/td>\n<\/tr>\n<tr>\n<td style=\"width: 100%;\">28 touches<\/td>\n<\/tr>\n<tr>\n<td style=\"width: 100%;\">1\/1 dribble(s) termin\u00e9(s)<\/td>\n<\/tr>\n<tr>\n<td style=\"width: 100%;\">3\/4 duels au sol gagn\u00e9s<\/td>\n<\/tr>\n<tr>\n<td style=\"width: 100%;\">Possession perdue 4 fois<\/td>\n<\/tr>\n<\/tbody>\n<\/table>\n<p>Son moment cl\u00e9 dans l&#39;affrontement est survenu lorsqu&#39;il a r\u00e9cup\u00e9r\u00e9 le ballon sur le flanc droit avant de faire une passe \u00e0 Dominik Szoboszlai dans la surface madril\u00e8ne.<\/p>\n<p>Le Hongrois a obtenu un tir \u00e0 bout portant, mais a \u00e9t\u00e9 rapidement \u00e9touff\u00e9 par l&#39;avanc\u00e9e de Thibaut Courtois dans le but, qui avait \u00e9t\u00e9 attentif au danger.<\/p>\n<blockquote class=\"twitter-lazy tweet-img lazyload\" data-width=\"500\" data-dnt=\"true\">\n<p lang=\"en\" dir=\"ltr\">Florian Wirtz s&#39;est cr\u00e9\u00e9 cinq occasions contre le Real Madrid en premi\u00e8re mi-temps.<\/p>\n<p>Il est le premier joueur de Liverpool \u00e0 faire cela lors d&#39;un match cette saison. <a rel=\"nofollow\" href=\"https:\/\/twitter.com\/hashtag\/UCL?src=hash&amp;ref_src=twsrc%5Etfw\">#UCL<\/a> <a rel=\"nofollow\" href=\"https:\/\/t.co\/JKMnFPQTey\">pic.twitter.com\/JKMnFPQTey<\/a><\/p>\n<p>\u2013 Analyste Opta (@OptaAnalyst) <a rel=\"nofollow\" href=\"https:\/\/twitter.com\/OptaAnalyst\/status\/1985813576968462675?ref_src=twsrc%5Etfw\">4 novembre 2025<\/a><\/p>\n<\/blockquote>\n<blockquote class=\"twitter-lazy tweet-img lazyload\" data-width=\"500\" data-dnt=\"true\">\n<p lang=\"en\" dir=\"ltr\">Liverpool contre Real Madrid | Notes des joueurs \u00e0 la mi-temps\u00a0: <\/p>\n<p>\u25c9 7h33 \u2013 Thibaut Courtois<br \/>\u25c9 6,97 \u2013 Florian Wirtz <br \/>\u25c9 6,89 \u2013 \u00c1lvaro Carreras<br \/>\u25c9 6,86 \u2013 Federico Valverde<br \/>\u25c9 6,82 \u2013 Conor Bradley<a rel=\"nofollow\" href=\"https:\/\/twitter.com\/hashtag\/LIVRMA?src=hash&amp;ref_src=twsrc%5Etfw\">#LIVRMA<\/a> <a rel=\"nofollow\" href=\"https:\/\/twitter.com\/hashtag\/UCL?src=hash&amp;ref_src=twsrc%5Etfw\">#UCL<\/a> <a rel=\"nofollow\" href=\"https:\/\/t.co\/ptQhxfo196\">pic.twitter.com\/ptQhxfo196<\/a><\/p>\n<p>\u2013 Qui a marqu\u00e9 (@WhoScored) <a rel=\"nofollow\" href=\"https:\/\/twitter.com\/WhoScored\/status\/1985813721860464904?ref_src=twsrc%5Etfw\">4 novembre 2025<\/a><\/p>\n<\/blockquote>\n<h2>Arne Slot a d\u00e9sormais un nouveau probl\u00e8me \u00e0 Liverpool<\/h2>\n<p>Quelle \u00e9nigme pour Arne Slot !<\/p>\n<p>L&#39;entra\u00eeneur-chef n\u00e9erlandais a r\u00e9tabli un sentiment d&#39;\u00e9quilibre dans son \u00e9quipe de Liverpool apr\u00e8s \u00eatre revenu \u00e0 la forme plus famili\u00e8re du 4-3-3 qui a vu les Reds remporter le titre de Premier League la saison derni\u00e8re.<\/p>\n<p>Plus pr\u00e9cis\u00e9ment, les g\u00e9ants du Merseyside se sont tourn\u00e9s vers le Real Madrid \u2013 clairement.<\/p>\n<p>Ce qui soul\u00e8ve un point difficile pour un manager qui a attir\u00e9 Wirtz \u00e0 Anfield sur la base qu&#39;il jouerait un r\u00f4le central dans l&#39;\u00e9quipe (au sens figur\u00e9 et litt\u00e9ral).<\/p>\n<figure class=\"wp-caption alignnone\"><picture><source type=\"image\/webp\" data- data-><img loading=\"lazy\" decoding=\"async\" width=\"3600\" height=\"2400\" src=\"https:\/\/footdavant.fr\/actualites\/wp-content\/uploads\/2025\/11\/1762296485_440_Ce-que-Florian-Wirtz-a-fait-en-premiere-mi-temps-contre.jpg\" class=\"lazyload wp-image-280168 has-webp\" alt=\"Florian Wirtz joue une passe lors du match de Liverpool.\"  data- style=\"aspect-ratio:3600\/2400;max-width:2048px\"><\/source><\/picture><\/figure>\n<p>Le Bayern n&#39;a pas pu faire la m\u00eame promesse, Jamal Musiala ayant fermement accapar\u00e9 le poste comme le sien.<\/p>\n<p>Cependant, Liverpool doit, \u00e0 un moment donn\u00e9, trouver un moyen de le faire fonctionner sans soustraire un trio de milieu de terrain compos\u00e9 de Dominik Szoboszlai, Ryan Gravenberch et Alexis Mac Allister, qui fonctionne clairement.<\/p>\n<p>La seule solution qui vient \u00e0 l&#39;esprit est de sacrifier un attaquant et de faire jouer Florian Wirtz en num\u00e9ro 10 derri\u00e8re deux attaquants.<\/p>\n<p>Mais pourquoi changer un syst\u00e8me qui r\u00e9compense actuellement les Reds dans le pays et \u00e0 l\u2019\u00e9tranger ?<\/p>\n<p><!-- Article End -->\t\t\t\t<\/div>\n<p><script async src=\"https:\/\/platform.twitter.com\/widgets.js\" charset=\"utf-8\"><\/script><\/p>\n","protected":false},"excerpt":{"rendered":"<p>L&#39;international allemand a \u00e9t\u00e9 s\u00e9lectionn\u00e9 devant Cody Gakpo pour la rencontre de Ligue des champions des Reds contre les g\u00e9ants espagnols. Les Merseysiders sont entr\u00e9s<\/p>\n","protected":false},"author":1,"featured_media":30793,"comment_status":"closed","ping_status":"","sticky":false,"template":"","format":"standard","meta":{"footnotes":""},"categories":[3],"tags":[20,1502,1007,152,718,303,3633,1024,302,719],"yoast_head":"<!-- This site is optimized with the Yoast SEO plugin v21.0 - https:\/\/yoast.com\/wordpress\/plugins\/seo\/ -->\n<title>Ce que Florian Wirtz a fait en premi\u00e8re mi-temps contre le Real Madrid \u00e9tait exceptionnel<\/title>\n<meta name=\"robots\" content=\"index, follow, max-snippet:-1, max-image-preview:large, max-video-preview:-1\" \/>\n<link rel=\"canonical\" href=\"https:\/\/footdavant.fr\/actualites\/ce-que-florian-wirtz-a-fait-en-premiere-mi-temps-contre-le-real-madrid-etait-exceptionnel\/\" \/>\n<meta property=\"og:locale\" content=\"fr_FR\" \/>\n<meta property=\"og:type\" content=\"article\" \/>\n<meta property=\"og:title\" content=\"Ce que Florian Wirtz a fait en premi\u00e8re mi-temps contre le Real Madrid \u00e9tait exceptionnel\" \/>\n<meta property=\"og:description\" content=\"L&#039;international allemand a \u00e9t\u00e9 s\u00e9lectionn\u00e9 devant Cody Gakpo pour la rencontre de Ligue des champions des Reds contre les g\u00e9ants espagnols. Les Merseysiders sont entr\u00e9s\" \/>\n<meta property=\"og:url\" content=\"https:\/\/footdavant.fr\/actualites\/ce-que-florian-wirtz-a-fait-en-premiere-mi-temps-contre-le-real-madrid-etait-exceptionnel\/\" \/>\n<meta property=\"og:site_name\" content=\"Foot d&#039;avant\" \/>\n<meta property=\"article:publisher\" content=\"https:\/\/www.facebook.com\/Footdavant\/\" \/>\n<meta property=\"article:published_time\" content=\"2025-11-04T22:48:05+00:00\" \/>\n<meta property=\"article:modified_time\" content=\"2025-11-04T22:48:08+00:00\" \/>\n<meta property=\"og:image\" content=\"https:\/\/footdavant.fr\/actualites\/wp-content\/uploads\/2025\/11\/1762296487_Ce-que-Florian-Wirtz-a-fait-en-premiere-mi-temps-contre.jpg\" \/>\n\t<meta property=\"og:image:width\" content=\"1200\" \/>\n\t<meta property=\"og:image:height\" content=\"675\" \/>\n\t<meta property=\"og:image:type\" content=\"image\/jpeg\" \/>\n<meta name=\"author\" content=\"Cl\u00e9ment\" \/>\n<meta name=\"twitter:card\" content=\"summary_large_image\" \/>\n<meta name=\"twitter:creator\" content=\"@FootdavantFr\" \/>\n<meta name=\"twitter:site\" content=\"@FootdavantFr\" \/>\n<meta name=\"twitter:label1\" content=\"\u00c9crit par\" \/>\n\t<meta name=\"twitter:data1\" content=\"Cl\u00e9ment\" \/>\n\t<meta name=\"twitter:label2\" content=\"Dur\u00e9e de lecture estim\u00e9e\" \/>\n\t<meta name=\"twitter:data2\" content=\"2 minutes\" \/>\n<script type=\"application\/ld+json\" class=\"yoast-schema-graph\">{\"@context\":\"https:\/\/schema.org\",\"@graph\":[{\"@type\":\"Article\",\"@id\":\"https:\/\/footdavant.fr\/actualites\/ce-que-florian-wirtz-a-fait-en-premiere-mi-temps-contre-le-real-madrid-etait-exceptionnel\/#article\",\"isPartOf\":{\"@id\":\"https:\/\/footdavant.fr\/actualites\/ce-que-florian-wirtz-a-fait-en-premiere-mi-temps-contre-le-real-madrid-etait-exceptionnel\/\"},\"author\":{\"name\":\"Cl\u00e9ment\",\"@id\":\"https:\/\/footdavant.fr\/actualites\/#\/schema\/person\/bc222566d95871b37e597b3ed3ba5e1d\"},\"headline\":\"Ce que Florian Wirtz a fait en premi\u00e8re mi-temps contre le Real Madrid \u00e9tait exceptionnel\",\"datePublished\":\"2025-11-04T22:48:05+00:00\",\"dateModified\":\"2025-11-04T22:48:08+00:00\",\"mainEntityOfPage\":{\"@id\":\"https:\/\/footdavant.fr\/actualites\/ce-que-florian-wirtz-a-fait-en-premiere-mi-temps-contre-le-real-madrid-etait-exceptionnel\/\"},\"wordCount\":499,\"publisher\":{\"@id\":\"https:\/\/footdavant.fr\/actualites\/#organization\"},\"keywords\":[\"contre\",\"\u00e9tait\",\"exceptionnel\",\"fait\",\"Florian\",\"Madrid\",\"mitemps\",\"premi\u00e8re\",\"Real\",\"Wirtz\"],\"articleSection\":[\"Football\"],\"inLanguage\":\"fr-FR\"},{\"@type\":\"WebPage\",\"@id\":\"https:\/\/footdavant.fr\/actualites\/ce-que-florian-wirtz-a-fait-en-premiere-mi-temps-contre-le-real-madrid-etait-exceptionnel\/\",\"url\":\"https:\/\/footdavant.fr\/actualites\/ce-que-florian-wirtz-a-fait-en-premiere-mi-temps-contre-le-real-madrid-etait-exceptionnel\/\",\"name\":\"Ce que Florian Wirtz a fait en premi\u00e8re mi-temps contre le Real Madrid \u00e9tait exceptionnel\",\"isPartOf\":{\"@id\":\"https:\/\/footdavant.fr\/actualites\/#website\"},\"datePublished\":\"2025-11-04T22:48:05+00:00\",\"dateModified\":\"2025-11-04T22:48:08+00:00\",\"breadcrumb\":{\"@id\":\"https:\/\/footdavant.fr\/actualites\/ce-que-florian-wirtz-a-fait-en-premiere-mi-temps-contre-le-real-madrid-etait-exceptionnel\/#breadcrumb\"},\"inLanguage\":\"fr-FR\",\"potentialAction\":[{\"@type\":\"ReadAction\",\"target\":[\"https:\/\/footdavant.fr\/actualites\/ce-que-florian-wirtz-a-fait-en-premiere-mi-temps-contre-le-real-madrid-etait-exceptionnel\/\"]}]},{\"@type\":\"BreadcrumbList\",\"@id\":\"https:\/\/footdavant.fr\/actualites\/ce-que-florian-wirtz-a-fait-en-premiere-mi-temps-contre-le-real-madrid-etait-exceptionnel\/#breadcrumb\",\"itemListElement\":[{\"@type\":\"ListItem\",\"position\":1,\"name\":\"Accueil\",\"item\":\"https:\/\/footdavant.fr\/actualites\/\"},{\"@type\":\"ListItem\",\"position\":2,\"name\":\"Ce que Florian Wirtz a fait en premi\u00e8re mi-temps contre le Real Madrid \u00e9tait exceptionnel\"}]},{\"@type\":\"WebSite\",\"@id\":\"https:\/\/footdavant.fr\/actualites\/#website\",\"url\":\"https:\/\/footdavant.fr\/actualites\/\",\"name\":\"Foot d'avant\",\"description\":\"\",\"publisher\":{\"@id\":\"https:\/\/footdavant.fr\/actualites\/#organization\"},\"potentialAction\":[{\"@type\":\"SearchAction\",\"target\":{\"@type\":\"EntryPoint\",\"urlTemplate\":\"https:\/\/footdavant.fr\/actualites\/?s={search_term_string}\"},\"query-input\":\"required name=search_term_string\"}],\"inLanguage\":\"fr-FR\"},{\"@type\":\"Organization\",\"@id\":\"https:\/\/footdavant.fr\/actualites\/#organization\",\"name\":\"Foot d'avant\",\"url\":\"https:\/\/footdavant.fr\/actualites\/\",\"logo\":{\"@type\":\"ImageObject\",\"inLanguage\":\"fr-FR\",\"@id\":\"https:\/\/footdavant.fr\/actualites\/#\/schema\/logo\/image\/\",\"url\":\"https:\/\/footdavant.fr\/actualites\/wp-content\/uploads\/2023\/09\/Copy-of-FootDavant-Logo.png\",\"contentUrl\":\"https:\/\/footdavant.fr\/actualites\/wp-content\/uploads\/2023\/09\/Copy-of-FootDavant-Logo.png\",\"width\":936,\"height\":549,\"caption\":\"Foot d'avant\"},\"image\":{\"@id\":\"https:\/\/footdavant.fr\/actualites\/#\/schema\/logo\/image\/\"},\"sameAs\":[\"https:\/\/www.facebook.com\/Footdavant\/\",\"https:\/\/twitter.com\/FootdavantFr\",\"https:\/\/www.instagram.com\/footdavant.fr\/\"]},{\"@type\":\"Person\",\"@id\":\"https:\/\/footdavant.fr\/actualites\/#\/schema\/person\/bc222566d95871b37e597b3ed3ba5e1d\",\"name\":\"Cl\u00e9ment\",\"image\":{\"@type\":\"ImageObject\",\"inLanguage\":\"fr-FR\",\"@id\":\"https:\/\/footdavant.fr\/actualites\/#\/schema\/person\/image\/\",\"url\":\"https:\/\/secure.gravatar.com\/avatar\/7728b29aac2719421e1a9159b2254c44?s=96&d=mm&r=g\",\"contentUrl\":\"https:\/\/secure.gravatar.com\/avatar\/7728b29aac2719421e1a9159b2254c44?s=96&d=mm&r=g\",\"caption\":\"Cl\u00e9ment\"},\"sameAs\":[\"https:\/\/footdavant.fr\/\"]}]}<\/script>\n<!-- \/ Yoast SEO plugin. -->","yoast_head_json":{"title":"Ce que Florian Wirtz a fait en premi\u00e8re mi-temps contre le Real Madrid \u00e9tait exceptionnel","robots":{"index":"index","follow":"follow","max-snippet":"max-snippet:-1","max-image-preview":"max-image-preview:large","max-video-preview":"max-video-preview:-1"},"canonical":"https:\/\/footdavant.fr\/actualites\/ce-que-florian-wirtz-a-fait-en-premiere-mi-temps-contre-le-real-madrid-etait-exceptionnel\/","og_locale":"fr_FR","og_type":"article","og_title":"Ce que Florian Wirtz a fait en premi\u00e8re mi-temps contre le Real Madrid \u00e9tait exceptionnel","og_description":"L&#39;international allemand a \u00e9t\u00e9 s\u00e9lectionn\u00e9 devant Cody Gakpo pour la rencontre de Ligue des champions des Reds contre les g\u00e9ants espagnols. Les Merseysiders sont entr\u00e9s","og_url":"https:\/\/footdavant.fr\/actualites\/ce-que-florian-wirtz-a-fait-en-premiere-mi-temps-contre-le-real-madrid-etait-exceptionnel\/","og_site_name":"Foot d&#039;avant","article_publisher":"https:\/\/www.facebook.com\/Footdavant\/","article_published_time":"2025-11-04T22:48:05+00:00","article_modified_time":"2025-11-04T22:48:08+00:00","og_image":[{"width":1200,"height":675,"url":"https:\/\/footdavant.fr\/actualites\/wp-content\/uploads\/2025\/11\/1762296487_Ce-que-Florian-Wirtz-a-fait-en-premiere-mi-temps-contre.jpg","type":"image\/jpeg"}],"author":"Cl\u00e9ment","twitter_card":"summary_large_image","twitter_creator":"@FootdavantFr","twitter_site":"@FootdavantFr","twitter_misc":{"\u00c9crit par":"Cl\u00e9ment","Dur\u00e9e de lecture estim\u00e9e":"2 minutes"},"schema":{"@context":"https:\/\/schema.org","@graph":[{"@type":"Article","@id":"https:\/\/footdavant.fr\/actualites\/ce-que-florian-wirtz-a-fait-en-premiere-mi-temps-contre-le-real-madrid-etait-exceptionnel\/#article","isPartOf":{"@id":"https:\/\/footdavant.fr\/actualites\/ce-que-florian-wirtz-a-fait-en-premiere-mi-temps-contre-le-real-madrid-etait-exceptionnel\/"},"author":{"name":"Cl\u00e9ment","@id":"https:\/\/footdavant.fr\/actualites\/#\/schema\/person\/bc222566d95871b37e597b3ed3ba5e1d"},"headline":"Ce que Florian Wirtz a fait en premi\u00e8re mi-temps contre le Real Madrid \u00e9tait exceptionnel","datePublished":"2025-11-04T22:48:05+00:00","dateModified":"2025-11-04T22:48:08+00:00","mainEntityOfPage":{"@id":"https:\/\/footdavant.fr\/actualites\/ce-que-florian-wirtz-a-fait-en-premiere-mi-temps-contre-le-real-madrid-etait-exceptionnel\/"},"wordCount":499,"publisher":{"@id":"https:\/\/footdavant.fr\/actualites\/#organization"},"keywords":["contre","\u00e9tait","exceptionnel","fait","Florian","Madrid","mitemps","premi\u00e8re","Real","Wirtz"],"articleSection":["Football"],"inLanguage":"fr-FR"},{"@type":"WebPage","@id":"https:\/\/footdavant.fr\/actualites\/ce-que-florian-wirtz-a-fait-en-premiere-mi-temps-contre-le-real-madrid-etait-exceptionnel\/","url":"https:\/\/footdavant.fr\/actualites\/ce-que-florian-wirtz-a-fait-en-premiere-mi-temps-contre-le-real-madrid-etait-exceptionnel\/","name":"Ce que Florian Wirtz a fait en premi\u00e8re mi-temps contre le Real Madrid \u00e9tait exceptionnel","isPartOf":{"@id":"https:\/\/footdavant.fr\/actualites\/#website"},"datePublished":"2025-11-04T22:48:05+00:00","dateModified":"2025-11-04T22:48:08+00:00","breadcrumb":{"@id":"https:\/\/footdavant.fr\/actualites\/ce-que-florian-wirtz-a-fait-en-premiere-mi-temps-contre-le-real-madrid-etait-exceptionnel\/#breadcrumb"},"inLanguage":"fr-FR","potentialAction":[{"@type":"ReadAction","target":["https:\/\/footdavant.fr\/actualites\/ce-que-florian-wirtz-a-fait-en-premiere-mi-temps-contre-le-real-madrid-etait-exceptionnel\/"]}]},{"@type":"BreadcrumbList","@id":"https:\/\/footdavant.fr\/actualites\/ce-que-florian-wirtz-a-fait-en-premiere-mi-temps-contre-le-real-madrid-etait-exceptionnel\/#breadcrumb","itemListElement":[{"@type":"ListItem","position":1,"name":"Accueil","item":"https:\/\/footdavant.fr\/actualites\/"},{"@type":"ListItem","position":2,"name":"Ce que Florian Wirtz a fait en premi\u00e8re mi-temps contre le Real Madrid \u00e9tait exceptionnel"}]},{"@type":"WebSite","@id":"https:\/\/footdavant.fr\/actualites\/#website","url":"https:\/\/footdavant.fr\/actualites\/","name":"Foot d'avant","description":"","publisher":{"@id":"https:\/\/footdavant.fr\/actualites\/#organization"},"potentialAction":[{"@type":"SearchAction","target":{"@type":"EntryPoint","urlTemplate":"https:\/\/footdavant.fr\/actualites\/?s={search_term_string}"},"query-input":"required name=search_term_string"}],"inLanguage":"fr-FR"},{"@type":"Organization","@id":"https:\/\/footdavant.fr\/actualites\/#organization","name":"Foot d'avant","url":"https:\/\/footdavant.fr\/actualites\/","logo":{"@type":"ImageObject","inLanguage":"fr-FR","@id":"https:\/\/footdavant.fr\/actualites\/#\/schema\/logo\/image\/","url":"https:\/\/footdavant.fr\/actualites\/wp-content\/uploads\/2023\/09\/Copy-of-FootDavant-Logo.png","contentUrl":"https:\/\/footdavant.fr\/actualites\/wp-content\/uploads\/2023\/09\/Copy-of-FootDavant-Logo.png","width":936,"height":549,"caption":"Foot d'avant"},"image":{"@id":"https:\/\/footdavant.fr\/actualites\/#\/schema\/logo\/image\/"},"sameAs":["https:\/\/www.facebook.com\/Footdavant\/","https:\/\/twitter.com\/FootdavantFr","https:\/\/www.instagram.com\/footdavant.fr\/"]},{"@type":"Person","@id":"https:\/\/footdavant.fr\/actualites\/#\/schema\/person\/bc222566d95871b37e597b3ed3ba5e1d","name":"Cl\u00e9ment","image":{"@type":"ImageObject","inLanguage":"fr-FR","@id":"https:\/\/footdavant.fr\/actualites\/#\/schema\/person\/image\/","url":"https:\/\/secure.gravatar.com\/avatar\/7728b29aac2719421e1a9159b2254c44?s=96&d=mm&r=g","contentUrl":"https:\/\/secure.gravatar.com\/avatar\/7728b29aac2719421e1a9159b2254c44?s=96&d=mm&r=g","caption":"Cl\u00e9ment"},"sameAs":["https:\/\/footdavant.fr\/"]}]}},"_links":{"self":[{"href":"https:\/\/footdavant.fr\/actualites\/wp-json\/wp\/v2\/posts\/30792"}],"collection":[{"href":"https:\/\/footdavant.fr\/actualites\/wp-json\/wp\/v2\/posts"}],"about":[{"href":"https:\/\/footdavant.fr\/actualites\/wp-json\/wp\/v2\/types\/post"}],"author":[{"embeddable":true,"href":"https:\/\/footdavant.fr\/actualites\/wp-json\/wp\/v2\/users\/1"}],"replies":[{"embeddable":true,"href":"https:\/\/footdavant.fr\/actualites\/wp-json\/wp\/v2\/comments?post=30792"}],"version-history":[{"count":1,"href":"https:\/\/footdavant.fr\/actualites\/wp-json\/wp\/v2\/posts\/30792\/revisions"}],"predecessor-version":[{"id":30794,"href":"https:\/\/footdavant.fr\/actualites\/wp-json\/wp\/v2\/posts\/30792\/revisions\/30794"}],"wp:featuredmedia":[{"embeddable":true,"href":"https:\/\/footdavant.fr\/actualites\/wp-json\/wp\/v2\/media\/30793"}],"wp:attachment":[{"href":"https:\/\/footdavant.fr\/actualites\/wp-json\/wp\/v2\/media?parent=30792"}],"wp:term":[{"taxonomy":"category","embeddable":true,"href":"https:\/\/footdavant.fr\/actualites\/wp-json\/wp\/v2\/categories?post=30792"},{"taxonomy":"post_tag","embeddable":true,"href":"https:\/\/footdavant.fr\/actualites\/wp-json\/wp\/v2\/tags?post=30792"}],"curies":[{"name":"wp","href":"https:\/\/api.w.org\/{rel}","templated":true}]}}