{"id":30798,"date":"2025-11-05T01:48:29","date_gmt":"2025-11-05T00:48:29","guid":{"rendered":"https:\/\/footdavant.fr\/actualites\/le-patron-de-chelsea-enzo-maresca-revele-la-principale-raison-pour-laquelle-les-blues-doivent-apprendre-pour-se-battre-pour-le-titre-de-premier-league\/"},"modified":"2025-11-05T01:48:31","modified_gmt":"2025-11-05T00:48:31","slug":"le-patron-de-chelsea-enzo-maresca-revele-la-principale-raison-pour-laquelle-les-blues-doivent-apprendre-pour-se-battre-pour-le-titre-de-premier-league","status":"publish","type":"post","link":"https:\/\/footdavant.fr\/actualites\/le-patron-de-chelsea-enzo-maresca-revele-la-principale-raison-pour-laquelle-les-blues-doivent-apprendre-pour-se-battre-pour-le-titre-de-premier-league\/","title":{"rendered":"Le patron de Chelsea, Enzo Maresca, r\u00e9v\u00e8le la principale raison pour laquelle les Blues \u00ab\u00a0doivent apprendre\u00a0\u00bb pour se battre pour le titre de Premier League"},"content":{"rendered":"<p>L&#39;entra\u00eeneur-chef de Chelsea, Enzo Maresca, admet que lui et son \u00e9quipe des Blues doivent am\u00e9liorer un \u00e9l\u00e9ment cl\u00e9 de leur pr\u00e9paration pour devenir pr\u00e9tendants au titre de Premier League.<\/p>\n<div id=\"article_body\" itemprop=\"articleBody\">\n<h3 class=\"firstPara\"><\/h3>\n<p><strong class=\"autotag\">Entra\u00eeneur principal de Chelsea <strong class=\"autotag\">Enzo Maresca a admis que lui et ses joueurs \u00ab\u00a0doivent apprendre\u00a0\u00bb \u00e0 devenir plus adaptables s&#39;ils veulent r\u00e9ussir \u00e0 long terme.<\/p>\n<p>Apr\u00e8s le triomphe de la Coupe du Monde des Clubs cet \u00e9t\u00e9, Maresca a beaucoup de cr\u00e9dit en banque alors qu&#39;il tente de consolider les Blues en tant que titulaires dans le top quatre du classement de la Premier League.<\/p>\n<p>Cependant, Chelsea a d\u00e9j\u00e0 perdu quatre de ses 13 matches toutes comp\u00e9titions confondues cette campagne, le dernier en date \u00e9tant contre Sunderland \u00e0 Stamford Bridge samedi apr\u00e8s-midi.<\/p>\n<p>Alors que les West Londoners ont finalement succomb\u00e9 \u00e0 un but vainqueur \u00e0 la 93e minute, l&#39;\u00e9quipe de Maresca avait eu du mal \u00e0 vaincre les Black Cats tout au long des 90 minutes.<\/p>\n<p>S&#39;exprimant avant le quatri\u00e8me match de la Coupe EFL mercredi \u00e0 Wolverhampton Wanderers, l&#39;Italien a reconnu que la tactique de R\u00e9gis Le Bris l&#39;avait pris par surprise.<\/p>\n<p class=\"imgI\">\n<h2>Maresca dit que Chelsea \u00ab\u00a0doit faire mieux\u00a0\u00bb<\/h2>\n<p>Comme l&#39;a cit\u00e9 le journaliste de football.london Bobby Vincent, Maresca a admis que Sunderland s&#39;\u00e9tait effectivement adapt\u00e9 \u00e0 l&#39;annulation de son \u00e9quipe, plut\u00f4t que de permettre \u00e0 ses joueurs de concentrer leur attention sur le jeu contre cinq d\u00e9fenseurs.<\/p>\n<p>Il a d\u00e9clar\u00e9 : \u00ab\u00a0Quand nous avons des difficult\u00e9s, nous aimons analyser. Donc ces jours-ci, nous essayons d&#39;analyser tous les matchs de la saison derni\u00e8re contre des \u00e9quipes qui s&#39;assoient pour voir les r\u00e9sultats, voir le match, comment nous pouvons faire mieux, comment nous pouvons nous am\u00e9liorer.<\/p>\n<p>\u00ab\u00a0Parce que nous cherchons toujours \u00e0 nous am\u00e9liorer, et probablement, \u00e0 moins d&#39;un changement profond o\u00f9 nous perdons des points, toutes les autres \u00e9quipes, Leicester, Wolves, West Ham, Everton, Brentford, nous avons gagn\u00e9 les deux matchs ou nous en avons gagn\u00e9 un et nous avons fait match nul dans l&#39;autre. Bien s\u00fbr, c&#39;est quelque chose que nous devons faire mieux.<\/p>\n<p>\u00ab\u00a0Ce que nous devons am\u00e9liorer et que nous devons apprendre, et c&#39;est quelque chose que je dis aux joueurs tous les jours, c&#39;est maintenant que les \u00e9quipes, probablement \u00e0 cause de ce que nous avons r\u00e9alis\u00e9 la saison derni\u00e8re, ont chang\u00e9 contre nous. Sunderland, neuf matchs en Premier League, n&#39;a jamais jou\u00e9 avec une d\u00e9fense \u00e0 cinq depuis le d\u00e9but. Jamais.<\/p>\n<p>\u00ab\u00a0Ils ont jou\u00e9 neuf matchs, j&#39;ai regard\u00e9 les neuf matchs de Sunderland avant notre match. Jamais. Ils ont termin\u00e9 avec cinq en arri\u00e8re, ils gagnaient 1-0, donc pour d\u00e9fendre les 10 derni\u00e8res minutes, ils avaient cinq en arri\u00e8re. Mais depuis le d\u00e9but, jamais.<\/p>\n<p>\u00ab\u00a0Nous avons donc pr\u00e9par\u00e9 un match de Sunderland contre quatre d\u00e9fenseurs. Donc avant le match, dans les vestiaires, avant que les joueurs ne sortent pour un \u00e9chauffement, je dois dire aux joueurs : &#39;Les gars, toute la pr\u00e9paration de Sunderland, faites comme \u00e7a, tac-tac-tac-tac, et mettez-les \u00e0 la poubelle.&#39;\u00a0\u00bb<\/p>\n<p class=\"imgI\"><img decoding=\"async\" alt=\"Vitor Pereira photographi\u00e9 en septembre 2025\" class=\"vanilla-lazyload article-image\" src=\"https:\/\/footdavant.fr\/actualites\/wp-content\/uploads\/2025\/10\/Apercu-Wolverhampton-Wanderers-vs-Burnley-\u2013-pronostics-actualites-de.webp\"><\/p>\n<h2>Les Wolves pourraient-ils faire la m\u00eame chose que Sunderland ?<\/h2>\n<p>Maresca a d\u00e9j\u00e0 promis des changements pour le d\u00e9placement \u00e0 Molineux, et les joueurs impliqu\u00e9s tenteront de se mettre en lice pour des titularisations en Premier League.<\/p>\n<p>Entra\u00eeneur-chef des loups <strong class=\"autotag\">Vitor Pereira est potentiellement \u00e0 une ou deux d\u00e9faites de plus d&#39;\u00eatre remplac\u00e9, notamment apr\u00e8s la confrontation avec les supporters le week-end dernier.<\/p>\n<p>R\u00e9cemment, le Portugais est pass\u00e9 \u00e0 une d\u00e9fense \u00e0 quatre, ce qui a apport\u00e9 des am\u00e9liorations \u00e0 court terme, mais conc\u00e9der trois fois \u00e0 Burnley pourrait l&#39;amener \u00e0 revenir \u00e0 sa formation pr\u00e9c\u00e9dente en 3-4-2-1.<\/p>\n<p>Du point de vue de Maresca, il pourrait relever le d\u00e9fi de r\u00e9parer les torts caus\u00e9s par le match contre Sunderland.<\/p>\n<div class=\"author_box\">\n<div class=\"author_box_banner\"> <img decoding=\"async\" class=\"author_img\" src=\"https:\/\/footdavant.fr\/actualites\/wp-content\/uploads\/2025\/06\/1749318502_545_Chelsea-Transfer-News-Andrey-Santos-donne-une-baisse-sur-Blues.jpg\"><\/div>\n<\/div>\n<\/div>\n","protected":false},"excerpt":{"rendered":"<p>L&#39;entra\u00eeneur-chef de Chelsea, Enzo Maresca, admet que lui et son \u00e9quipe des Blues doivent am\u00e9liorer un \u00e9l\u00e9ment cl\u00e9 de leur pr\u00e9paration pour devenir pr\u00e9tendants au<\/p>\n","protected":false},"author":1,"featured_media":30799,"comment_status":"closed","ping_status":"","sticky":false,"template":"","format":"standard","meta":{"footnotes":""},"categories":[5],"tags":[1958,540,4717,171,3893,1806,2796,202,93,5107,231,51,201,3824,182,415,581],"yoast_head":"<!-- This site is optimized with the Yoast SEO plugin v21.0 - https:\/\/yoast.com\/wordpress\/plugins\/seo\/ -->\n<title>Le patron de Chelsea, Enzo Maresca, r\u00e9v\u00e8le la principale raison pour laquelle les Blues &quot;doivent apprendre&quot; pour se battre pour le titre de Premier League<\/title>\n<meta name=\"robots\" content=\"index, follow, max-snippet:-1, max-image-preview:large, max-video-preview:-1\" \/>\n<link rel=\"canonical\" href=\"https:\/\/footdavant.fr\/actualites\/le-patron-de-chelsea-enzo-maresca-revele-la-principale-raison-pour-laquelle-les-blues-doivent-apprendre-pour-se-battre-pour-le-titre-de-premier-league\/\" \/>\n<meta property=\"og:locale\" content=\"fr_FR\" \/>\n<meta property=\"og:type\" content=\"article\" \/>\n<meta property=\"og:title\" content=\"Le patron de Chelsea, Enzo Maresca, r\u00e9v\u00e8le la principale raison pour laquelle les Blues &quot;doivent apprendre&quot; pour se battre pour le titre de Premier League\" \/>\n<meta property=\"og:description\" content=\"L&#039;entra\u00eeneur-chef de Chelsea, Enzo Maresca, admet que lui et son \u00e9quipe des Blues doivent am\u00e9liorer un \u00e9l\u00e9ment cl\u00e9 de leur pr\u00e9paration pour devenir pr\u00e9tendants au\" \/>\n<meta property=\"og:url\" content=\"https:\/\/footdavant.fr\/actualites\/le-patron-de-chelsea-enzo-maresca-revele-la-principale-raison-pour-laquelle-les-blues-doivent-apprendre-pour-se-battre-pour-le-titre-de-premier-league\/\" \/>\n<meta property=\"og:site_name\" content=\"Foot d&#039;avant\" \/>\n<meta property=\"article:publisher\" content=\"https:\/\/www.facebook.com\/Footdavant\/\" \/>\n<meta property=\"article:published_time\" content=\"2025-11-05T00:48:29+00:00\" \/>\n<meta property=\"article:modified_time\" content=\"2025-11-05T00:48:31+00:00\" \/>\n<meta property=\"og:image\" content=\"https:\/\/footdavant.fr\/actualites\/wp-content\/uploads\/2025\/11\/Le-patron-de-Chelsea-Enzo-Maresca-revele-la-principale-raison.jpg\" \/>\n\t<meta property=\"og:image:width\" content=\"640\" \/>\n\t<meta property=\"og:image:height\" content=\"480\" \/>\n\t<meta property=\"og:image:type\" content=\"image\/jpeg\" \/>\n<meta name=\"author\" content=\"Cl\u00e9ment\" \/>\n<meta name=\"twitter:card\" content=\"summary_large_image\" \/>\n<meta name=\"twitter:creator\" content=\"@FootdavantFr\" \/>\n<meta name=\"twitter:site\" content=\"@FootdavantFr\" \/>\n<meta name=\"twitter:label1\" content=\"\u00c9crit par\" \/>\n\t<meta name=\"twitter:data1\" content=\"Cl\u00e9ment\" \/>\n\t<meta name=\"twitter:label2\" content=\"Dur\u00e9e de lecture estim\u00e9e\" \/>\n\t<meta name=\"twitter:data2\" content=\"3 minutes\" \/>\n<script type=\"application\/ld+json\" class=\"yoast-schema-graph\">{\"@context\":\"https:\/\/schema.org\",\"@graph\":[{\"@type\":\"Article\",\"@id\":\"https:\/\/footdavant.fr\/actualites\/le-patron-de-chelsea-enzo-maresca-revele-la-principale-raison-pour-laquelle-les-blues-doivent-apprendre-pour-se-battre-pour-le-titre-de-premier-league\/#article\",\"isPartOf\":{\"@id\":\"https:\/\/footdavant.fr\/actualites\/le-patron-de-chelsea-enzo-maresca-revele-la-principale-raison-pour-laquelle-les-blues-doivent-apprendre-pour-se-battre-pour-le-titre-de-premier-league\/\"},\"author\":{\"name\":\"Cl\u00e9ment\",\"@id\":\"https:\/\/footdavant.fr\/actualites\/#\/schema\/person\/bc222566d95871b37e597b3ed3ba5e1d\"},\"headline\":\"Le patron de Chelsea, Enzo Maresca, r\u00e9v\u00e8le la principale raison pour laquelle les Blues \u00ab\u00a0doivent apprendre\u00a0\u00bb pour se battre pour le titre de Premier League\",\"datePublished\":\"2025-11-05T00:48:29+00:00\",\"dateModified\":\"2025-11-05T00:48:31+00:00\",\"mainEntityOfPage\":{\"@id\":\"https:\/\/footdavant.fr\/actualites\/le-patron-de-chelsea-enzo-maresca-revele-la-principale-raison-pour-laquelle-les-blues-doivent-apprendre-pour-se-battre-pour-le-titre-de-premier-league\/\"},\"wordCount\":682,\"publisher\":{\"@id\":\"https:\/\/footdavant.fr\/actualites\/#organization\"},\"keywords\":[\"apprendre\",\"battre\",\"blues\",\"Chelsea\",\"doivent\",\"Enzo\",\"laquelle\",\"League\",\"les\",\"Maresca\",\"patron\",\"pour\",\"Premier\",\"principale\",\"raison\",\"r\u00e9v\u00e8le\",\"titre\"],\"articleSection\":[\"Premier League\"],\"inLanguage\":\"fr-FR\"},{\"@type\":\"WebPage\",\"@id\":\"https:\/\/footdavant.fr\/actualites\/le-patron-de-chelsea-enzo-maresca-revele-la-principale-raison-pour-laquelle-les-blues-doivent-apprendre-pour-se-battre-pour-le-titre-de-premier-league\/\",\"url\":\"https:\/\/footdavant.fr\/actualites\/le-patron-de-chelsea-enzo-maresca-revele-la-principale-raison-pour-laquelle-les-blues-doivent-apprendre-pour-se-battre-pour-le-titre-de-premier-league\/\",\"name\":\"Le patron de Chelsea, Enzo Maresca, r\u00e9v\u00e8le la principale raison pour laquelle les Blues \\\"doivent apprendre\\\" pour se battre pour le titre de Premier League\",\"isPartOf\":{\"@id\":\"https:\/\/footdavant.fr\/actualites\/#website\"},\"datePublished\":\"2025-11-05T00:48:29+00:00\",\"dateModified\":\"2025-11-05T00:48:31+00:00\",\"breadcrumb\":{\"@id\":\"https:\/\/footdavant.fr\/actualites\/le-patron-de-chelsea-enzo-maresca-revele-la-principale-raison-pour-laquelle-les-blues-doivent-apprendre-pour-se-battre-pour-le-titre-de-premier-league\/#breadcrumb\"},\"inLanguage\":\"fr-FR\",\"potentialAction\":[{\"@type\":\"ReadAction\",\"target\":[\"https:\/\/footdavant.fr\/actualites\/le-patron-de-chelsea-enzo-maresca-revele-la-principale-raison-pour-laquelle-les-blues-doivent-apprendre-pour-se-battre-pour-le-titre-de-premier-league\/\"]}]},{\"@type\":\"BreadcrumbList\",\"@id\":\"https:\/\/footdavant.fr\/actualites\/le-patron-de-chelsea-enzo-maresca-revele-la-principale-raison-pour-laquelle-les-blues-doivent-apprendre-pour-se-battre-pour-le-titre-de-premier-league\/#breadcrumb\",\"itemListElement\":[{\"@type\":\"ListItem\",\"position\":1,\"name\":\"Accueil\",\"item\":\"https:\/\/footdavant.fr\/actualites\/\"},{\"@type\":\"ListItem\",\"position\":2,\"name\":\"Le patron de Chelsea, Enzo Maresca, r\u00e9v\u00e8le la principale raison pour laquelle les Blues \u00ab\u00a0doivent apprendre\u00a0\u00bb pour se battre pour le titre de Premier League\"}]},{\"@type\":\"WebSite\",\"@id\":\"https:\/\/footdavant.fr\/actualites\/#website\",\"url\":\"https:\/\/footdavant.fr\/actualites\/\",\"name\":\"Foot d'avant\",\"description\":\"\",\"publisher\":{\"@id\":\"https:\/\/footdavant.fr\/actualites\/#organization\"},\"potentialAction\":[{\"@type\":\"SearchAction\",\"target\":{\"@type\":\"EntryPoint\",\"urlTemplate\":\"https:\/\/footdavant.fr\/actualites\/?s={search_term_string}\"},\"query-input\":\"required name=search_term_string\"}],\"inLanguage\":\"fr-FR\"},{\"@type\":\"Organization\",\"@id\":\"https:\/\/footdavant.fr\/actualites\/#organization\",\"name\":\"Foot d'avant\",\"url\":\"https:\/\/footdavant.fr\/actualites\/\",\"logo\":{\"@type\":\"ImageObject\",\"inLanguage\":\"fr-FR\",\"@id\":\"https:\/\/footdavant.fr\/actualites\/#\/schema\/logo\/image\/\",\"url\":\"https:\/\/footdavant.fr\/actualites\/wp-content\/uploads\/2023\/09\/Copy-of-FootDavant-Logo.png\",\"contentUrl\":\"https:\/\/footdavant.fr\/actualites\/wp-content\/uploads\/2023\/09\/Copy-of-FootDavant-Logo.png\",\"width\":936,\"height\":549,\"caption\":\"Foot d'avant\"},\"image\":{\"@id\":\"https:\/\/footdavant.fr\/actualites\/#\/schema\/logo\/image\/\"},\"sameAs\":[\"https:\/\/www.facebook.com\/Footdavant\/\",\"https:\/\/twitter.com\/FootdavantFr\",\"https:\/\/www.instagram.com\/footdavant.fr\/\"]},{\"@type\":\"Person\",\"@id\":\"https:\/\/footdavant.fr\/actualites\/#\/schema\/person\/bc222566d95871b37e597b3ed3ba5e1d\",\"name\":\"Cl\u00e9ment\",\"image\":{\"@type\":\"ImageObject\",\"inLanguage\":\"fr-FR\",\"@id\":\"https:\/\/footdavant.fr\/actualites\/#\/schema\/person\/image\/\",\"url\":\"https:\/\/secure.gravatar.com\/avatar\/7728b29aac2719421e1a9159b2254c44?s=96&d=mm&r=g\",\"contentUrl\":\"https:\/\/secure.gravatar.com\/avatar\/7728b29aac2719421e1a9159b2254c44?s=96&d=mm&r=g\",\"caption\":\"Cl\u00e9ment\"},\"sameAs\":[\"https:\/\/footdavant.fr\/\"]}]}<\/script>\n<!-- \/ Yoast SEO plugin. -->","yoast_head_json":{"title":"Le patron de Chelsea, Enzo Maresca, r\u00e9v\u00e8le la principale raison pour laquelle les Blues \"doivent apprendre\" pour se battre pour le titre de Premier League","robots":{"index":"index","follow":"follow","max-snippet":"max-snippet:-1","max-image-preview":"max-image-preview:large","max-video-preview":"max-video-preview:-1"},"canonical":"https:\/\/footdavant.fr\/actualites\/le-patron-de-chelsea-enzo-maresca-revele-la-principale-raison-pour-laquelle-les-blues-doivent-apprendre-pour-se-battre-pour-le-titre-de-premier-league\/","og_locale":"fr_FR","og_type":"article","og_title":"Le patron de Chelsea, Enzo Maresca, r\u00e9v\u00e8le la principale raison pour laquelle les Blues \"doivent apprendre\" pour se battre pour le titre de Premier League","og_description":"L&#39;entra\u00eeneur-chef de Chelsea, Enzo Maresca, admet que lui et son \u00e9quipe des Blues doivent am\u00e9liorer un \u00e9l\u00e9ment cl\u00e9 de leur pr\u00e9paration pour devenir pr\u00e9tendants au","og_url":"https:\/\/footdavant.fr\/actualites\/le-patron-de-chelsea-enzo-maresca-revele-la-principale-raison-pour-laquelle-les-blues-doivent-apprendre-pour-se-battre-pour-le-titre-de-premier-league\/","og_site_name":"Foot d&#039;avant","article_publisher":"https:\/\/www.facebook.com\/Footdavant\/","article_published_time":"2025-11-05T00:48:29+00:00","article_modified_time":"2025-11-05T00:48:31+00:00","og_image":[{"width":640,"height":480,"url":"https:\/\/footdavant.fr\/actualites\/wp-content\/uploads\/2025\/11\/Le-patron-de-Chelsea-Enzo-Maresca-revele-la-principale-raison.jpg","type":"image\/jpeg"}],"author":"Cl\u00e9ment","twitter_card":"summary_large_image","twitter_creator":"@FootdavantFr","twitter_site":"@FootdavantFr","twitter_misc":{"\u00c9crit par":"Cl\u00e9ment","Dur\u00e9e de lecture estim\u00e9e":"3 minutes"},"schema":{"@context":"https:\/\/schema.org","@graph":[{"@type":"Article","@id":"https:\/\/footdavant.fr\/actualites\/le-patron-de-chelsea-enzo-maresca-revele-la-principale-raison-pour-laquelle-les-blues-doivent-apprendre-pour-se-battre-pour-le-titre-de-premier-league\/#article","isPartOf":{"@id":"https:\/\/footdavant.fr\/actualites\/le-patron-de-chelsea-enzo-maresca-revele-la-principale-raison-pour-laquelle-les-blues-doivent-apprendre-pour-se-battre-pour-le-titre-de-premier-league\/"},"author":{"name":"Cl\u00e9ment","@id":"https:\/\/footdavant.fr\/actualites\/#\/schema\/person\/bc222566d95871b37e597b3ed3ba5e1d"},"headline":"Le patron de Chelsea, Enzo Maresca, r\u00e9v\u00e8le la principale raison pour laquelle les Blues \u00ab\u00a0doivent apprendre\u00a0\u00bb pour se battre pour le titre de Premier League","datePublished":"2025-11-05T00:48:29+00:00","dateModified":"2025-11-05T00:48:31+00:00","mainEntityOfPage":{"@id":"https:\/\/footdavant.fr\/actualites\/le-patron-de-chelsea-enzo-maresca-revele-la-principale-raison-pour-laquelle-les-blues-doivent-apprendre-pour-se-battre-pour-le-titre-de-premier-league\/"},"wordCount":682,"publisher":{"@id":"https:\/\/footdavant.fr\/actualites\/#organization"},"keywords":["apprendre","battre","blues","Chelsea","doivent","Enzo","laquelle","League","les","Maresca","patron","pour","Premier","principale","raison","r\u00e9v\u00e8le","titre"],"articleSection":["Premier League"],"inLanguage":"fr-FR"},{"@type":"WebPage","@id":"https:\/\/footdavant.fr\/actualites\/le-patron-de-chelsea-enzo-maresca-revele-la-principale-raison-pour-laquelle-les-blues-doivent-apprendre-pour-se-battre-pour-le-titre-de-premier-league\/","url":"https:\/\/footdavant.fr\/actualites\/le-patron-de-chelsea-enzo-maresca-revele-la-principale-raison-pour-laquelle-les-blues-doivent-apprendre-pour-se-battre-pour-le-titre-de-premier-league\/","name":"Le patron de Chelsea, Enzo Maresca, r\u00e9v\u00e8le la principale raison pour laquelle les Blues \"doivent apprendre\" pour se battre pour le titre de Premier League","isPartOf":{"@id":"https:\/\/footdavant.fr\/actualites\/#website"},"datePublished":"2025-11-05T00:48:29+00:00","dateModified":"2025-11-05T00:48:31+00:00","breadcrumb":{"@id":"https:\/\/footdavant.fr\/actualites\/le-patron-de-chelsea-enzo-maresca-revele-la-principale-raison-pour-laquelle-les-blues-doivent-apprendre-pour-se-battre-pour-le-titre-de-premier-league\/#breadcrumb"},"inLanguage":"fr-FR","potentialAction":[{"@type":"ReadAction","target":["https:\/\/footdavant.fr\/actualites\/le-patron-de-chelsea-enzo-maresca-revele-la-principale-raison-pour-laquelle-les-blues-doivent-apprendre-pour-se-battre-pour-le-titre-de-premier-league\/"]}]},{"@type":"BreadcrumbList","@id":"https:\/\/footdavant.fr\/actualites\/le-patron-de-chelsea-enzo-maresca-revele-la-principale-raison-pour-laquelle-les-blues-doivent-apprendre-pour-se-battre-pour-le-titre-de-premier-league\/#breadcrumb","itemListElement":[{"@type":"ListItem","position":1,"name":"Accueil","item":"https:\/\/footdavant.fr\/actualites\/"},{"@type":"ListItem","position":2,"name":"Le patron de Chelsea, Enzo Maresca, r\u00e9v\u00e8le la principale raison pour laquelle les Blues \u00ab\u00a0doivent apprendre\u00a0\u00bb pour se battre pour le titre de Premier League"}]},{"@type":"WebSite","@id":"https:\/\/footdavant.fr\/actualites\/#website","url":"https:\/\/footdavant.fr\/actualites\/","name":"Foot d'avant","description":"","publisher":{"@id":"https:\/\/footdavant.fr\/actualites\/#organization"},"potentialAction":[{"@type":"SearchAction","target":{"@type":"EntryPoint","urlTemplate":"https:\/\/footdavant.fr\/actualites\/?s={search_term_string}"},"query-input":"required name=search_term_string"}],"inLanguage":"fr-FR"},{"@type":"Organization","@id":"https:\/\/footdavant.fr\/actualites\/#organization","name":"Foot d'avant","url":"https:\/\/footdavant.fr\/actualites\/","logo":{"@type":"ImageObject","inLanguage":"fr-FR","@id":"https:\/\/footdavant.fr\/actualites\/#\/schema\/logo\/image\/","url":"https:\/\/footdavant.fr\/actualites\/wp-content\/uploads\/2023\/09\/Copy-of-FootDavant-Logo.png","contentUrl":"https:\/\/footdavant.fr\/actualites\/wp-content\/uploads\/2023\/09\/Copy-of-FootDavant-Logo.png","width":936,"height":549,"caption":"Foot d'avant"},"image":{"@id":"https:\/\/footdavant.fr\/actualites\/#\/schema\/logo\/image\/"},"sameAs":["https:\/\/www.facebook.com\/Footdavant\/","https:\/\/twitter.com\/FootdavantFr","https:\/\/www.instagram.com\/footdavant.fr\/"]},{"@type":"Person","@id":"https:\/\/footdavant.fr\/actualites\/#\/schema\/person\/bc222566d95871b37e597b3ed3ba5e1d","name":"Cl\u00e9ment","image":{"@type":"ImageObject","inLanguage":"fr-FR","@id":"https:\/\/footdavant.fr\/actualites\/#\/schema\/person\/image\/","url":"https:\/\/secure.gravatar.com\/avatar\/7728b29aac2719421e1a9159b2254c44?s=96&d=mm&r=g","contentUrl":"https:\/\/secure.gravatar.com\/avatar\/7728b29aac2719421e1a9159b2254c44?s=96&d=mm&r=g","caption":"Cl\u00e9ment"},"sameAs":["https:\/\/footdavant.fr\/"]}]}},"_links":{"self":[{"href":"https:\/\/footdavant.fr\/actualites\/wp-json\/wp\/v2\/posts\/30798"}],"collection":[{"href":"https:\/\/footdavant.fr\/actualites\/wp-json\/wp\/v2\/posts"}],"about":[{"href":"https:\/\/footdavant.fr\/actualites\/wp-json\/wp\/v2\/types\/post"}],"author":[{"embeddable":true,"href":"https:\/\/footdavant.fr\/actualites\/wp-json\/wp\/v2\/users\/1"}],"replies":[{"embeddable":true,"href":"https:\/\/footdavant.fr\/actualites\/wp-json\/wp\/v2\/comments?post=30798"}],"version-history":[{"count":1,"href":"https:\/\/footdavant.fr\/actualites\/wp-json\/wp\/v2\/posts\/30798\/revisions"}],"predecessor-version":[{"id":30800,"href":"https:\/\/footdavant.fr\/actualites\/wp-json\/wp\/v2\/posts\/30798\/revisions\/30800"}],"wp:featuredmedia":[{"embeddable":true,"href":"https:\/\/footdavant.fr\/actualites\/wp-json\/wp\/v2\/media\/30799"}],"wp:attachment":[{"href":"https:\/\/footdavant.fr\/actualites\/wp-json\/wp\/v2\/media?parent=30798"}],"wp:term":[{"taxonomy":"category","embeddable":true,"href":"https:\/\/footdavant.fr\/actualites\/wp-json\/wp\/v2\/categories?post=30798"},{"taxonomy":"post_tag","embeddable":true,"href":"https:\/\/footdavant.fr\/actualites\/wp-json\/wp\/v2\/tags?post=30798"}],"curies":[{"name":"wp","href":"https:\/\/api.w.org\/{rel}","templated":true}]}}