{"id":3113,"date":"2023-12-27T23:51:59","date_gmt":"2023-12-27T22:51:59","guid":{"rendered":"https:\/\/footdavant.fr\/actualites\/kevin-stefanski-remportera-t-il-le-prix-de-lentraineur-de-lannee\/"},"modified":"2023-12-27T23:51:59","modified_gmt":"2023-12-27T22:51:59","slug":"kevin-stefanski-remportera-t-il-le-prix-de-lentraineur-de-lannee","status":"publish","type":"post","link":"https:\/\/footdavant.fr\/actualites\/kevin-stefanski-remportera-t-il-le-prix-de-lentraineur-de-lannee\/","title":{"rendered":"Kevin Stefanski remportera-t-il le prix de l&rsquo;entra\u00eeneur de l&rsquo;ann\u00e9e ?"},"content":{"rendered":"<div>\n<p>Dan Campbell est au sommet ou presque du classement en ce qui concerne les chances de remporter le prix de l&rsquo;entra\u00eeneur de l&rsquo;ann\u00e9e de la NFL.  Il a transform\u00e9 une franchise ridicule en un concurrent redout\u00e9 en quelques ann\u00e9es seulement, alors que les Lions de D\u00e9troit sont proches du sommet du classement NFC, et il a m\u00e9rit\u00e9 toutes les distinctions qu&rsquo;il a re\u00e7ues.<\/p>\n<h2>Qui remportera le titre d&rsquo;entra\u00eeneur de l&rsquo;ann\u00e9e dans la NFL\u00a0?<\/h2>\n<blockquote class=\"twitter-tweet\">\n<p dir=\"ltr\" lang=\"en\">Les r\u00e9actions de Kevin Stefanski \u00e0 la fin du <a rel=\"nofollow\" href=\"https:\/\/twitter.com\/Browns?ref_src=twsrc%5Etfw\">@Browns<\/a> le jeu est trop parfait \ud83d\ude02 <a rel=\"nofollow\" href=\"https:\/\/twitter.com\/insidetheNFL?ref_src=twsrc%5Etfw\">@\u00c0 l&rsquo;int\u00e9rieur de la NFL<\/a> <a rel=\"nofollow\" href=\"https:\/\/t.co\/bbMTwfbEWb\">pic.twitter.com\/bbMTwfbEWb<\/a><\/p>\n<p>-Films NFL (@NFLFilms) <a rel=\"nofollow\" href=\"https:\/\/twitter.com\/NFLFilms\/status\/1737164724779774384?ref_src=twsrc%5Etfw\">19 d\u00e9cembre 2023<\/a><\/p>\n<\/blockquote>\n<p>Mais certaines \u00e9quipes r\u00e9alisent des performances improbables ou impressionnantes en fin de saison, et leurs dirigeants sont d\u00e9sormais reconnus pour le prestigieux prix d&rsquo;entra\u00eeneur.  Voici les listes actuelles pour le prix NFL COY, fournies par BetOnline\u00a0:<\/p>\n<h4>K\u00e9vin Stefanski (+125)<\/h4>\n<p>Le leader du classement g\u00e9n\u00e9ral est actuellement l&rsquo;entra\u00eeneur-chef des Browns, Kevin Stefanski.  Son \u00e9quipe a fait face \u00e0 de s\u00e9rieux probl\u00e8mes de quarterback tout au long de la saison et s&rsquo;est tourn\u00e9e vers un joueur de 39 ans qui n&rsquo;avait pas jou\u00e9 de la saison pour venir sauver son \u00e9quipe lors de la 13e semaine, et cela a fonctionn\u00e9.  Cleveland a remport\u00e9 trois matchs de suite pour passer \u00e0 10-5 et a une chance de remporter l&rsquo;AFC Nord si les choses se d\u00e9roulent au cours des deux derni\u00e8res semaines.<\/p>\n<h4>Dan Campbell (+240)<\/h4>\n<p>N&rsquo;\u00e9tant plus le favori mais toujours certainement l&rsquo;un des meilleurs concurrents, l&rsquo;\u00e9quipe de Campbell vient de remporter son premier titre NFC Nord depuis 1993. Les Lions ont une fiche de 11-4 et sont toujours \u00e0 port\u00e9e de la t\u00eate de s\u00e9rie n\u00b01 de la NFC, m\u00eame s&rsquo;ils le feraient. J&rsquo;ai besoin que San Francisco et Philadelphie faiblissent dans la derni\u00e8re ligne droite tout en battant les Cowboys et les Vikings.<\/p>\n<blockquote class=\"twitter-tweet\">\n<p dir=\"ltr\" lang=\"en\">ILS L&rsquo;ONT FAIT\u00a0!<\/p>\n<p>Pour la premi\u00e8re fois depuis 1993, le <a rel=\"nofollow\" href=\"https:\/\/twitter.com\/Lions?ref_src=twsrc%5Etfw\">@Les Lions<\/a> sont des champions de division\u00a0! <a rel=\"nofollow\" href=\"https:\/\/twitter.com\/hashtag\/OnePride?src=hash&amp;ref_src=twsrc%5Etfw\">#UneFiert\u00e9<\/a> <a rel=\"nofollow\" href=\"https:\/\/t.co\/J6JUTJlICr\">pic.twitter.com\/J6JUTJlICr<\/a><\/p>\n<p>\u2013 FOX Sports\u00a0: NFL (@NFLonFOX) <a rel=\"nofollow\" href=\"https:\/\/twitter.com\/NFLonFOX\/status\/1739035248850088131?ref_src=twsrc%5Etfw\">24 d\u00e9cembre 2023<\/a><\/p>\n<\/blockquote>\n<h4>Shane Steichen (+700)<\/h4>\n<p>Les Colts ont \u00e9t\u00e9 l&rsquo;une des plus grandes surprises positives jusqu&rsquo;\u00e0 pr\u00e9sent cette saison de la NFL, et l&rsquo;entra\u00eeneur-chef recrue Shane Steichen a re\u00e7u beaucoup de cr\u00e9dit et d&rsquo;\u00e9loges pour le travail qu&rsquo;il a accompli.  Mais l&rsquo;\u00e9quipe a perdu deux de ses trois derniers matchs et son statut en s\u00e9ries \u00e9liminatoires est remis en question, donc son chef est quelque peu \u00e9loign\u00e9 \u00e0 ce stade.<\/p>\n<h4>DeMeco Ryans (+775)<\/h4>\n<p>Un autre entra\u00eeneur-chef recrue de l&rsquo;AFC Sud dont l&rsquo;\u00e9quipe a d\u00e9pass\u00e9 les attentes, DeMeco Ryans pourrait faire un s\u00e9rieux progr\u00e8s si ses Texans sont capables de remporter leurs deux derniers matchs contre des adversaires de division.  Cherchez-le \u00e0 entrer dans l\u2019une des places en tant que favori si Houston finit par remporter l\u2019AFC Sud.<\/p>\n<h4>Mike McDaniel (+800)<\/h4>\n<p>Les Dolphins ont leurs d\u00e9fauts et McDaniel a fait l&rsquo;objet de quelques appels de jeu douteux, mais si Miami se met \u00e0 pleurer et bat les Cowboys, les Ravens et les Bills pour terminer la saison, alors il sera difficile de nier lui avoir donn\u00e9 le prix de l&rsquo;entra\u00eeneur de l&rsquo;ann\u00e9e NFL.<\/p>\n<\/p><\/div>\n<p><script async src=\"https:\/\/platform.twitter.com\/widgets.js\" charset=\"utf-8\"><\/script><\/p>\n","protected":false},"excerpt":{"rendered":"<p>Dan Campbell est au sommet ou presque du classement en ce qui concerne les chances de remporter le prix de l&rsquo;entra\u00eeneur de l&rsquo;ann\u00e9e de la<\/p>\n","protected":false},"author":1,"featured_media":3114,"comment_status":"closed","ping_status":"","sticky":false,"template":"","format":"standard","meta":{"footnotes":""},"categories":[3],"tags":[1731,931,899,73,2581,2580],"yoast_head":"<!-- This site is optimized with the Yoast SEO plugin v21.0 - https:\/\/yoast.com\/wordpress\/plugins\/seo\/ -->\n<title>Kevin Stefanski remportera-t-il le prix de l&#039;entra\u00eeneur de l&#039;ann\u00e9e ?<\/title>\n<meta name=\"robots\" content=\"index, follow, max-snippet:-1, max-image-preview:large, max-video-preview:-1\" \/>\n<link rel=\"canonical\" href=\"https:\/\/footdavant.fr\/actualites\/kevin-stefanski-remportera-t-il-le-prix-de-lentraineur-de-lannee\/\" \/>\n<meta property=\"og:locale\" content=\"fr_FR\" \/>\n<meta property=\"og:type\" content=\"article\" \/>\n<meta property=\"og:title\" content=\"Kevin Stefanski remportera-t-il le prix de l&#039;entra\u00eeneur de l&#039;ann\u00e9e ?\" \/>\n<meta property=\"og:description\" content=\"Dan Campbell est au sommet ou presque du classement en ce qui concerne les chances de remporter le prix de l&rsquo;entra\u00eeneur de l&rsquo;ann\u00e9e de la\" \/>\n<meta property=\"og:url\" content=\"https:\/\/footdavant.fr\/actualites\/kevin-stefanski-remportera-t-il-le-prix-de-lentraineur-de-lannee\/\" \/>\n<meta property=\"og:site_name\" content=\"Foot d&#039;avant\" \/>\n<meta property=\"article:publisher\" content=\"https:\/\/www.facebook.com\/Footdavant\/\" \/>\n<meta property=\"article:published_time\" content=\"2023-12-27T22:51:59+00:00\" \/>\n<meta property=\"og:image\" content=\"https:\/\/footdavant.fr\/actualites\/wp-content\/uploads\/2023\/12\/Kevin-Stefanski-remportera-t-il-le-prix-de-lentraineur-de-lannee.jpg\" \/>\n\t<meta property=\"og:image:width\" content=\"640\" \/>\n\t<meta property=\"og:image:height\" content=\"427\" \/>\n\t<meta property=\"og:image:type\" content=\"image\/jpeg\" \/>\n<meta name=\"author\" content=\"Cl\u00e9ment\" \/>\n<meta name=\"twitter:card\" content=\"summary_large_image\" \/>\n<meta name=\"twitter:creator\" content=\"@FootdavantFr\" \/>\n<meta name=\"twitter:site\" content=\"@FootdavantFr\" \/>\n<meta name=\"twitter:label1\" content=\"\u00c9crit par\" \/>\n\t<meta name=\"twitter:data1\" content=\"Cl\u00e9ment\" \/>\n\t<meta name=\"twitter:label2\" content=\"Dur\u00e9e de lecture estim\u00e9e\" \/>\n\t<meta name=\"twitter:data2\" content=\"3 minutes\" \/>\n<script type=\"application\/ld+json\" class=\"yoast-schema-graph\">{\"@context\":\"https:\/\/schema.org\",\"@graph\":[{\"@type\":\"Article\",\"@id\":\"https:\/\/footdavant.fr\/actualites\/kevin-stefanski-remportera-t-il-le-prix-de-lentraineur-de-lannee\/#article\",\"isPartOf\":{\"@id\":\"https:\/\/footdavant.fr\/actualites\/kevin-stefanski-remportera-t-il-le-prix-de-lentraineur-de-lannee\/\"},\"author\":{\"name\":\"Cl\u00e9ment\",\"@id\":\"https:\/\/footdavant.fr\/actualites\/#\/schema\/person\/bc222566d95871b37e597b3ed3ba5e1d\"},\"headline\":\"Kevin Stefanski remportera-t-il le prix de l&rsquo;entra\u00eeneur de l&rsquo;ann\u00e9e ?\",\"datePublished\":\"2023-12-27T22:51:59+00:00\",\"dateModified\":\"2023-12-27T22:51:59+00:00\",\"mainEntityOfPage\":{\"@id\":\"https:\/\/footdavant.fr\/actualites\/kevin-stefanski-remportera-t-il-le-prix-de-lentraineur-de-lannee\/\"},\"wordCount\":554,\"publisher\":{\"@id\":\"https:\/\/footdavant.fr\/actualites\/#organization\"},\"keywords\":[\"Kevin\",\"lann\u00e9e\",\"Lentra\u00eeneur\",\"prix\",\"remporteratil\",\"Stefanski\"],\"articleSection\":[\"Football\"],\"inLanguage\":\"fr-FR\"},{\"@type\":\"WebPage\",\"@id\":\"https:\/\/footdavant.fr\/actualites\/kevin-stefanski-remportera-t-il-le-prix-de-lentraineur-de-lannee\/\",\"url\":\"https:\/\/footdavant.fr\/actualites\/kevin-stefanski-remportera-t-il-le-prix-de-lentraineur-de-lannee\/\",\"name\":\"Kevin Stefanski remportera-t-il le prix de l'entra\u00eeneur de l'ann\u00e9e ?\",\"isPartOf\":{\"@id\":\"https:\/\/footdavant.fr\/actualites\/#website\"},\"datePublished\":\"2023-12-27T22:51:59+00:00\",\"dateModified\":\"2023-12-27T22:51:59+00:00\",\"breadcrumb\":{\"@id\":\"https:\/\/footdavant.fr\/actualites\/kevin-stefanski-remportera-t-il-le-prix-de-lentraineur-de-lannee\/#breadcrumb\"},\"inLanguage\":\"fr-FR\",\"potentialAction\":[{\"@type\":\"ReadAction\",\"target\":[\"https:\/\/footdavant.fr\/actualites\/kevin-stefanski-remportera-t-il-le-prix-de-lentraineur-de-lannee\/\"]}]},{\"@type\":\"BreadcrumbList\",\"@id\":\"https:\/\/footdavant.fr\/actualites\/kevin-stefanski-remportera-t-il-le-prix-de-lentraineur-de-lannee\/#breadcrumb\",\"itemListElement\":[{\"@type\":\"ListItem\",\"position\":1,\"name\":\"Accueil\",\"item\":\"https:\/\/footdavant.fr\/actualites\/\"},{\"@type\":\"ListItem\",\"position\":2,\"name\":\"Kevin Stefanski remportera-t-il le prix de l&rsquo;entra\u00eeneur de l&rsquo;ann\u00e9e ?\"}]},{\"@type\":\"WebSite\",\"@id\":\"https:\/\/footdavant.fr\/actualites\/#website\",\"url\":\"https:\/\/footdavant.fr\/actualites\/\",\"name\":\"Foot d'avant\",\"description\":\"\",\"publisher\":{\"@id\":\"https:\/\/footdavant.fr\/actualites\/#organization\"},\"potentialAction\":[{\"@type\":\"SearchAction\",\"target\":{\"@type\":\"EntryPoint\",\"urlTemplate\":\"https:\/\/footdavant.fr\/actualites\/?s={search_term_string}\"},\"query-input\":\"required name=search_term_string\"}],\"inLanguage\":\"fr-FR\"},{\"@type\":\"Organization\",\"@id\":\"https:\/\/footdavant.fr\/actualites\/#organization\",\"name\":\"Foot d'avant\",\"url\":\"https:\/\/footdavant.fr\/actualites\/\",\"logo\":{\"@type\":\"ImageObject\",\"inLanguage\":\"fr-FR\",\"@id\":\"https:\/\/footdavant.fr\/actualites\/#\/schema\/logo\/image\/\",\"url\":\"https:\/\/footdavant.fr\/actualites\/wp-content\/uploads\/2023\/09\/Copy-of-FootDavant-Logo.png\",\"contentUrl\":\"https:\/\/footdavant.fr\/actualites\/wp-content\/uploads\/2023\/09\/Copy-of-FootDavant-Logo.png\",\"width\":936,\"height\":549,\"caption\":\"Foot d'avant\"},\"image\":{\"@id\":\"https:\/\/footdavant.fr\/actualites\/#\/schema\/logo\/image\/\"},\"sameAs\":[\"https:\/\/www.facebook.com\/Footdavant\/\",\"https:\/\/twitter.com\/FootdavantFr\",\"https:\/\/www.instagram.com\/footdavant.fr\/\"]},{\"@type\":\"Person\",\"@id\":\"https:\/\/footdavant.fr\/actualites\/#\/schema\/person\/bc222566d95871b37e597b3ed3ba5e1d\",\"name\":\"Cl\u00e9ment\",\"image\":{\"@type\":\"ImageObject\",\"inLanguage\":\"fr-FR\",\"@id\":\"https:\/\/footdavant.fr\/actualites\/#\/schema\/person\/image\/\",\"url\":\"https:\/\/secure.gravatar.com\/avatar\/7728b29aac2719421e1a9159b2254c44?s=96&d=mm&r=g\",\"contentUrl\":\"https:\/\/secure.gravatar.com\/avatar\/7728b29aac2719421e1a9159b2254c44?s=96&d=mm&r=g\",\"caption\":\"Cl\u00e9ment\"},\"sameAs\":[\"https:\/\/footdavant.fr\/\"]}]}<\/script>\n<!-- \/ Yoast SEO plugin. -->","yoast_head_json":{"title":"Kevin Stefanski remportera-t-il le prix de l'entra\u00eeneur de l'ann\u00e9e ?","robots":{"index":"index","follow":"follow","max-snippet":"max-snippet:-1","max-image-preview":"max-image-preview:large","max-video-preview":"max-video-preview:-1"},"canonical":"https:\/\/footdavant.fr\/actualites\/kevin-stefanski-remportera-t-il-le-prix-de-lentraineur-de-lannee\/","og_locale":"fr_FR","og_type":"article","og_title":"Kevin Stefanski remportera-t-il le prix de l'entra\u00eeneur de l'ann\u00e9e ?","og_description":"Dan Campbell est au sommet ou presque du classement en ce qui concerne les chances de remporter le prix de l&rsquo;entra\u00eeneur de l&rsquo;ann\u00e9e de la","og_url":"https:\/\/footdavant.fr\/actualites\/kevin-stefanski-remportera-t-il-le-prix-de-lentraineur-de-lannee\/","og_site_name":"Foot d&#039;avant","article_publisher":"https:\/\/www.facebook.com\/Footdavant\/","article_published_time":"2023-12-27T22:51:59+00:00","og_image":[{"width":640,"height":427,"url":"https:\/\/footdavant.fr\/actualites\/wp-content\/uploads\/2023\/12\/Kevin-Stefanski-remportera-t-il-le-prix-de-lentraineur-de-lannee.jpg","type":"image\/jpeg"}],"author":"Cl\u00e9ment","twitter_card":"summary_large_image","twitter_creator":"@FootdavantFr","twitter_site":"@FootdavantFr","twitter_misc":{"\u00c9crit par":"Cl\u00e9ment","Dur\u00e9e de lecture estim\u00e9e":"3 minutes"},"schema":{"@context":"https:\/\/schema.org","@graph":[{"@type":"Article","@id":"https:\/\/footdavant.fr\/actualites\/kevin-stefanski-remportera-t-il-le-prix-de-lentraineur-de-lannee\/#article","isPartOf":{"@id":"https:\/\/footdavant.fr\/actualites\/kevin-stefanski-remportera-t-il-le-prix-de-lentraineur-de-lannee\/"},"author":{"name":"Cl\u00e9ment","@id":"https:\/\/footdavant.fr\/actualites\/#\/schema\/person\/bc222566d95871b37e597b3ed3ba5e1d"},"headline":"Kevin Stefanski remportera-t-il le prix de l&rsquo;entra\u00eeneur de l&rsquo;ann\u00e9e ?","datePublished":"2023-12-27T22:51:59+00:00","dateModified":"2023-12-27T22:51:59+00:00","mainEntityOfPage":{"@id":"https:\/\/footdavant.fr\/actualites\/kevin-stefanski-remportera-t-il-le-prix-de-lentraineur-de-lannee\/"},"wordCount":554,"publisher":{"@id":"https:\/\/footdavant.fr\/actualites\/#organization"},"keywords":["Kevin","lann\u00e9e","Lentra\u00eeneur","prix","remporteratil","Stefanski"],"articleSection":["Football"],"inLanguage":"fr-FR"},{"@type":"WebPage","@id":"https:\/\/footdavant.fr\/actualites\/kevin-stefanski-remportera-t-il-le-prix-de-lentraineur-de-lannee\/","url":"https:\/\/footdavant.fr\/actualites\/kevin-stefanski-remportera-t-il-le-prix-de-lentraineur-de-lannee\/","name":"Kevin Stefanski remportera-t-il le prix de l'entra\u00eeneur de l'ann\u00e9e ?","isPartOf":{"@id":"https:\/\/footdavant.fr\/actualites\/#website"},"datePublished":"2023-12-27T22:51:59+00:00","dateModified":"2023-12-27T22:51:59+00:00","breadcrumb":{"@id":"https:\/\/footdavant.fr\/actualites\/kevin-stefanski-remportera-t-il-le-prix-de-lentraineur-de-lannee\/#breadcrumb"},"inLanguage":"fr-FR","potentialAction":[{"@type":"ReadAction","target":["https:\/\/footdavant.fr\/actualites\/kevin-stefanski-remportera-t-il-le-prix-de-lentraineur-de-lannee\/"]}]},{"@type":"BreadcrumbList","@id":"https:\/\/footdavant.fr\/actualites\/kevin-stefanski-remportera-t-il-le-prix-de-lentraineur-de-lannee\/#breadcrumb","itemListElement":[{"@type":"ListItem","position":1,"name":"Accueil","item":"https:\/\/footdavant.fr\/actualites\/"},{"@type":"ListItem","position":2,"name":"Kevin Stefanski remportera-t-il le prix de l&rsquo;entra\u00eeneur de l&rsquo;ann\u00e9e ?"}]},{"@type":"WebSite","@id":"https:\/\/footdavant.fr\/actualites\/#website","url":"https:\/\/footdavant.fr\/actualites\/","name":"Foot d'avant","description":"","publisher":{"@id":"https:\/\/footdavant.fr\/actualites\/#organization"},"potentialAction":[{"@type":"SearchAction","target":{"@type":"EntryPoint","urlTemplate":"https:\/\/footdavant.fr\/actualites\/?s={search_term_string}"},"query-input":"required name=search_term_string"}],"inLanguage":"fr-FR"},{"@type":"Organization","@id":"https:\/\/footdavant.fr\/actualites\/#organization","name":"Foot d'avant","url":"https:\/\/footdavant.fr\/actualites\/","logo":{"@type":"ImageObject","inLanguage":"fr-FR","@id":"https:\/\/footdavant.fr\/actualites\/#\/schema\/logo\/image\/","url":"https:\/\/footdavant.fr\/actualites\/wp-content\/uploads\/2023\/09\/Copy-of-FootDavant-Logo.png","contentUrl":"https:\/\/footdavant.fr\/actualites\/wp-content\/uploads\/2023\/09\/Copy-of-FootDavant-Logo.png","width":936,"height":549,"caption":"Foot d'avant"},"image":{"@id":"https:\/\/footdavant.fr\/actualites\/#\/schema\/logo\/image\/"},"sameAs":["https:\/\/www.facebook.com\/Footdavant\/","https:\/\/twitter.com\/FootdavantFr","https:\/\/www.instagram.com\/footdavant.fr\/"]},{"@type":"Person","@id":"https:\/\/footdavant.fr\/actualites\/#\/schema\/person\/bc222566d95871b37e597b3ed3ba5e1d","name":"Cl\u00e9ment","image":{"@type":"ImageObject","inLanguage":"fr-FR","@id":"https:\/\/footdavant.fr\/actualites\/#\/schema\/person\/image\/","url":"https:\/\/secure.gravatar.com\/avatar\/7728b29aac2719421e1a9159b2254c44?s=96&d=mm&r=g","contentUrl":"https:\/\/secure.gravatar.com\/avatar\/7728b29aac2719421e1a9159b2254c44?s=96&d=mm&r=g","caption":"Cl\u00e9ment"},"sameAs":["https:\/\/footdavant.fr\/"]}]}},"_links":{"self":[{"href":"https:\/\/footdavant.fr\/actualites\/wp-json\/wp\/v2\/posts\/3113"}],"collection":[{"href":"https:\/\/footdavant.fr\/actualites\/wp-json\/wp\/v2\/posts"}],"about":[{"href":"https:\/\/footdavant.fr\/actualites\/wp-json\/wp\/v2\/types\/post"}],"author":[{"embeddable":true,"href":"https:\/\/footdavant.fr\/actualites\/wp-json\/wp\/v2\/users\/1"}],"replies":[{"embeddable":true,"href":"https:\/\/footdavant.fr\/actualites\/wp-json\/wp\/v2\/comments?post=3113"}],"version-history":[{"count":1,"href":"https:\/\/footdavant.fr\/actualites\/wp-json\/wp\/v2\/posts\/3113\/revisions"}],"predecessor-version":[{"id":3115,"href":"https:\/\/footdavant.fr\/actualites\/wp-json\/wp\/v2\/posts\/3113\/revisions\/3115"}],"wp:featuredmedia":[{"embeddable":true,"href":"https:\/\/footdavant.fr\/actualites\/wp-json\/wp\/v2\/media\/3114"}],"wp:attachment":[{"href":"https:\/\/footdavant.fr\/actualites\/wp-json\/wp\/v2\/media?parent=3113"}],"wp:term":[{"taxonomy":"category","embeddable":true,"href":"https:\/\/footdavant.fr\/actualites\/wp-json\/wp\/v2\/categories?post=3113"},{"taxonomy":"post_tag","embeddable":true,"href":"https:\/\/footdavant.fr\/actualites\/wp-json\/wp\/v2\/tags?post=3113"}],"curies":[{"name":"wp","href":"https:\/\/api.w.org\/{rel}","templated":true}]}}