{"id":3116,"date":"2023-12-28T01:55:32","date_gmt":"2023-12-28T00:55:32","guid":{"rendered":"https:\/\/footdavant.fr\/actualites\/nouvelles-de-lequipe-de-liverpool-blessure-liste-de-suspension-contre-burnley\/"},"modified":"2023-12-28T01:55:33","modified_gmt":"2023-12-28T00:55:33","slug":"nouvelles-de-lequipe-de-liverpool-blessure-liste-de-suspension-contre-burnley","status":"publish","type":"post","link":"https:\/\/footdavant.fr\/actualites\/nouvelles-de-lequipe-de-liverpool-blessure-liste-de-suspension-contre-burnley\/","title":{"rendered":"Nouvelles de l\u2019\u00e9quipe de Liverpool : Blessure, liste de suspension contre Burnley"},"content":{"rendered":"<p>Sports Mole rassemble toutes les derni\u00e8res nouvelles sur les blessures et les suspensions de Liverpool avant leur bataille du Boxing Day en Premier League avec Burnley.<\/p>\n<div id=\"article_body\" itemprop=\"articleBody\">\n<p class=\"firstPara\">Ayant rat\u00e9 l&rsquo;occasion de passer le jour de No\u00ebl au sommet du classement de la Premier League, <strong class=\"autotag\">Liverpool<\/strong> chercher \u00e0 d\u00e9tr\u00f4ner Arsenal quand ils affronteront <strong class=\"autotag\">Burnley<\/strong> \u00e0 Turf Moor le lendemain de No\u00ebl.<\/p>\n<p>Les Reds ont jou\u00e9 un match nul exaltant 1-1 contre les Gunners samedi soir, o\u00f9 un <strong class=\"autotag\">Gabriel Magalhaes<\/strong> l&rsquo;en-t\u00eate a \u00e9t\u00e9 annul\u00e9 par <strong class=\"autotag\">Mohamed Salah<\/strong>La f\u00e9roce frappe proche du poteau.<\/p>\n<p>Un point suffisait \u00e0 Liverpool pour remonter \u00e0 la deuxi\u00e8me place devant Aston Villa, mais uniquement \u00e0 la diff\u00e9rence de buts, et une victoire \u00e0 Turf Moor pourrait les propulser en t\u00eate du classement pendant quelques jours avant qu&rsquo;Arsenal n&rsquo;accueille West Ham United jeudi.<\/p>\n<p>Ici, <strong>Taupe de sport<\/strong> r\u00e9sume les derni\u00e8res nouvelles sur les blessures et les suspensions de Liverpool avant leur affrontement avec les Clarets, qui ont coul\u00e9 Fulham 2-0 dans la capitale la derni\u00e8re fois.<\/p>\n<hr>\n<p class=\"imgI\">\n<p><strong>Statut:<\/strong> Dehors<br \/><strong>Type de blessure :<\/strong> Clavicule<br \/><strong>Date de retour possible :<\/strong> Inconnu<\/p>\n<p>En raison de la perte d&rsquo;un combat sur la ligne de touche contre Arsenal <strong class=\"autotag\">Bukayo Saka<\/strong> Samedi, Kostas Tsimikas a \u00e9t\u00e9 envoy\u00e9 d\u00e9gringoler dans la zone technique de Liverpool, o\u00f9 il a \u00e9limin\u00e9 <strong class=\"autotag\">J\u00fcrgen Klopp<\/strong>.  Le patron de Liverpool est sorti indemne, mais il a confirm\u00e9 que Tsimikas avait subi une fracture de la clavicule lors de l&rsquo;incident, ce qui l&rsquo;exclura pendant une longue p\u00e9riode.<\/p>\n<hr>\n<p class=\"imgI\"><img decoding=\"async\" loading=\"lazy\" class=\"l\" src=\"https:\/\/footdavant.fr\/actualites\/wp-content\/uploads\/2023\/12\/1703724932_546_Nouvelles-de-lequipe-de-Liverpool-Blessure-liste-de-suspension.jpg\" title=\"Luis Diaz de Liverpool c\u00e9l\u00e8bre son premier but le 30 novembre 2023\" alt=\"Luis Diaz de Liverpool c\u00e9l\u00e8bre son premier but le 30 novembre 2023\" width=\"640\" height=\"480\"><\/p>\n<p><strong>Statut:<\/strong> Petit doute<br \/><strong>Type de blessure :<\/strong> Genou<br \/><strong>Date de retour possible :<\/strong> 26 d\u00e9cembre (contre Burnley)<\/p>\n<p>Suite au retrait de Tsimikas, Luis Diaz est sorti en seconde p\u00e9riode contre les Gunners en raison d&rsquo;un coup au genou, mais il a minimis\u00e9 son inqui\u00e9tude apr\u00e8s le match et devrait pouvoir affronter les Toffees.<\/p>\n<hr>\n<p class=\"imgI\"><img decoding=\"async\" loading=\"lazy\" class=\"l\" src=\"https:\/\/footdavant.fr\/actualites\/wp-content\/uploads\/2023\/12\/1703724932_717_Nouvelles-de-lequipe-de-Liverpool-Blessure-liste-de-suspension.jpg\" title=\"Ben Doak de Liverpool photographi\u00e9 en juillet 2023\" alt=\"Ben Doak de Liverpool photographi\u00e9 en juillet 2023\" width=\"640\" height=\"480\"><\/p>\n<p><strong>Statut:<\/strong> Dehors<br \/><strong>Type de blessure :<\/strong> Genou<br \/><strong>Date de retour possible :<\/strong> Inconnu<\/p>\n<p>La starlette \u00e9cossaise Ben Doak a contract\u00e9 un grave probl\u00e8me au genou alors qu&rsquo;il jouait pour les moins de 21 ans des Reds plus t\u00f4t ce mois-ci, et l&rsquo;ailier est \u00e9galement absent dans un avenir pr\u00e9visible.<\/p>\n<hr>\n<p class=\"imgI\"><img decoding=\"async\" loading=\"lazy\" class=\"l\" src=\"https:\/\/footdavant.fr\/actualites\/wp-content\/uploads\/2023\/12\/1703724932_192_Nouvelles-de-lequipe-de-Liverpool-Blessure-liste-de-suspension.jpg\" title=\"Alexis Mac Allister de Liverpool quitte le terrain pour \u00eatre remplac\u00e9 apr\u00e8s avoir \u00e9t\u00e9 bless\u00e9 le 6 d\u00e9cembre 2023\" alt=\"Alexis Mac Allister de Liverpool quitte le terrain pour \u00eatre remplac\u00e9 apr\u00e8s avoir \u00e9t\u00e9 bless\u00e9 le 6 d\u00e9cembre 2023\" width=\"640\" height=\"480\"><\/p>\n<p><strong>Statut:<\/strong> Dehors<br \/><strong>Type de blessure :<\/strong> Genou<br \/><strong>Date de retour possible :<\/strong> 1er janvier (contre Newcastle United)<\/p>\n<p>Alexis Mac Allister se remet lentement de la douloureuse blessure au genou qu&rsquo;il a contract\u00e9e contre Sheffield United le 6 d\u00e9cembre, mais il ne devrait pas \u00eatre de retour en \u00e9quipe premi\u00e8re avant la nouvelle ann\u00e9e.<\/p>\n<hr>\n<p class=\"imgI\"><img decoding=\"async\" loading=\"lazy\" class=\"l\" src=\"https:\/\/footdavant.fr\/actualites\/wp-content\/uploads\/2023\/12\/1703724932_717_Nouvelles-de-lequipe-de-Liverpool-Blessure-liste-de-suspension.jpg\" title=\"Joel Matip de Liverpool re\u00e7oit des soins m\u00e9dicaux apr\u00e8s s'\u00eatre bless\u00e9 le 3 d\u00e9cembre 2023\" alt=\"Joel Matip de Liverpool re\u00e7oit des soins m\u00e9dicaux apr\u00e8s s'\u00eatre bless\u00e9 le 3 d\u00e9cembre 2023\" width=\"640\" height=\"480\"><\/p>\n<p><strong>Statut:<\/strong> Dehors<br \/><strong>Type de blessure :<\/strong> Genou<br \/><strong>Date de retour possible :<\/strong> Inconnu<\/p>\n<p>Joel Matip sera \u00e9galement de retour en 2024, mais pas avant beaucoup plus tard dans l&rsquo;ann\u00e9e, car le d\u00e9fenseur central camerounais s&rsquo;est rompu le ligament crois\u00e9 ant\u00e9rieur lors de la victoire 4-3 de Liverpool contre Fulham le 3 d\u00e9cembre.<\/p>\n<hr>\n<p class=\"imgI\"><img decoding=\"async\" loading=\"lazy\" class=\"l\" src=\"https:\/\/footdavant.fr\/actualites\/wp-content\/uploads\/2023\/12\/1703724932_463_Nouvelles-de-lequipe-de-Liverpool-Blessure-liste-de-suspension.jpg\" title=\"Diogo Jota de Liverpool s'\u00e9chauffe en ao\u00fbt 2023\" alt=\"Diogo Jota de Liverpool s'\u00e9chauffe en ao\u00fbt 2023\" width=\"640\" height=\"480\"><\/p>\n<p><strong>Statut:<\/strong> Dehors<br \/><strong>Type de blessure :<\/strong> Muscl\u00e9<br \/><strong>Date de retour possible :<\/strong> 1er janvier (contre Newcastle United)<\/p>\n<p>On esp\u00e9rait que Diogo Jota aurait pu revenir de son probl\u00e8me musculaire \u00e0 temps pour le d\u00e9placement \u00e0 Turf Moor, mais l&rsquo;attaquant portugais n&rsquo;est pas tout \u00e0 fait pr\u00eat \u00e0 faire son retour, ce qui devrait maintenant se produire \u00e0 un moment donn\u00e9 dans le Nouveau Ann\u00e9e.<\/p>\n<hr>\n<p class=\"imgI\"><img decoding=\"async\" loading=\"lazy\" class=\"l\" src=\"https:\/\/footdavant.fr\/actualites\/wp-content\/uploads\/2023\/12\/1703724932_864_Nouvelles-de-lequipe-de-Liverpool-Blessure-liste-de-suspension.jpg\" title=\"Andy Robertson, de l'\u00c9cosse, quitte le terrain apr\u00e8s s'\u00eatre bless\u00e9, le 12 octobre 2023.\" alt=\"Andy Robertson, de l'\u00c9cosse, quitte le terrain apr\u00e8s s'\u00eatre bless\u00e9, le 12 octobre 2023.\" width=\"640\" height=\"480\"><\/p>\n<p><strong>Statut:<\/strong> Dehors<br \/><strong>Type de blessure :<\/strong> \u00c9paule<br \/><strong>Date de retour possible :<\/strong> 21 janvier (contre Bournemouth)<\/p>\n<p>Le probl\u00e8me de Tsimikas laisse Liverpool sans arri\u00e8re gauche senior alors qu&rsquo;Andrew Robertson se remet \u00e9galement d&rsquo;une op\u00e9ration \u00e0 l&rsquo;\u00e9paule, ce qui exclura l&rsquo;international \u00e9cossais jusqu&rsquo;\u00e0 un moment donn\u00e9 au cours de la nouvelle ann\u00e9e.<\/p>\n<hr>\n<p class=\"imgI\"><img decoding=\"async\" loading=\"lazy\" class=\"l\" src=\"https:\/\/footdavant.fr\/actualites\/wp-content\/uploads\/2023\/12\/1703724932_766_Nouvelles-de-lequipe-de-Liverpool-Blessure-liste-de-suspension.jpg\" title=\"Thiago Alcantara de Liverpool s'\u00e9chauffe le 22 avril 2023\" alt=\"Thiago Alcantara de Liverpool s'\u00e9chauffe le 22 avril 2023\" width=\"640\" height=\"480\"><\/p>\n<p><strong>Statut:<\/strong> Dehors<br \/><strong>Type de blessure :<\/strong> Hanche<br \/><strong>Date de retour possible :<\/strong> 21 janvier (contre Bournemouth)<\/p>\n<p>Thiago Alcantara est sous les soins des m\u00e9decins depuis qu&rsquo;il a subi une grave blessure \u00e0 la hanche en avril, et l&rsquo;Espagnol ne devrait pas revenir en comp\u00e9tition avant au moins quelques semaines, apr\u00e8s avoir vu son retour retard\u00e9 par quelques revers.<\/p>\n<hr>\n<p class=\"imgI\"><img decoding=\"async\" loading=\"lazy\" class=\"l\" src=\"https:\/\/footdavant.fr\/actualites\/wp-content\/uploads\/2023\/12\/1703724932_392_Nouvelles-de-lequipe-de-Liverpool-Blessure-liste-de-suspension.jpg\" title=\"Stefan Bajcetic s'\u00e9chauffe pour Liverpool le 21 janvier 2023\" alt=\"Stefan Bajcetic s'\u00e9chauffe pour Liverpool le 21 janvier 2023\" width=\"640\" height=\"480\"><\/p>\n<p><strong>Statut:<\/strong> Dehors<br \/><strong>Type de blessure :<\/strong> Veau<br \/><strong>Date de retour possible :<\/strong> Inconnu<\/p>\n<p>Stefan Bajcetic s&rsquo;est compl\u00e8tement remis d&rsquo;une blessure aux adducteurs avant de r\u00e9int\u00e9grer le service m\u00e9dical avec un probl\u00e8me au mollet, et Liverpool n&rsquo;a pas fix\u00e9 de d\u00e9lai pour la p\u00e9riode de r\u00e9cup\u00e9ration du milieu de terrain.<\/p>\n<hr>\n<p><strong><\/p>\n<h2>LISTE DES SUSPENSIONS DE LIVERPOOL<\/h2>\n<p><\/strong><\/p>\n<p>Liverpool n\u2019a aucun joueur suspendu pour ce match.<\/p>\n<\/div>\n","protected":false},"excerpt":{"rendered":"<p>Sports Mole rassemble toutes les derni\u00e8res nouvelles sur les blessures et les suspensions de Liverpool avant leur bataille du Boxing Day en Premier League avec<\/p>\n","protected":false},"author":1,"featured_media":3117,"comment_status":"closed","ping_status":"","sticky":false,"template":"","format":"standard","meta":{"footnotes":""},"categories":[5],"tags":[15,541,20,9,17,53,461,18],"yoast_head":"<!-- This site is optimized with the Yoast SEO plugin v21.0 - https:\/\/yoast.com\/wordpress\/plugins\/seo\/ -->\n<title>Nouvelles de l\u2019\u00e9quipe de Liverpool : Blessure, liste de suspension contre Burnley<\/title>\n<meta name=\"robots\" content=\"index, follow, max-snippet:-1, max-image-preview:large, max-video-preview:-1\" \/>\n<link rel=\"canonical\" href=\"https:\/\/footdavant.fr\/actualites\/nouvelles-de-lequipe-de-liverpool-blessure-liste-de-suspension-contre-burnley\/\" \/>\n<meta property=\"og:locale\" content=\"fr_FR\" \/>\n<meta property=\"og:type\" content=\"article\" \/>\n<meta property=\"og:title\" content=\"Nouvelles de l\u2019\u00e9quipe de Liverpool : Blessure, liste de suspension contre Burnley\" \/>\n<meta property=\"og:description\" content=\"Sports Mole rassemble toutes les derni\u00e8res nouvelles sur les blessures et les suspensions de Liverpool avant leur bataille du Boxing Day en Premier League avec\" \/>\n<meta property=\"og:url\" content=\"https:\/\/footdavant.fr\/actualites\/nouvelles-de-lequipe-de-liverpool-blessure-liste-de-suspension-contre-burnley\/\" \/>\n<meta property=\"og:site_name\" content=\"Foot d&#039;avant\" \/>\n<meta property=\"article:publisher\" content=\"https:\/\/www.facebook.com\/Footdavant\/\" \/>\n<meta property=\"article:published_time\" content=\"2023-12-28T00:55:32+00:00\" \/>\n<meta property=\"article:modified_time\" content=\"2023-12-28T00:55:33+00:00\" \/>\n<meta property=\"og:image\" content=\"https:\/\/footdavant.fr\/actualites\/wp-content\/uploads\/2023\/12\/1703724933_Nouvelles-de-lequipe-de-Liverpool-Blessure-liste-de-suspension.JPG\" \/>\n\t<meta property=\"og:image:width\" content=\"640\" \/>\n\t<meta property=\"og:image:height\" content=\"480\" \/>\n\t<meta property=\"og:image:type\" content=\"image\/jpeg\" \/>\n<meta name=\"author\" content=\"Cl\u00e9ment\" \/>\n<meta name=\"twitter:card\" content=\"summary_large_image\" \/>\n<meta name=\"twitter:creator\" content=\"@FootdavantFr\" \/>\n<meta name=\"twitter:site\" content=\"@FootdavantFr\" \/>\n<meta name=\"twitter:label1\" content=\"\u00c9crit par\" \/>\n\t<meta name=\"twitter:data1\" content=\"Cl\u00e9ment\" \/>\n\t<meta name=\"twitter:label2\" content=\"Dur\u00e9e de lecture estim\u00e9e\" \/>\n\t<meta name=\"twitter:data2\" content=\"3 minutes\" \/>\n<script type=\"application\/ld+json\" class=\"yoast-schema-graph\">{\"@context\":\"https:\/\/schema.org\",\"@graph\":[{\"@type\":\"Article\",\"@id\":\"https:\/\/footdavant.fr\/actualites\/nouvelles-de-lequipe-de-liverpool-blessure-liste-de-suspension-contre-burnley\/#article\",\"isPartOf\":{\"@id\":\"https:\/\/footdavant.fr\/actualites\/nouvelles-de-lequipe-de-liverpool-blessure-liste-de-suspension-contre-burnley\/\"},\"author\":{\"name\":\"Cl\u00e9ment\",\"@id\":\"https:\/\/footdavant.fr\/actualites\/#\/schema\/person\/bc222566d95871b37e597b3ed3ba5e1d\"},\"headline\":\"Nouvelles de l\u2019\u00e9quipe de Liverpool : Blessure, liste de suspension contre Burnley\",\"datePublished\":\"2023-12-28T00:55:32+00:00\",\"dateModified\":\"2023-12-28T00:55:33+00:00\",\"mainEntityOfPage\":{\"@id\":\"https:\/\/footdavant.fr\/actualites\/nouvelles-de-lequipe-de-liverpool-blessure-liste-de-suspension-contre-burnley\/\"},\"wordCount\":714,\"publisher\":{\"@id\":\"https:\/\/footdavant.fr\/actualites\/#organization\"},\"keywords\":[\"Blessure\",\"Burnley\",\"contre\",\"l\u00e9quipe\",\"liste\",\"Liverpool\",\"Nouvelles\",\"suspension\"],\"articleSection\":[\"Premier League\"],\"inLanguage\":\"fr-FR\"},{\"@type\":\"WebPage\",\"@id\":\"https:\/\/footdavant.fr\/actualites\/nouvelles-de-lequipe-de-liverpool-blessure-liste-de-suspension-contre-burnley\/\",\"url\":\"https:\/\/footdavant.fr\/actualites\/nouvelles-de-lequipe-de-liverpool-blessure-liste-de-suspension-contre-burnley\/\",\"name\":\"Nouvelles de l\u2019\u00e9quipe de Liverpool : Blessure, liste de suspension contre Burnley\",\"isPartOf\":{\"@id\":\"https:\/\/footdavant.fr\/actualites\/#website\"},\"datePublished\":\"2023-12-28T00:55:32+00:00\",\"dateModified\":\"2023-12-28T00:55:33+00:00\",\"breadcrumb\":{\"@id\":\"https:\/\/footdavant.fr\/actualites\/nouvelles-de-lequipe-de-liverpool-blessure-liste-de-suspension-contre-burnley\/#breadcrumb\"},\"inLanguage\":\"fr-FR\",\"potentialAction\":[{\"@type\":\"ReadAction\",\"target\":[\"https:\/\/footdavant.fr\/actualites\/nouvelles-de-lequipe-de-liverpool-blessure-liste-de-suspension-contre-burnley\/\"]}]},{\"@type\":\"BreadcrumbList\",\"@id\":\"https:\/\/footdavant.fr\/actualites\/nouvelles-de-lequipe-de-liverpool-blessure-liste-de-suspension-contre-burnley\/#breadcrumb\",\"itemListElement\":[{\"@type\":\"ListItem\",\"position\":1,\"name\":\"Accueil\",\"item\":\"https:\/\/footdavant.fr\/actualites\/\"},{\"@type\":\"ListItem\",\"position\":2,\"name\":\"Nouvelles de l\u2019\u00e9quipe de Liverpool : Blessure, liste de suspension contre Burnley\"}]},{\"@type\":\"WebSite\",\"@id\":\"https:\/\/footdavant.fr\/actualites\/#website\",\"url\":\"https:\/\/footdavant.fr\/actualites\/\",\"name\":\"Foot d'avant\",\"description\":\"\",\"publisher\":{\"@id\":\"https:\/\/footdavant.fr\/actualites\/#organization\"},\"potentialAction\":[{\"@type\":\"SearchAction\",\"target\":{\"@type\":\"EntryPoint\",\"urlTemplate\":\"https:\/\/footdavant.fr\/actualites\/?s={search_term_string}\"},\"query-input\":\"required name=search_term_string\"}],\"inLanguage\":\"fr-FR\"},{\"@type\":\"Organization\",\"@id\":\"https:\/\/footdavant.fr\/actualites\/#organization\",\"name\":\"Foot d'avant\",\"url\":\"https:\/\/footdavant.fr\/actualites\/\",\"logo\":{\"@type\":\"ImageObject\",\"inLanguage\":\"fr-FR\",\"@id\":\"https:\/\/footdavant.fr\/actualites\/#\/schema\/logo\/image\/\",\"url\":\"https:\/\/footdavant.fr\/actualites\/wp-content\/uploads\/2023\/09\/Copy-of-FootDavant-Logo.png\",\"contentUrl\":\"https:\/\/footdavant.fr\/actualites\/wp-content\/uploads\/2023\/09\/Copy-of-FootDavant-Logo.png\",\"width\":936,\"height\":549,\"caption\":\"Foot d'avant\"},\"image\":{\"@id\":\"https:\/\/footdavant.fr\/actualites\/#\/schema\/logo\/image\/\"},\"sameAs\":[\"https:\/\/www.facebook.com\/Footdavant\/\",\"https:\/\/twitter.com\/FootdavantFr\",\"https:\/\/www.instagram.com\/footdavant.fr\/\"]},{\"@type\":\"Person\",\"@id\":\"https:\/\/footdavant.fr\/actualites\/#\/schema\/person\/bc222566d95871b37e597b3ed3ba5e1d\",\"name\":\"Cl\u00e9ment\",\"image\":{\"@type\":\"ImageObject\",\"inLanguage\":\"fr-FR\",\"@id\":\"https:\/\/footdavant.fr\/actualites\/#\/schema\/person\/image\/\",\"url\":\"https:\/\/secure.gravatar.com\/avatar\/7728b29aac2719421e1a9159b2254c44?s=96&d=mm&r=g\",\"contentUrl\":\"https:\/\/secure.gravatar.com\/avatar\/7728b29aac2719421e1a9159b2254c44?s=96&d=mm&r=g\",\"caption\":\"Cl\u00e9ment\"},\"sameAs\":[\"https:\/\/footdavant.fr\/\"]}]}<\/script>\n<!-- \/ Yoast SEO plugin. -->","yoast_head_json":{"title":"Nouvelles de l\u2019\u00e9quipe de Liverpool : Blessure, liste de suspension contre Burnley","robots":{"index":"index","follow":"follow","max-snippet":"max-snippet:-1","max-image-preview":"max-image-preview:large","max-video-preview":"max-video-preview:-1"},"canonical":"https:\/\/footdavant.fr\/actualites\/nouvelles-de-lequipe-de-liverpool-blessure-liste-de-suspension-contre-burnley\/","og_locale":"fr_FR","og_type":"article","og_title":"Nouvelles de l\u2019\u00e9quipe de Liverpool : Blessure, liste de suspension contre Burnley","og_description":"Sports Mole rassemble toutes les derni\u00e8res nouvelles sur les blessures et les suspensions de Liverpool avant leur bataille du Boxing Day en Premier League avec","og_url":"https:\/\/footdavant.fr\/actualites\/nouvelles-de-lequipe-de-liverpool-blessure-liste-de-suspension-contre-burnley\/","og_site_name":"Foot d&#039;avant","article_publisher":"https:\/\/www.facebook.com\/Footdavant\/","article_published_time":"2023-12-28T00:55:32+00:00","article_modified_time":"2023-12-28T00:55:33+00:00","og_image":[{"width":640,"height":480,"url":"https:\/\/footdavant.fr\/actualites\/wp-content\/uploads\/2023\/12\/1703724933_Nouvelles-de-lequipe-de-Liverpool-Blessure-liste-de-suspension.JPG","type":"image\/jpeg"}],"author":"Cl\u00e9ment","twitter_card":"summary_large_image","twitter_creator":"@FootdavantFr","twitter_site":"@FootdavantFr","twitter_misc":{"\u00c9crit par":"Cl\u00e9ment","Dur\u00e9e de lecture estim\u00e9e":"3 minutes"},"schema":{"@context":"https:\/\/schema.org","@graph":[{"@type":"Article","@id":"https:\/\/footdavant.fr\/actualites\/nouvelles-de-lequipe-de-liverpool-blessure-liste-de-suspension-contre-burnley\/#article","isPartOf":{"@id":"https:\/\/footdavant.fr\/actualites\/nouvelles-de-lequipe-de-liverpool-blessure-liste-de-suspension-contre-burnley\/"},"author":{"name":"Cl\u00e9ment","@id":"https:\/\/footdavant.fr\/actualites\/#\/schema\/person\/bc222566d95871b37e597b3ed3ba5e1d"},"headline":"Nouvelles de l\u2019\u00e9quipe de Liverpool : Blessure, liste de suspension contre Burnley","datePublished":"2023-12-28T00:55:32+00:00","dateModified":"2023-12-28T00:55:33+00:00","mainEntityOfPage":{"@id":"https:\/\/footdavant.fr\/actualites\/nouvelles-de-lequipe-de-liverpool-blessure-liste-de-suspension-contre-burnley\/"},"wordCount":714,"publisher":{"@id":"https:\/\/footdavant.fr\/actualites\/#organization"},"keywords":["Blessure","Burnley","contre","l\u00e9quipe","liste","Liverpool","Nouvelles","suspension"],"articleSection":["Premier League"],"inLanguage":"fr-FR"},{"@type":"WebPage","@id":"https:\/\/footdavant.fr\/actualites\/nouvelles-de-lequipe-de-liverpool-blessure-liste-de-suspension-contre-burnley\/","url":"https:\/\/footdavant.fr\/actualites\/nouvelles-de-lequipe-de-liverpool-blessure-liste-de-suspension-contre-burnley\/","name":"Nouvelles de l\u2019\u00e9quipe de Liverpool : Blessure, liste de suspension contre Burnley","isPartOf":{"@id":"https:\/\/footdavant.fr\/actualites\/#website"},"datePublished":"2023-12-28T00:55:32+00:00","dateModified":"2023-12-28T00:55:33+00:00","breadcrumb":{"@id":"https:\/\/footdavant.fr\/actualites\/nouvelles-de-lequipe-de-liverpool-blessure-liste-de-suspension-contre-burnley\/#breadcrumb"},"inLanguage":"fr-FR","potentialAction":[{"@type":"ReadAction","target":["https:\/\/footdavant.fr\/actualites\/nouvelles-de-lequipe-de-liverpool-blessure-liste-de-suspension-contre-burnley\/"]}]},{"@type":"BreadcrumbList","@id":"https:\/\/footdavant.fr\/actualites\/nouvelles-de-lequipe-de-liverpool-blessure-liste-de-suspension-contre-burnley\/#breadcrumb","itemListElement":[{"@type":"ListItem","position":1,"name":"Accueil","item":"https:\/\/footdavant.fr\/actualites\/"},{"@type":"ListItem","position":2,"name":"Nouvelles de l\u2019\u00e9quipe de Liverpool : Blessure, liste de suspension contre Burnley"}]},{"@type":"WebSite","@id":"https:\/\/footdavant.fr\/actualites\/#website","url":"https:\/\/footdavant.fr\/actualites\/","name":"Foot d'avant","description":"","publisher":{"@id":"https:\/\/footdavant.fr\/actualites\/#organization"},"potentialAction":[{"@type":"SearchAction","target":{"@type":"EntryPoint","urlTemplate":"https:\/\/footdavant.fr\/actualites\/?s={search_term_string}"},"query-input":"required name=search_term_string"}],"inLanguage":"fr-FR"},{"@type":"Organization","@id":"https:\/\/footdavant.fr\/actualites\/#organization","name":"Foot d'avant","url":"https:\/\/footdavant.fr\/actualites\/","logo":{"@type":"ImageObject","inLanguage":"fr-FR","@id":"https:\/\/footdavant.fr\/actualites\/#\/schema\/logo\/image\/","url":"https:\/\/footdavant.fr\/actualites\/wp-content\/uploads\/2023\/09\/Copy-of-FootDavant-Logo.png","contentUrl":"https:\/\/footdavant.fr\/actualites\/wp-content\/uploads\/2023\/09\/Copy-of-FootDavant-Logo.png","width":936,"height":549,"caption":"Foot d'avant"},"image":{"@id":"https:\/\/footdavant.fr\/actualites\/#\/schema\/logo\/image\/"},"sameAs":["https:\/\/www.facebook.com\/Footdavant\/","https:\/\/twitter.com\/FootdavantFr","https:\/\/www.instagram.com\/footdavant.fr\/"]},{"@type":"Person","@id":"https:\/\/footdavant.fr\/actualites\/#\/schema\/person\/bc222566d95871b37e597b3ed3ba5e1d","name":"Cl\u00e9ment","image":{"@type":"ImageObject","inLanguage":"fr-FR","@id":"https:\/\/footdavant.fr\/actualites\/#\/schema\/person\/image\/","url":"https:\/\/secure.gravatar.com\/avatar\/7728b29aac2719421e1a9159b2254c44?s=96&d=mm&r=g","contentUrl":"https:\/\/secure.gravatar.com\/avatar\/7728b29aac2719421e1a9159b2254c44?s=96&d=mm&r=g","caption":"Cl\u00e9ment"},"sameAs":["https:\/\/footdavant.fr\/"]}]}},"_links":{"self":[{"href":"https:\/\/footdavant.fr\/actualites\/wp-json\/wp\/v2\/posts\/3116"}],"collection":[{"href":"https:\/\/footdavant.fr\/actualites\/wp-json\/wp\/v2\/posts"}],"about":[{"href":"https:\/\/footdavant.fr\/actualites\/wp-json\/wp\/v2\/types\/post"}],"author":[{"embeddable":true,"href":"https:\/\/footdavant.fr\/actualites\/wp-json\/wp\/v2\/users\/1"}],"replies":[{"embeddable":true,"href":"https:\/\/footdavant.fr\/actualites\/wp-json\/wp\/v2\/comments?post=3116"}],"version-history":[{"count":1,"href":"https:\/\/footdavant.fr\/actualites\/wp-json\/wp\/v2\/posts\/3116\/revisions"}],"predecessor-version":[{"id":3118,"href":"https:\/\/footdavant.fr\/actualites\/wp-json\/wp\/v2\/posts\/3116\/revisions\/3118"}],"wp:featuredmedia":[{"embeddable":true,"href":"https:\/\/footdavant.fr\/actualites\/wp-json\/wp\/v2\/media\/3117"}],"wp:attachment":[{"href":"https:\/\/footdavant.fr\/actualites\/wp-json\/wp\/v2\/media?parent=3116"}],"wp:term":[{"taxonomy":"category","embeddable":true,"href":"https:\/\/footdavant.fr\/actualites\/wp-json\/wp\/v2\/categories?post=3116"},{"taxonomy":"post_tag","embeddable":true,"href":"https:\/\/footdavant.fr\/actualites\/wp-json\/wp\/v2\/tags?post=3116"}],"curies":[{"name":"wp","href":"https:\/\/api.w.org\/{rel}","templated":true}]}}