{"id":3119,"date":"2023-12-28T04:49:12","date_gmt":"2023-12-28T03:49:12","guid":{"rendered":"https:\/\/footdavant.fr\/actualites\/actualites-de-lequipe-de-manchester-city-blessure-liste-de-suspension-contre-everton\/"},"modified":"2023-12-28T04:49:13","modified_gmt":"2023-12-28T03:49:13","slug":"actualites-de-lequipe-de-manchester-city-blessure-liste-de-suspension-contre-everton","status":"publish","type":"post","link":"https:\/\/footdavant.fr\/actualites\/actualites-de-lequipe-de-manchester-city-blessure-liste-de-suspension-contre-everton\/","title":{"rendered":"Actualit\u00e9s de l\u2019\u00e9quipe de Manchester City : Blessure, liste de suspension contre Everton"},"content":{"rendered":"<p>Sports Mole fait le point sur les nouvelles sur les blessures et les suspensions de Manchester City avant leur affrontement en Premier League avec Everton mercredi.<\/p>\n<div id=\"article_body\" itemprop=\"articleBody\">\n<p class=\"firstPara\">Apr\u00e8s un s\u00e9jour r\u00e9ussi en Arabie Saoudite, <strong class=\"autotag\">Manchester City<\/strong> retour dans le paysage de la Premier League avec un voyage \u00e0 Goodison Park pour affronter <strong class=\"autotag\">Everton<\/strong> mercredi.<\/p>\n<p><strong class=\"autotag\">Pep Guardiola<\/strong>Les troupes de ont acc\u00e9d\u00e9 \u00e0 la gloire en Coupe du Monde des Clubs en battant 4-0 le champion d&rsquo;Am\u00e9rique du Sud Fluminense vendredi soir, o\u00f9 un <strong class=\"autotag\">Julien \u00c1lvarez<\/strong> entretoise, <strong class=\"autotag\">Nino<\/strong> son propre but et <strong class=\"autotag\">Phil Foden<\/strong> Tap-in a d\u00e9croch\u00e9 le cinqui\u00e8me troph\u00e9e des Citizens de l&rsquo;ann\u00e9e.<\/p>\n<p>Reportant temporairement leurs engagements de premier plan, Man City reprend sa charge de titre chancelante apr\u00e8s avoir chut\u00e9 \u00e0 la cinqui\u00e8me place du classement en raison de son angoissant match nul 2-2 contre Crystal Palace le 16 d\u00e9cembre.<\/p>\n<p>Ici, <strong>Taupe de sport<\/strong> r\u00e9sume les derni\u00e8res nouvelles sur les blessures et les suspensions de Man City avant la comp\u00e9tition avec <strong class=\"autotag\">Sean Dych\u00e9<\/strong>L&rsquo;\u00e9quipe de Manchester United, dont la d\u00e9faite 2-1 contre Tottenham Hotspur a fait sortir les Citizens des places de la Ligue des Champions.<\/p>\n<hr>\n<p class=\"imgI\">\n<p><strong>Statut:<\/strong> Petit doute<br \/><strong>Type de blessure :<\/strong> Genou<br \/><strong>Date de retour possible :<\/strong> 27 d\u00e9cembre (contre Everton)<\/p>\n<p>Dans la seconde moiti\u00e9 de la finale de la Coupe du Monde des Clubs, Rodri a \u00e9t\u00e9 victime de ce qu&rsquo;il a qualifi\u00e9 de pire tacle de sa carri\u00e8re, apr\u00e8s avoir \u00e9t\u00e9 fauch\u00e9 par derri\u00e8re par le joueur de Fluminense. <strong class=\"autotag\">Alexandre<\/strong>.  L&rsquo;Espagnol a tent\u00e9 de continuer avant de mettre fin \u00e0 la soir\u00e9e, mais il a minimis\u00e9 son inqui\u00e9tude apr\u00e8s la victoire et a insist\u00e9 sur le fait qu&rsquo;il serait apte pour le match de mercredi.<\/p>\n<hr>\n<p class=\"imgI\"><img decoding=\"async\" loading=\"lazy\" class=\"l\" src=\"https:\/\/footdavant.fr\/actualites\/wp-content\/uploads\/2023\/12\/1703735352_93_Actualites-de-lequipe-de-Manchester-City-Blessure-liste-de.jpg\" title=\"Kevin De Bruyne de Manchester City lors de l'entra\u00eenement le 18 d\u00e9cembre 2023\" alt=\"Kevin De Bruyne de Manchester City lors de l'entra\u00eenement le 18 d\u00e9cembre 2023\" width=\"640\" height=\"480\"><\/p>\n<p><strong>Statut:<\/strong> Un doute majeur<br \/><strong>Type de blessure :<\/strong> Tendon<br \/><strong>Date de retour possible :<\/strong> 27 d\u00e9cembre (contre Everton)<\/p>\n<p>Kevin De Bruyne a rejoint l&rsquo;\u00e9quipe de Man City pour la Coupe du Monde des Clubs et a m\u00eame pu participer \u00e0 un entra\u00eenement au Moyen-Orient, mais il n&rsquo;a pas jou\u00e9 une seule minute dans le tournoi, et il est difficile de savoir si il pourra faire son grand retour dans le Merseyside.<\/p>\n<hr>\n<p class=\"imgI\"><img decoding=\"async\" loading=\"lazy\" class=\"l\" src=\"https:\/\/footdavant.fr\/actualites\/wp-content\/uploads\/2023\/12\/1703735352_77_Actualites-de-lequipe-de-Manchester-City-Blessure-liste-de.jpg\" title=\"Erling Haaland de Manchester City dans les tribunes lors du match du 19 d\u00e9cembre 2023\" alt=\"Erling Haaland de Manchester City dans les tribunes lors du match du 19 d\u00e9cembre 2023\" width=\"640\" height=\"480\"><\/p>\n<p><strong>Statut:<\/strong> Un doute majeur<br \/><strong>Type de blessure :<\/strong> Pied<br \/><strong>Date de retour possible :<\/strong> 27 d\u00e9cembre (contre Everton)<\/p>\n<p>De m\u00eame, Erling Haaland a regard\u00e9 les deux matches de City en Coupe du Monde des Clubs depuis le banc de touche en raison de sa blessure au pied et des r\u00e8gles du tournoi, qui stipulaient que les joueurs non nomm\u00e9s dans une \u00e9quipe de demi-finale ne pouvaient pas participer \u00e0 la finale, mais il fera pression pour revenir. au parc Goodison.<\/p>\n<hr>\n<p class=\"imgI\"><img decoding=\"async\" loading=\"lazy\" class=\"l\" src=\"https:\/\/footdavant.fr\/actualites\/wp-content\/uploads\/2023\/12\/1703735352_745_Actualites-de-lequipe-de-Manchester-City-Blessure-liste-de.jpg\" title=\"Jeremy Doku c\u00e9l\u00e8bre son but pour Manchester City en novembre 2023\" alt=\"Jeremy Doku c\u00e9l\u00e8bre son but pour Manchester City en novembre 2023\" width=\"640\" height=\"480\"><\/p>\n<p><strong>Statut:<\/strong> Un doute majeur<br \/><strong>Type de blessure :<\/strong> Muscle<br \/><strong>Date de retour possible :<\/strong> 27 d\u00e9cembre (contre Everton)<\/p>\n<p>Jeremy Doku \u00e9tait le troisi\u00e8me absent notable de Man City lors de la Coupe du Monde des Clubs en raison de sa blessure musculaire, mais il y a de l&rsquo;optimisme quant au fait que le Belge ira bien pour affronter les Toffees.<\/p>\n<hr>\n<p><strong><\/p>\n<h2>LISTE DE SUSPENSION DE MANCHESTER CITY<\/h2>\n<p><\/strong><\/p>\n<p>Manchester City n&rsquo;a aucun joueur suspendu pour ce match.<\/p>\n<\/div>\n","protected":false},"excerpt":{"rendered":"<p>Sports Mole fait le point sur les nouvelles sur les blessures et les suspensions de Manchester City avant leur affrontement en Premier League avec Everton<\/p>\n","protected":false},"author":1,"featured_media":3120,"comment_status":"closed","ping_status":"","sticky":false,"template":"","format":"standard","meta":{"footnotes":""},"categories":[5],"tags":[7,15,27,20,310,9,17,11,18],"yoast_head":"<!-- This site is optimized with the Yoast SEO plugin v21.0 - https:\/\/yoast.com\/wordpress\/plugins\/seo\/ -->\n<title>Actualit\u00e9s de l\u2019\u00e9quipe de Manchester City : Blessure, liste de suspension contre Everton<\/title>\n<meta name=\"robots\" content=\"index, follow, max-snippet:-1, max-image-preview:large, max-video-preview:-1\" \/>\n<link rel=\"canonical\" href=\"https:\/\/footdavant.fr\/actualites\/actualites-de-lequipe-de-manchester-city-blessure-liste-de-suspension-contre-everton\/\" \/>\n<meta property=\"og:locale\" content=\"fr_FR\" \/>\n<meta property=\"og:type\" content=\"article\" \/>\n<meta property=\"og:title\" content=\"Actualit\u00e9s de l\u2019\u00e9quipe de Manchester City : Blessure, liste de suspension contre Everton\" \/>\n<meta property=\"og:description\" content=\"Sports Mole fait le point sur les nouvelles sur les blessures et les suspensions de Manchester City avant leur affrontement en Premier League avec Everton\" \/>\n<meta property=\"og:url\" content=\"https:\/\/footdavant.fr\/actualites\/actualites-de-lequipe-de-manchester-city-blessure-liste-de-suspension-contre-everton\/\" \/>\n<meta property=\"og:site_name\" content=\"Foot d&#039;avant\" \/>\n<meta property=\"article:publisher\" content=\"https:\/\/www.facebook.com\/Footdavant\/\" \/>\n<meta property=\"article:published_time\" content=\"2023-12-28T03:49:12+00:00\" \/>\n<meta property=\"article:modified_time\" content=\"2023-12-28T03:49:13+00:00\" \/>\n<meta property=\"og:image\" content=\"https:\/\/footdavant.fr\/actualites\/wp-content\/uploads\/2023\/12\/1703735352_Actualites-de-lequipe-de-Manchester-City-Blessure-liste-de.jpg\" \/>\n\t<meta property=\"og:image:width\" content=\"640\" \/>\n\t<meta property=\"og:image:height\" content=\"480\" \/>\n\t<meta property=\"og:image:type\" content=\"image\/jpeg\" \/>\n<meta name=\"author\" content=\"Cl\u00e9ment\" \/>\n<meta name=\"twitter:card\" content=\"summary_large_image\" \/>\n<meta name=\"twitter:creator\" content=\"@FootdavantFr\" \/>\n<meta name=\"twitter:site\" content=\"@FootdavantFr\" \/>\n<meta name=\"twitter:label1\" content=\"\u00c9crit par\" \/>\n\t<meta name=\"twitter:data1\" content=\"Cl\u00e9ment\" \/>\n\t<meta name=\"twitter:label2\" content=\"Dur\u00e9e de lecture estim\u00e9e\" \/>\n\t<meta name=\"twitter:data2\" content=\"3 minutes\" \/>\n<script type=\"application\/ld+json\" class=\"yoast-schema-graph\">{\"@context\":\"https:\/\/schema.org\",\"@graph\":[{\"@type\":\"Article\",\"@id\":\"https:\/\/footdavant.fr\/actualites\/actualites-de-lequipe-de-manchester-city-blessure-liste-de-suspension-contre-everton\/#article\",\"isPartOf\":{\"@id\":\"https:\/\/footdavant.fr\/actualites\/actualites-de-lequipe-de-manchester-city-blessure-liste-de-suspension-contre-everton\/\"},\"author\":{\"name\":\"Cl\u00e9ment\",\"@id\":\"https:\/\/footdavant.fr\/actualites\/#\/schema\/person\/bc222566d95871b37e597b3ed3ba5e1d\"},\"headline\":\"Actualit\u00e9s de l\u2019\u00e9quipe de Manchester City : Blessure, liste de suspension contre Everton\",\"datePublished\":\"2023-12-28T03:49:12+00:00\",\"dateModified\":\"2023-12-28T03:49:13+00:00\",\"mainEntityOfPage\":{\"@id\":\"https:\/\/footdavant.fr\/actualites\/actualites-de-lequipe-de-manchester-city-blessure-liste-de-suspension-contre-everton\/\"},\"wordCount\":533,\"publisher\":{\"@id\":\"https:\/\/footdavant.fr\/actualites\/#organization\"},\"keywords\":[\"Actualit\u00e9s\",\"Blessure\",\"City\",\"contre\",\"Everton\",\"l\u00e9quipe\",\"liste\",\"Manchester\",\"suspension\"],\"articleSection\":[\"Premier League\"],\"inLanguage\":\"fr-FR\"},{\"@type\":\"WebPage\",\"@id\":\"https:\/\/footdavant.fr\/actualites\/actualites-de-lequipe-de-manchester-city-blessure-liste-de-suspension-contre-everton\/\",\"url\":\"https:\/\/footdavant.fr\/actualites\/actualites-de-lequipe-de-manchester-city-blessure-liste-de-suspension-contre-everton\/\",\"name\":\"Actualit\u00e9s de l\u2019\u00e9quipe de Manchester City : Blessure, liste de suspension contre Everton\",\"isPartOf\":{\"@id\":\"https:\/\/footdavant.fr\/actualites\/#website\"},\"datePublished\":\"2023-12-28T03:49:12+00:00\",\"dateModified\":\"2023-12-28T03:49:13+00:00\",\"breadcrumb\":{\"@id\":\"https:\/\/footdavant.fr\/actualites\/actualites-de-lequipe-de-manchester-city-blessure-liste-de-suspension-contre-everton\/#breadcrumb\"},\"inLanguage\":\"fr-FR\",\"potentialAction\":[{\"@type\":\"ReadAction\",\"target\":[\"https:\/\/footdavant.fr\/actualites\/actualites-de-lequipe-de-manchester-city-blessure-liste-de-suspension-contre-everton\/\"]}]},{\"@type\":\"BreadcrumbList\",\"@id\":\"https:\/\/footdavant.fr\/actualites\/actualites-de-lequipe-de-manchester-city-blessure-liste-de-suspension-contre-everton\/#breadcrumb\",\"itemListElement\":[{\"@type\":\"ListItem\",\"position\":1,\"name\":\"Accueil\",\"item\":\"https:\/\/footdavant.fr\/actualites\/\"},{\"@type\":\"ListItem\",\"position\":2,\"name\":\"Actualit\u00e9s de l\u2019\u00e9quipe de Manchester City : Blessure, liste de suspension contre Everton\"}]},{\"@type\":\"WebSite\",\"@id\":\"https:\/\/footdavant.fr\/actualites\/#website\",\"url\":\"https:\/\/footdavant.fr\/actualites\/\",\"name\":\"Foot d'avant\",\"description\":\"\",\"publisher\":{\"@id\":\"https:\/\/footdavant.fr\/actualites\/#organization\"},\"potentialAction\":[{\"@type\":\"SearchAction\",\"target\":{\"@type\":\"EntryPoint\",\"urlTemplate\":\"https:\/\/footdavant.fr\/actualites\/?s={search_term_string}\"},\"query-input\":\"required name=search_term_string\"}],\"inLanguage\":\"fr-FR\"},{\"@type\":\"Organization\",\"@id\":\"https:\/\/footdavant.fr\/actualites\/#organization\",\"name\":\"Foot d'avant\",\"url\":\"https:\/\/footdavant.fr\/actualites\/\",\"logo\":{\"@type\":\"ImageObject\",\"inLanguage\":\"fr-FR\",\"@id\":\"https:\/\/footdavant.fr\/actualites\/#\/schema\/logo\/image\/\",\"url\":\"https:\/\/footdavant.fr\/actualites\/wp-content\/uploads\/2023\/09\/Copy-of-FootDavant-Logo.png\",\"contentUrl\":\"https:\/\/footdavant.fr\/actualites\/wp-content\/uploads\/2023\/09\/Copy-of-FootDavant-Logo.png\",\"width\":936,\"height\":549,\"caption\":\"Foot d'avant\"},\"image\":{\"@id\":\"https:\/\/footdavant.fr\/actualites\/#\/schema\/logo\/image\/\"},\"sameAs\":[\"https:\/\/www.facebook.com\/Footdavant\/\",\"https:\/\/twitter.com\/FootdavantFr\",\"https:\/\/www.instagram.com\/footdavant.fr\/\"]},{\"@type\":\"Person\",\"@id\":\"https:\/\/footdavant.fr\/actualites\/#\/schema\/person\/bc222566d95871b37e597b3ed3ba5e1d\",\"name\":\"Cl\u00e9ment\",\"image\":{\"@type\":\"ImageObject\",\"inLanguage\":\"fr-FR\",\"@id\":\"https:\/\/footdavant.fr\/actualites\/#\/schema\/person\/image\/\",\"url\":\"https:\/\/secure.gravatar.com\/avatar\/7728b29aac2719421e1a9159b2254c44?s=96&d=mm&r=g\",\"contentUrl\":\"https:\/\/secure.gravatar.com\/avatar\/7728b29aac2719421e1a9159b2254c44?s=96&d=mm&r=g\",\"caption\":\"Cl\u00e9ment\"},\"sameAs\":[\"https:\/\/footdavant.fr\/\"]}]}<\/script>\n<!-- \/ Yoast SEO plugin. -->","yoast_head_json":{"title":"Actualit\u00e9s de l\u2019\u00e9quipe de Manchester City : Blessure, liste de suspension contre Everton","robots":{"index":"index","follow":"follow","max-snippet":"max-snippet:-1","max-image-preview":"max-image-preview:large","max-video-preview":"max-video-preview:-1"},"canonical":"https:\/\/footdavant.fr\/actualites\/actualites-de-lequipe-de-manchester-city-blessure-liste-de-suspension-contre-everton\/","og_locale":"fr_FR","og_type":"article","og_title":"Actualit\u00e9s de l\u2019\u00e9quipe de Manchester City : Blessure, liste de suspension contre Everton","og_description":"Sports Mole fait le point sur les nouvelles sur les blessures et les suspensions de Manchester City avant leur affrontement en Premier League avec Everton","og_url":"https:\/\/footdavant.fr\/actualites\/actualites-de-lequipe-de-manchester-city-blessure-liste-de-suspension-contre-everton\/","og_site_name":"Foot d&#039;avant","article_publisher":"https:\/\/www.facebook.com\/Footdavant\/","article_published_time":"2023-12-28T03:49:12+00:00","article_modified_time":"2023-12-28T03:49:13+00:00","og_image":[{"width":640,"height":480,"url":"https:\/\/footdavant.fr\/actualites\/wp-content\/uploads\/2023\/12\/1703735352_Actualites-de-lequipe-de-Manchester-City-Blessure-liste-de.jpg","type":"image\/jpeg"}],"author":"Cl\u00e9ment","twitter_card":"summary_large_image","twitter_creator":"@FootdavantFr","twitter_site":"@FootdavantFr","twitter_misc":{"\u00c9crit par":"Cl\u00e9ment","Dur\u00e9e de lecture estim\u00e9e":"3 minutes"},"schema":{"@context":"https:\/\/schema.org","@graph":[{"@type":"Article","@id":"https:\/\/footdavant.fr\/actualites\/actualites-de-lequipe-de-manchester-city-blessure-liste-de-suspension-contre-everton\/#article","isPartOf":{"@id":"https:\/\/footdavant.fr\/actualites\/actualites-de-lequipe-de-manchester-city-blessure-liste-de-suspension-contre-everton\/"},"author":{"name":"Cl\u00e9ment","@id":"https:\/\/footdavant.fr\/actualites\/#\/schema\/person\/bc222566d95871b37e597b3ed3ba5e1d"},"headline":"Actualit\u00e9s de l\u2019\u00e9quipe de Manchester City : Blessure, liste de suspension contre Everton","datePublished":"2023-12-28T03:49:12+00:00","dateModified":"2023-12-28T03:49:13+00:00","mainEntityOfPage":{"@id":"https:\/\/footdavant.fr\/actualites\/actualites-de-lequipe-de-manchester-city-blessure-liste-de-suspension-contre-everton\/"},"wordCount":533,"publisher":{"@id":"https:\/\/footdavant.fr\/actualites\/#organization"},"keywords":["Actualit\u00e9s","Blessure","City","contre","Everton","l\u00e9quipe","liste","Manchester","suspension"],"articleSection":["Premier League"],"inLanguage":"fr-FR"},{"@type":"WebPage","@id":"https:\/\/footdavant.fr\/actualites\/actualites-de-lequipe-de-manchester-city-blessure-liste-de-suspension-contre-everton\/","url":"https:\/\/footdavant.fr\/actualites\/actualites-de-lequipe-de-manchester-city-blessure-liste-de-suspension-contre-everton\/","name":"Actualit\u00e9s de l\u2019\u00e9quipe de Manchester City : Blessure, liste de suspension contre Everton","isPartOf":{"@id":"https:\/\/footdavant.fr\/actualites\/#website"},"datePublished":"2023-12-28T03:49:12+00:00","dateModified":"2023-12-28T03:49:13+00:00","breadcrumb":{"@id":"https:\/\/footdavant.fr\/actualites\/actualites-de-lequipe-de-manchester-city-blessure-liste-de-suspension-contre-everton\/#breadcrumb"},"inLanguage":"fr-FR","potentialAction":[{"@type":"ReadAction","target":["https:\/\/footdavant.fr\/actualites\/actualites-de-lequipe-de-manchester-city-blessure-liste-de-suspension-contre-everton\/"]}]},{"@type":"BreadcrumbList","@id":"https:\/\/footdavant.fr\/actualites\/actualites-de-lequipe-de-manchester-city-blessure-liste-de-suspension-contre-everton\/#breadcrumb","itemListElement":[{"@type":"ListItem","position":1,"name":"Accueil","item":"https:\/\/footdavant.fr\/actualites\/"},{"@type":"ListItem","position":2,"name":"Actualit\u00e9s de l\u2019\u00e9quipe de Manchester City : Blessure, liste de suspension contre Everton"}]},{"@type":"WebSite","@id":"https:\/\/footdavant.fr\/actualites\/#website","url":"https:\/\/footdavant.fr\/actualites\/","name":"Foot d'avant","description":"","publisher":{"@id":"https:\/\/footdavant.fr\/actualites\/#organization"},"potentialAction":[{"@type":"SearchAction","target":{"@type":"EntryPoint","urlTemplate":"https:\/\/footdavant.fr\/actualites\/?s={search_term_string}"},"query-input":"required name=search_term_string"}],"inLanguage":"fr-FR"},{"@type":"Organization","@id":"https:\/\/footdavant.fr\/actualites\/#organization","name":"Foot d'avant","url":"https:\/\/footdavant.fr\/actualites\/","logo":{"@type":"ImageObject","inLanguage":"fr-FR","@id":"https:\/\/footdavant.fr\/actualites\/#\/schema\/logo\/image\/","url":"https:\/\/footdavant.fr\/actualites\/wp-content\/uploads\/2023\/09\/Copy-of-FootDavant-Logo.png","contentUrl":"https:\/\/footdavant.fr\/actualites\/wp-content\/uploads\/2023\/09\/Copy-of-FootDavant-Logo.png","width":936,"height":549,"caption":"Foot d'avant"},"image":{"@id":"https:\/\/footdavant.fr\/actualites\/#\/schema\/logo\/image\/"},"sameAs":["https:\/\/www.facebook.com\/Footdavant\/","https:\/\/twitter.com\/FootdavantFr","https:\/\/www.instagram.com\/footdavant.fr\/"]},{"@type":"Person","@id":"https:\/\/footdavant.fr\/actualites\/#\/schema\/person\/bc222566d95871b37e597b3ed3ba5e1d","name":"Cl\u00e9ment","image":{"@type":"ImageObject","inLanguage":"fr-FR","@id":"https:\/\/footdavant.fr\/actualites\/#\/schema\/person\/image\/","url":"https:\/\/secure.gravatar.com\/avatar\/7728b29aac2719421e1a9159b2254c44?s=96&d=mm&r=g","contentUrl":"https:\/\/secure.gravatar.com\/avatar\/7728b29aac2719421e1a9159b2254c44?s=96&d=mm&r=g","caption":"Cl\u00e9ment"},"sameAs":["https:\/\/footdavant.fr\/"]}]}},"_links":{"self":[{"href":"https:\/\/footdavant.fr\/actualites\/wp-json\/wp\/v2\/posts\/3119"}],"collection":[{"href":"https:\/\/footdavant.fr\/actualites\/wp-json\/wp\/v2\/posts"}],"about":[{"href":"https:\/\/footdavant.fr\/actualites\/wp-json\/wp\/v2\/types\/post"}],"author":[{"embeddable":true,"href":"https:\/\/footdavant.fr\/actualites\/wp-json\/wp\/v2\/users\/1"}],"replies":[{"embeddable":true,"href":"https:\/\/footdavant.fr\/actualites\/wp-json\/wp\/v2\/comments?post=3119"}],"version-history":[{"count":1,"href":"https:\/\/footdavant.fr\/actualites\/wp-json\/wp\/v2\/posts\/3119\/revisions"}],"predecessor-version":[{"id":3121,"href":"https:\/\/footdavant.fr\/actualites\/wp-json\/wp\/v2\/posts\/3119\/revisions\/3121"}],"wp:featuredmedia":[{"embeddable":true,"href":"https:\/\/footdavant.fr\/actualites\/wp-json\/wp\/v2\/media\/3120"}],"wp:attachment":[{"href":"https:\/\/footdavant.fr\/actualites\/wp-json\/wp\/v2\/media?parent=3119"}],"wp:term":[{"taxonomy":"category","embeddable":true,"href":"https:\/\/footdavant.fr\/actualites\/wp-json\/wp\/v2\/categories?post=3119"},{"taxonomy":"post_tag","embeddable":true,"href":"https:\/\/footdavant.fr\/actualites\/wp-json\/wp\/v2\/tags?post=3119"}],"curies":[{"name":"wp","href":"https:\/\/api.w.org\/{rel}","templated":true}]}}