{"id":31919,"date":"2025-12-01T23:48:42","date_gmt":"2025-12-01T22:48:42","guid":{"rendered":"https:\/\/footdavant.fr\/actualites\/matheus-cunha-de-retour-a-lentrainement\/"},"modified":"2025-12-01T23:48:44","modified_gmt":"2025-12-01T22:48:44","slug":"matheus-cunha-de-retour-a-lentrainement","status":"publish","type":"post","link":"https:\/\/footdavant.fr\/actualites\/matheus-cunha-de-retour-a-lentrainement\/","title":{"rendered":"Matheus Cunha de retour \u00e0 l&#39;entra\u00eenement \u2013 \u200b\u200b"},"content":{"rendered":"<div id=\"penci-post-entry-inner\">\n<p>\t\t\t<i class=\"penci-post-countview-number-check\" style=\"display:none\">1<\/i><\/p>\n<p><!--Article Start--><br \/>Manchester United a d\u00fb aligner une attaque \u00e0 forte rotation lors des deux derniers matchs en raison de blessures.<\/p>\n<p>Benjamin Sesko a \u00e9t\u00e9 exclu pendant un mois en raison d&#39;une blessure au genou qu&#39;il s&#39;est contract\u00e9e contre Tottenham Hotspur avant la tr\u00eave internationale de novembre.<\/p>\n<p>La situation s&#39;est aggrav\u00e9e lorsque Matheus Cunha a subi une blessure \u00e0 la t\u00eate \u00e0 l&#39;entra\u00eenement, \u00e0 la suite de laquelle il a rat\u00e9 les matchs d&#39;Everton et de Crystal Palace.<\/p>\n<p>Les Diables Rouges ont d\u00fb suivre des protocoles en mati\u00e8re de commotion c\u00e9r\u00e9brale, ce qui fait qu&#39;ils n&#39;ont pas pr\u00e9cipit\u00e9 le retour du Br\u00e9silien \u00e0 l&#39;action.<\/p>\n<h5>Matheus Cunha de retour \u00e0 l&#39;entra\u00eenement<\/h5>\n<p>Mais sa situation semble enfin s&#39;\u00e9claircir, l&#39;ancien as des Wolverhampton Wanderers rejoignant l&#39;entra\u00eenement de l&#39;\u00e9quipe premi\u00e8re lundi.<\/p>\n<p>Il a post\u00e9 une photo de lui de bonne humeur pendant l&#39;entra\u00eenement, sous-titr\u00e9 le message : \u00ab\u00a0Back, Back, Back\u00a0\u00bb.<\/p>\n<blockquote class=\"twitter-tweet\" data-width=\"550\" data-dnt=\"true\">\n<p lang=\"en\" dir=\"ltr\">Matheus Cunha sur IG : \u00ab De retour en arri\u00e8re \ud83e\udd73 \u00bb <a rel=\"nofollow\" href=\"https:\/\/t.co\/CVQoDplL14\">pic.twitter.com\/CVQoDplL14<\/a><\/p>\n<p>\u2013 utdreport (@utdreport) <a rel=\"nofollow\" href=\"https:\/\/twitter.com\/utdreport\/status\/1995557509919375743?ref_src=twsrc%5Etfw\">1 d\u00e9cembre 2025<\/a><\/p>\n<\/blockquote>\n<p>Les 20 fois champions de la ligue anglaise ont manqu\u00e9 de sa cr\u00e9ativit\u00e9, de son \u00e9nergie lors des transitions et de sa capacit\u00e9 \u00e0 garder le ballon sous pression.<\/p>\n<p>Cela a \u00e9t\u00e9 particuli\u00e8rement \u00e9vident contre les Toffees, o\u00f9 Ruben Amorim a succomb\u00e9 \u00e0 une d\u00e9faite 0-1 \u00e0 Old Trafford alors que les visiteurs \u00e9taient tomb\u00e9s \u00e0 10 avant la 15e minute.<\/p>\n<h5>Un \u00e9norme coup de pouce pour Amorim<\/h5>\n<p>Joshua Zirkzee et Mason Mount ont impressionn\u00e9 en l&#39;absence de l&#39;international br\u00e9silien, notamment lors du match contre Crystal Palace dimanche.<\/p>\n<p>Il sera int\u00e9ressant de voir la s\u00e9lection de l&#39;\u00e9quipe de l&#39;entra\u00eeneur-chef pour le match contre West Ham United en milieu de semaine. Ce sera un gros coup de pouce avant quelques rencontres potentiellement gagnables.<\/p>\n<p>Matheus Cunha n&#39;a marqu\u00e9 qu&#39;une seule fois pour son nouveau club et aura d\u00e9sesp\u00e9r\u00e9ment besoin de revenir sur le terrain pour ajouter \u00e0 ce total.<\/p>\n<p>Le joueur de 26 ans a rejoint Old Trafford pour 62,5 millions de livres sterling lors du mercato estival.<\/p>\n<\/p>\n<hr\/>\n<p>The Peoples Person est l&#39;un des principaux sites d&#39;information de Man United au monde depuis plus d&#39;une d\u00e9cennie. Suivez-nous sur Bluesky\u00a0: @peoplesperson.bsky.social<\/p>\n<\/p>\n<p><!-- CONTENT END 2 --><\/p><\/div>\n<p><script async src=\"https:\/\/platform.twitter.com\/widgets.js\" charset=\"utf-8\"><\/script><\/p>\n","protected":false},"excerpt":{"rendered":"<p>1 Manchester United a d\u00fb aligner une attaque \u00e0 forte rotation lors des deux derniers matchs en raison de blessures. Benjamin Sesko a \u00e9t\u00e9 exclu<\/p>\n","protected":false},"author":1,"featured_media":31920,"comment_status":"closed","ping_status":"","sticky":false,"template":"","format":"standard","meta":{"footnotes":""},"categories":[3],"tags":[2092,4531,769,393],"yoast_head":"<!-- This site is optimized with the Yoast SEO plugin v21.0 - https:\/\/yoast.com\/wordpress\/plugins\/seo\/ -->\n<title>Matheus Cunha de retour \u00e0 l&#039;entra\u00eenement \u2013 \u200b\u200b<\/title>\n<meta name=\"robots\" content=\"index, follow, max-snippet:-1, max-image-preview:large, max-video-preview:-1\" \/>\n<link rel=\"canonical\" href=\"https:\/\/footdavant.fr\/actualites\/matheus-cunha-de-retour-a-lentrainement\/\" \/>\n<meta property=\"og:locale\" content=\"fr_FR\" \/>\n<meta property=\"og:type\" content=\"article\" \/>\n<meta property=\"og:title\" content=\"Matheus Cunha de retour \u00e0 l&#039;entra\u00eenement \u2013 \u200b\u200b\" \/>\n<meta property=\"og:description\" content=\"1 Manchester United a d\u00fb aligner une attaque \u00e0 forte rotation lors des deux derniers matchs en raison de blessures. Benjamin Sesko a \u00e9t\u00e9 exclu\" \/>\n<meta property=\"og:url\" content=\"https:\/\/footdavant.fr\/actualites\/matheus-cunha-de-retour-a-lentrainement\/\" \/>\n<meta property=\"og:site_name\" content=\"Foot d&#039;avant\" \/>\n<meta property=\"article:publisher\" content=\"https:\/\/www.facebook.com\/Footdavant\/\" \/>\n<meta property=\"article:published_time\" content=\"2025-12-01T22:48:42+00:00\" \/>\n<meta property=\"article:modified_time\" content=\"2025-12-01T22:48:44+00:00\" \/>\n<meta property=\"og:image\" content=\"https:\/\/footdavant.fr\/actualites\/wp-content\/uploads\/2025\/12\/Matheus-Cunha-de-retour-a-l39entrainement-\u2013-\u200b\u200b.jpg\" \/>\n\t<meta property=\"og:image:width\" content=\"1600\" \/>\n\t<meta property=\"og:image:height\" content=\"716\" \/>\n\t<meta property=\"og:image:type\" content=\"image\/jpeg\" \/>\n<meta name=\"author\" content=\"Cl\u00e9ment\" \/>\n<meta name=\"twitter:card\" content=\"summary_large_image\" \/>\n<meta name=\"twitter:creator\" content=\"@FootdavantFr\" \/>\n<meta name=\"twitter:site\" content=\"@FootdavantFr\" \/>\n<meta name=\"twitter:label1\" content=\"\u00c9crit par\" \/>\n\t<meta name=\"twitter:data1\" content=\"Cl\u00e9ment\" \/>\n\t<meta name=\"twitter:label2\" content=\"Dur\u00e9e de lecture estim\u00e9e\" \/>\n\t<meta name=\"twitter:data2\" content=\"2 minutes\" \/>\n<script type=\"application\/ld+json\" class=\"yoast-schema-graph\">{\"@context\":\"https:\/\/schema.org\",\"@graph\":[{\"@type\":\"Article\",\"@id\":\"https:\/\/footdavant.fr\/actualites\/matheus-cunha-de-retour-a-lentrainement\/#article\",\"isPartOf\":{\"@id\":\"https:\/\/footdavant.fr\/actualites\/matheus-cunha-de-retour-a-lentrainement\/\"},\"author\":{\"name\":\"Cl\u00e9ment\",\"@id\":\"https:\/\/footdavant.fr\/actualites\/#\/schema\/person\/bc222566d95871b37e597b3ed3ba5e1d\"},\"headline\":\"Matheus Cunha de retour \u00e0 l&#39;entra\u00eenement \u2013 \u200b\u200b\",\"datePublished\":\"2025-12-01T22:48:42+00:00\",\"dateModified\":\"2025-12-01T22:48:44+00:00\",\"mainEntityOfPage\":{\"@id\":\"https:\/\/footdavant.fr\/actualites\/matheus-cunha-de-retour-a-lentrainement\/\"},\"wordCount\":392,\"publisher\":{\"@id\":\"https:\/\/footdavant.fr\/actualites\/#organization\"},\"keywords\":[\"Cunha\",\"l39entra\u00eenement\",\"Matheus\",\"retour\"],\"articleSection\":[\"Football\"],\"inLanguage\":\"fr-FR\"},{\"@type\":\"WebPage\",\"@id\":\"https:\/\/footdavant.fr\/actualites\/matheus-cunha-de-retour-a-lentrainement\/\",\"url\":\"https:\/\/footdavant.fr\/actualites\/matheus-cunha-de-retour-a-lentrainement\/\",\"name\":\"Matheus Cunha de retour \u00e0 l&#39;entra\u00eenement \u2013 \u200b\u200b\",\"isPartOf\":{\"@id\":\"https:\/\/footdavant.fr\/actualites\/#website\"},\"datePublished\":\"2025-12-01T22:48:42+00:00\",\"dateModified\":\"2025-12-01T22:48:44+00:00\",\"breadcrumb\":{\"@id\":\"https:\/\/footdavant.fr\/actualites\/matheus-cunha-de-retour-a-lentrainement\/#breadcrumb\"},\"inLanguage\":\"fr-FR\",\"potentialAction\":[{\"@type\":\"ReadAction\",\"target\":[\"https:\/\/footdavant.fr\/actualites\/matheus-cunha-de-retour-a-lentrainement\/\"]}]},{\"@type\":\"BreadcrumbList\",\"@id\":\"https:\/\/footdavant.fr\/actualites\/matheus-cunha-de-retour-a-lentrainement\/#breadcrumb\",\"itemListElement\":[{\"@type\":\"ListItem\",\"position\":1,\"name\":\"Accueil\",\"item\":\"https:\/\/footdavant.fr\/actualites\/\"},{\"@type\":\"ListItem\",\"position\":2,\"name\":\"Matheus Cunha de retour \u00e0 l&#39;entra\u00eenement \u2013 \u200b\u200b\"}]},{\"@type\":\"WebSite\",\"@id\":\"https:\/\/footdavant.fr\/actualites\/#website\",\"url\":\"https:\/\/footdavant.fr\/actualites\/\",\"name\":\"Foot d'avant\",\"description\":\"\",\"publisher\":{\"@id\":\"https:\/\/footdavant.fr\/actualites\/#organization\"},\"potentialAction\":[{\"@type\":\"SearchAction\",\"target\":{\"@type\":\"EntryPoint\",\"urlTemplate\":\"https:\/\/footdavant.fr\/actualites\/?s={search_term_string}\"},\"query-input\":\"required name=search_term_string\"}],\"inLanguage\":\"fr-FR\"},{\"@type\":\"Organization\",\"@id\":\"https:\/\/footdavant.fr\/actualites\/#organization\",\"name\":\"Foot d'avant\",\"url\":\"https:\/\/footdavant.fr\/actualites\/\",\"logo\":{\"@type\":\"ImageObject\",\"inLanguage\":\"fr-FR\",\"@id\":\"https:\/\/footdavant.fr\/actualites\/#\/schema\/logo\/image\/\",\"url\":\"https:\/\/footdavant.fr\/actualites\/wp-content\/uploads\/2023\/09\/Copy-of-FootDavant-Logo.png\",\"contentUrl\":\"https:\/\/footdavant.fr\/actualites\/wp-content\/uploads\/2023\/09\/Copy-of-FootDavant-Logo.png\",\"width\":936,\"height\":549,\"caption\":\"Foot d'avant\"},\"image\":{\"@id\":\"https:\/\/footdavant.fr\/actualites\/#\/schema\/logo\/image\/\"},\"sameAs\":[\"https:\/\/www.facebook.com\/Footdavant\/\",\"https:\/\/twitter.com\/FootdavantFr\",\"https:\/\/www.instagram.com\/footdavant.fr\/\"]},{\"@type\":\"Person\",\"@id\":\"https:\/\/footdavant.fr\/actualites\/#\/schema\/person\/bc222566d95871b37e597b3ed3ba5e1d\",\"name\":\"Cl\u00e9ment\",\"image\":{\"@type\":\"ImageObject\",\"inLanguage\":\"fr-FR\",\"@id\":\"https:\/\/footdavant.fr\/actualites\/#\/schema\/person\/image\/\",\"url\":\"https:\/\/secure.gravatar.com\/avatar\/7728b29aac2719421e1a9159b2254c44?s=96&d=mm&r=g\",\"contentUrl\":\"https:\/\/secure.gravatar.com\/avatar\/7728b29aac2719421e1a9159b2254c44?s=96&d=mm&r=g\",\"caption\":\"Cl\u00e9ment\"},\"sameAs\":[\"https:\/\/footdavant.fr\/\"]}]}<\/script>\n<!-- \/ Yoast SEO plugin. -->","yoast_head_json":{"title":"Matheus Cunha de retour \u00e0 l&#39;entra\u00eenement \u2013 \u200b\u200b","robots":{"index":"index","follow":"follow","max-snippet":"max-snippet:-1","max-image-preview":"max-image-preview:large","max-video-preview":"max-video-preview:-1"},"canonical":"https:\/\/footdavant.fr\/actualites\/matheus-cunha-de-retour-a-lentrainement\/","og_locale":"fr_FR","og_type":"article","og_title":"Matheus Cunha de retour \u00e0 l&#39;entra\u00eenement \u2013 \u200b\u200b","og_description":"1 Manchester United a d\u00fb aligner une attaque \u00e0 forte rotation lors des deux derniers matchs en raison de blessures. Benjamin Sesko a \u00e9t\u00e9 exclu","og_url":"https:\/\/footdavant.fr\/actualites\/matheus-cunha-de-retour-a-lentrainement\/","og_site_name":"Foot d&#039;avant","article_publisher":"https:\/\/www.facebook.com\/Footdavant\/","article_published_time":"2025-12-01T22:48:42+00:00","article_modified_time":"2025-12-01T22:48:44+00:00","og_image":[{"width":1600,"height":716,"url":"https:\/\/footdavant.fr\/actualites\/wp-content\/uploads\/2025\/12\/Matheus-Cunha-de-retour-a-l39entrainement-\u2013-\u200b\u200b.jpg","type":"image\/jpeg"}],"author":"Cl\u00e9ment","twitter_card":"summary_large_image","twitter_creator":"@FootdavantFr","twitter_site":"@FootdavantFr","twitter_misc":{"\u00c9crit par":"Cl\u00e9ment","Dur\u00e9e de lecture estim\u00e9e":"2 minutes"},"schema":{"@context":"https:\/\/schema.org","@graph":[{"@type":"Article","@id":"https:\/\/footdavant.fr\/actualites\/matheus-cunha-de-retour-a-lentrainement\/#article","isPartOf":{"@id":"https:\/\/footdavant.fr\/actualites\/matheus-cunha-de-retour-a-lentrainement\/"},"author":{"name":"Cl\u00e9ment","@id":"https:\/\/footdavant.fr\/actualites\/#\/schema\/person\/bc222566d95871b37e597b3ed3ba5e1d"},"headline":"Matheus Cunha de retour \u00e0 l&#39;entra\u00eenement \u2013 \u200b\u200b","datePublished":"2025-12-01T22:48:42+00:00","dateModified":"2025-12-01T22:48:44+00:00","mainEntityOfPage":{"@id":"https:\/\/footdavant.fr\/actualites\/matheus-cunha-de-retour-a-lentrainement\/"},"wordCount":392,"publisher":{"@id":"https:\/\/footdavant.fr\/actualites\/#organization"},"keywords":["Cunha","l39entra\u00eenement","Matheus","retour"],"articleSection":["Football"],"inLanguage":"fr-FR"},{"@type":"WebPage","@id":"https:\/\/footdavant.fr\/actualites\/matheus-cunha-de-retour-a-lentrainement\/","url":"https:\/\/footdavant.fr\/actualites\/matheus-cunha-de-retour-a-lentrainement\/","name":"Matheus Cunha de retour \u00e0 l&#39;entra\u00eenement \u2013 \u200b\u200b","isPartOf":{"@id":"https:\/\/footdavant.fr\/actualites\/#website"},"datePublished":"2025-12-01T22:48:42+00:00","dateModified":"2025-12-01T22:48:44+00:00","breadcrumb":{"@id":"https:\/\/footdavant.fr\/actualites\/matheus-cunha-de-retour-a-lentrainement\/#breadcrumb"},"inLanguage":"fr-FR","potentialAction":[{"@type":"ReadAction","target":["https:\/\/footdavant.fr\/actualites\/matheus-cunha-de-retour-a-lentrainement\/"]}]},{"@type":"BreadcrumbList","@id":"https:\/\/footdavant.fr\/actualites\/matheus-cunha-de-retour-a-lentrainement\/#breadcrumb","itemListElement":[{"@type":"ListItem","position":1,"name":"Accueil","item":"https:\/\/footdavant.fr\/actualites\/"},{"@type":"ListItem","position":2,"name":"Matheus Cunha de retour \u00e0 l&#39;entra\u00eenement \u2013 \u200b\u200b"}]},{"@type":"WebSite","@id":"https:\/\/footdavant.fr\/actualites\/#website","url":"https:\/\/footdavant.fr\/actualites\/","name":"Foot d'avant","description":"","publisher":{"@id":"https:\/\/footdavant.fr\/actualites\/#organization"},"potentialAction":[{"@type":"SearchAction","target":{"@type":"EntryPoint","urlTemplate":"https:\/\/footdavant.fr\/actualites\/?s={search_term_string}"},"query-input":"required name=search_term_string"}],"inLanguage":"fr-FR"},{"@type":"Organization","@id":"https:\/\/footdavant.fr\/actualites\/#organization","name":"Foot d'avant","url":"https:\/\/footdavant.fr\/actualites\/","logo":{"@type":"ImageObject","inLanguage":"fr-FR","@id":"https:\/\/footdavant.fr\/actualites\/#\/schema\/logo\/image\/","url":"https:\/\/footdavant.fr\/actualites\/wp-content\/uploads\/2023\/09\/Copy-of-FootDavant-Logo.png","contentUrl":"https:\/\/footdavant.fr\/actualites\/wp-content\/uploads\/2023\/09\/Copy-of-FootDavant-Logo.png","width":936,"height":549,"caption":"Foot d'avant"},"image":{"@id":"https:\/\/footdavant.fr\/actualites\/#\/schema\/logo\/image\/"},"sameAs":["https:\/\/www.facebook.com\/Footdavant\/","https:\/\/twitter.com\/FootdavantFr","https:\/\/www.instagram.com\/footdavant.fr\/"]},{"@type":"Person","@id":"https:\/\/footdavant.fr\/actualites\/#\/schema\/person\/bc222566d95871b37e597b3ed3ba5e1d","name":"Cl\u00e9ment","image":{"@type":"ImageObject","inLanguage":"fr-FR","@id":"https:\/\/footdavant.fr\/actualites\/#\/schema\/person\/image\/","url":"https:\/\/secure.gravatar.com\/avatar\/7728b29aac2719421e1a9159b2254c44?s=96&d=mm&r=g","contentUrl":"https:\/\/secure.gravatar.com\/avatar\/7728b29aac2719421e1a9159b2254c44?s=96&d=mm&r=g","caption":"Cl\u00e9ment"},"sameAs":["https:\/\/footdavant.fr\/"]}]}},"_links":{"self":[{"href":"https:\/\/footdavant.fr\/actualites\/wp-json\/wp\/v2\/posts\/31919"}],"collection":[{"href":"https:\/\/footdavant.fr\/actualites\/wp-json\/wp\/v2\/posts"}],"about":[{"href":"https:\/\/footdavant.fr\/actualites\/wp-json\/wp\/v2\/types\/post"}],"author":[{"embeddable":true,"href":"https:\/\/footdavant.fr\/actualites\/wp-json\/wp\/v2\/users\/1"}],"replies":[{"embeddable":true,"href":"https:\/\/footdavant.fr\/actualites\/wp-json\/wp\/v2\/comments?post=31919"}],"version-history":[{"count":1,"href":"https:\/\/footdavant.fr\/actualites\/wp-json\/wp\/v2\/posts\/31919\/revisions"}],"predecessor-version":[{"id":31921,"href":"https:\/\/footdavant.fr\/actualites\/wp-json\/wp\/v2\/posts\/31919\/revisions\/31921"}],"wp:featuredmedia":[{"embeddable":true,"href":"https:\/\/footdavant.fr\/actualites\/wp-json\/wp\/v2\/media\/31920"}],"wp:attachment":[{"href":"https:\/\/footdavant.fr\/actualites\/wp-json\/wp\/v2\/media?parent=31919"}],"wp:term":[{"taxonomy":"category","embeddable":true,"href":"https:\/\/footdavant.fr\/actualites\/wp-json\/wp\/v2\/categories?post=31919"},{"taxonomy":"post_tag","embeddable":true,"href":"https:\/\/footdavant.fr\/actualites\/wp-json\/wp\/v2\/tags?post=31919"}],"curies":[{"name":"wp","href":"https:\/\/api.w.org\/{rel}","templated":true}]}}