{"id":31931,"date":"2025-12-02T09:48:07","date_gmt":"2025-12-02T08:48:07","guid":{"rendered":"https:\/\/footdavant.fr\/actualites\/le-real-madrid-place-la-star-de-la-bundesliga-sur-la-liste-restreinte-des-transferts-dete-mais-fait-face-a-la-menace-dun-interet-concret-de-la-part-de-ses-principaux-rivaux\/"},"modified":"2025-12-02T09:48:08","modified_gmt":"2025-12-02T08:48:08","slug":"le-real-madrid-place-la-star-de-la-bundesliga-sur-la-liste-restreinte-des-transferts-dete-mais-fait-face-a-la-menace-dun-interet-concret-de-la-part-de-ses-principaux-rivaux","status":"publish","type":"post","link":"https:\/\/footdavant.fr\/actualites\/le-real-madrid-place-la-star-de-la-bundesliga-sur-la-liste-restreinte-des-transferts-dete-mais-fait-face-a-la-menace-dun-interet-concret-de-la-part-de-ses-principaux-rivaux\/","title":{"rendered":"Le Real Madrid place la star de la Bundesliga sur la liste restreinte des transferts d&#39;\u00e9t\u00e9, mais fait face \u00e0 la menace d&#39;un \u00ab\u00a0int\u00e9r\u00eat concret\u00a0\u00bb de la part de ses principaux rivaux."},"content":{"rendered":"<div itemprop=\"articleBody\">\n<p>Le Real Madrid aurait d\u00e9sign\u00e9 le d\u00e9fenseur de l&#39;Eintracht Francfort Nathaniel Brown comme cible pour le mercato de l&#39;\u00e9t\u00e9 prochain.<\/p>\n<p>Brown a rejoint Francfort en provenance de Nuremberg en janvier 2024, avant d&#39;\u00eatre renvoy\u00e9 en pr\u00eat au club bavarois pour la seconde moiti\u00e9 de cette m\u00eame saison. <\/p>\n<p>Apr\u00e8s son arriv\u00e9e officielle \u00e0 Francfort \u00e0 l&#39;\u00e9t\u00e9 2024, Brown s&#39;est impos\u00e9 comme un habitu\u00e9 de l&#39;\u00e9quipe de Dino Toppmoller, contribuant trois buts et sept passes d\u00e9cisives en 26 matches de Bundesliga.<\/p>\n<p>Brown a continu\u00e9 \u00e0 b\u00e9n\u00e9ficier d&#39;un temps de jeu r\u00e9gulier cette saison, ayant d\u00e9but\u00e9 neuf des 12 matches de haut niveau du club. <\/p>\n<div>\n<div>\n<p>\u00a9 Imago \/ Jan Huebner<\/p>\n<\/div>\n<\/div>\n<h2>Le Real Madrid place Brown sur la liste restreinte de l&#39;\u00e9t\u00e9<\/h2>\n<p>Gr\u00e2ce \u00e0 ses performances constantes, le joueur de 22 ans suscite d\u00e9sormais un int\u00e9r\u00eat important en mati\u00e8re de transfert avant la nouvelle ann\u00e9e.<\/p>\n<p>Selon le journaliste <em>Florian Plettenbourg<\/em>Le Real Madrid a fait de Brown une cible potentielle pour le cycle de transferts de l&#39;\u00e9t\u00e9 prochain.<\/p>\n<p>Los Blancos consid\u00e8rent Brown comme une option viable apr\u00e8s avoir envoy\u00e9 des \u00e9claireurs pour le surveiller en action contre Cologne et l&#39;Atalanta respectivement en Bundesliga et en Ligue des champions. <\/p>\n<p>Cependant, ils sont confront\u00e9s \u00e0 la concurrence de leurs rivaux du Clasico, Barcelone, qui montreraient un \u00ab\u00a0int\u00e9r\u00eat concret\u00a0\u00bb pour l&#39;arri\u00e8re gauche.<\/p>\n<p>Brown a \u00e9galement des admirateurs en Premier League, avec Arsenal, Manchester United et Manchester City tous pr\u00e9sents pour obtenir sa signature. <\/p>\n<p>Francfort reconna\u00eet que Brown partira \u00e0 la fin de la saison, m\u00eame s&#39;il souhaite toujours une somme consid\u00e9rable pour sanctionner son d\u00e9part.<\/p>\n<p>L\u2019\u00e9quipe de Bundesliga exigera environ 60 millions d\u2019euros (52,7 millions de livres sterling) \u00e0 70 millions d\u2019euros (61,5 millions de livres sterling) pour se s\u00e9parer de l\u2019international allemand. <\/p>\n<div>\n<div><img decoding=\"async\" data-img-id=\"155174\" class=\"lazy\" loading=\"lazy\" src=\"https:\/\/footdavant.fr\/actualites\/wp-content\/uploads\/2025\/12\/1764665287_923_Le-Real-Madrid-place-la-star-de-la-Bundesliga-sur.webp\"\/><\/p>\n<p>\u00a9 Imago\/Zuma Press Wire<\/p>\n<\/div>\n<\/div>\n<h2>Le Real Madrid doit-il recruter Brown ?<\/h2>\n<p>\u00c0 premi\u00e8re vue, Los Blancos n&#39;ont pas besoin dans l&#39;imm\u00e9diat de recruter un nouvel arri\u00e8re gauche apr\u00e8s avoir recrut\u00e9 Alvaro Carreras cet \u00e9t\u00e9.<\/p>\n<p>Cependant, ils pourraient envisager de se d\u00e9barrasser de Fran Garcia et Ferland Mendy pour cr\u00e9er de l&#39;espace dans leur \u00e9quipe avant la campagne 2026-27.<\/p>\n<p>Brown a prouv\u00e9 qu&#39;il pouvait jouer en tant qu&#39;arri\u00e8re lat\u00e9ral traditionnel et en tant qu&#39;ailier, ce qui pourrait plaire au patron du Real Madrid, Xabi Alonso.<\/p>\n<p>Cela dit, Los Blancos pourraient \u00eatre r\u00e9ticents \u00e0 d\u00e9penser une somme importante pour Brown s&#39;ils ne le consid\u00e8rent que comme un rempla\u00e7ant de Carreras. <\/p>\n<\/div>\n","protected":false},"excerpt":{"rendered":"<p>Le Real Madrid aurait d\u00e9sign\u00e9 le d\u00e9fenseur de l&#39;Eintracht Francfort Nathaniel Brown comme cible pour le mercato de l&#39;\u00e9t\u00e9 prochain. Brown a rejoint Francfort en<\/p>\n","protected":false},"author":1,"featured_media":31932,"comment_status":"closed","ping_status":"","sticky":false,"template":"","format":"standard","meta":{"footnotes":""},"categories":[5],"tags":[1504,1505,4968,4260,12,1062,152,951,17,303,365,4507,3708,147,8158,302,1465,4103,154,1621,103,1376],"yoast_head":"<!-- This site is optimized with the Yoast SEO plugin v21.0 - https:\/\/yoast.com\/wordpress\/plugins\/seo\/ -->\n<title>Le Real Madrid place la star de la Bundesliga sur la liste restreinte des transferts d&#039;\u00e9t\u00e9, mais fait face \u00e0 la menace d&#039;un &quot;int\u00e9r\u00eat concret&quot; de la part de ses principaux rivaux.<\/title>\n<meta name=\"robots\" content=\"index, follow, max-snippet:-1, max-image-preview:large, max-video-preview:-1\" \/>\n<link rel=\"canonical\" href=\"https:\/\/footdavant.fr\/actualites\/le-real-madrid-place-la-star-de-la-bundesliga-sur-la-liste-restreinte-des-transferts-dete-mais-fait-face-a-la-menace-dun-interet-concret-de-la-part-de-ses-principaux-rivaux\/\" \/>\n<meta property=\"og:locale\" content=\"fr_FR\" \/>\n<meta property=\"og:type\" content=\"article\" \/>\n<meta property=\"og:title\" content=\"Le Real Madrid place la star de la Bundesliga sur la liste restreinte des transferts d&#039;\u00e9t\u00e9, mais fait face \u00e0 la menace d&#039;un &quot;int\u00e9r\u00eat concret&quot; de la part de ses principaux rivaux.\" \/>\n<meta property=\"og:description\" content=\"Le Real Madrid aurait d\u00e9sign\u00e9 le d\u00e9fenseur de l&#039;Eintracht Francfort Nathaniel Brown comme cible pour le mercato de l&#039;\u00e9t\u00e9 prochain. Brown a rejoint Francfort en\" \/>\n<meta property=\"og:url\" content=\"https:\/\/footdavant.fr\/actualites\/le-real-madrid-place-la-star-de-la-bundesliga-sur-la-liste-restreinte-des-transferts-dete-mais-fait-face-a-la-menace-dun-interet-concret-de-la-part-de-ses-principaux-rivaux\/\" \/>\n<meta property=\"og:site_name\" content=\"Foot d&#039;avant\" \/>\n<meta property=\"article:publisher\" content=\"https:\/\/www.facebook.com\/Footdavant\/\" \/>\n<meta property=\"article:published_time\" content=\"2025-12-02T08:48:07+00:00\" \/>\n<meta property=\"article:modified_time\" content=\"2025-12-02T08:48:08+00:00\" \/>\n<meta property=\"og:image\" content=\"https:\/\/footdavant.fr\/actualites\/wp-content\/uploads\/2025\/12\/Le-Real-Madrid-place-la-star-de-la-Bundesliga-sur.net2Fuploads2F20252F122Fbrown-692e27900b.webp\" \/>\n\t<meta property=\"og:image:width\" content=\"720\" \/>\n\t<meta property=\"og:image:height\" content=\"410\" \/>\n\t<meta property=\"og:image:type\" content=\"image\/webp\" \/>\n<meta name=\"author\" content=\"Cl\u00e9ment\" \/>\n<meta name=\"twitter:card\" content=\"summary_large_image\" \/>\n<meta name=\"twitter:creator\" content=\"@FootdavantFr\" \/>\n<meta name=\"twitter:site\" content=\"@FootdavantFr\" \/>\n<meta name=\"twitter:label1\" content=\"\u00c9crit par\" \/>\n\t<meta name=\"twitter:data1\" content=\"Cl\u00e9ment\" \/>\n\t<meta name=\"twitter:label2\" content=\"Dur\u00e9e de lecture estim\u00e9e\" \/>\n\t<meta name=\"twitter:data2\" content=\"2 minutes\" \/>\n<script type=\"application\/ld+json\" class=\"yoast-schema-graph\">{\"@context\":\"https:\/\/schema.org\",\"@graph\":[{\"@type\":\"Article\",\"@id\":\"https:\/\/footdavant.fr\/actualites\/le-real-madrid-place-la-star-de-la-bundesliga-sur-la-liste-restreinte-des-transferts-dete-mais-fait-face-a-la-menace-dun-interet-concret-de-la-part-de-ses-principaux-rivaux\/#article\",\"isPartOf\":{\"@id\":\"https:\/\/footdavant.fr\/actualites\/le-real-madrid-place-la-star-de-la-bundesliga-sur-la-liste-restreinte-des-transferts-dete-mais-fait-face-a-la-menace-dun-interet-concret-de-la-part-de-ses-principaux-rivaux\/\"},\"author\":{\"name\":\"Cl\u00e9ment\",\"@id\":\"https:\/\/footdavant.fr\/actualites\/#\/schema\/person\/bc222566d95871b37e597b3ed3ba5e1d\"},\"headline\":\"Le Real Madrid place la star de la Bundesliga sur la liste restreinte des transferts d&#39;\u00e9t\u00e9, mais fait face \u00e0 la menace d&#39;un \u00ab\u00a0int\u00e9r\u00eat concret\u00a0\u00bb de la part de ses principaux rivaux.\",\"datePublished\":\"2025-12-02T08:48:07+00:00\",\"dateModified\":\"2025-12-02T08:48:08+00:00\",\"mainEntityOfPage\":{\"@id\":\"https:\/\/footdavant.fr\/actualites\/le-real-madrid-place-la-star-de-la-bundesliga-sur-la-liste-restreinte-des-transferts-dete-mais-fait-face-a-la-menace-dun-interet-concret-de-la-part-de-ses-principaux-rivaux\/\"},\"wordCount\":471,\"publisher\":{\"@id\":\"https:\/\/footdavant.fr\/actualites\/#organization\"},\"keywords\":[\"Bundesliga\",\"concret\",\"d39\u00e9t\u00e9\",\"d39un\",\"des\",\"face\",\"fait\",\"int\u00e9r\u00eat\",\"liste\",\"Madrid\",\"mais\",\"menace\",\"part\",\"place\",\"principaux\",\"Real\",\"restreinte\",\"rivaux\",\"ses\",\"Star\",\"sur\",\"transferts\"],\"articleSection\":[\"Premier League\"],\"inLanguage\":\"fr-FR\"},{\"@type\":\"WebPage\",\"@id\":\"https:\/\/footdavant.fr\/actualites\/le-real-madrid-place-la-star-de-la-bundesliga-sur-la-liste-restreinte-des-transferts-dete-mais-fait-face-a-la-menace-dun-interet-concret-de-la-part-de-ses-principaux-rivaux\/\",\"url\":\"https:\/\/footdavant.fr\/actualites\/le-real-madrid-place-la-star-de-la-bundesliga-sur-la-liste-restreinte-des-transferts-dete-mais-fait-face-a-la-menace-dun-interet-concret-de-la-part-de-ses-principaux-rivaux\/\",\"name\":\"Le Real Madrid place la star de la Bundesliga sur la liste restreinte des transferts d&#39;\u00e9t\u00e9, mais fait face \u00e0 la menace d&#39;un \\\"int\u00e9r\u00eat concret\\\" de la part de ses principaux rivaux.\",\"isPartOf\":{\"@id\":\"https:\/\/footdavant.fr\/actualites\/#website\"},\"datePublished\":\"2025-12-02T08:48:07+00:00\",\"dateModified\":\"2025-12-02T08:48:08+00:00\",\"breadcrumb\":{\"@id\":\"https:\/\/footdavant.fr\/actualites\/le-real-madrid-place-la-star-de-la-bundesliga-sur-la-liste-restreinte-des-transferts-dete-mais-fait-face-a-la-menace-dun-interet-concret-de-la-part-de-ses-principaux-rivaux\/#breadcrumb\"},\"inLanguage\":\"fr-FR\",\"potentialAction\":[{\"@type\":\"ReadAction\",\"target\":[\"https:\/\/footdavant.fr\/actualites\/le-real-madrid-place-la-star-de-la-bundesliga-sur-la-liste-restreinte-des-transferts-dete-mais-fait-face-a-la-menace-dun-interet-concret-de-la-part-de-ses-principaux-rivaux\/\"]}]},{\"@type\":\"BreadcrumbList\",\"@id\":\"https:\/\/footdavant.fr\/actualites\/le-real-madrid-place-la-star-de-la-bundesliga-sur-la-liste-restreinte-des-transferts-dete-mais-fait-face-a-la-menace-dun-interet-concret-de-la-part-de-ses-principaux-rivaux\/#breadcrumb\",\"itemListElement\":[{\"@type\":\"ListItem\",\"position\":1,\"name\":\"Accueil\",\"item\":\"https:\/\/footdavant.fr\/actualites\/\"},{\"@type\":\"ListItem\",\"position\":2,\"name\":\"Le Real Madrid place la star de la Bundesliga sur la liste restreinte des transferts d&#39;\u00e9t\u00e9, mais fait face \u00e0 la menace d&#39;un \u00ab\u00a0int\u00e9r\u00eat concret\u00a0\u00bb de la part de ses principaux rivaux.\"}]},{\"@type\":\"WebSite\",\"@id\":\"https:\/\/footdavant.fr\/actualites\/#website\",\"url\":\"https:\/\/footdavant.fr\/actualites\/\",\"name\":\"Foot d'avant\",\"description\":\"\",\"publisher\":{\"@id\":\"https:\/\/footdavant.fr\/actualites\/#organization\"},\"potentialAction\":[{\"@type\":\"SearchAction\",\"target\":{\"@type\":\"EntryPoint\",\"urlTemplate\":\"https:\/\/footdavant.fr\/actualites\/?s={search_term_string}\"},\"query-input\":\"required name=search_term_string\"}],\"inLanguage\":\"fr-FR\"},{\"@type\":\"Organization\",\"@id\":\"https:\/\/footdavant.fr\/actualites\/#organization\",\"name\":\"Foot d'avant\",\"url\":\"https:\/\/footdavant.fr\/actualites\/\",\"logo\":{\"@type\":\"ImageObject\",\"inLanguage\":\"fr-FR\",\"@id\":\"https:\/\/footdavant.fr\/actualites\/#\/schema\/logo\/image\/\",\"url\":\"https:\/\/footdavant.fr\/actualites\/wp-content\/uploads\/2023\/09\/Copy-of-FootDavant-Logo.png\",\"contentUrl\":\"https:\/\/footdavant.fr\/actualites\/wp-content\/uploads\/2023\/09\/Copy-of-FootDavant-Logo.png\",\"width\":936,\"height\":549,\"caption\":\"Foot d'avant\"},\"image\":{\"@id\":\"https:\/\/footdavant.fr\/actualites\/#\/schema\/logo\/image\/\"},\"sameAs\":[\"https:\/\/www.facebook.com\/Footdavant\/\",\"https:\/\/twitter.com\/FootdavantFr\",\"https:\/\/www.instagram.com\/footdavant.fr\/\"]},{\"@type\":\"Person\",\"@id\":\"https:\/\/footdavant.fr\/actualites\/#\/schema\/person\/bc222566d95871b37e597b3ed3ba5e1d\",\"name\":\"Cl\u00e9ment\",\"image\":{\"@type\":\"ImageObject\",\"inLanguage\":\"fr-FR\",\"@id\":\"https:\/\/footdavant.fr\/actualites\/#\/schema\/person\/image\/\",\"url\":\"https:\/\/secure.gravatar.com\/avatar\/7728b29aac2719421e1a9159b2254c44?s=96&d=mm&r=g\",\"contentUrl\":\"https:\/\/secure.gravatar.com\/avatar\/7728b29aac2719421e1a9159b2254c44?s=96&d=mm&r=g\",\"caption\":\"Cl\u00e9ment\"},\"sameAs\":[\"https:\/\/footdavant.fr\/\"]}]}<\/script>\n<!-- \/ Yoast SEO plugin. -->","yoast_head_json":{"title":"Le Real Madrid place la star de la Bundesliga sur la liste restreinte des transferts d&#39;\u00e9t\u00e9, mais fait face \u00e0 la menace d&#39;un \"int\u00e9r\u00eat concret\" de la part de ses principaux rivaux.","robots":{"index":"index","follow":"follow","max-snippet":"max-snippet:-1","max-image-preview":"max-image-preview:large","max-video-preview":"max-video-preview:-1"},"canonical":"https:\/\/footdavant.fr\/actualites\/le-real-madrid-place-la-star-de-la-bundesliga-sur-la-liste-restreinte-des-transferts-dete-mais-fait-face-a-la-menace-dun-interet-concret-de-la-part-de-ses-principaux-rivaux\/","og_locale":"fr_FR","og_type":"article","og_title":"Le Real Madrid place la star de la Bundesliga sur la liste restreinte des transferts d&#39;\u00e9t\u00e9, mais fait face \u00e0 la menace d&#39;un \"int\u00e9r\u00eat concret\" de la part de ses principaux rivaux.","og_description":"Le Real Madrid aurait d\u00e9sign\u00e9 le d\u00e9fenseur de l&#39;Eintracht Francfort Nathaniel Brown comme cible pour le mercato de l&#39;\u00e9t\u00e9 prochain. Brown a rejoint Francfort en","og_url":"https:\/\/footdavant.fr\/actualites\/le-real-madrid-place-la-star-de-la-bundesliga-sur-la-liste-restreinte-des-transferts-dete-mais-fait-face-a-la-menace-dun-interet-concret-de-la-part-de-ses-principaux-rivaux\/","og_site_name":"Foot d&#039;avant","article_publisher":"https:\/\/www.facebook.com\/Footdavant\/","article_published_time":"2025-12-02T08:48:07+00:00","article_modified_time":"2025-12-02T08:48:08+00:00","og_image":[{"width":720,"height":410,"url":"https:\/\/footdavant.fr\/actualites\/wp-content\/uploads\/2025\/12\/Le-Real-Madrid-place-la-star-de-la-Bundesliga-sur.net2Fuploads2F20252F122Fbrown-692e27900b.webp","type":"image\/webp"}],"author":"Cl\u00e9ment","twitter_card":"summary_large_image","twitter_creator":"@FootdavantFr","twitter_site":"@FootdavantFr","twitter_misc":{"\u00c9crit par":"Cl\u00e9ment","Dur\u00e9e de lecture estim\u00e9e":"2 minutes"},"schema":{"@context":"https:\/\/schema.org","@graph":[{"@type":"Article","@id":"https:\/\/footdavant.fr\/actualites\/le-real-madrid-place-la-star-de-la-bundesliga-sur-la-liste-restreinte-des-transferts-dete-mais-fait-face-a-la-menace-dun-interet-concret-de-la-part-de-ses-principaux-rivaux\/#article","isPartOf":{"@id":"https:\/\/footdavant.fr\/actualites\/le-real-madrid-place-la-star-de-la-bundesliga-sur-la-liste-restreinte-des-transferts-dete-mais-fait-face-a-la-menace-dun-interet-concret-de-la-part-de-ses-principaux-rivaux\/"},"author":{"name":"Cl\u00e9ment","@id":"https:\/\/footdavant.fr\/actualites\/#\/schema\/person\/bc222566d95871b37e597b3ed3ba5e1d"},"headline":"Le Real Madrid place la star de la Bundesliga sur la liste restreinte des transferts d&#39;\u00e9t\u00e9, mais fait face \u00e0 la menace d&#39;un \u00ab\u00a0int\u00e9r\u00eat concret\u00a0\u00bb de la part de ses principaux rivaux.","datePublished":"2025-12-02T08:48:07+00:00","dateModified":"2025-12-02T08:48:08+00:00","mainEntityOfPage":{"@id":"https:\/\/footdavant.fr\/actualites\/le-real-madrid-place-la-star-de-la-bundesliga-sur-la-liste-restreinte-des-transferts-dete-mais-fait-face-a-la-menace-dun-interet-concret-de-la-part-de-ses-principaux-rivaux\/"},"wordCount":471,"publisher":{"@id":"https:\/\/footdavant.fr\/actualites\/#organization"},"keywords":["Bundesliga","concret","d39\u00e9t\u00e9","d39un","des","face","fait","int\u00e9r\u00eat","liste","Madrid","mais","menace","part","place","principaux","Real","restreinte","rivaux","ses","Star","sur","transferts"],"articleSection":["Premier League"],"inLanguage":"fr-FR"},{"@type":"WebPage","@id":"https:\/\/footdavant.fr\/actualites\/le-real-madrid-place-la-star-de-la-bundesliga-sur-la-liste-restreinte-des-transferts-dete-mais-fait-face-a-la-menace-dun-interet-concret-de-la-part-de-ses-principaux-rivaux\/","url":"https:\/\/footdavant.fr\/actualites\/le-real-madrid-place-la-star-de-la-bundesliga-sur-la-liste-restreinte-des-transferts-dete-mais-fait-face-a-la-menace-dun-interet-concret-de-la-part-de-ses-principaux-rivaux\/","name":"Le Real Madrid place la star de la Bundesliga sur la liste restreinte des transferts d&#39;\u00e9t\u00e9, mais fait face \u00e0 la menace d&#39;un \"int\u00e9r\u00eat concret\" de la part de ses principaux rivaux.","isPartOf":{"@id":"https:\/\/footdavant.fr\/actualites\/#website"},"datePublished":"2025-12-02T08:48:07+00:00","dateModified":"2025-12-02T08:48:08+00:00","breadcrumb":{"@id":"https:\/\/footdavant.fr\/actualites\/le-real-madrid-place-la-star-de-la-bundesliga-sur-la-liste-restreinte-des-transferts-dete-mais-fait-face-a-la-menace-dun-interet-concret-de-la-part-de-ses-principaux-rivaux\/#breadcrumb"},"inLanguage":"fr-FR","potentialAction":[{"@type":"ReadAction","target":["https:\/\/footdavant.fr\/actualites\/le-real-madrid-place-la-star-de-la-bundesliga-sur-la-liste-restreinte-des-transferts-dete-mais-fait-face-a-la-menace-dun-interet-concret-de-la-part-de-ses-principaux-rivaux\/"]}]},{"@type":"BreadcrumbList","@id":"https:\/\/footdavant.fr\/actualites\/le-real-madrid-place-la-star-de-la-bundesliga-sur-la-liste-restreinte-des-transferts-dete-mais-fait-face-a-la-menace-dun-interet-concret-de-la-part-de-ses-principaux-rivaux\/#breadcrumb","itemListElement":[{"@type":"ListItem","position":1,"name":"Accueil","item":"https:\/\/footdavant.fr\/actualites\/"},{"@type":"ListItem","position":2,"name":"Le Real Madrid place la star de la Bundesliga sur la liste restreinte des transferts d&#39;\u00e9t\u00e9, mais fait face \u00e0 la menace d&#39;un \u00ab\u00a0int\u00e9r\u00eat concret\u00a0\u00bb de la part de ses principaux rivaux."}]},{"@type":"WebSite","@id":"https:\/\/footdavant.fr\/actualites\/#website","url":"https:\/\/footdavant.fr\/actualites\/","name":"Foot d'avant","description":"","publisher":{"@id":"https:\/\/footdavant.fr\/actualites\/#organization"},"potentialAction":[{"@type":"SearchAction","target":{"@type":"EntryPoint","urlTemplate":"https:\/\/footdavant.fr\/actualites\/?s={search_term_string}"},"query-input":"required name=search_term_string"}],"inLanguage":"fr-FR"},{"@type":"Organization","@id":"https:\/\/footdavant.fr\/actualites\/#organization","name":"Foot d'avant","url":"https:\/\/footdavant.fr\/actualites\/","logo":{"@type":"ImageObject","inLanguage":"fr-FR","@id":"https:\/\/footdavant.fr\/actualites\/#\/schema\/logo\/image\/","url":"https:\/\/footdavant.fr\/actualites\/wp-content\/uploads\/2023\/09\/Copy-of-FootDavant-Logo.png","contentUrl":"https:\/\/footdavant.fr\/actualites\/wp-content\/uploads\/2023\/09\/Copy-of-FootDavant-Logo.png","width":936,"height":549,"caption":"Foot d'avant"},"image":{"@id":"https:\/\/footdavant.fr\/actualites\/#\/schema\/logo\/image\/"},"sameAs":["https:\/\/www.facebook.com\/Footdavant\/","https:\/\/twitter.com\/FootdavantFr","https:\/\/www.instagram.com\/footdavant.fr\/"]},{"@type":"Person","@id":"https:\/\/footdavant.fr\/actualites\/#\/schema\/person\/bc222566d95871b37e597b3ed3ba5e1d","name":"Cl\u00e9ment","image":{"@type":"ImageObject","inLanguage":"fr-FR","@id":"https:\/\/footdavant.fr\/actualites\/#\/schema\/person\/image\/","url":"https:\/\/secure.gravatar.com\/avatar\/7728b29aac2719421e1a9159b2254c44?s=96&d=mm&r=g","contentUrl":"https:\/\/secure.gravatar.com\/avatar\/7728b29aac2719421e1a9159b2254c44?s=96&d=mm&r=g","caption":"Cl\u00e9ment"},"sameAs":["https:\/\/footdavant.fr\/"]}]}},"_links":{"self":[{"href":"https:\/\/footdavant.fr\/actualites\/wp-json\/wp\/v2\/posts\/31931"}],"collection":[{"href":"https:\/\/footdavant.fr\/actualites\/wp-json\/wp\/v2\/posts"}],"about":[{"href":"https:\/\/footdavant.fr\/actualites\/wp-json\/wp\/v2\/types\/post"}],"author":[{"embeddable":true,"href":"https:\/\/footdavant.fr\/actualites\/wp-json\/wp\/v2\/users\/1"}],"replies":[{"embeddable":true,"href":"https:\/\/footdavant.fr\/actualites\/wp-json\/wp\/v2\/comments?post=31931"}],"version-history":[{"count":1,"href":"https:\/\/footdavant.fr\/actualites\/wp-json\/wp\/v2\/posts\/31931\/revisions"}],"predecessor-version":[{"id":31933,"href":"https:\/\/footdavant.fr\/actualites\/wp-json\/wp\/v2\/posts\/31931\/revisions\/31933"}],"wp:featuredmedia":[{"embeddable":true,"href":"https:\/\/footdavant.fr\/actualites\/wp-json\/wp\/v2\/media\/31932"}],"wp:attachment":[{"href":"https:\/\/footdavant.fr\/actualites\/wp-json\/wp\/v2\/media?parent=31931"}],"wp:term":[{"taxonomy":"category","embeddable":true,"href":"https:\/\/footdavant.fr\/actualites\/wp-json\/wp\/v2\/categories?post=31931"},{"taxonomy":"post_tag","embeddable":true,"href":"https:\/\/footdavant.fr\/actualites\/wp-json\/wp\/v2\/tags?post=31931"}],"curies":[{"name":"wp","href":"https:\/\/api.w.org\/{rel}","templated":true}]}}