{"id":320,"date":"2023-11-05T06:16:10","date_gmt":"2023-11-05T05:16:10","guid":{"rendered":"https:\/\/footdavant.fr\/actualites\/actualites-de-lequipe-darsenal-blessure-liste-de-suspension-contre-west-ham-united\/"},"modified":"2023-11-05T06:16:10","modified_gmt":"2023-11-05T05:16:10","slug":"actualites-de-lequipe-darsenal-blessure-liste-de-suspension-contre-west-ham-united","status":"publish","type":"post","link":"https:\/\/footdavant.fr\/actualites\/actualites-de-lequipe-darsenal-blessure-liste-de-suspension-contre-west-ham-united\/","title":{"rendered":"Actualit\u00e9s de l\u2019\u00e9quipe d\u2019Arsenal : Blessure, liste de suspension contre West Ham United"},"content":{"rendered":"<p>Sports Mole rassemble toutes les derni\u00e8res nouvelles sur les blessures et les suspensions d&rsquo;Arsenal avant le choc des huiti\u00e8mes de finale de la Coupe EFL de mercredi avec West Ham United.<\/p>\n<div id=\"article_body\" itemprop=\"articleBody\">\n<p class=\"firstPara\"><strong class=\"autotag\">Arsenal<\/strong> chercher un passage s\u00fbr vers les quarts de finale du <strong class=\"autotag\">Coupe EFL<\/strong> quand ils se dirigent vers le stade de Londres pour un rendez-vous en huiti\u00e8mes de finale avec <strong class=\"autotag\">West Ham United<\/strong> mercredi soir.<\/p>\n<p><strong class=\"autotag\">Mikel Arteta<\/strong>Les troupes de Brentford se sont faufil\u00e9es 1-0 lors de leur match d&rsquo;ouverture \u00e0 \u00e9limination directe en septembre, gr\u00e2ce \u00e0 un <strong class=\"autotag\">Reiss Nelson<\/strong> effort et plusieurs interventions cruciales de <strong class=\"autotag\">Aaron Ramsdale<\/strong>.<\/p>\n<p>Les Gunners se sont pr\u00e9par\u00e9s pour le derby de Londres en battant Sheffield United 5-0 \u00e0 domicile en Premier League, restant invaincus dans la division gr\u00e2ce \u00e0 un <strong class=\"autotag\">Eddie Nketiah<\/strong> triples et frappes tardives de <strong class=\"autotag\">Fabio Vieira<\/strong> et <strong class=\"autotag\">Takehiro Tomiyasu<\/strong>.<\/p>\n<p>Ici, <strong>Taupe de sport<\/strong> fait le point sur les blessures et les suspensions d&rsquo;Arsenal avant leur affrontement avec les Hammers, qui ont battu Lincoln City 1-0 lors de leur match de troisi\u00e8me tour.<\/p>\n<hr>\n<p class=\"imgI\">\n<p><strong>Statut:<\/strong> Dehors<br \/><strong>Type de blessure :<\/strong> Genou<br \/><strong>Date de retour possible :<\/strong> Inconnu<\/p>\n<p>Apr\u00e8s que ses d\u00e9buts en Premier League aient \u00e9t\u00e9 brutalement interrompus en ao\u00fbt, Jurrien Timber a \u00e9t\u00e9 confirm\u00e9 avoir subi une blessure au LCA, et il reste \u00e0 voir si le d\u00e9fenseur n\u00e9erlandais pourra revenir avant la fin de la campagne 2023-24.<\/p>\n<hr>\n<p class=\"imgI\"><img decoding=\"async\" loading=\"lazy\" class=\"l\" src=\"https:\/\/footdavant.fr\/actualites\/wp-content\/uploads\/2023\/11\/1699161370_903_Actualites-de-lequipe-dArsenal-Blessure-liste-de-suspension-contre.jpg\" title=\"Gabriel Jesus d'Arsenal re\u00e7oit des soins m\u00e9dicaux apr\u00e8s avoir \u00e9t\u00e9 bless\u00e9 le 24 octobre 2023\" alt=\"Gabriel Jesus d'Arsenal re\u00e7oit des soins m\u00e9dicaux apr\u00e8s avoir \u00e9t\u00e9 bless\u00e9 le 24 octobre 2023\" width=\"640\" height=\"480\"><\/p>\n<p><strong>Statut:<\/strong> Dehors<br \/><strong>Type de blessure :<\/strong> Tendon<br \/><strong>Date de retour possible :<\/strong> 25 novembre (contre Brentford)<\/p>\n<p>Apr\u00e8s avoir inscrit un but et une passe d\u00e9cisive contre S\u00e9ville en Ligue des champions, Gabriel Jesus a quitt\u00e9 le terrain de l&rsquo;Estadio Ramon Sanchez Pizjuan avec un probl\u00e8me aux ischio-jambiers, qui, comme Arteta l&rsquo;a confirm\u00e9, le mettra \u00e0 l&rsquo;\u00e9cart pendant \u00ab\u00a0quelques semaines\u00a0\u00bb.<\/p>\n<hr>\n<p class=\"imgI\"><img decoding=\"async\" loading=\"lazy\" class=\"l\" src=\"https:\/\/footdavant.fr\/actualites\/wp-content\/uploads\/2023\/11\/Actualites-de-lequipe-dArsenal-Blessure-liste-de-suspension-contre.jpeg\" title=\"Thomas Partey en action pour Arsenal le 20 octobre 2022\" alt=\"Thomas Partey en action pour Arsenal le 20 octobre 2022\" width=\"640\" height=\"480\"><\/p>\n<p><strong>Statut:<\/strong> Dehors<br \/><strong>Type de blessure :<\/strong> Muscle<br \/><strong>Date de retour possible :<\/strong> 25 novembre (contre Brentford)<\/p>\n<p>De m\u00eame, Thomas Partey ne sera pas disponible pour le moment en raison d&rsquo;une blessure musculaire qu&rsquo;il a r\u00e9cemment subie \u00e0 l&rsquo;entra\u00eenement, mais l&rsquo;international ghan\u00e9en pourrait viser un retour apr\u00e8s la prochaine tr\u00eave internationale.<\/p>\n<hr>\n<p><strong><\/p>\n<h2>LISTE DE SUSPENSION D&rsquo;ARSENAL<\/h2>\n<p><\/strong><\/p>\n<p>Arsenal n&rsquo;a aucun joueur suspendu pour ce match.<\/p>\n<\/div>\n","protected":false},"excerpt":{"rendered":"<p>Sports Mole rassemble toutes les derni\u00e8res nouvelles sur les blessures et les suspensions d&rsquo;Arsenal avant le choc des huiti\u00e8mes de finale de la Coupe EFL<\/p>\n","protected":false},"author":1,"featured_media":321,"comment_status":"closed","ping_status":"","sticky":false,"template":"","format":"standard","meta":{"footnotes":""},"categories":[5],"tags":[7,15,20,59,286,9,17,18,13,285],"yoast_head":"<!-- This site is optimized with the Yoast SEO plugin v21.0 - https:\/\/yoast.com\/wordpress\/plugins\/seo\/ -->\n<title>Actualit\u00e9s de l\u2019\u00e9quipe d\u2019Arsenal : Blessure, liste de suspension contre West Ham United<\/title>\n<meta name=\"robots\" content=\"index, follow, max-snippet:-1, max-image-preview:large, max-video-preview:-1\" \/>\n<link rel=\"canonical\" href=\"https:\/\/footdavant.fr\/actualites\/actualites-de-lequipe-darsenal-blessure-liste-de-suspension-contre-west-ham-united\/\" \/>\n<meta property=\"og:locale\" content=\"fr_FR\" \/>\n<meta property=\"og:type\" content=\"article\" \/>\n<meta property=\"og:title\" content=\"Actualit\u00e9s de l\u2019\u00e9quipe d\u2019Arsenal : Blessure, liste de suspension contre West Ham United\" \/>\n<meta property=\"og:description\" content=\"Sports Mole rassemble toutes les derni\u00e8res nouvelles sur les blessures et les suspensions d&rsquo;Arsenal avant le choc des huiti\u00e8mes de finale de la Coupe EFL\" \/>\n<meta property=\"og:url\" content=\"https:\/\/footdavant.fr\/actualites\/actualites-de-lequipe-darsenal-blessure-liste-de-suspension-contre-west-ham-united\/\" \/>\n<meta property=\"og:site_name\" content=\"Foot d&#039;avant\" \/>\n<meta property=\"article:publisher\" content=\"https:\/\/www.facebook.com\/Footdavant\/\" \/>\n<meta property=\"article:published_time\" content=\"2023-11-05T05:16:10+00:00\" \/>\n<meta property=\"og:image\" content=\"https:\/\/footdavant.fr\/actualites\/wp-content\/uploads\/2023\/11\/Actualites-de-lequipe-dArsenal-Blessure-liste-de-suspension-contre.jpg\" \/>\n\t<meta property=\"og:image:width\" content=\"640\" \/>\n\t<meta property=\"og:image:height\" content=\"480\" \/>\n\t<meta property=\"og:image:type\" content=\"image\/jpeg\" \/>\n<meta name=\"author\" content=\"Cl\u00e9ment\" \/>\n<meta name=\"twitter:card\" content=\"summary_large_image\" \/>\n<meta name=\"twitter:creator\" content=\"@FootdavantFr\" \/>\n<meta name=\"twitter:site\" content=\"@FootdavantFr\" \/>\n<meta name=\"twitter:label1\" content=\"\u00c9crit par\" \/>\n\t<meta name=\"twitter:data1\" content=\"Cl\u00e9ment\" \/>\n\t<meta name=\"twitter:label2\" content=\"Dur\u00e9e de lecture estim\u00e9e\" \/>\n\t<meta name=\"twitter:data2\" content=\"2 minutes\" \/>\n<script type=\"application\/ld+json\" class=\"yoast-schema-graph\">{\"@context\":\"https:\/\/schema.org\",\"@graph\":[{\"@type\":\"Article\",\"@id\":\"https:\/\/footdavant.fr\/actualites\/actualites-de-lequipe-darsenal-blessure-liste-de-suspension-contre-west-ham-united\/#article\",\"isPartOf\":{\"@id\":\"https:\/\/footdavant.fr\/actualites\/actualites-de-lequipe-darsenal-blessure-liste-de-suspension-contre-west-ham-united\/\"},\"author\":{\"name\":\"Cl\u00e9ment\",\"@id\":\"https:\/\/footdavant.fr\/actualites\/#\/schema\/person\/bc222566d95871b37e597b3ed3ba5e1d\"},\"headline\":\"Actualit\u00e9s de l\u2019\u00e9quipe d\u2019Arsenal : Blessure, liste de suspension contre West Ham United\",\"datePublished\":\"2023-11-05T05:16:10+00:00\",\"dateModified\":\"2023-11-05T05:16:10+00:00\",\"mainEntityOfPage\":{\"@id\":\"https:\/\/footdavant.fr\/actualites\/actualites-de-lequipe-darsenal-blessure-liste-de-suspension-contre-west-ham-united\/\"},\"wordCount\":373,\"publisher\":{\"@id\":\"https:\/\/footdavant.fr\/actualites\/#organization\"},\"keywords\":[\"Actualit\u00e9s\",\"Blessure\",\"contre\",\"dArsenal\",\"Ham\",\"l\u00e9quipe\",\"liste\",\"suspension\",\"United\",\"West\"],\"articleSection\":[\"Premier League\"],\"inLanguage\":\"fr-FR\"},{\"@type\":\"WebPage\",\"@id\":\"https:\/\/footdavant.fr\/actualites\/actualites-de-lequipe-darsenal-blessure-liste-de-suspension-contre-west-ham-united\/\",\"url\":\"https:\/\/footdavant.fr\/actualites\/actualites-de-lequipe-darsenal-blessure-liste-de-suspension-contre-west-ham-united\/\",\"name\":\"Actualit\u00e9s de l\u2019\u00e9quipe d\u2019Arsenal : Blessure, liste de suspension contre West Ham United\",\"isPartOf\":{\"@id\":\"https:\/\/footdavant.fr\/actualites\/#website\"},\"datePublished\":\"2023-11-05T05:16:10+00:00\",\"dateModified\":\"2023-11-05T05:16:10+00:00\",\"breadcrumb\":{\"@id\":\"https:\/\/footdavant.fr\/actualites\/actualites-de-lequipe-darsenal-blessure-liste-de-suspension-contre-west-ham-united\/#breadcrumb\"},\"inLanguage\":\"fr-FR\",\"potentialAction\":[{\"@type\":\"ReadAction\",\"target\":[\"https:\/\/footdavant.fr\/actualites\/actualites-de-lequipe-darsenal-blessure-liste-de-suspension-contre-west-ham-united\/\"]}]},{\"@type\":\"BreadcrumbList\",\"@id\":\"https:\/\/footdavant.fr\/actualites\/actualites-de-lequipe-darsenal-blessure-liste-de-suspension-contre-west-ham-united\/#breadcrumb\",\"itemListElement\":[{\"@type\":\"ListItem\",\"position\":1,\"name\":\"Accueil\",\"item\":\"https:\/\/footdavant.fr\/actualites\/\"},{\"@type\":\"ListItem\",\"position\":2,\"name\":\"Actualit\u00e9s de l\u2019\u00e9quipe d\u2019Arsenal : Blessure, liste de suspension contre West Ham United\"}]},{\"@type\":\"WebSite\",\"@id\":\"https:\/\/footdavant.fr\/actualites\/#website\",\"url\":\"https:\/\/footdavant.fr\/actualites\/\",\"name\":\"Foot d'avant\",\"description\":\"\",\"publisher\":{\"@id\":\"https:\/\/footdavant.fr\/actualites\/#organization\"},\"potentialAction\":[{\"@type\":\"SearchAction\",\"target\":{\"@type\":\"EntryPoint\",\"urlTemplate\":\"https:\/\/footdavant.fr\/actualites\/?s={search_term_string}\"},\"query-input\":\"required name=search_term_string\"}],\"inLanguage\":\"fr-FR\"},{\"@type\":\"Organization\",\"@id\":\"https:\/\/footdavant.fr\/actualites\/#organization\",\"name\":\"Foot d'avant\",\"url\":\"https:\/\/footdavant.fr\/actualites\/\",\"logo\":{\"@type\":\"ImageObject\",\"inLanguage\":\"fr-FR\",\"@id\":\"https:\/\/footdavant.fr\/actualites\/#\/schema\/logo\/image\/\",\"url\":\"https:\/\/footdavant.fr\/actualites\/wp-content\/uploads\/2023\/09\/Copy-of-FootDavant-Logo.png\",\"contentUrl\":\"https:\/\/footdavant.fr\/actualites\/wp-content\/uploads\/2023\/09\/Copy-of-FootDavant-Logo.png\",\"width\":936,\"height\":549,\"caption\":\"Foot d'avant\"},\"image\":{\"@id\":\"https:\/\/footdavant.fr\/actualites\/#\/schema\/logo\/image\/\"},\"sameAs\":[\"https:\/\/www.facebook.com\/Footdavant\/\",\"https:\/\/twitter.com\/FootdavantFr\",\"https:\/\/www.instagram.com\/footdavant.fr\/\"]},{\"@type\":\"Person\",\"@id\":\"https:\/\/footdavant.fr\/actualites\/#\/schema\/person\/bc222566d95871b37e597b3ed3ba5e1d\",\"name\":\"Cl\u00e9ment\",\"image\":{\"@type\":\"ImageObject\",\"inLanguage\":\"fr-FR\",\"@id\":\"https:\/\/footdavant.fr\/actualites\/#\/schema\/person\/image\/\",\"url\":\"https:\/\/secure.gravatar.com\/avatar\/7728b29aac2719421e1a9159b2254c44?s=96&d=mm&r=g\",\"contentUrl\":\"https:\/\/secure.gravatar.com\/avatar\/7728b29aac2719421e1a9159b2254c44?s=96&d=mm&r=g\",\"caption\":\"Cl\u00e9ment\"},\"sameAs\":[\"https:\/\/footdavant.fr\/\"]}]}<\/script>\n<!-- \/ Yoast SEO plugin. -->","yoast_head_json":{"title":"Actualit\u00e9s de l\u2019\u00e9quipe d\u2019Arsenal : Blessure, liste de suspension contre West Ham United","robots":{"index":"index","follow":"follow","max-snippet":"max-snippet:-1","max-image-preview":"max-image-preview:large","max-video-preview":"max-video-preview:-1"},"canonical":"https:\/\/footdavant.fr\/actualites\/actualites-de-lequipe-darsenal-blessure-liste-de-suspension-contre-west-ham-united\/","og_locale":"fr_FR","og_type":"article","og_title":"Actualit\u00e9s de l\u2019\u00e9quipe d\u2019Arsenal : Blessure, liste de suspension contre West Ham United","og_description":"Sports Mole rassemble toutes les derni\u00e8res nouvelles sur les blessures et les suspensions d&rsquo;Arsenal avant le choc des huiti\u00e8mes de finale de la Coupe EFL","og_url":"https:\/\/footdavant.fr\/actualites\/actualites-de-lequipe-darsenal-blessure-liste-de-suspension-contre-west-ham-united\/","og_site_name":"Foot d&#039;avant","article_publisher":"https:\/\/www.facebook.com\/Footdavant\/","article_published_time":"2023-11-05T05:16:10+00:00","og_image":[{"width":640,"height":480,"url":"https:\/\/footdavant.fr\/actualites\/wp-content\/uploads\/2023\/11\/Actualites-de-lequipe-dArsenal-Blessure-liste-de-suspension-contre.jpg","type":"image\/jpeg"}],"author":"Cl\u00e9ment","twitter_card":"summary_large_image","twitter_creator":"@FootdavantFr","twitter_site":"@FootdavantFr","twitter_misc":{"\u00c9crit par":"Cl\u00e9ment","Dur\u00e9e de lecture estim\u00e9e":"2 minutes"},"schema":{"@context":"https:\/\/schema.org","@graph":[{"@type":"Article","@id":"https:\/\/footdavant.fr\/actualites\/actualites-de-lequipe-darsenal-blessure-liste-de-suspension-contre-west-ham-united\/#article","isPartOf":{"@id":"https:\/\/footdavant.fr\/actualites\/actualites-de-lequipe-darsenal-blessure-liste-de-suspension-contre-west-ham-united\/"},"author":{"name":"Cl\u00e9ment","@id":"https:\/\/footdavant.fr\/actualites\/#\/schema\/person\/bc222566d95871b37e597b3ed3ba5e1d"},"headline":"Actualit\u00e9s de l\u2019\u00e9quipe d\u2019Arsenal : Blessure, liste de suspension contre West Ham United","datePublished":"2023-11-05T05:16:10+00:00","dateModified":"2023-11-05T05:16:10+00:00","mainEntityOfPage":{"@id":"https:\/\/footdavant.fr\/actualites\/actualites-de-lequipe-darsenal-blessure-liste-de-suspension-contre-west-ham-united\/"},"wordCount":373,"publisher":{"@id":"https:\/\/footdavant.fr\/actualites\/#organization"},"keywords":["Actualit\u00e9s","Blessure","contre","dArsenal","Ham","l\u00e9quipe","liste","suspension","United","West"],"articleSection":["Premier League"],"inLanguage":"fr-FR"},{"@type":"WebPage","@id":"https:\/\/footdavant.fr\/actualites\/actualites-de-lequipe-darsenal-blessure-liste-de-suspension-contre-west-ham-united\/","url":"https:\/\/footdavant.fr\/actualites\/actualites-de-lequipe-darsenal-blessure-liste-de-suspension-contre-west-ham-united\/","name":"Actualit\u00e9s de l\u2019\u00e9quipe d\u2019Arsenal : Blessure, liste de suspension contre West Ham United","isPartOf":{"@id":"https:\/\/footdavant.fr\/actualites\/#website"},"datePublished":"2023-11-05T05:16:10+00:00","dateModified":"2023-11-05T05:16:10+00:00","breadcrumb":{"@id":"https:\/\/footdavant.fr\/actualites\/actualites-de-lequipe-darsenal-blessure-liste-de-suspension-contre-west-ham-united\/#breadcrumb"},"inLanguage":"fr-FR","potentialAction":[{"@type":"ReadAction","target":["https:\/\/footdavant.fr\/actualites\/actualites-de-lequipe-darsenal-blessure-liste-de-suspension-contre-west-ham-united\/"]}]},{"@type":"BreadcrumbList","@id":"https:\/\/footdavant.fr\/actualites\/actualites-de-lequipe-darsenal-blessure-liste-de-suspension-contre-west-ham-united\/#breadcrumb","itemListElement":[{"@type":"ListItem","position":1,"name":"Accueil","item":"https:\/\/footdavant.fr\/actualites\/"},{"@type":"ListItem","position":2,"name":"Actualit\u00e9s de l\u2019\u00e9quipe d\u2019Arsenal : Blessure, liste de suspension contre West Ham United"}]},{"@type":"WebSite","@id":"https:\/\/footdavant.fr\/actualites\/#website","url":"https:\/\/footdavant.fr\/actualites\/","name":"Foot d'avant","description":"","publisher":{"@id":"https:\/\/footdavant.fr\/actualites\/#organization"},"potentialAction":[{"@type":"SearchAction","target":{"@type":"EntryPoint","urlTemplate":"https:\/\/footdavant.fr\/actualites\/?s={search_term_string}"},"query-input":"required name=search_term_string"}],"inLanguage":"fr-FR"},{"@type":"Organization","@id":"https:\/\/footdavant.fr\/actualites\/#organization","name":"Foot d'avant","url":"https:\/\/footdavant.fr\/actualites\/","logo":{"@type":"ImageObject","inLanguage":"fr-FR","@id":"https:\/\/footdavant.fr\/actualites\/#\/schema\/logo\/image\/","url":"https:\/\/footdavant.fr\/actualites\/wp-content\/uploads\/2023\/09\/Copy-of-FootDavant-Logo.png","contentUrl":"https:\/\/footdavant.fr\/actualites\/wp-content\/uploads\/2023\/09\/Copy-of-FootDavant-Logo.png","width":936,"height":549,"caption":"Foot d'avant"},"image":{"@id":"https:\/\/footdavant.fr\/actualites\/#\/schema\/logo\/image\/"},"sameAs":["https:\/\/www.facebook.com\/Footdavant\/","https:\/\/twitter.com\/FootdavantFr","https:\/\/www.instagram.com\/footdavant.fr\/"]},{"@type":"Person","@id":"https:\/\/footdavant.fr\/actualites\/#\/schema\/person\/bc222566d95871b37e597b3ed3ba5e1d","name":"Cl\u00e9ment","image":{"@type":"ImageObject","inLanguage":"fr-FR","@id":"https:\/\/footdavant.fr\/actualites\/#\/schema\/person\/image\/","url":"https:\/\/secure.gravatar.com\/avatar\/7728b29aac2719421e1a9159b2254c44?s=96&d=mm&r=g","contentUrl":"https:\/\/secure.gravatar.com\/avatar\/7728b29aac2719421e1a9159b2254c44?s=96&d=mm&r=g","caption":"Cl\u00e9ment"},"sameAs":["https:\/\/footdavant.fr\/"]}]}},"_links":{"self":[{"href":"https:\/\/footdavant.fr\/actualites\/wp-json\/wp\/v2\/posts\/320"}],"collection":[{"href":"https:\/\/footdavant.fr\/actualites\/wp-json\/wp\/v2\/posts"}],"about":[{"href":"https:\/\/footdavant.fr\/actualites\/wp-json\/wp\/v2\/types\/post"}],"author":[{"embeddable":true,"href":"https:\/\/footdavant.fr\/actualites\/wp-json\/wp\/v2\/users\/1"}],"replies":[{"embeddable":true,"href":"https:\/\/footdavant.fr\/actualites\/wp-json\/wp\/v2\/comments?post=320"}],"version-history":[{"count":1,"href":"https:\/\/footdavant.fr\/actualites\/wp-json\/wp\/v2\/posts\/320\/revisions"}],"predecessor-version":[{"id":322,"href":"https:\/\/footdavant.fr\/actualites\/wp-json\/wp\/v2\/posts\/320\/revisions\/322"}],"wp:featuredmedia":[{"embeddable":true,"href":"https:\/\/footdavant.fr\/actualites\/wp-json\/wp\/v2\/media\/321"}],"wp:attachment":[{"href":"https:\/\/footdavant.fr\/actualites\/wp-json\/wp\/v2\/media?parent=320"}],"wp:term":[{"taxonomy":"category","embeddable":true,"href":"https:\/\/footdavant.fr\/actualites\/wp-json\/wp\/v2\/categories?post=320"},{"taxonomy":"post_tag","embeddable":true,"href":"https:\/\/footdavant.fr\/actualites\/wp-json\/wp\/v2\/tags?post=320"}],"curies":[{"name":"wp","href":"https:\/\/api.w.org\/{rel}","templated":true}]}}