{"id":32193,"date":"2025-12-09T21:48:14","date_gmt":"2025-12-09T20:48:14","guid":{"rendered":"https:\/\/footdavant.fr\/actualites\/man-utd-dans-une-chasse-a-cinq-equipes-pour-le-roi-assistant-de-22-ans-alors-que-ruben-amorim-apprend-la-reponse-au-transfert-de-janvier\/"},"modified":"2025-12-09T21:48:15","modified_gmt":"2025-12-09T20:48:15","slug":"man-utd-dans-une-chasse-a-cinq-equipes-pour-le-roi-assistant-de-22-ans-alors-que-ruben-amorim-apprend-la-reponse-au-transfert-de-janvier","status":"publish","type":"post","link":"https:\/\/footdavant.fr\/actualites\/man-utd-dans-une-chasse-a-cinq-equipes-pour-le-roi-assistant-de-22-ans-alors-que-ruben-amorim-apprend-la-reponse-au-transfert-de-janvier\/","title":{"rendered":"Man Utd dans une \u00ab chasse \u00e0 cinq \u00e9quipes \u00bb pour le roi assistant de 22 ans alors que Ruben Amorim apprend la r\u00e9ponse au transfert de janvier"},"content":{"rendered":"<div itemprop=\"articleBody\">\n<p>Manchester United aurait rejoint la course pour recruter un talentueux ailier sud-am\u00e9ricain qui fait des vagues en Jupiler Pro League.<\/p>\n<p>Les Diables Rouges vont bient\u00f4t dire au revoir \u00e0 trois de leurs grands talents, puisque Noussair Mazraoui (Maroc), Amad Diallo (C\u00f4te d&#39;Ivoire) et Bryan Mbeumo (Cameroun) s&#39;envoleront pour participer \u00e0 la Coupe d&#39;Afrique des Nations.<\/p>\n<p>Le trio sera disponible pour le choc de lundi contre Wolverhampton Wanderers, mais Ruben Amorim ne sait pas s&#39;ils seront toujours \u00e0 Manchester pour la confrontation avec Bournemouth le 15 d\u00e9cembre.<\/p>\n<p>Cette derni\u00e8re date marque le d\u00e9but de la p\u00e9riode de rel\u00e2che pour la prochaine CAN, et les absences de Mazraoui, Diallo et Mbeumo r\u00e9duiront les options d&#39;Amorim tant en attaque qu&#39;en lat\u00e9ral pendant plusieurs semaines.<\/p>\n<p>Matheus Cunha, Mason Mount et Bruno Fernandes sont tous capables d&#39;op\u00e9rer derri\u00e8re l&#39;attaquant, tandis que Diogo Dalot devra probablement tenir le fort \u00e0 l&#39;arri\u00e8re droit.<\/p>\n<h2>Man United dans une \u00ab chasse aux transferts \u00e0 cinq \u00e9quipes \u00bb pour l&#39;ailier de 22 ans<\/h2>\n<div>\n<div>\n<div>\n<p>\u00a9 Imago \/ Images d&#39;actualit\u00e9<\/p>\n<\/div>\n<\/div>\n<\/div>\n<p>\u00c0 l&#39;approche du mercato de janvier, Man Utd pourrait se tourner vers le march\u00e9 pour remplacer le trio international, et <em>Discussion en \u00e9quipe<\/em><i> <\/i>affirme avoir \u00e9t\u00e9 alert\u00e9 de la progression de Nilson Angulo d&#39;Anderlecht.<\/p>\n<p>Le joueur de 22 ans a suivi le syst\u00e8me jeunesse de la LDU Quito dans son Argentine natale avant de rejoindre Anderlecht en 2022, alors qu&#39;il commandait une somme d\u00e9risoire de seulement 1,7 million de livres sterling.<\/p>\n<p>Apr\u00e8s quelques saisons d\u00e9cevantes, Angulo a brill\u00e9 au d\u00e9but de la campagne 2025-26, marquant quatre buts et en inscrivant huit autres en 22 matches toutes comp\u00e9titions confondues.<\/p>\n<p>Avec sept passes d\u00e9cisives rien que dans l&#39;\u00e9lite belge, Angulo a inscrit plus de buts que tout autre joueur de la division cette saison, et l&#39;attaquant n\u00e9 en 2003 est \u00e9galement devenu un pilier de l&#39;\u00e9quipe \u00e9quatorienne ces derniers mois.<\/p>\n<p>Angulo joue principalement sur le c\u00f4t\u00e9 gauche, mais il est \u00e9galement \u00e0 l&#39;aise sur le flanc droit, et il a sign\u00e9 un nouveau contrat \u00e0 long terme avec Anderlecht jusqu&#39;en 2029 l&#39;\u00e9t\u00e9 dernier.<\/p>\n<p>Outre Man United, Tottenham Hotspur serait dans la course pour le Sud-Am\u00e9ricain, qui a \u00e9galement attir\u00e9 les regards de Brentford, Brighton &#038; Hove Albion et Leeds United.<\/p>\n<h2>Pourquoi Man Utd pourrait ne pas conclure un accord en janvier pour Nilson Angulo<\/h2>\n<div>\n<div>\n<div><img decoding=\"async\" data-img-id=\"152507\" class=\"lazy\" loading=\"lazy\" src=\"https:\/\/footdavant.fr\/actualites\/wp-content\/uploads\/2025\/12\/Man-Utd-dans-une-chasse-a-cinq-equipes.webp\"\/><\/p>\n<p>\u00a9 Iconsport<\/p>\n<\/div>\n<\/div>\n<\/div>\n<p>D\u00e9sormais un pilier de l&#39;\u00e9quipe d&#39;Anderlecht, Angulo a d\u00e9but\u00e9 16 des 17 matches de championnat des g\u00e9ants belges jusqu&#39;\u00e0 pr\u00e9sent cette saison, attirant ainsi l&#39;attention des entra\u00eeneurs de l&#39;\u00e9quipe nationale.<\/p>\n<p>L&#39;\u00c9quateur participera \u00e0 la Coupe du monde 2026 &#8211; les Tricolores ont \u00e9t\u00e9 plac\u00e9s dans le groupe E avec l&#39;Allemagne, Cura\u00e7ao et la C\u00f4te d&#39;Ivoire &#8211; et Angulo est bien parti pour faire partie de l&#39;\u00e9quipe nationale du Mundial.<\/p>\n<p>En cons\u00e9quence, le joueur de 22 ans pourrait d\u00e9cider de rester \u00e0 Anderlecht pour la seconde moiti\u00e9 de la saison, au lieu de rejoindre un club du calibre de Man Utd et de risquer des minutes et un rendement r\u00e9duits.<\/p>\n<p>Une Coupe du Monde d\u00e9cisive pourrait \u00e9galement aider Anderlecht \u00e0 faire grimper les prix l&#39;\u00e9t\u00e9 prochain, mais \u00e9tant donn\u00e9 son contrat de longue dur\u00e9e, ils ne subissent d\u00e9j\u00e0 aucune pression pour vendre \u00e0 bas prix.<\/p>\n<\/div>\n","protected":false},"excerpt":{"rendered":"<p>Manchester United aurait rejoint la course pour recruter un talentueux ailier sud-am\u00e9ricain qui fait des vagues en Jupiler Pro League. Les Diables Rouges vont bient\u00f4t<\/p>\n","protected":false},"author":1,"featured_media":32194,"comment_status":"closed","ping_status":"","sticky":false,"template":"","format":"standard","meta":{"footnotes":""},"categories":[5],"tags":[318,4477,209,2905,6948,7929,1322,19,242,166,24,51,2005,2583,160,700,92,296],"yoast_head":"<!-- This site is optimized with the Yoast SEO plugin v21.0 - https:\/\/yoast.com\/wordpress\/plugins\/seo\/ -->\n<title>Man Utd dans une \u00ab chasse \u00e0 cinq \u00e9quipes \u00bb pour le roi assistant de 22 ans alors que Ruben Amorim apprend la r\u00e9ponse au transfert de janvier<\/title>\n<meta name=\"robots\" content=\"index, follow, max-snippet:-1, max-image-preview:large, max-video-preview:-1\" \/>\n<link rel=\"canonical\" href=\"https:\/\/footdavant.fr\/actualites\/man-utd-dans-une-chasse-a-cinq-equipes-pour-le-roi-assistant-de-22-ans-alors-que-ruben-amorim-apprend-la-reponse-au-transfert-de-janvier\/\" \/>\n<meta property=\"og:locale\" content=\"fr_FR\" \/>\n<meta property=\"og:type\" content=\"article\" \/>\n<meta property=\"og:title\" content=\"Man Utd dans une \u00ab chasse \u00e0 cinq \u00e9quipes \u00bb pour le roi assistant de 22 ans alors que Ruben Amorim apprend la r\u00e9ponse au transfert de janvier\" \/>\n<meta property=\"og:description\" content=\"Manchester United aurait rejoint la course pour recruter un talentueux ailier sud-am\u00e9ricain qui fait des vagues en Jupiler Pro League. Les Diables Rouges vont bient\u00f4t\" \/>\n<meta property=\"og:url\" content=\"https:\/\/footdavant.fr\/actualites\/man-utd-dans-une-chasse-a-cinq-equipes-pour-le-roi-assistant-de-22-ans-alors-que-ruben-amorim-apprend-la-reponse-au-transfert-de-janvier\/\" \/>\n<meta property=\"og:site_name\" content=\"Foot d&#039;avant\" \/>\n<meta property=\"article:publisher\" content=\"https:\/\/www.facebook.com\/Footdavant\/\" \/>\n<meta property=\"article:published_time\" content=\"2025-12-09T20:48:14+00:00\" \/>\n<meta property=\"article:modified_time\" content=\"2025-12-09T20:48:15+00:00\" \/>\n<meta property=\"og:image\" content=\"https:\/\/footdavant.fr\/actualites\/wp-content\/uploads\/2025\/12\/Man-Utd-dans-une-chasse-a-cinq-equipes.net2Fuploads2F20252F122Ficonsport-265350.webp\" \/>\n\t<meta property=\"og:image:width\" content=\"720\" \/>\n\t<meta property=\"og:image:height\" content=\"410\" \/>\n\t<meta property=\"og:image:type\" content=\"image\/webp\" \/>\n<meta name=\"author\" content=\"Cl\u00e9ment\" \/>\n<meta name=\"twitter:card\" content=\"summary_large_image\" \/>\n<meta name=\"twitter:creator\" content=\"@FootdavantFr\" \/>\n<meta name=\"twitter:site\" content=\"@FootdavantFr\" \/>\n<meta name=\"twitter:label1\" content=\"\u00c9crit par\" \/>\n\t<meta name=\"twitter:data1\" content=\"Cl\u00e9ment\" \/>\n\t<meta name=\"twitter:label2\" content=\"Dur\u00e9e de lecture estim\u00e9e\" \/>\n\t<meta name=\"twitter:data2\" content=\"3 minutes\" \/>\n<script type=\"application\/ld+json\" class=\"yoast-schema-graph\">{\"@context\":\"https:\/\/schema.org\",\"@graph\":[{\"@type\":\"Article\",\"@id\":\"https:\/\/footdavant.fr\/actualites\/man-utd-dans-une-chasse-a-cinq-equipes-pour-le-roi-assistant-de-22-ans-alors-que-ruben-amorim-apprend-la-reponse-au-transfert-de-janvier\/#article\",\"isPartOf\":{\"@id\":\"https:\/\/footdavant.fr\/actualites\/man-utd-dans-une-chasse-a-cinq-equipes-pour-le-roi-assistant-de-22-ans-alors-que-ruben-amorim-apprend-la-reponse-au-transfert-de-janvier\/\"},\"author\":{\"name\":\"Cl\u00e9ment\",\"@id\":\"https:\/\/footdavant.fr\/actualites\/#\/schema\/person\/bc222566d95871b37e597b3ed3ba5e1d\"},\"headline\":\"Man Utd dans une \u00ab chasse \u00e0 cinq \u00e9quipes \u00bb pour le roi assistant de 22 ans alors que Ruben Amorim apprend la r\u00e9ponse au transfert de janvier\",\"datePublished\":\"2025-12-09T20:48:14+00:00\",\"dateModified\":\"2025-12-09T20:48:15+00:00\",\"mainEntityOfPage\":{\"@id\":\"https:\/\/footdavant.fr\/actualites\/man-utd-dans-une-chasse-a-cinq-equipes-pour-le-roi-assistant-de-22-ans-alors-que-ruben-amorim-apprend-la-reponse-au-transfert-de-janvier\/\"},\"wordCount\":586,\"publisher\":{\"@id\":\"https:\/\/footdavant.fr\/actualites\/#organization\"},\"keywords\":[\"alors\",\"Amorim\",\"ans\",\"apprend\",\"assistant\",\"chasse\",\"Cinq\",\"dans\",\"\u00e9quipes\",\"janvier\",\"Man\",\"pour\",\"r\u00e9ponse\",\"roi\",\"Ruben\",\"transfert\",\"une\",\"Utd\"],\"articleSection\":[\"Premier League\"],\"inLanguage\":\"fr-FR\"},{\"@type\":\"WebPage\",\"@id\":\"https:\/\/footdavant.fr\/actualites\/man-utd-dans-une-chasse-a-cinq-equipes-pour-le-roi-assistant-de-22-ans-alors-que-ruben-amorim-apprend-la-reponse-au-transfert-de-janvier\/\",\"url\":\"https:\/\/footdavant.fr\/actualites\/man-utd-dans-une-chasse-a-cinq-equipes-pour-le-roi-assistant-de-22-ans-alors-que-ruben-amorim-apprend-la-reponse-au-transfert-de-janvier\/\",\"name\":\"Man Utd dans une \u00ab chasse \u00e0 cinq \u00e9quipes \u00bb pour le roi assistant de 22 ans alors que Ruben Amorim apprend la r\u00e9ponse au transfert de janvier\",\"isPartOf\":{\"@id\":\"https:\/\/footdavant.fr\/actualites\/#website\"},\"datePublished\":\"2025-12-09T20:48:14+00:00\",\"dateModified\":\"2025-12-09T20:48:15+00:00\",\"breadcrumb\":{\"@id\":\"https:\/\/footdavant.fr\/actualites\/man-utd-dans-une-chasse-a-cinq-equipes-pour-le-roi-assistant-de-22-ans-alors-que-ruben-amorim-apprend-la-reponse-au-transfert-de-janvier\/#breadcrumb\"},\"inLanguage\":\"fr-FR\",\"potentialAction\":[{\"@type\":\"ReadAction\",\"target\":[\"https:\/\/footdavant.fr\/actualites\/man-utd-dans-une-chasse-a-cinq-equipes-pour-le-roi-assistant-de-22-ans-alors-que-ruben-amorim-apprend-la-reponse-au-transfert-de-janvier\/\"]}]},{\"@type\":\"BreadcrumbList\",\"@id\":\"https:\/\/footdavant.fr\/actualites\/man-utd-dans-une-chasse-a-cinq-equipes-pour-le-roi-assistant-de-22-ans-alors-que-ruben-amorim-apprend-la-reponse-au-transfert-de-janvier\/#breadcrumb\",\"itemListElement\":[{\"@type\":\"ListItem\",\"position\":1,\"name\":\"Accueil\",\"item\":\"https:\/\/footdavant.fr\/actualites\/\"},{\"@type\":\"ListItem\",\"position\":2,\"name\":\"Man Utd dans une \u00ab chasse \u00e0 cinq \u00e9quipes \u00bb pour le roi assistant de 22 ans alors que Ruben Amorim apprend la r\u00e9ponse au transfert de janvier\"}]},{\"@type\":\"WebSite\",\"@id\":\"https:\/\/footdavant.fr\/actualites\/#website\",\"url\":\"https:\/\/footdavant.fr\/actualites\/\",\"name\":\"Foot d'avant\",\"description\":\"\",\"publisher\":{\"@id\":\"https:\/\/footdavant.fr\/actualites\/#organization\"},\"potentialAction\":[{\"@type\":\"SearchAction\",\"target\":{\"@type\":\"EntryPoint\",\"urlTemplate\":\"https:\/\/footdavant.fr\/actualites\/?s={search_term_string}\"},\"query-input\":\"required name=search_term_string\"}],\"inLanguage\":\"fr-FR\"},{\"@type\":\"Organization\",\"@id\":\"https:\/\/footdavant.fr\/actualites\/#organization\",\"name\":\"Foot d'avant\",\"url\":\"https:\/\/footdavant.fr\/actualites\/\",\"logo\":{\"@type\":\"ImageObject\",\"inLanguage\":\"fr-FR\",\"@id\":\"https:\/\/footdavant.fr\/actualites\/#\/schema\/logo\/image\/\",\"url\":\"https:\/\/footdavant.fr\/actualites\/wp-content\/uploads\/2023\/09\/Copy-of-FootDavant-Logo.png\",\"contentUrl\":\"https:\/\/footdavant.fr\/actualites\/wp-content\/uploads\/2023\/09\/Copy-of-FootDavant-Logo.png\",\"width\":936,\"height\":549,\"caption\":\"Foot d'avant\"},\"image\":{\"@id\":\"https:\/\/footdavant.fr\/actualites\/#\/schema\/logo\/image\/\"},\"sameAs\":[\"https:\/\/www.facebook.com\/Footdavant\/\",\"https:\/\/twitter.com\/FootdavantFr\",\"https:\/\/www.instagram.com\/footdavant.fr\/\"]},{\"@type\":\"Person\",\"@id\":\"https:\/\/footdavant.fr\/actualites\/#\/schema\/person\/bc222566d95871b37e597b3ed3ba5e1d\",\"name\":\"Cl\u00e9ment\",\"image\":{\"@type\":\"ImageObject\",\"inLanguage\":\"fr-FR\",\"@id\":\"https:\/\/footdavant.fr\/actualites\/#\/schema\/person\/image\/\",\"url\":\"https:\/\/secure.gravatar.com\/avatar\/7728b29aac2719421e1a9159b2254c44?s=96&d=mm&r=g\",\"contentUrl\":\"https:\/\/secure.gravatar.com\/avatar\/7728b29aac2719421e1a9159b2254c44?s=96&d=mm&r=g\",\"caption\":\"Cl\u00e9ment\"},\"sameAs\":[\"https:\/\/footdavant.fr\/\"]}]}<\/script>\n<!-- \/ Yoast SEO plugin. -->","yoast_head_json":{"title":"Man Utd dans une \u00ab chasse \u00e0 cinq \u00e9quipes \u00bb pour le roi assistant de 22 ans alors que Ruben Amorim apprend la r\u00e9ponse au transfert de janvier","robots":{"index":"index","follow":"follow","max-snippet":"max-snippet:-1","max-image-preview":"max-image-preview:large","max-video-preview":"max-video-preview:-1"},"canonical":"https:\/\/footdavant.fr\/actualites\/man-utd-dans-une-chasse-a-cinq-equipes-pour-le-roi-assistant-de-22-ans-alors-que-ruben-amorim-apprend-la-reponse-au-transfert-de-janvier\/","og_locale":"fr_FR","og_type":"article","og_title":"Man Utd dans une \u00ab chasse \u00e0 cinq \u00e9quipes \u00bb pour le roi assistant de 22 ans alors que Ruben Amorim apprend la r\u00e9ponse au transfert de janvier","og_description":"Manchester United aurait rejoint la course pour recruter un talentueux ailier sud-am\u00e9ricain qui fait des vagues en Jupiler Pro League. Les Diables Rouges vont bient\u00f4t","og_url":"https:\/\/footdavant.fr\/actualites\/man-utd-dans-une-chasse-a-cinq-equipes-pour-le-roi-assistant-de-22-ans-alors-que-ruben-amorim-apprend-la-reponse-au-transfert-de-janvier\/","og_site_name":"Foot d&#039;avant","article_publisher":"https:\/\/www.facebook.com\/Footdavant\/","article_published_time":"2025-12-09T20:48:14+00:00","article_modified_time":"2025-12-09T20:48:15+00:00","og_image":[{"width":720,"height":410,"url":"https:\/\/footdavant.fr\/actualites\/wp-content\/uploads\/2025\/12\/Man-Utd-dans-une-chasse-a-cinq-equipes.net2Fuploads2F20252F122Ficonsport-265350.webp","type":"image\/webp"}],"author":"Cl\u00e9ment","twitter_card":"summary_large_image","twitter_creator":"@FootdavantFr","twitter_site":"@FootdavantFr","twitter_misc":{"\u00c9crit par":"Cl\u00e9ment","Dur\u00e9e de lecture estim\u00e9e":"3 minutes"},"schema":{"@context":"https:\/\/schema.org","@graph":[{"@type":"Article","@id":"https:\/\/footdavant.fr\/actualites\/man-utd-dans-une-chasse-a-cinq-equipes-pour-le-roi-assistant-de-22-ans-alors-que-ruben-amorim-apprend-la-reponse-au-transfert-de-janvier\/#article","isPartOf":{"@id":"https:\/\/footdavant.fr\/actualites\/man-utd-dans-une-chasse-a-cinq-equipes-pour-le-roi-assistant-de-22-ans-alors-que-ruben-amorim-apprend-la-reponse-au-transfert-de-janvier\/"},"author":{"name":"Cl\u00e9ment","@id":"https:\/\/footdavant.fr\/actualites\/#\/schema\/person\/bc222566d95871b37e597b3ed3ba5e1d"},"headline":"Man Utd dans une \u00ab chasse \u00e0 cinq \u00e9quipes \u00bb pour le roi assistant de 22 ans alors que Ruben Amorim apprend la r\u00e9ponse au transfert de janvier","datePublished":"2025-12-09T20:48:14+00:00","dateModified":"2025-12-09T20:48:15+00:00","mainEntityOfPage":{"@id":"https:\/\/footdavant.fr\/actualites\/man-utd-dans-une-chasse-a-cinq-equipes-pour-le-roi-assistant-de-22-ans-alors-que-ruben-amorim-apprend-la-reponse-au-transfert-de-janvier\/"},"wordCount":586,"publisher":{"@id":"https:\/\/footdavant.fr\/actualites\/#organization"},"keywords":["alors","Amorim","ans","apprend","assistant","chasse","Cinq","dans","\u00e9quipes","janvier","Man","pour","r\u00e9ponse","roi","Ruben","transfert","une","Utd"],"articleSection":["Premier League"],"inLanguage":"fr-FR"},{"@type":"WebPage","@id":"https:\/\/footdavant.fr\/actualites\/man-utd-dans-une-chasse-a-cinq-equipes-pour-le-roi-assistant-de-22-ans-alors-que-ruben-amorim-apprend-la-reponse-au-transfert-de-janvier\/","url":"https:\/\/footdavant.fr\/actualites\/man-utd-dans-une-chasse-a-cinq-equipes-pour-le-roi-assistant-de-22-ans-alors-que-ruben-amorim-apprend-la-reponse-au-transfert-de-janvier\/","name":"Man Utd dans une \u00ab chasse \u00e0 cinq \u00e9quipes \u00bb pour le roi assistant de 22 ans alors que Ruben Amorim apprend la r\u00e9ponse au transfert de janvier","isPartOf":{"@id":"https:\/\/footdavant.fr\/actualites\/#website"},"datePublished":"2025-12-09T20:48:14+00:00","dateModified":"2025-12-09T20:48:15+00:00","breadcrumb":{"@id":"https:\/\/footdavant.fr\/actualites\/man-utd-dans-une-chasse-a-cinq-equipes-pour-le-roi-assistant-de-22-ans-alors-que-ruben-amorim-apprend-la-reponse-au-transfert-de-janvier\/#breadcrumb"},"inLanguage":"fr-FR","potentialAction":[{"@type":"ReadAction","target":["https:\/\/footdavant.fr\/actualites\/man-utd-dans-une-chasse-a-cinq-equipes-pour-le-roi-assistant-de-22-ans-alors-que-ruben-amorim-apprend-la-reponse-au-transfert-de-janvier\/"]}]},{"@type":"BreadcrumbList","@id":"https:\/\/footdavant.fr\/actualites\/man-utd-dans-une-chasse-a-cinq-equipes-pour-le-roi-assistant-de-22-ans-alors-que-ruben-amorim-apprend-la-reponse-au-transfert-de-janvier\/#breadcrumb","itemListElement":[{"@type":"ListItem","position":1,"name":"Accueil","item":"https:\/\/footdavant.fr\/actualites\/"},{"@type":"ListItem","position":2,"name":"Man Utd dans une \u00ab chasse \u00e0 cinq \u00e9quipes \u00bb pour le roi assistant de 22 ans alors que Ruben Amorim apprend la r\u00e9ponse au transfert de janvier"}]},{"@type":"WebSite","@id":"https:\/\/footdavant.fr\/actualites\/#website","url":"https:\/\/footdavant.fr\/actualites\/","name":"Foot d'avant","description":"","publisher":{"@id":"https:\/\/footdavant.fr\/actualites\/#organization"},"potentialAction":[{"@type":"SearchAction","target":{"@type":"EntryPoint","urlTemplate":"https:\/\/footdavant.fr\/actualites\/?s={search_term_string}"},"query-input":"required name=search_term_string"}],"inLanguage":"fr-FR"},{"@type":"Organization","@id":"https:\/\/footdavant.fr\/actualites\/#organization","name":"Foot d'avant","url":"https:\/\/footdavant.fr\/actualites\/","logo":{"@type":"ImageObject","inLanguage":"fr-FR","@id":"https:\/\/footdavant.fr\/actualites\/#\/schema\/logo\/image\/","url":"https:\/\/footdavant.fr\/actualites\/wp-content\/uploads\/2023\/09\/Copy-of-FootDavant-Logo.png","contentUrl":"https:\/\/footdavant.fr\/actualites\/wp-content\/uploads\/2023\/09\/Copy-of-FootDavant-Logo.png","width":936,"height":549,"caption":"Foot d'avant"},"image":{"@id":"https:\/\/footdavant.fr\/actualites\/#\/schema\/logo\/image\/"},"sameAs":["https:\/\/www.facebook.com\/Footdavant\/","https:\/\/twitter.com\/FootdavantFr","https:\/\/www.instagram.com\/footdavant.fr\/"]},{"@type":"Person","@id":"https:\/\/footdavant.fr\/actualites\/#\/schema\/person\/bc222566d95871b37e597b3ed3ba5e1d","name":"Cl\u00e9ment","image":{"@type":"ImageObject","inLanguage":"fr-FR","@id":"https:\/\/footdavant.fr\/actualites\/#\/schema\/person\/image\/","url":"https:\/\/secure.gravatar.com\/avatar\/7728b29aac2719421e1a9159b2254c44?s=96&d=mm&r=g","contentUrl":"https:\/\/secure.gravatar.com\/avatar\/7728b29aac2719421e1a9159b2254c44?s=96&d=mm&r=g","caption":"Cl\u00e9ment"},"sameAs":["https:\/\/footdavant.fr\/"]}]}},"_links":{"self":[{"href":"https:\/\/footdavant.fr\/actualites\/wp-json\/wp\/v2\/posts\/32193"}],"collection":[{"href":"https:\/\/footdavant.fr\/actualites\/wp-json\/wp\/v2\/posts"}],"about":[{"href":"https:\/\/footdavant.fr\/actualites\/wp-json\/wp\/v2\/types\/post"}],"author":[{"embeddable":true,"href":"https:\/\/footdavant.fr\/actualites\/wp-json\/wp\/v2\/users\/1"}],"replies":[{"embeddable":true,"href":"https:\/\/footdavant.fr\/actualites\/wp-json\/wp\/v2\/comments?post=32193"}],"version-history":[{"count":1,"href":"https:\/\/footdavant.fr\/actualites\/wp-json\/wp\/v2\/posts\/32193\/revisions"}],"predecessor-version":[{"id":32195,"href":"https:\/\/footdavant.fr\/actualites\/wp-json\/wp\/v2\/posts\/32193\/revisions\/32195"}],"wp:featuredmedia":[{"embeddable":true,"href":"https:\/\/footdavant.fr\/actualites\/wp-json\/wp\/v2\/media\/32194"}],"wp:attachment":[{"href":"https:\/\/footdavant.fr\/actualites\/wp-json\/wp\/v2\/media?parent=32193"}],"wp:term":[{"taxonomy":"category","embeddable":true,"href":"https:\/\/footdavant.fr\/actualites\/wp-json\/wp\/v2\/categories?post=32193"},{"taxonomy":"post_tag","embeddable":true,"href":"https:\/\/footdavant.fr\/actualites\/wp-json\/wp\/v2\/tags?post=32193"}],"curies":[{"name":"wp","href":"https:\/\/api.w.org\/{rel}","templated":true}]}}