{"id":32220,"date":"2025-12-10T15:48:13","date_gmt":"2025-12-10T14:48:13","guid":{"rendered":"https:\/\/footdavant.fr\/actualites\/phil-jones-a-raison-sur-chelsea-mais-cest-fou-quils-doivent-encore-depenser-plus\/"},"modified":"2025-12-10T15:48:15","modified_gmt":"2025-12-10T14:48:15","slug":"phil-jones-a-raison-sur-chelsea-mais-cest-fou-quils-doivent-encore-depenser-plus","status":"publish","type":"post","link":"https:\/\/footdavant.fr\/actualites\/phil-jones-a-raison-sur-chelsea-mais-cest-fou-quils-doivent-encore-depenser-plus\/","title":{"rendered":"Phil Jones a raison sur Chelsea mais c&#39;est fou qu&#39;ils doivent encore d\u00e9penser plus"},"content":{"rendered":"<div>\n<p>Il semble fou qu\u2019apr\u00e8s avoir d\u00e9pens\u00e9 tout cet argent au cours des derni\u00e8res ann\u00e9es, nous disons encore que Chelsea doit d\u00e9penser PLUS d\u2019argent pour pr\u00e9tendre au titre de Premier League, mais malheureusement, je pense en fait que c\u2019est le cas en ce moment.<\/p>\n<p>L&#39;ancien d\u00e9fenseur de Manchester United, Phil Jones, a d\u00e9clar\u00e9 cette semaine :<\/p>\n<p>\u00ab\u00a0Je pense qu&#39;ils ont g\u00e9r\u00e9 leurs affaires tranquillement. Je pense donc que c&#39;est un endroit plut\u00f4t agr\u00e9able pour Maresca, ce qu&#39;il pense. J&#39;aime les joueurs qu&#39;ils ont. Je pense qu&#39;il a construit une tr\u00e8s bonne \u00e9quipe l\u00e0-bas. J&#39;aime ses id\u00e9es.<\/p>\n<p>\u00ab\u00a0Je pense toujours qu&#39;il leur manque un ou deux joueurs pour vraiment se battre pour le titre, mais je pense, vous savez, lentement mais s\u00fbrement. Je pense que l&#39;ann\u00e9e prochaine, ils auront un tr\u00e8s bon d\u00e9fi s&#39;ils recrutent bien.\u00a0\u00bb<\/p>\n<p>Je ne suis pas en d\u00e9saccord avec la plupart de cela. Je me suis dit r\u00e9cemment que nous n&#39;en \u00e9tions pas si loin. Mais nous avons encore des lacunes b\u00e9antes dans cette \u00e9quipe et nous devons bien recruter et apporter les bons profils, mentalit\u00e9s et qualit\u00e9s. Nous avons besoin de plus de physique ainsi que de leadership et de motivation. Suis-je convaincu que nous apporterons ce qui est n\u00e9cessaire\u00a0? Non, pas du tout. Mais pour le moment, nous ne SOMMES pas si loin SI nous y parvenons.<\/p>\n<p>C&#39;est un peu l&#39;ambiance de Manchester United aujourd&#39;hui, non ? J&#39;ai eu un article sur Paul Scholes et Nicky Butt, maintenant nous avons Phil Jones ! D\u00e9sol\u00e9, mais ils ont tous dit des choses int\u00e9ressantes concernant Chelsea cette semaine !<\/p>\n<p>Soit dit en passant, Jones a pris sa retraite du football assez t\u00f4t, il n&#39;a que 33 ans maintenant et il a jou\u00e9 pour United pour la derni\u00e8re fois en 2023. Il a d\u00e9clar\u00e9 qu&#39;il avait pris sa retraite pour pouvoir devenir entra\u00eeneur. Il a \u00e9videmment \u00e9galement souffert de blessures, ce qui n&#39;a pas aid\u00e9. Mais il fait d\u00e9sormais partie de la formation United, entra\u00eenant les U18. Je suppose que nous surveillerons cet espace pour sa carri\u00e8re de manager qui se d\u00e9veloppe.<\/p>\n<\/p><\/div>\n","protected":false},"excerpt":{"rendered":"<p>Il semble fou qu\u2019apr\u00e8s avoir d\u00e9pens\u00e9 tout cet argent au cours des derni\u00e8res ann\u00e9es, nous disons encore que Chelsea doit d\u00e9penser PLUS d\u2019argent pour pr\u00e9tendre<\/p>\n","protected":false},"author":1,"featured_media":32221,"comment_status":"closed","ping_status":"","sticky":false,"template":"","format":"standard","meta":{"footnotes":""},"categories":[3],"tags":[4417,171,5007,3893,611,747,968,365,1835,4965,182,103],"yoast_head":"<!-- This site is optimized with the Yoast SEO plugin v21.0 - https:\/\/yoast.com\/wordpress\/plugins\/seo\/ -->\n<title>Phil Jones a raison sur Chelsea mais c&#039;est fou qu&#039;ils doivent encore d\u00e9penser plus<\/title>\n<meta name=\"robots\" content=\"index, follow, max-snippet:-1, max-image-preview:large, max-video-preview:-1\" \/>\n<link rel=\"canonical\" href=\"https:\/\/footdavant.fr\/actualites\/phil-jones-a-raison-sur-chelsea-mais-cest-fou-quils-doivent-encore-depenser-plus\/\" \/>\n<meta property=\"og:locale\" content=\"fr_FR\" \/>\n<meta property=\"og:type\" content=\"article\" \/>\n<meta property=\"og:title\" content=\"Phil Jones a raison sur Chelsea mais c&#039;est fou qu&#039;ils doivent encore d\u00e9penser plus\" \/>\n<meta property=\"og:description\" content=\"Il semble fou qu\u2019apr\u00e8s avoir d\u00e9pens\u00e9 tout cet argent au cours des derni\u00e8res ann\u00e9es, nous disons encore que Chelsea doit d\u00e9penser PLUS d\u2019argent pour pr\u00e9tendre\" \/>\n<meta property=\"og:url\" content=\"https:\/\/footdavant.fr\/actualites\/phil-jones-a-raison-sur-chelsea-mais-cest-fou-quils-doivent-encore-depenser-plus\/\" \/>\n<meta property=\"og:site_name\" content=\"Foot d&#039;avant\" \/>\n<meta property=\"article:publisher\" content=\"https:\/\/www.facebook.com\/Footdavant\/\" \/>\n<meta property=\"article:published_time\" content=\"2025-12-10T14:48:13+00:00\" \/>\n<meta property=\"article:modified_time\" content=\"2025-12-10T14:48:15+00:00\" \/>\n<meta property=\"og:image\" content=\"https:\/\/footdavant.fr\/actualites\/wp-content\/uploads\/2025\/12\/Phil-Jones-a-raison-sur-Chelsea-mais-c39est-fou-qu39ils.jpg\" \/>\n\t<meta property=\"og:image:width\" content=\"2304\" \/>\n\t<meta property=\"og:image:height\" content=\"1493\" \/>\n\t<meta property=\"og:image:type\" content=\"image\/jpeg\" \/>\n<meta name=\"author\" content=\"Cl\u00e9ment\" \/>\n<meta name=\"twitter:card\" content=\"summary_large_image\" \/>\n<meta name=\"twitter:creator\" content=\"@FootdavantFr\" \/>\n<meta name=\"twitter:site\" content=\"@FootdavantFr\" \/>\n<meta name=\"twitter:label1\" content=\"\u00c9crit par\" \/>\n\t<meta name=\"twitter:data1\" content=\"Cl\u00e9ment\" \/>\n\t<meta name=\"twitter:label2\" content=\"Dur\u00e9e de lecture estim\u00e9e\" \/>\n\t<meta name=\"twitter:data2\" content=\"2 minutes\" \/>\n<script type=\"application\/ld+json\" class=\"yoast-schema-graph\">{\"@context\":\"https:\/\/schema.org\",\"@graph\":[{\"@type\":\"Article\",\"@id\":\"https:\/\/footdavant.fr\/actualites\/phil-jones-a-raison-sur-chelsea-mais-cest-fou-quils-doivent-encore-depenser-plus\/#article\",\"isPartOf\":{\"@id\":\"https:\/\/footdavant.fr\/actualites\/phil-jones-a-raison-sur-chelsea-mais-cest-fou-quils-doivent-encore-depenser-plus\/\"},\"author\":{\"name\":\"Cl\u00e9ment\",\"@id\":\"https:\/\/footdavant.fr\/actualites\/#\/schema\/person\/bc222566d95871b37e597b3ed3ba5e1d\"},\"headline\":\"Phil Jones a raison sur Chelsea mais c&#39;est fou qu&#39;ils doivent encore d\u00e9penser plus\",\"datePublished\":\"2025-12-10T14:48:13+00:00\",\"dateModified\":\"2025-12-10T14:48:15+00:00\",\"mainEntityOfPage\":{\"@id\":\"https:\/\/footdavant.fr\/actualites\/phil-jones-a-raison-sur-chelsea-mais-cest-fou-quils-doivent-encore-depenser-plus\/\"},\"wordCount\":410,\"publisher\":{\"@id\":\"https:\/\/footdavant.fr\/actualites\/#organization\"},\"keywords\":[\"C39est\",\"Chelsea\",\"d\u00e9penser\",\"doivent\",\"encore\",\"fou\",\"Jones\",\"mais\",\"Phil\",\"qu39ils\",\"raison\",\"sur\"],\"articleSection\":[\"Football\"],\"inLanguage\":\"fr-FR\"},{\"@type\":\"WebPage\",\"@id\":\"https:\/\/footdavant.fr\/actualites\/phil-jones-a-raison-sur-chelsea-mais-cest-fou-quils-doivent-encore-depenser-plus\/\",\"url\":\"https:\/\/footdavant.fr\/actualites\/phil-jones-a-raison-sur-chelsea-mais-cest-fou-quils-doivent-encore-depenser-plus\/\",\"name\":\"Phil Jones a raison sur Chelsea mais c&#39;est fou qu&#39;ils doivent encore d\u00e9penser plus\",\"isPartOf\":{\"@id\":\"https:\/\/footdavant.fr\/actualites\/#website\"},\"datePublished\":\"2025-12-10T14:48:13+00:00\",\"dateModified\":\"2025-12-10T14:48:15+00:00\",\"breadcrumb\":{\"@id\":\"https:\/\/footdavant.fr\/actualites\/phil-jones-a-raison-sur-chelsea-mais-cest-fou-quils-doivent-encore-depenser-plus\/#breadcrumb\"},\"inLanguage\":\"fr-FR\",\"potentialAction\":[{\"@type\":\"ReadAction\",\"target\":[\"https:\/\/footdavant.fr\/actualites\/phil-jones-a-raison-sur-chelsea-mais-cest-fou-quils-doivent-encore-depenser-plus\/\"]}]},{\"@type\":\"BreadcrumbList\",\"@id\":\"https:\/\/footdavant.fr\/actualites\/phil-jones-a-raison-sur-chelsea-mais-cest-fou-quils-doivent-encore-depenser-plus\/#breadcrumb\",\"itemListElement\":[{\"@type\":\"ListItem\",\"position\":1,\"name\":\"Accueil\",\"item\":\"https:\/\/footdavant.fr\/actualites\/\"},{\"@type\":\"ListItem\",\"position\":2,\"name\":\"Phil Jones a raison sur Chelsea mais c&#39;est fou qu&#39;ils doivent encore d\u00e9penser plus\"}]},{\"@type\":\"WebSite\",\"@id\":\"https:\/\/footdavant.fr\/actualites\/#website\",\"url\":\"https:\/\/footdavant.fr\/actualites\/\",\"name\":\"Foot d'avant\",\"description\":\"\",\"publisher\":{\"@id\":\"https:\/\/footdavant.fr\/actualites\/#organization\"},\"potentialAction\":[{\"@type\":\"SearchAction\",\"target\":{\"@type\":\"EntryPoint\",\"urlTemplate\":\"https:\/\/footdavant.fr\/actualites\/?s={search_term_string}\"},\"query-input\":\"required name=search_term_string\"}],\"inLanguage\":\"fr-FR\"},{\"@type\":\"Organization\",\"@id\":\"https:\/\/footdavant.fr\/actualites\/#organization\",\"name\":\"Foot d'avant\",\"url\":\"https:\/\/footdavant.fr\/actualites\/\",\"logo\":{\"@type\":\"ImageObject\",\"inLanguage\":\"fr-FR\",\"@id\":\"https:\/\/footdavant.fr\/actualites\/#\/schema\/logo\/image\/\",\"url\":\"https:\/\/footdavant.fr\/actualites\/wp-content\/uploads\/2023\/09\/Copy-of-FootDavant-Logo.png\",\"contentUrl\":\"https:\/\/footdavant.fr\/actualites\/wp-content\/uploads\/2023\/09\/Copy-of-FootDavant-Logo.png\",\"width\":936,\"height\":549,\"caption\":\"Foot d'avant\"},\"image\":{\"@id\":\"https:\/\/footdavant.fr\/actualites\/#\/schema\/logo\/image\/\"},\"sameAs\":[\"https:\/\/www.facebook.com\/Footdavant\/\",\"https:\/\/twitter.com\/FootdavantFr\",\"https:\/\/www.instagram.com\/footdavant.fr\/\"]},{\"@type\":\"Person\",\"@id\":\"https:\/\/footdavant.fr\/actualites\/#\/schema\/person\/bc222566d95871b37e597b3ed3ba5e1d\",\"name\":\"Cl\u00e9ment\",\"image\":{\"@type\":\"ImageObject\",\"inLanguage\":\"fr-FR\",\"@id\":\"https:\/\/footdavant.fr\/actualites\/#\/schema\/person\/image\/\",\"url\":\"https:\/\/secure.gravatar.com\/avatar\/7728b29aac2719421e1a9159b2254c44?s=96&d=mm&r=g\",\"contentUrl\":\"https:\/\/secure.gravatar.com\/avatar\/7728b29aac2719421e1a9159b2254c44?s=96&d=mm&r=g\",\"caption\":\"Cl\u00e9ment\"},\"sameAs\":[\"https:\/\/footdavant.fr\/\"]}]}<\/script>\n<!-- \/ Yoast SEO plugin. -->","yoast_head_json":{"title":"Phil Jones a raison sur Chelsea mais c&#39;est fou qu&#39;ils doivent encore d\u00e9penser plus","robots":{"index":"index","follow":"follow","max-snippet":"max-snippet:-1","max-image-preview":"max-image-preview:large","max-video-preview":"max-video-preview:-1"},"canonical":"https:\/\/footdavant.fr\/actualites\/phil-jones-a-raison-sur-chelsea-mais-cest-fou-quils-doivent-encore-depenser-plus\/","og_locale":"fr_FR","og_type":"article","og_title":"Phil Jones a raison sur Chelsea mais c&#39;est fou qu&#39;ils doivent encore d\u00e9penser plus","og_description":"Il semble fou qu\u2019apr\u00e8s avoir d\u00e9pens\u00e9 tout cet argent au cours des derni\u00e8res ann\u00e9es, nous disons encore que Chelsea doit d\u00e9penser PLUS d\u2019argent pour pr\u00e9tendre","og_url":"https:\/\/footdavant.fr\/actualites\/phil-jones-a-raison-sur-chelsea-mais-cest-fou-quils-doivent-encore-depenser-plus\/","og_site_name":"Foot d&#039;avant","article_publisher":"https:\/\/www.facebook.com\/Footdavant\/","article_published_time":"2025-12-10T14:48:13+00:00","article_modified_time":"2025-12-10T14:48:15+00:00","og_image":[{"width":2304,"height":1493,"url":"https:\/\/footdavant.fr\/actualites\/wp-content\/uploads\/2025\/12\/Phil-Jones-a-raison-sur-Chelsea-mais-c39est-fou-qu39ils.jpg","type":"image\/jpeg"}],"author":"Cl\u00e9ment","twitter_card":"summary_large_image","twitter_creator":"@FootdavantFr","twitter_site":"@FootdavantFr","twitter_misc":{"\u00c9crit par":"Cl\u00e9ment","Dur\u00e9e de lecture estim\u00e9e":"2 minutes"},"schema":{"@context":"https:\/\/schema.org","@graph":[{"@type":"Article","@id":"https:\/\/footdavant.fr\/actualites\/phil-jones-a-raison-sur-chelsea-mais-cest-fou-quils-doivent-encore-depenser-plus\/#article","isPartOf":{"@id":"https:\/\/footdavant.fr\/actualites\/phil-jones-a-raison-sur-chelsea-mais-cest-fou-quils-doivent-encore-depenser-plus\/"},"author":{"name":"Cl\u00e9ment","@id":"https:\/\/footdavant.fr\/actualites\/#\/schema\/person\/bc222566d95871b37e597b3ed3ba5e1d"},"headline":"Phil Jones a raison sur Chelsea mais c&#39;est fou qu&#39;ils doivent encore d\u00e9penser plus","datePublished":"2025-12-10T14:48:13+00:00","dateModified":"2025-12-10T14:48:15+00:00","mainEntityOfPage":{"@id":"https:\/\/footdavant.fr\/actualites\/phil-jones-a-raison-sur-chelsea-mais-cest-fou-quils-doivent-encore-depenser-plus\/"},"wordCount":410,"publisher":{"@id":"https:\/\/footdavant.fr\/actualites\/#organization"},"keywords":["C39est","Chelsea","d\u00e9penser","doivent","encore","fou","Jones","mais","Phil","qu39ils","raison","sur"],"articleSection":["Football"],"inLanguage":"fr-FR"},{"@type":"WebPage","@id":"https:\/\/footdavant.fr\/actualites\/phil-jones-a-raison-sur-chelsea-mais-cest-fou-quils-doivent-encore-depenser-plus\/","url":"https:\/\/footdavant.fr\/actualites\/phil-jones-a-raison-sur-chelsea-mais-cest-fou-quils-doivent-encore-depenser-plus\/","name":"Phil Jones a raison sur Chelsea mais c&#39;est fou qu&#39;ils doivent encore d\u00e9penser plus","isPartOf":{"@id":"https:\/\/footdavant.fr\/actualites\/#website"},"datePublished":"2025-12-10T14:48:13+00:00","dateModified":"2025-12-10T14:48:15+00:00","breadcrumb":{"@id":"https:\/\/footdavant.fr\/actualites\/phil-jones-a-raison-sur-chelsea-mais-cest-fou-quils-doivent-encore-depenser-plus\/#breadcrumb"},"inLanguage":"fr-FR","potentialAction":[{"@type":"ReadAction","target":["https:\/\/footdavant.fr\/actualites\/phil-jones-a-raison-sur-chelsea-mais-cest-fou-quils-doivent-encore-depenser-plus\/"]}]},{"@type":"BreadcrumbList","@id":"https:\/\/footdavant.fr\/actualites\/phil-jones-a-raison-sur-chelsea-mais-cest-fou-quils-doivent-encore-depenser-plus\/#breadcrumb","itemListElement":[{"@type":"ListItem","position":1,"name":"Accueil","item":"https:\/\/footdavant.fr\/actualites\/"},{"@type":"ListItem","position":2,"name":"Phil Jones a raison sur Chelsea mais c&#39;est fou qu&#39;ils doivent encore d\u00e9penser plus"}]},{"@type":"WebSite","@id":"https:\/\/footdavant.fr\/actualites\/#website","url":"https:\/\/footdavant.fr\/actualites\/","name":"Foot d'avant","description":"","publisher":{"@id":"https:\/\/footdavant.fr\/actualites\/#organization"},"potentialAction":[{"@type":"SearchAction","target":{"@type":"EntryPoint","urlTemplate":"https:\/\/footdavant.fr\/actualites\/?s={search_term_string}"},"query-input":"required name=search_term_string"}],"inLanguage":"fr-FR"},{"@type":"Organization","@id":"https:\/\/footdavant.fr\/actualites\/#organization","name":"Foot d'avant","url":"https:\/\/footdavant.fr\/actualites\/","logo":{"@type":"ImageObject","inLanguage":"fr-FR","@id":"https:\/\/footdavant.fr\/actualites\/#\/schema\/logo\/image\/","url":"https:\/\/footdavant.fr\/actualites\/wp-content\/uploads\/2023\/09\/Copy-of-FootDavant-Logo.png","contentUrl":"https:\/\/footdavant.fr\/actualites\/wp-content\/uploads\/2023\/09\/Copy-of-FootDavant-Logo.png","width":936,"height":549,"caption":"Foot d'avant"},"image":{"@id":"https:\/\/footdavant.fr\/actualites\/#\/schema\/logo\/image\/"},"sameAs":["https:\/\/www.facebook.com\/Footdavant\/","https:\/\/twitter.com\/FootdavantFr","https:\/\/www.instagram.com\/footdavant.fr\/"]},{"@type":"Person","@id":"https:\/\/footdavant.fr\/actualites\/#\/schema\/person\/bc222566d95871b37e597b3ed3ba5e1d","name":"Cl\u00e9ment","image":{"@type":"ImageObject","inLanguage":"fr-FR","@id":"https:\/\/footdavant.fr\/actualites\/#\/schema\/person\/image\/","url":"https:\/\/secure.gravatar.com\/avatar\/7728b29aac2719421e1a9159b2254c44?s=96&d=mm&r=g","contentUrl":"https:\/\/secure.gravatar.com\/avatar\/7728b29aac2719421e1a9159b2254c44?s=96&d=mm&r=g","caption":"Cl\u00e9ment"},"sameAs":["https:\/\/footdavant.fr\/"]}]}},"_links":{"self":[{"href":"https:\/\/footdavant.fr\/actualites\/wp-json\/wp\/v2\/posts\/32220"}],"collection":[{"href":"https:\/\/footdavant.fr\/actualites\/wp-json\/wp\/v2\/posts"}],"about":[{"href":"https:\/\/footdavant.fr\/actualites\/wp-json\/wp\/v2\/types\/post"}],"author":[{"embeddable":true,"href":"https:\/\/footdavant.fr\/actualites\/wp-json\/wp\/v2\/users\/1"}],"replies":[{"embeddable":true,"href":"https:\/\/footdavant.fr\/actualites\/wp-json\/wp\/v2\/comments?post=32220"}],"version-history":[{"count":1,"href":"https:\/\/footdavant.fr\/actualites\/wp-json\/wp\/v2\/posts\/32220\/revisions"}],"predecessor-version":[{"id":32222,"href":"https:\/\/footdavant.fr\/actualites\/wp-json\/wp\/v2\/posts\/32220\/revisions\/32222"}],"wp:featuredmedia":[{"embeddable":true,"href":"https:\/\/footdavant.fr\/actualites\/wp-json\/wp\/v2\/media\/32221"}],"wp:attachment":[{"href":"https:\/\/footdavant.fr\/actualites\/wp-json\/wp\/v2\/media?parent=32220"}],"wp:term":[{"taxonomy":"category","embeddable":true,"href":"https:\/\/footdavant.fr\/actualites\/wp-json\/wp\/v2\/categories?post=32220"},{"taxonomy":"post_tag","embeddable":true,"href":"https:\/\/footdavant.fr\/actualites\/wp-json\/wp\/v2\/tags?post=32220"}],"curies":[{"name":"wp","href":"https:\/\/api.w.org\/{rel}","templated":true}]}}