{"id":32226,"date":"2025-12-10T19:48:05","date_gmt":"2025-12-10T18:48:05","guid":{"rendered":"https:\/\/footdavant.fr\/actualites\/les-artilleurs-cherchent-a-rebondir-a-bruges\/"},"modified":"2025-12-10T19:48:07","modified_gmt":"2025-12-10T18:48:07","slug":"les-artilleurs-cherchent-a-rebondir-a-bruges","status":"publish","type":"post","link":"https:\/\/footdavant.fr\/actualites\/les-artilleurs-cherchent-a-rebondir-a-bruges\/","title":{"rendered":"Les artilleurs cherchent \u00e0 rebondir \u00e0 Bruges"},"content":{"rendered":"<div>\n<p>Bonjour \u00e0 tous.<\/p>\n<p>Nous sommes en Ligue des Champions ce soir et affrontons le Club de Bruges pour la premi\u00e8re fois. La nouvelle de l&#39;\u00e9quipe est que Declan Rice n&#39;a pas voyag\u00e9, pas \u00e0 cause de la fatigue, mais Mikel Arteta a r\u00e9v\u00e9l\u00e9 qu&#39;il \u00e9tait malade depuis le match contre Villa. C&#39;est une bonne occasion de lui donner du repos de toute fa\u00e7on, alors j&#39;esp\u00e8re qu&#39;il a le Lemsip extra-fort \u00e0 port\u00e9e de main et qu&#39;il ira \u00e0 nouveau bien pour le week-end si nous d\u00e9cidons de l&#39;utiliser \u00e0 ce moment-l\u00e0.<\/p>\n<p>Leandro Trossard est absent apr\u00e8s avoir aggrav\u00e9 le probl\u00e8me qui l&#39;a emp\u00each\u00e9 de jouer pendant quelques matchs ; William Saliba reste \u00e0 l&#39;\u00e9cart ; et il y a un probl\u00e8me pour Max Dowman qui s&#39;est bless\u00e9 \u00e0 la cheville ce week-end. Cela a cependant ouvert la porte \u00e0 Gabriel Jesus pour s&#39;inscrire \u00e0 cette \u00e9tape du concours. Il fait partie de l&#39;\u00e9quipe belge et pourrait jouer pour la premi\u00e8re fois depuis janvier s&#39;il arrive \u00e0 un moment donn\u00e9.<\/p>\n<p>Au retour du Br\u00e9silien, Arteta a d\u00e9clar\u00e9 :<\/p>\n<blockquote>\n<p>Nous avons le cas de Gabi, que nous attendions pour qu&#39;il s&#39;entra\u00eene avec nous d&#39;ici fin d\u00e9cembre. Mais Gabi a pouss\u00e9 tous les jours et il n&#39;arr\u00eatait pas de dire \u00e0 tout le monde : \u00ab\u00a0Je vais \u00eatre plus t\u00f4t, plus t\u00f4t, plus t\u00f4t !\u00a0\u00bb et il l&#39;a fait. Donc gr\u00e2ce \u00e0 son travail et tout le travail que le staff m\u00e9dical a fait avec lui tout au long de ces mois.<\/p>\n<\/blockquote>\n<p>Je l&#39;ai d\u00e9j\u00e0 dit et je me rends compte qu&#39;il y a un danger \u00e0 trop esp\u00e9rer de J\u00e9sus, mais quand on regarde toutes nos options d&#39;avant-centre, c&#39;est lui qui vient de recevoir quelque chose d&#39;un peu diff\u00e9rent. Je ne veux pas dire que Kai Havertz et Viktor Gyokeres sont identiques, ce n&#39;est clairement pas le cas, mais en termes de taille, de fa\u00e7on de travailler sur leurs points forts, etc., il y a une sorte de ligne directrice entre ces deux-l\u00e0, et m\u00eame Mikel Merino, en ce qui concerne leur efficacit\u00e9 dans la surface d&#39;opposition.<\/p>\n<p>Je ne sais pas si nous pouvons appeler cela un facteur X apr\u00e8s son absence pendant si longtemps, mais J\u00e9sus a des comp\u00e9tences qu&#39;aucun de ces gars ne poss\u00e8de, et s&#39;il peut les exploiter \u00e0 nouveau, je pense qu&#39;il pourrait \u00eatre un joueur tr\u00e8s utile pour ce qui reste de cette saison. Je ne m&#39;attends pas \u00e0 ce qu&#39;il commence ce soir, et je pense que c&#39;est une chance de repousser Gyokeres dans l&#39;alignement et de voir tout ce qu&#39;il peut faire apr\u00e8s sa propre blessure, mais j&#39;esp\u00e8re que nous le mettrons sur le terrain \u00e0 un moment donn\u00e9.<\/p>\n<p>Il y a peu de place pour la rotation \u00e0 l&#39;arri\u00e8re \u00e9tant donn\u00e9 les blessures que nous avons l\u00e0-bas, mais au milieu de terrain, des joueurs comme Christian Norgaard et Ethan Nwaneri esp\u00e8rent passer quelques minutes, et devant, on se demande s&#39;il pourrait titulariser Noni Madueke sur la droite pour s&#39;assurer que Bukayo Saka soit brillant et pr\u00eat pour les Wolves samedi. Gabriel Martinelli \u00e0 gauche semble \u00eatre le choix \u00e9vident, et comme je l&#39;ai dit, Gyokeres en t\u00eate sera int\u00e9ressant contre une opposition que l&#39;on pourrait imaginer un peu moins difficile que certains de ceux auxquels nous sommes confront\u00e9s en Premier League.<\/p>\n<p>Je l&#39;avoue, je connais tr\u00e8s peu le Club de Bruges, mais j&#39;ai lu qu&#39;ils avaient limog\u00e9 leur manager l&#39;autre jour et qu&#39;ils avaient un nouvel homme en place pour ce match. Vous cherchez d\u00e9sesp\u00e9r\u00e9ment le nouveau manager ? Je ne sais pas. Arteta dit :<\/p>\n<blockquote>\n<p>\u00c9videmment, vous regardez tous les matchs et analysez le manager et son identit\u00e9, et \u00e9videmment, leur derni\u00e8re performance \u00e9tait en Ligue des champions et en comp\u00e9tition nationale. Dans l&#39;apr\u00e8s-midi, nous avons appris qu&#39;ils avaient un nouveau manager. Il faut donc s&#39;adapter, ce n&#39;est pas la premi\u00e8re fois qu&#39;on est confront\u00e9 \u00e0 cette situation. Alors, ok, nous devons r\u00e9fl\u00e9chir aux possibilit\u00e9s et regarder son pass\u00e9 et nous devons nous concentrer beaucoup plus sur ce que nous devons faire. Nous devons \u00eatre capables de nous adapter par rapport \u00e0 ce qu&#39;ils font comme nous l&#39;avons dit au niveau de leur formation et des joueurs qu&#39;ils vont s\u00e9lectionner. Ensuite, nous devons nous concentrer sur nous-m\u00eames, sur ce que nous devons faire pour \u00eatre meilleurs qu\u2019eux.<\/p>\n<\/blockquote>\n<p>Ils occupent actuellement la 27e place du classement des 36 \u00e9quipes de la Ligue des champions, on s&#39;attend donc \u00e0 ce qu&#39;Arsenal maintienne le record de 100 % en Europe cette saison. Apparemment, les r\u00e9sultats d&#39;hier soir signifient que nous sommes d\u00e9j\u00e0 qualifi\u00e9s pour les huiti\u00e8mes de finale, mais nous savons qu&#39;Arteta ne permettra aucune complaisance, surtout apr\u00e8s avoir perdu notre dernier match, alors voyons comment nous r\u00e9agissons \u00e0 cela.<\/p>\n<p>Comme toujours, vous pourrez nous rejoindre plus tard pour une couverture du blog en direct, ainsi que le rapport, les notes des joueurs, les r\u00e9actions et tout le reste sur Arseblog News.<\/p>\n<p>\u2014<\/p>\n<p>Avant de partir aujourd&#39;hui, Andrew Allen envoie chaque semaine une excellente newsletter sur Arsenal\/football \u00e0 nos membres Patreon, et en prime cette semaine, il a dress\u00e9 une liste assez d\u00e9finitive d&#39;id\u00e9es de cadeaux de No\u00ebl. C&#39;est plein de bonnes choses provenant de sources officielles, mais aussi de nombreux cr\u00e9ateurs et cr\u00e9atifs ind\u00e9pendants, et de nos jours, c&#39;est formidable de montrer votre soutien \u00e0 des entreprises non gigantesques qui vous imposent des ordures Ai alors que vous ne l&#39;avez jamais demand\u00e9.<\/p>\n<p>Nous l&#39;avons rendu gratuit pour que tout le monde puisse le lire, nous esp\u00e9rons donc qu&#39;il pourra vous inspirer pour des cadeaux li\u00e9s \u00e0 Arsenal pour les Gooners de votre vie. D\u00e9couvrez-le ici et n&#39;h\u00e9sitez pas \u00e0 le partager largement si cela peut \u00eatre utile \u00e0 d&#39;autres\u00a0: https:\/\/www.patreon.com\/posts\/arsemail-gift-145375688<\/p>\n<p>N&#39;oubliez pas non plus que les tasses Goodly Morning sont toujours disponibles, tous les b\u00e9n\u00e9fices et davantage \u00e9tant revers\u00e9s \u00e0 de bonnes causes ce mois-ci, et vous pouvez \u00e9galement offrir \u00e0 quelqu&#39;un un an d&#39;Arseblog Patreon, en allant sur https:\/\/www.patreon.com\/arseblog\/gift (pour plus de d\u00e9tails sur le processus, voir ici).<\/p>\n<p>Bon, \u00e7a y est, on se retrouve plus tard pour le jeu\u00a0!<\/p>\n<\/div>\n","protected":false},"excerpt":{"rendered":"<p>Bonjour \u00e0 tous. Nous sommes en Ligue des Champions ce soir et affrontons le Club de Bruges pour la premi\u00e8re fois. La nouvelle de l&#39;\u00e9quipe<\/p>\n","protected":false},"author":1,"featured_media":32227,"comment_status":"closed","ping_status":"","sticky":false,"template":"","format":"standard","meta":{"footnotes":""},"categories":[3],"tags":[6958,3743,3170,93,6399],"yoast_head":"<!-- This site is optimized with the Yoast SEO plugin v21.0 - https:\/\/yoast.com\/wordpress\/plugins\/seo\/ -->\n<title>Les artilleurs cherchent \u00e0 rebondir \u00e0 Bruges<\/title>\n<meta name=\"robots\" content=\"index, follow, max-snippet:-1, max-image-preview:large, max-video-preview:-1\" \/>\n<link rel=\"canonical\" href=\"https:\/\/footdavant.fr\/actualites\/les-artilleurs-cherchent-a-rebondir-a-bruges\/\" \/>\n<meta property=\"og:locale\" content=\"fr_FR\" \/>\n<meta property=\"og:type\" content=\"article\" \/>\n<meta property=\"og:title\" content=\"Les artilleurs cherchent \u00e0 rebondir \u00e0 Bruges\" \/>\n<meta property=\"og:description\" content=\"Bonjour \u00e0 tous. Nous sommes en Ligue des Champions ce soir et affrontons le Club de Bruges pour la premi\u00e8re fois. La nouvelle de l&#039;\u00e9quipe\" \/>\n<meta property=\"og:url\" content=\"https:\/\/footdavant.fr\/actualites\/les-artilleurs-cherchent-a-rebondir-a-bruges\/\" \/>\n<meta property=\"og:site_name\" content=\"Foot d&#039;avant\" \/>\n<meta property=\"article:publisher\" content=\"https:\/\/www.facebook.com\/Footdavant\/\" \/>\n<meta property=\"article:published_time\" content=\"2025-12-10T18:48:05+00:00\" \/>\n<meta property=\"article:modified_time\" content=\"2025-12-10T18:48:07+00:00\" \/>\n<meta property=\"og:image\" content=\"https:\/\/footdavant.fr\/actualites\/wp-content\/uploads\/2025\/12\/Les-artilleurs-cherchent-a-rebondir-a-Bruges.jpg\" \/>\n\t<meta property=\"og:image:width\" content=\"1500\" \/>\n\t<meta property=\"og:image:height\" content=\"750\" \/>\n\t<meta property=\"og:image:type\" content=\"image\/jpeg\" \/>\n<meta name=\"author\" content=\"Cl\u00e9ment\" \/>\n<meta name=\"twitter:card\" content=\"summary_large_image\" \/>\n<meta name=\"twitter:creator\" content=\"@FootdavantFr\" \/>\n<meta name=\"twitter:site\" content=\"@FootdavantFr\" \/>\n<meta name=\"twitter:label1\" content=\"\u00c9crit par\" \/>\n\t<meta name=\"twitter:data1\" content=\"Cl\u00e9ment\" \/>\n\t<meta name=\"twitter:label2\" content=\"Dur\u00e9e de lecture estim\u00e9e\" \/>\n\t<meta name=\"twitter:data2\" content=\"6 minutes\" \/>\n<script type=\"application\/ld+json\" class=\"yoast-schema-graph\">{\"@context\":\"https:\/\/schema.org\",\"@graph\":[{\"@type\":\"Article\",\"@id\":\"https:\/\/footdavant.fr\/actualites\/les-artilleurs-cherchent-a-rebondir-a-bruges\/#article\",\"isPartOf\":{\"@id\":\"https:\/\/footdavant.fr\/actualites\/les-artilleurs-cherchent-a-rebondir-a-bruges\/\"},\"author\":{\"name\":\"Cl\u00e9ment\",\"@id\":\"https:\/\/footdavant.fr\/actualites\/#\/schema\/person\/bc222566d95871b37e597b3ed3ba5e1d\"},\"headline\":\"Les artilleurs cherchent \u00e0 rebondir \u00e0 Bruges\",\"datePublished\":\"2025-12-10T18:48:05+00:00\",\"dateModified\":\"2025-12-10T18:48:07+00:00\",\"mainEntityOfPage\":{\"@id\":\"https:\/\/footdavant.fr\/actualites\/les-artilleurs-cherchent-a-rebondir-a-bruges\/\"},\"wordCount\":1128,\"publisher\":{\"@id\":\"https:\/\/footdavant.fr\/actualites\/#organization\"},\"keywords\":[\"artilleurs\",\"Bruges\",\"cherchent\",\"les\",\"rebondir\"],\"articleSection\":[\"Football\"],\"inLanguage\":\"fr-FR\"},{\"@type\":\"WebPage\",\"@id\":\"https:\/\/footdavant.fr\/actualites\/les-artilleurs-cherchent-a-rebondir-a-bruges\/\",\"url\":\"https:\/\/footdavant.fr\/actualites\/les-artilleurs-cherchent-a-rebondir-a-bruges\/\",\"name\":\"Les artilleurs cherchent \u00e0 rebondir \u00e0 Bruges\",\"isPartOf\":{\"@id\":\"https:\/\/footdavant.fr\/actualites\/#website\"},\"datePublished\":\"2025-12-10T18:48:05+00:00\",\"dateModified\":\"2025-12-10T18:48:07+00:00\",\"breadcrumb\":{\"@id\":\"https:\/\/footdavant.fr\/actualites\/les-artilleurs-cherchent-a-rebondir-a-bruges\/#breadcrumb\"},\"inLanguage\":\"fr-FR\",\"potentialAction\":[{\"@type\":\"ReadAction\",\"target\":[\"https:\/\/footdavant.fr\/actualites\/les-artilleurs-cherchent-a-rebondir-a-bruges\/\"]}]},{\"@type\":\"BreadcrumbList\",\"@id\":\"https:\/\/footdavant.fr\/actualites\/les-artilleurs-cherchent-a-rebondir-a-bruges\/#breadcrumb\",\"itemListElement\":[{\"@type\":\"ListItem\",\"position\":1,\"name\":\"Accueil\",\"item\":\"https:\/\/footdavant.fr\/actualites\/\"},{\"@type\":\"ListItem\",\"position\":2,\"name\":\"Les artilleurs cherchent \u00e0 rebondir \u00e0 Bruges\"}]},{\"@type\":\"WebSite\",\"@id\":\"https:\/\/footdavant.fr\/actualites\/#website\",\"url\":\"https:\/\/footdavant.fr\/actualites\/\",\"name\":\"Foot d'avant\",\"description\":\"\",\"publisher\":{\"@id\":\"https:\/\/footdavant.fr\/actualites\/#organization\"},\"potentialAction\":[{\"@type\":\"SearchAction\",\"target\":{\"@type\":\"EntryPoint\",\"urlTemplate\":\"https:\/\/footdavant.fr\/actualites\/?s={search_term_string}\"},\"query-input\":\"required name=search_term_string\"}],\"inLanguage\":\"fr-FR\"},{\"@type\":\"Organization\",\"@id\":\"https:\/\/footdavant.fr\/actualites\/#organization\",\"name\":\"Foot d'avant\",\"url\":\"https:\/\/footdavant.fr\/actualites\/\",\"logo\":{\"@type\":\"ImageObject\",\"inLanguage\":\"fr-FR\",\"@id\":\"https:\/\/footdavant.fr\/actualites\/#\/schema\/logo\/image\/\",\"url\":\"https:\/\/footdavant.fr\/actualites\/wp-content\/uploads\/2023\/09\/Copy-of-FootDavant-Logo.png\",\"contentUrl\":\"https:\/\/footdavant.fr\/actualites\/wp-content\/uploads\/2023\/09\/Copy-of-FootDavant-Logo.png\",\"width\":936,\"height\":549,\"caption\":\"Foot d'avant\"},\"image\":{\"@id\":\"https:\/\/footdavant.fr\/actualites\/#\/schema\/logo\/image\/\"},\"sameAs\":[\"https:\/\/www.facebook.com\/Footdavant\/\",\"https:\/\/twitter.com\/FootdavantFr\",\"https:\/\/www.instagram.com\/footdavant.fr\/\"]},{\"@type\":\"Person\",\"@id\":\"https:\/\/footdavant.fr\/actualites\/#\/schema\/person\/bc222566d95871b37e597b3ed3ba5e1d\",\"name\":\"Cl\u00e9ment\",\"image\":{\"@type\":\"ImageObject\",\"inLanguage\":\"fr-FR\",\"@id\":\"https:\/\/footdavant.fr\/actualites\/#\/schema\/person\/image\/\",\"url\":\"https:\/\/secure.gravatar.com\/avatar\/7728b29aac2719421e1a9159b2254c44?s=96&d=mm&r=g\",\"contentUrl\":\"https:\/\/secure.gravatar.com\/avatar\/7728b29aac2719421e1a9159b2254c44?s=96&d=mm&r=g\",\"caption\":\"Cl\u00e9ment\"},\"sameAs\":[\"https:\/\/footdavant.fr\/\"]}]}<\/script>\n<!-- \/ Yoast SEO plugin. -->","yoast_head_json":{"title":"Les artilleurs cherchent \u00e0 rebondir \u00e0 Bruges","robots":{"index":"index","follow":"follow","max-snippet":"max-snippet:-1","max-image-preview":"max-image-preview:large","max-video-preview":"max-video-preview:-1"},"canonical":"https:\/\/footdavant.fr\/actualites\/les-artilleurs-cherchent-a-rebondir-a-bruges\/","og_locale":"fr_FR","og_type":"article","og_title":"Les artilleurs cherchent \u00e0 rebondir \u00e0 Bruges","og_description":"Bonjour \u00e0 tous. Nous sommes en Ligue des Champions ce soir et affrontons le Club de Bruges pour la premi\u00e8re fois. La nouvelle de l&#39;\u00e9quipe","og_url":"https:\/\/footdavant.fr\/actualites\/les-artilleurs-cherchent-a-rebondir-a-bruges\/","og_site_name":"Foot d&#039;avant","article_publisher":"https:\/\/www.facebook.com\/Footdavant\/","article_published_time":"2025-12-10T18:48:05+00:00","article_modified_time":"2025-12-10T18:48:07+00:00","og_image":[{"width":1500,"height":750,"url":"https:\/\/footdavant.fr\/actualites\/wp-content\/uploads\/2025\/12\/Les-artilleurs-cherchent-a-rebondir-a-Bruges.jpg","type":"image\/jpeg"}],"author":"Cl\u00e9ment","twitter_card":"summary_large_image","twitter_creator":"@FootdavantFr","twitter_site":"@FootdavantFr","twitter_misc":{"\u00c9crit par":"Cl\u00e9ment","Dur\u00e9e de lecture estim\u00e9e":"6 minutes"},"schema":{"@context":"https:\/\/schema.org","@graph":[{"@type":"Article","@id":"https:\/\/footdavant.fr\/actualites\/les-artilleurs-cherchent-a-rebondir-a-bruges\/#article","isPartOf":{"@id":"https:\/\/footdavant.fr\/actualites\/les-artilleurs-cherchent-a-rebondir-a-bruges\/"},"author":{"name":"Cl\u00e9ment","@id":"https:\/\/footdavant.fr\/actualites\/#\/schema\/person\/bc222566d95871b37e597b3ed3ba5e1d"},"headline":"Les artilleurs cherchent \u00e0 rebondir \u00e0 Bruges","datePublished":"2025-12-10T18:48:05+00:00","dateModified":"2025-12-10T18:48:07+00:00","mainEntityOfPage":{"@id":"https:\/\/footdavant.fr\/actualites\/les-artilleurs-cherchent-a-rebondir-a-bruges\/"},"wordCount":1128,"publisher":{"@id":"https:\/\/footdavant.fr\/actualites\/#organization"},"keywords":["artilleurs","Bruges","cherchent","les","rebondir"],"articleSection":["Football"],"inLanguage":"fr-FR"},{"@type":"WebPage","@id":"https:\/\/footdavant.fr\/actualites\/les-artilleurs-cherchent-a-rebondir-a-bruges\/","url":"https:\/\/footdavant.fr\/actualites\/les-artilleurs-cherchent-a-rebondir-a-bruges\/","name":"Les artilleurs cherchent \u00e0 rebondir \u00e0 Bruges","isPartOf":{"@id":"https:\/\/footdavant.fr\/actualites\/#website"},"datePublished":"2025-12-10T18:48:05+00:00","dateModified":"2025-12-10T18:48:07+00:00","breadcrumb":{"@id":"https:\/\/footdavant.fr\/actualites\/les-artilleurs-cherchent-a-rebondir-a-bruges\/#breadcrumb"},"inLanguage":"fr-FR","potentialAction":[{"@type":"ReadAction","target":["https:\/\/footdavant.fr\/actualites\/les-artilleurs-cherchent-a-rebondir-a-bruges\/"]}]},{"@type":"BreadcrumbList","@id":"https:\/\/footdavant.fr\/actualites\/les-artilleurs-cherchent-a-rebondir-a-bruges\/#breadcrumb","itemListElement":[{"@type":"ListItem","position":1,"name":"Accueil","item":"https:\/\/footdavant.fr\/actualites\/"},{"@type":"ListItem","position":2,"name":"Les artilleurs cherchent \u00e0 rebondir \u00e0 Bruges"}]},{"@type":"WebSite","@id":"https:\/\/footdavant.fr\/actualites\/#website","url":"https:\/\/footdavant.fr\/actualites\/","name":"Foot d'avant","description":"","publisher":{"@id":"https:\/\/footdavant.fr\/actualites\/#organization"},"potentialAction":[{"@type":"SearchAction","target":{"@type":"EntryPoint","urlTemplate":"https:\/\/footdavant.fr\/actualites\/?s={search_term_string}"},"query-input":"required name=search_term_string"}],"inLanguage":"fr-FR"},{"@type":"Organization","@id":"https:\/\/footdavant.fr\/actualites\/#organization","name":"Foot d'avant","url":"https:\/\/footdavant.fr\/actualites\/","logo":{"@type":"ImageObject","inLanguage":"fr-FR","@id":"https:\/\/footdavant.fr\/actualites\/#\/schema\/logo\/image\/","url":"https:\/\/footdavant.fr\/actualites\/wp-content\/uploads\/2023\/09\/Copy-of-FootDavant-Logo.png","contentUrl":"https:\/\/footdavant.fr\/actualites\/wp-content\/uploads\/2023\/09\/Copy-of-FootDavant-Logo.png","width":936,"height":549,"caption":"Foot d'avant"},"image":{"@id":"https:\/\/footdavant.fr\/actualites\/#\/schema\/logo\/image\/"},"sameAs":["https:\/\/www.facebook.com\/Footdavant\/","https:\/\/twitter.com\/FootdavantFr","https:\/\/www.instagram.com\/footdavant.fr\/"]},{"@type":"Person","@id":"https:\/\/footdavant.fr\/actualites\/#\/schema\/person\/bc222566d95871b37e597b3ed3ba5e1d","name":"Cl\u00e9ment","image":{"@type":"ImageObject","inLanguage":"fr-FR","@id":"https:\/\/footdavant.fr\/actualites\/#\/schema\/person\/image\/","url":"https:\/\/secure.gravatar.com\/avatar\/7728b29aac2719421e1a9159b2254c44?s=96&d=mm&r=g","contentUrl":"https:\/\/secure.gravatar.com\/avatar\/7728b29aac2719421e1a9159b2254c44?s=96&d=mm&r=g","caption":"Cl\u00e9ment"},"sameAs":["https:\/\/footdavant.fr\/"]}]}},"_links":{"self":[{"href":"https:\/\/footdavant.fr\/actualites\/wp-json\/wp\/v2\/posts\/32226"}],"collection":[{"href":"https:\/\/footdavant.fr\/actualites\/wp-json\/wp\/v2\/posts"}],"about":[{"href":"https:\/\/footdavant.fr\/actualites\/wp-json\/wp\/v2\/types\/post"}],"author":[{"embeddable":true,"href":"https:\/\/footdavant.fr\/actualites\/wp-json\/wp\/v2\/users\/1"}],"replies":[{"embeddable":true,"href":"https:\/\/footdavant.fr\/actualites\/wp-json\/wp\/v2\/comments?post=32226"}],"version-history":[{"count":1,"href":"https:\/\/footdavant.fr\/actualites\/wp-json\/wp\/v2\/posts\/32226\/revisions"}],"predecessor-version":[{"id":32228,"href":"https:\/\/footdavant.fr\/actualites\/wp-json\/wp\/v2\/posts\/32226\/revisions\/32228"}],"wp:featuredmedia":[{"embeddable":true,"href":"https:\/\/footdavant.fr\/actualites\/wp-json\/wp\/v2\/media\/32227"}],"wp:attachment":[{"href":"https:\/\/footdavant.fr\/actualites\/wp-json\/wp\/v2\/media?parent=32226"}],"wp:term":[{"taxonomy":"category","embeddable":true,"href":"https:\/\/footdavant.fr\/actualites\/wp-json\/wp\/v2\/categories?post=32226"},{"taxonomy":"post_tag","embeddable":true,"href":"https:\/\/footdavant.fr\/actualites\/wp-json\/wp\/v2\/tags?post=32226"}],"curies":[{"name":"wp","href":"https:\/\/api.w.org\/{rel}","templated":true}]}}