{"id":32235,"date":"2025-12-11T01:48:07","date_gmt":"2025-12-11T00:48:07","guid":{"rendered":"https:\/\/footdavant.fr\/actualites\/composition-de-tottenham-contre-slavia-prague-xi-prevu-pour-le-choc-de-la-ligue-des-champions-au-milieu-dun-risque-de-triple-suspension\/"},"modified":"2025-12-11T01:48:12","modified_gmt":"2025-12-11T00:48:12","slug":"composition-de-tottenham-contre-slavia-prague-xi-prevu-pour-le-choc-de-la-ligue-des-champions-au-milieu-dun-risque-de-triple-suspension","status":"publish","type":"post","link":"https:\/\/footdavant.fr\/actualites\/composition-de-tottenham-contre-slavia-prague-xi-prevu-pour-le-choc-de-la-ligue-des-champions-au-milieu-dun-risque-de-triple-suspension\/","title":{"rendered":"Composition de Tottenham contre Slavia Prague\u00a0: XI pr\u00e9vu pour le choc de la Ligue des champions au milieu d&#39;un risque de triple suspension"},"content":{"rendered":"<div itemprop=\"articleBody\">\n<p>Trois joueurs de Tottenham Hotspur marcheront sur la corde raide disciplinaire lors du choc de la Ligue des champions mardi contre le Slavia Prague au nord de Londres.<\/p>\n<p>Les Lilywhites ont subi une d\u00e9faite 5-3 contre le Paris Saint-Germain lors de la cinqui\u00e8me journ\u00e9e de la phase de championnat, o\u00f9 Brennan Johnson n&#39;\u00e9tait pas disponible en raison d&#39;une suspension, et le Gallois pourrait \u00e9galement manquer ici en raison d&#39;une blessure.<\/p>\n<p>De plus, Micky van de Ven, Richarlison et Randal Kolo Muani sont tous sous le coup de deux cartons jaunes, et un avertissement ici pour l&#39;un d&#39;entre eux les exclurait du choc contre le Borussia Dortmund lors de la septi\u00e8me journ\u00e9e.<\/p>\n<p>Il est cependant peu probable que Thomas Frank envisage de telles hypoth\u00e8ses lors de la s\u00e9lection de son premier XI, et s&#39;il y a un d\u00e9fenseur en ligne pour se reposer cette semaine, c&#39;est bien le partenaire de Van de Ven, Cristian Romero.<\/p>\n<p>Kevin Danso pourrait tr\u00e8s bien s&#39;associer \u00e0 Van de Ven devant Guglielmo Vicario, tandis que Djed Spence devrait continuer au poste d&#39;arri\u00e8re gauche suite \u00e0 la r\u00e9cente blessure musculaire de Destiny Udogie.<\/p>\n<p>Frank peut &#8211; et devrait &#8211; apporter des changements plus loin, cependant, en introduisant potentiellement Joao Palhinha et Lucas Bergvall dans la salle des machines, ainsi qu&#39;en offrant un d\u00e9part \u00e0 Wilson Odobert au large.<\/p>\n<p>Xavi Simons devrait continuer apr\u00e8s son r\u00f4le principal lors de la victoire 2-0 de samedi en Premier League contre Brentford, probablement avec Richarlison en t\u00eate alors que Dominic Solanke continue de se remettre d&#39;un probl\u00e8me de cheville.<\/p>\n<p>Tottenham Hotspur composition de d\u00e9part possible :<\/p>\n<p>Vicaire; Porro, Danso, Van de Ven, Spence\u00a0; Palhinha, Bergvall\u00a0; Kudus, Simons, Odobert; Richarlison<\/p>\n<\/div>\n","protected":false},"excerpt":{"rendered":"<p>Trois joueurs de Tottenham Hotspur marcheront sur la corde raide disciplinaire lors du choc de la Ligue des champions mardi contre le Slavia Prague au<\/p>\n","protected":false},"author":1,"featured_media":32236,"comment_status":"closed","ping_status":"","sticky":false,"template":"","format":"standard","meta":{"footnotes":""},"categories":[5],"tags":[31,332,2291,20,4260,12,30,441,51,4105,3924,2051,6012,18,68,439],"yoast_head":"<!-- This site is optimized with the Yoast SEO plugin v21.0 - https:\/\/yoast.com\/wordpress\/plugins\/seo\/ -->\n<title>Composition de Tottenham contre Slavia Prague\u00a0: XI pr\u00e9vu pour le choc de la Ligue des champions au milieu d&#039;un risque de triple suspension<\/title>\n<meta name=\"robots\" content=\"index, follow, max-snippet:-1, max-image-preview:large, max-video-preview:-1\" \/>\n<link rel=\"canonical\" href=\"https:\/\/footdavant.fr\/actualites\/composition-de-tottenham-contre-slavia-prague-xi-prevu-pour-le-choc-de-la-ligue-des-champions-au-milieu-dun-risque-de-triple-suspension\/\" \/>\n<meta property=\"og:locale\" content=\"fr_FR\" \/>\n<meta property=\"og:type\" content=\"article\" \/>\n<meta property=\"og:title\" content=\"Composition de Tottenham contre Slavia Prague\u00a0: XI pr\u00e9vu pour le choc de la Ligue des champions au milieu d&#039;un risque de triple suspension\" \/>\n<meta property=\"og:description\" content=\"Trois joueurs de Tottenham Hotspur marcheront sur la corde raide disciplinaire lors du choc de la Ligue des champions mardi contre le Slavia Prague au\" \/>\n<meta property=\"og:url\" content=\"https:\/\/footdavant.fr\/actualites\/composition-de-tottenham-contre-slavia-prague-xi-prevu-pour-le-choc-de-la-ligue-des-champions-au-milieu-dun-risque-de-triple-suspension\/\" \/>\n<meta property=\"og:site_name\" content=\"Foot d&#039;avant\" \/>\n<meta property=\"article:publisher\" content=\"https:\/\/www.facebook.com\/Footdavant\/\" \/>\n<meta property=\"article:published_time\" content=\"2025-12-11T00:48:07+00:00\" \/>\n<meta property=\"article:modified_time\" content=\"2025-12-11T00:48:12+00:00\" \/>\n<meta property=\"og:image\" content=\"https:\/\/footdavant.fr\/actualites\/wp-content\/uploads\/2025\/12\/Composition-de-Tottenham-contre-Slavia-Prague-XI-prevu-pour-le.net2Fuploads2F20252F102Fimago1067363691.webp\" \/>\n\t<meta property=\"og:image:width\" content=\"720\" \/>\n\t<meta property=\"og:image:height\" content=\"410\" \/>\n\t<meta property=\"og:image:type\" content=\"image\/webp\" \/>\n<meta name=\"author\" content=\"Cl\u00e9ment\" \/>\n<meta name=\"twitter:card\" content=\"summary_large_image\" \/>\n<meta name=\"twitter:creator\" content=\"@FootdavantFr\" \/>\n<meta name=\"twitter:site\" content=\"@FootdavantFr\" \/>\n<meta name=\"twitter:label1\" content=\"\u00c9crit par\" \/>\n\t<meta name=\"twitter:data1\" content=\"Cl\u00e9ment\" \/>\n\t<meta name=\"twitter:label2\" content=\"Dur\u00e9e de lecture estim\u00e9e\" \/>\n\t<meta name=\"twitter:data2\" content=\"2 minutes\" \/>\n<script type=\"application\/ld+json\" class=\"yoast-schema-graph\">{\"@context\":\"https:\/\/schema.org\",\"@graph\":[{\"@type\":\"Article\",\"@id\":\"https:\/\/footdavant.fr\/actualites\/composition-de-tottenham-contre-slavia-prague-xi-prevu-pour-le-choc-de-la-ligue-des-champions-au-milieu-dun-risque-de-triple-suspension\/#article\",\"isPartOf\":{\"@id\":\"https:\/\/footdavant.fr\/actualites\/composition-de-tottenham-contre-slavia-prague-xi-prevu-pour-le-choc-de-la-ligue-des-champions-au-milieu-dun-risque-de-triple-suspension\/\"},\"author\":{\"name\":\"Cl\u00e9ment\",\"@id\":\"https:\/\/footdavant.fr\/actualites\/#\/schema\/person\/bc222566d95871b37e597b3ed3ba5e1d\"},\"headline\":\"Composition de Tottenham contre Slavia Prague\u00a0: XI pr\u00e9vu pour le choc de la Ligue des champions au milieu d&#39;un risque de triple suspension\",\"datePublished\":\"2025-12-11T00:48:07+00:00\",\"dateModified\":\"2025-12-11T00:48:12+00:00\",\"mainEntityOfPage\":{\"@id\":\"https:\/\/footdavant.fr\/actualites\/composition-de-tottenham-contre-slavia-prague-xi-prevu-pour-le-choc-de-la-ligue-des-champions-au-milieu-dun-risque-de-triple-suspension\/\"},\"wordCount\":327,\"publisher\":{\"@id\":\"https:\/\/footdavant.fr\/actualites\/#organization\"},\"keywords\":[\"champions\",\"choc\",\"composition\",\"contre\",\"d39un\",\"des\",\"Ligue\",\"milieu\",\"pour\",\"Prague\",\"pr\u00e9vu\",\"risque\",\"Slavia\",\"suspension\",\"Tottenham\",\"tripl\u00e9\"],\"articleSection\":[\"Premier League\"],\"inLanguage\":\"fr-FR\"},{\"@type\":\"WebPage\",\"@id\":\"https:\/\/footdavant.fr\/actualites\/composition-de-tottenham-contre-slavia-prague-xi-prevu-pour-le-choc-de-la-ligue-des-champions-au-milieu-dun-risque-de-triple-suspension\/\",\"url\":\"https:\/\/footdavant.fr\/actualites\/composition-de-tottenham-contre-slavia-prague-xi-prevu-pour-le-choc-de-la-ligue-des-champions-au-milieu-dun-risque-de-triple-suspension\/\",\"name\":\"Composition de Tottenham contre Slavia Prague\u00a0: XI pr\u00e9vu pour le choc de la Ligue des champions au milieu d&#39;un risque de triple suspension\",\"isPartOf\":{\"@id\":\"https:\/\/footdavant.fr\/actualites\/#website\"},\"datePublished\":\"2025-12-11T00:48:07+00:00\",\"dateModified\":\"2025-12-11T00:48:12+00:00\",\"breadcrumb\":{\"@id\":\"https:\/\/footdavant.fr\/actualites\/composition-de-tottenham-contre-slavia-prague-xi-prevu-pour-le-choc-de-la-ligue-des-champions-au-milieu-dun-risque-de-triple-suspension\/#breadcrumb\"},\"inLanguage\":\"fr-FR\",\"potentialAction\":[{\"@type\":\"ReadAction\",\"target\":[\"https:\/\/footdavant.fr\/actualites\/composition-de-tottenham-contre-slavia-prague-xi-prevu-pour-le-choc-de-la-ligue-des-champions-au-milieu-dun-risque-de-triple-suspension\/\"]}]},{\"@type\":\"BreadcrumbList\",\"@id\":\"https:\/\/footdavant.fr\/actualites\/composition-de-tottenham-contre-slavia-prague-xi-prevu-pour-le-choc-de-la-ligue-des-champions-au-milieu-dun-risque-de-triple-suspension\/#breadcrumb\",\"itemListElement\":[{\"@type\":\"ListItem\",\"position\":1,\"name\":\"Accueil\",\"item\":\"https:\/\/footdavant.fr\/actualites\/\"},{\"@type\":\"ListItem\",\"position\":2,\"name\":\"Composition de Tottenham contre Slavia Prague\u00a0: XI pr\u00e9vu pour le choc de la Ligue des champions au milieu d&#39;un risque de triple suspension\"}]},{\"@type\":\"WebSite\",\"@id\":\"https:\/\/footdavant.fr\/actualites\/#website\",\"url\":\"https:\/\/footdavant.fr\/actualites\/\",\"name\":\"Foot d'avant\",\"description\":\"\",\"publisher\":{\"@id\":\"https:\/\/footdavant.fr\/actualites\/#organization\"},\"potentialAction\":[{\"@type\":\"SearchAction\",\"target\":{\"@type\":\"EntryPoint\",\"urlTemplate\":\"https:\/\/footdavant.fr\/actualites\/?s={search_term_string}\"},\"query-input\":\"required name=search_term_string\"}],\"inLanguage\":\"fr-FR\"},{\"@type\":\"Organization\",\"@id\":\"https:\/\/footdavant.fr\/actualites\/#organization\",\"name\":\"Foot d'avant\",\"url\":\"https:\/\/footdavant.fr\/actualites\/\",\"logo\":{\"@type\":\"ImageObject\",\"inLanguage\":\"fr-FR\",\"@id\":\"https:\/\/footdavant.fr\/actualites\/#\/schema\/logo\/image\/\",\"url\":\"https:\/\/footdavant.fr\/actualites\/wp-content\/uploads\/2023\/09\/Copy-of-FootDavant-Logo.png\",\"contentUrl\":\"https:\/\/footdavant.fr\/actualites\/wp-content\/uploads\/2023\/09\/Copy-of-FootDavant-Logo.png\",\"width\":936,\"height\":549,\"caption\":\"Foot d'avant\"},\"image\":{\"@id\":\"https:\/\/footdavant.fr\/actualites\/#\/schema\/logo\/image\/\"},\"sameAs\":[\"https:\/\/www.facebook.com\/Footdavant\/\",\"https:\/\/twitter.com\/FootdavantFr\",\"https:\/\/www.instagram.com\/footdavant.fr\/\"]},{\"@type\":\"Person\",\"@id\":\"https:\/\/footdavant.fr\/actualites\/#\/schema\/person\/bc222566d95871b37e597b3ed3ba5e1d\",\"name\":\"Cl\u00e9ment\",\"image\":{\"@type\":\"ImageObject\",\"inLanguage\":\"fr-FR\",\"@id\":\"https:\/\/footdavant.fr\/actualites\/#\/schema\/person\/image\/\",\"url\":\"https:\/\/secure.gravatar.com\/avatar\/7728b29aac2719421e1a9159b2254c44?s=96&d=mm&r=g\",\"contentUrl\":\"https:\/\/secure.gravatar.com\/avatar\/7728b29aac2719421e1a9159b2254c44?s=96&d=mm&r=g\",\"caption\":\"Cl\u00e9ment\"},\"sameAs\":[\"https:\/\/footdavant.fr\/\"]}]}<\/script>\n<!-- \/ Yoast SEO plugin. -->","yoast_head_json":{"title":"Composition de Tottenham contre Slavia Prague\u00a0: XI pr\u00e9vu pour le choc de la Ligue des champions au milieu d&#39;un risque de triple suspension","robots":{"index":"index","follow":"follow","max-snippet":"max-snippet:-1","max-image-preview":"max-image-preview:large","max-video-preview":"max-video-preview:-1"},"canonical":"https:\/\/footdavant.fr\/actualites\/composition-de-tottenham-contre-slavia-prague-xi-prevu-pour-le-choc-de-la-ligue-des-champions-au-milieu-dun-risque-de-triple-suspension\/","og_locale":"fr_FR","og_type":"article","og_title":"Composition de Tottenham contre Slavia Prague\u00a0: XI pr\u00e9vu pour le choc de la Ligue des champions au milieu d&#39;un risque de triple suspension","og_description":"Trois joueurs de Tottenham Hotspur marcheront sur la corde raide disciplinaire lors du choc de la Ligue des champions mardi contre le Slavia Prague au","og_url":"https:\/\/footdavant.fr\/actualites\/composition-de-tottenham-contre-slavia-prague-xi-prevu-pour-le-choc-de-la-ligue-des-champions-au-milieu-dun-risque-de-triple-suspension\/","og_site_name":"Foot d&#039;avant","article_publisher":"https:\/\/www.facebook.com\/Footdavant\/","article_published_time":"2025-12-11T00:48:07+00:00","article_modified_time":"2025-12-11T00:48:12+00:00","og_image":[{"width":720,"height":410,"url":"https:\/\/footdavant.fr\/actualites\/wp-content\/uploads\/2025\/12\/Composition-de-Tottenham-contre-Slavia-Prague-XI-prevu-pour-le.net2Fuploads2F20252F102Fimago1067363691.webp","type":"image\/webp"}],"author":"Cl\u00e9ment","twitter_card":"summary_large_image","twitter_creator":"@FootdavantFr","twitter_site":"@FootdavantFr","twitter_misc":{"\u00c9crit par":"Cl\u00e9ment","Dur\u00e9e de lecture estim\u00e9e":"2 minutes"},"schema":{"@context":"https:\/\/schema.org","@graph":[{"@type":"Article","@id":"https:\/\/footdavant.fr\/actualites\/composition-de-tottenham-contre-slavia-prague-xi-prevu-pour-le-choc-de-la-ligue-des-champions-au-milieu-dun-risque-de-triple-suspension\/#article","isPartOf":{"@id":"https:\/\/footdavant.fr\/actualites\/composition-de-tottenham-contre-slavia-prague-xi-prevu-pour-le-choc-de-la-ligue-des-champions-au-milieu-dun-risque-de-triple-suspension\/"},"author":{"name":"Cl\u00e9ment","@id":"https:\/\/footdavant.fr\/actualites\/#\/schema\/person\/bc222566d95871b37e597b3ed3ba5e1d"},"headline":"Composition de Tottenham contre Slavia Prague\u00a0: XI pr\u00e9vu pour le choc de la Ligue des champions au milieu d&#39;un risque de triple suspension","datePublished":"2025-12-11T00:48:07+00:00","dateModified":"2025-12-11T00:48:12+00:00","mainEntityOfPage":{"@id":"https:\/\/footdavant.fr\/actualites\/composition-de-tottenham-contre-slavia-prague-xi-prevu-pour-le-choc-de-la-ligue-des-champions-au-milieu-dun-risque-de-triple-suspension\/"},"wordCount":327,"publisher":{"@id":"https:\/\/footdavant.fr\/actualites\/#organization"},"keywords":["champions","choc","composition","contre","d39un","des","Ligue","milieu","pour","Prague","pr\u00e9vu","risque","Slavia","suspension","Tottenham","tripl\u00e9"],"articleSection":["Premier League"],"inLanguage":"fr-FR"},{"@type":"WebPage","@id":"https:\/\/footdavant.fr\/actualites\/composition-de-tottenham-contre-slavia-prague-xi-prevu-pour-le-choc-de-la-ligue-des-champions-au-milieu-dun-risque-de-triple-suspension\/","url":"https:\/\/footdavant.fr\/actualites\/composition-de-tottenham-contre-slavia-prague-xi-prevu-pour-le-choc-de-la-ligue-des-champions-au-milieu-dun-risque-de-triple-suspension\/","name":"Composition de Tottenham contre Slavia Prague\u00a0: XI pr\u00e9vu pour le choc de la Ligue des champions au milieu d&#39;un risque de triple suspension","isPartOf":{"@id":"https:\/\/footdavant.fr\/actualites\/#website"},"datePublished":"2025-12-11T00:48:07+00:00","dateModified":"2025-12-11T00:48:12+00:00","breadcrumb":{"@id":"https:\/\/footdavant.fr\/actualites\/composition-de-tottenham-contre-slavia-prague-xi-prevu-pour-le-choc-de-la-ligue-des-champions-au-milieu-dun-risque-de-triple-suspension\/#breadcrumb"},"inLanguage":"fr-FR","potentialAction":[{"@type":"ReadAction","target":["https:\/\/footdavant.fr\/actualites\/composition-de-tottenham-contre-slavia-prague-xi-prevu-pour-le-choc-de-la-ligue-des-champions-au-milieu-dun-risque-de-triple-suspension\/"]}]},{"@type":"BreadcrumbList","@id":"https:\/\/footdavant.fr\/actualites\/composition-de-tottenham-contre-slavia-prague-xi-prevu-pour-le-choc-de-la-ligue-des-champions-au-milieu-dun-risque-de-triple-suspension\/#breadcrumb","itemListElement":[{"@type":"ListItem","position":1,"name":"Accueil","item":"https:\/\/footdavant.fr\/actualites\/"},{"@type":"ListItem","position":2,"name":"Composition de Tottenham contre Slavia Prague\u00a0: XI pr\u00e9vu pour le choc de la Ligue des champions au milieu d&#39;un risque de triple suspension"}]},{"@type":"WebSite","@id":"https:\/\/footdavant.fr\/actualites\/#website","url":"https:\/\/footdavant.fr\/actualites\/","name":"Foot d'avant","description":"","publisher":{"@id":"https:\/\/footdavant.fr\/actualites\/#organization"},"potentialAction":[{"@type":"SearchAction","target":{"@type":"EntryPoint","urlTemplate":"https:\/\/footdavant.fr\/actualites\/?s={search_term_string}"},"query-input":"required name=search_term_string"}],"inLanguage":"fr-FR"},{"@type":"Organization","@id":"https:\/\/footdavant.fr\/actualites\/#organization","name":"Foot d'avant","url":"https:\/\/footdavant.fr\/actualites\/","logo":{"@type":"ImageObject","inLanguage":"fr-FR","@id":"https:\/\/footdavant.fr\/actualites\/#\/schema\/logo\/image\/","url":"https:\/\/footdavant.fr\/actualites\/wp-content\/uploads\/2023\/09\/Copy-of-FootDavant-Logo.png","contentUrl":"https:\/\/footdavant.fr\/actualites\/wp-content\/uploads\/2023\/09\/Copy-of-FootDavant-Logo.png","width":936,"height":549,"caption":"Foot d'avant"},"image":{"@id":"https:\/\/footdavant.fr\/actualites\/#\/schema\/logo\/image\/"},"sameAs":["https:\/\/www.facebook.com\/Footdavant\/","https:\/\/twitter.com\/FootdavantFr","https:\/\/www.instagram.com\/footdavant.fr\/"]},{"@type":"Person","@id":"https:\/\/footdavant.fr\/actualites\/#\/schema\/person\/bc222566d95871b37e597b3ed3ba5e1d","name":"Cl\u00e9ment","image":{"@type":"ImageObject","inLanguage":"fr-FR","@id":"https:\/\/footdavant.fr\/actualites\/#\/schema\/person\/image\/","url":"https:\/\/secure.gravatar.com\/avatar\/7728b29aac2719421e1a9159b2254c44?s=96&d=mm&r=g","contentUrl":"https:\/\/secure.gravatar.com\/avatar\/7728b29aac2719421e1a9159b2254c44?s=96&d=mm&r=g","caption":"Cl\u00e9ment"},"sameAs":["https:\/\/footdavant.fr\/"]}]}},"_links":{"self":[{"href":"https:\/\/footdavant.fr\/actualites\/wp-json\/wp\/v2\/posts\/32235"}],"collection":[{"href":"https:\/\/footdavant.fr\/actualites\/wp-json\/wp\/v2\/posts"}],"about":[{"href":"https:\/\/footdavant.fr\/actualites\/wp-json\/wp\/v2\/types\/post"}],"author":[{"embeddable":true,"href":"https:\/\/footdavant.fr\/actualites\/wp-json\/wp\/v2\/users\/1"}],"replies":[{"embeddable":true,"href":"https:\/\/footdavant.fr\/actualites\/wp-json\/wp\/v2\/comments?post=32235"}],"version-history":[{"count":1,"href":"https:\/\/footdavant.fr\/actualites\/wp-json\/wp\/v2\/posts\/32235\/revisions"}],"predecessor-version":[{"id":32237,"href":"https:\/\/footdavant.fr\/actualites\/wp-json\/wp\/v2\/posts\/32235\/revisions\/32237"}],"wp:featuredmedia":[{"embeddable":true,"href":"https:\/\/footdavant.fr\/actualites\/wp-json\/wp\/v2\/media\/32236"}],"wp:attachment":[{"href":"https:\/\/footdavant.fr\/actualites\/wp-json\/wp\/v2\/media?parent=32235"}],"wp:term":[{"taxonomy":"category","embeddable":true,"href":"https:\/\/footdavant.fr\/actualites\/wp-json\/wp\/v2\/categories?post=32235"},{"taxonomy":"post_tag","embeddable":true,"href":"https:\/\/footdavant.fr\/actualites\/wp-json\/wp\/v2\/tags?post=32235"}],"curies":[{"name":"wp","href":"https:\/\/api.w.org\/{rel}","templated":true}]}}