{"id":32238,"date":"2025-12-11T03:48:12","date_gmt":"2025-12-11T02:48:12","guid":{"rendered":"https:\/\/footdavant.fr\/actualites\/bellingham-soutient-alonso-malgre-la-pression-croissante-exercee-sur-le-patron-du-real-madrid-apres-la-defaite-de-manchester-city\/"},"modified":"2025-12-11T03:48:14","modified_gmt":"2025-12-11T02:48:14","slug":"bellingham-soutient-alonso-malgre-la-pression-croissante-exercee-sur-le-patron-du-real-madrid-apres-la-defaite-de-manchester-city","status":"publish","type":"post","link":"https:\/\/footdavant.fr\/actualites\/bellingham-soutient-alonso-malgre-la-pression-croissante-exercee-sur-le-patron-du-real-madrid-apres-la-defaite-de-manchester-city\/","title":{"rendered":"Bellingham soutient Alonso malgr\u00e9 la pression croissante exerc\u00e9e sur le patron du Real Madrid apr\u00e8s la d\u00e9faite de Manchester City"},"content":{"rendered":"<div>\n<p>Xabi Alonso b\u00e9n\u00e9ficie du soutien total de Jude Bellingham au milieu de sp\u00e9culations croissantes selon lesquelles le manager du Real Madrid pourrait risquer de perdre son emploi apr\u00e8s sa d\u00e9faite contre Manchester City en Ligue des champions. <\/p>\n<p>Los Blancos ont subi une deuxi\u00e8me d\u00e9faite cons\u00e9cutive au Bernabeu en \u00e9tant battus 2-1 par Manchester City trois jours seulement apr\u00e8s avoir perdu contre le Celta Vigo en Liga. <\/p>\n<p>Rodrygo a mis fin \u00e0 sa disette de 32 matchs, mais un retour avant la pause gr\u00e2ce \u00e0 Nico O&#39;Reilly et un penalty d&#39;Erling Haaland a transform\u00e9 l&#39;\u00e9galit\u00e9 en faveur de City alors que la triste s\u00e9rie du Real s&#39;est prolong\u00e9e \u00e0 seulement deux victoires sur ses huit derniers matches toutes comp\u00e9titions confondues. <\/p>\n<figure class=\"wp-block-embed is-type-rich is-provider-twitter wp-block-embed-twitter\"\/>\n<p>Leur forme r\u00e9cente a exerc\u00e9 une pression suppl\u00e9mentaire sur Alonso, qui a fait l&#39;objet en novembre de rumeurs de rupture dans sa relation avec la star Vinicius Junior.<\/p>\n<p>Le Real est actuellement septi\u00e8me du classement des 36 \u00e9quipes et est toujours en passe de terminer aux places de qualification automatique. <\/p>\n<p>Cependant, ils sont \u00e0 quatre points de Barcelone en Liga et n&#39;ont gagn\u00e9 qu&#39;une seule fois en cinq matches de haut niveau espagnol. <\/p>\n<p>Mais Bellingham pense que le Real dispose de tous les outils pour relancer sa saison.  <\/p>\n<p>Lorsqu&#39;on lui a demand\u00e9 o\u00f9 son \u00e9quipe avait mal tourn\u00e9 ces derni\u00e8res semaines, le joueur de 22 ans a d\u00e9clar\u00e9 \u00e0 TNT Sports : \u00ab\u00a0C&#39;est probablement d\u00fb \u00e0 un certain nombre de choses. Nous essayons toujours de r\u00e9gler le probl\u00e8me dans le vestiaire, ind\u00e9pendamment de ce qui se passe \u00e0 l&#39;ext\u00e9rieur. Ce genre de bruit ne sera d&#39;aucune utilit\u00e9. <\/p>\n<p>\u00ab\u00a0Il s&#39;agit pour nous d&#39;essayer de comprendre cela \u00e0 l&#39;int\u00e9rieur du vestiaire. Je pense que l&#39;une des choses qui est probablement assez \u00e9vidente est la fa\u00e7on dont nous g\u00e9rons les matchs en ce moment. Certains points o\u00f9 nous devons souffrir, nous avons l&#39;impression que nous conc\u00e9dons toujours et cela nous met en retrait et peut-\u00eatre nous fait jouer d&#39;une mani\u00e8re que nous ne voulons pas. <\/p>\n<p>\u00ab\u00a0Nous avons tout ce dont nous avons besoin pour renverser la situation. Je suis convaincu que cette saison n&#39;est pas termin\u00e9e simplement parce que nous sommes en mauvaise forme. En tant que joueurs, cela nous tue et nous allons tout essayer pour renverser la situation.\u00a0\u00bb<\/p>\n<p>Au milieu de la pression croissante sur Alonso, le milieu de terrain anglais a insist\u00e9 sur le fait que l&#39;\u00e9quipe \u00e9tait \u00ab\u00a0\u00e0 100%\u00a0\u00bb derri\u00e8re l&#39;ancien joueur du Real, ajoutant : \u00ab\u00a0Le manager a \u00e9t\u00e9 formidable. J&#39;ai personnellement une excellente relation avec lui. Beaucoup de gars aussi. <\/p>\n<p>\u00ab\u00a0Apr\u00e8s les premiers matchs o\u00f9 nous avons fait match nul, nous avons eu d&#39;excellentes conversations en interne o\u00f9 nous avions l&#39;impression que nous allions \u00eatre en mauvaise forme. Lors des deux derniers matchs, nous nous sommes laiss\u00e9s tomber. <\/p>\n<p>\u00ab\u00a0Personne ne l\u00e2che d&#39;outils, personne ne se plaint. Nous devrons prendre un peu de retard sur le menton, mais nous devrons continuer \u00e0 nous battre et \u00e0 rebondir.\u00a0\u00bb <\/p>\n<\/p><\/div>\n","protected":false},"excerpt":{"rendered":"<p>Xabi Alonso b\u00e9n\u00e9ficie du soutien total de Jude Bellingham au milieu de sp\u00e9culations croissantes selon lesquelles le manager du Real Madrid pourrait risquer de perdre<\/p>\n","protected":false},"author":1,"featured_media":23050,"comment_status":"closed","ping_status":"","sticky":false,"template":"","format":"standard","meta":{"footnotes":""},"categories":[3],"tags":[3450,25,454,27,11139,425,11140,303,2520,11,231,367,302,477,103],"yoast_head":"<!-- This site is optimized with the Yoast SEO plugin v21.0 - https:\/\/yoast.com\/wordpress\/plugins\/seo\/ -->\n<title>Bellingham soutient Alonso malgr\u00e9 la pression croissante exerc\u00e9e sur le patron du Real Madrid apr\u00e8s la d\u00e9faite de Manchester City<\/title>\n<meta name=\"robots\" content=\"index, follow, max-snippet:-1, max-image-preview:large, max-video-preview:-1\" \/>\n<link rel=\"canonical\" href=\"https:\/\/footdavant.fr\/actualites\/bellingham-soutient-alonso-malgre-la-pression-croissante-exercee-sur-le-patron-du-real-madrid-apres-la-defaite-de-manchester-city\/\" \/>\n<meta property=\"og:locale\" content=\"fr_FR\" \/>\n<meta property=\"og:type\" content=\"article\" \/>\n<meta property=\"og:title\" content=\"Bellingham soutient Alonso malgr\u00e9 la pression croissante exerc\u00e9e sur le patron du Real Madrid apr\u00e8s la d\u00e9faite de Manchester City\" \/>\n<meta property=\"og:description\" content=\"Xabi Alonso b\u00e9n\u00e9ficie du soutien total de Jude Bellingham au milieu de sp\u00e9culations croissantes selon lesquelles le manager du Real Madrid pourrait risquer de perdre\" \/>\n<meta property=\"og:url\" content=\"https:\/\/footdavant.fr\/actualites\/bellingham-soutient-alonso-malgre-la-pression-croissante-exercee-sur-le-patron-du-real-madrid-apres-la-defaite-de-manchester-city\/\" \/>\n<meta property=\"og:site_name\" content=\"Foot d&#039;avant\" \/>\n<meta property=\"article:publisher\" content=\"https:\/\/www.facebook.com\/Footdavant\/\" \/>\n<meta property=\"article:published_time\" content=\"2025-12-11T02:48:12+00:00\" \/>\n<meta property=\"article:modified_time\" content=\"2025-12-11T02:48:14+00:00\" \/>\n<meta property=\"og:image\" content=\"https:\/\/footdavant.fr\/actualites\/wp-content\/uploads\/2025\/04\/Les-programmes-confirmes-alors-que-Bellingham-se-reposait-avant-Copa.jpg\" \/>\n\t<meta property=\"og:image:width\" content=\"1200\" \/>\n\t<meta property=\"og:image:height\" content=\"800\" \/>\n\t<meta property=\"og:image:type\" content=\"image\/jpeg\" \/>\n<meta name=\"author\" content=\"Cl\u00e9ment\" \/>\n<meta name=\"twitter:card\" content=\"summary_large_image\" \/>\n<meta name=\"twitter:creator\" content=\"@FootdavantFr\" \/>\n<meta name=\"twitter:site\" content=\"@FootdavantFr\" \/>\n<meta name=\"twitter:label1\" content=\"\u00c9crit par\" \/>\n\t<meta name=\"twitter:data1\" content=\"Cl\u00e9ment\" \/>\n\t<meta name=\"twitter:label2\" content=\"Dur\u00e9e de lecture estim\u00e9e\" \/>\n\t<meta name=\"twitter:data2\" content=\"3 minutes\" \/>\n<script type=\"application\/ld+json\" class=\"yoast-schema-graph\">{\"@context\":\"https:\/\/schema.org\",\"@graph\":[{\"@type\":\"Article\",\"@id\":\"https:\/\/footdavant.fr\/actualites\/bellingham-soutient-alonso-malgre-la-pression-croissante-exercee-sur-le-patron-du-real-madrid-apres-la-defaite-de-manchester-city\/#article\",\"isPartOf\":{\"@id\":\"https:\/\/footdavant.fr\/actualites\/bellingham-soutient-alonso-malgre-la-pression-croissante-exercee-sur-le-patron-du-real-madrid-apres-la-defaite-de-manchester-city\/\"},\"author\":{\"name\":\"Cl\u00e9ment\",\"@id\":\"https:\/\/footdavant.fr\/actualites\/#\/schema\/person\/bc222566d95871b37e597b3ed3ba5e1d\"},\"headline\":\"Bellingham soutient Alonso malgr\u00e9 la pression croissante exerc\u00e9e sur le patron du Real Madrid apr\u00e8s la d\u00e9faite de Manchester City\",\"datePublished\":\"2025-12-11T02:48:12+00:00\",\"dateModified\":\"2025-12-11T02:48:14+00:00\",\"mainEntityOfPage\":{\"@id\":\"https:\/\/footdavant.fr\/actualites\/bellingham-soutient-alonso-malgre-la-pression-croissante-exercee-sur-le-patron-du-real-madrid-apres-la-defaite-de-manchester-city\/\"},\"wordCount\":551,\"publisher\":{\"@id\":\"https:\/\/footdavant.fr\/actualites\/#organization\"},\"keywords\":[\"Alonso\",\"apr\u00e8s\",\"Bellingham\",\"City\",\"croissante\",\"d\u00e9faite\",\"exerc\u00e9e\",\"Madrid\",\"malgr\u00e9\",\"Manchester\",\"patron\",\"pression\",\"Real\",\"soutient\",\"sur\"],\"articleSection\":[\"Football\"],\"inLanguage\":\"fr-FR\"},{\"@type\":\"WebPage\",\"@id\":\"https:\/\/footdavant.fr\/actualites\/bellingham-soutient-alonso-malgre-la-pression-croissante-exercee-sur-le-patron-du-real-madrid-apres-la-defaite-de-manchester-city\/\",\"url\":\"https:\/\/footdavant.fr\/actualites\/bellingham-soutient-alonso-malgre-la-pression-croissante-exercee-sur-le-patron-du-real-madrid-apres-la-defaite-de-manchester-city\/\",\"name\":\"Bellingham soutient Alonso malgr\u00e9 la pression croissante exerc\u00e9e sur le patron du Real Madrid apr\u00e8s la d\u00e9faite de Manchester City\",\"isPartOf\":{\"@id\":\"https:\/\/footdavant.fr\/actualites\/#website\"},\"datePublished\":\"2025-12-11T02:48:12+00:00\",\"dateModified\":\"2025-12-11T02:48:14+00:00\",\"breadcrumb\":{\"@id\":\"https:\/\/footdavant.fr\/actualites\/bellingham-soutient-alonso-malgre-la-pression-croissante-exercee-sur-le-patron-du-real-madrid-apres-la-defaite-de-manchester-city\/#breadcrumb\"},\"inLanguage\":\"fr-FR\",\"potentialAction\":[{\"@type\":\"ReadAction\",\"target\":[\"https:\/\/footdavant.fr\/actualites\/bellingham-soutient-alonso-malgre-la-pression-croissante-exercee-sur-le-patron-du-real-madrid-apres-la-defaite-de-manchester-city\/\"]}]},{\"@type\":\"BreadcrumbList\",\"@id\":\"https:\/\/footdavant.fr\/actualites\/bellingham-soutient-alonso-malgre-la-pression-croissante-exercee-sur-le-patron-du-real-madrid-apres-la-defaite-de-manchester-city\/#breadcrumb\",\"itemListElement\":[{\"@type\":\"ListItem\",\"position\":1,\"name\":\"Accueil\",\"item\":\"https:\/\/footdavant.fr\/actualites\/\"},{\"@type\":\"ListItem\",\"position\":2,\"name\":\"Bellingham soutient Alonso malgr\u00e9 la pression croissante exerc\u00e9e sur le patron du Real Madrid apr\u00e8s la d\u00e9faite de Manchester City\"}]},{\"@type\":\"WebSite\",\"@id\":\"https:\/\/footdavant.fr\/actualites\/#website\",\"url\":\"https:\/\/footdavant.fr\/actualites\/\",\"name\":\"Foot d'avant\",\"description\":\"\",\"publisher\":{\"@id\":\"https:\/\/footdavant.fr\/actualites\/#organization\"},\"potentialAction\":[{\"@type\":\"SearchAction\",\"target\":{\"@type\":\"EntryPoint\",\"urlTemplate\":\"https:\/\/footdavant.fr\/actualites\/?s={search_term_string}\"},\"query-input\":\"required name=search_term_string\"}],\"inLanguage\":\"fr-FR\"},{\"@type\":\"Organization\",\"@id\":\"https:\/\/footdavant.fr\/actualites\/#organization\",\"name\":\"Foot d'avant\",\"url\":\"https:\/\/footdavant.fr\/actualites\/\",\"logo\":{\"@type\":\"ImageObject\",\"inLanguage\":\"fr-FR\",\"@id\":\"https:\/\/footdavant.fr\/actualites\/#\/schema\/logo\/image\/\",\"url\":\"https:\/\/footdavant.fr\/actualites\/wp-content\/uploads\/2023\/09\/Copy-of-FootDavant-Logo.png\",\"contentUrl\":\"https:\/\/footdavant.fr\/actualites\/wp-content\/uploads\/2023\/09\/Copy-of-FootDavant-Logo.png\",\"width\":936,\"height\":549,\"caption\":\"Foot d'avant\"},\"image\":{\"@id\":\"https:\/\/footdavant.fr\/actualites\/#\/schema\/logo\/image\/\"},\"sameAs\":[\"https:\/\/www.facebook.com\/Footdavant\/\",\"https:\/\/twitter.com\/FootdavantFr\",\"https:\/\/www.instagram.com\/footdavant.fr\/\"]},{\"@type\":\"Person\",\"@id\":\"https:\/\/footdavant.fr\/actualites\/#\/schema\/person\/bc222566d95871b37e597b3ed3ba5e1d\",\"name\":\"Cl\u00e9ment\",\"image\":{\"@type\":\"ImageObject\",\"inLanguage\":\"fr-FR\",\"@id\":\"https:\/\/footdavant.fr\/actualites\/#\/schema\/person\/image\/\",\"url\":\"https:\/\/secure.gravatar.com\/avatar\/7728b29aac2719421e1a9159b2254c44?s=96&d=mm&r=g\",\"contentUrl\":\"https:\/\/secure.gravatar.com\/avatar\/7728b29aac2719421e1a9159b2254c44?s=96&d=mm&r=g\",\"caption\":\"Cl\u00e9ment\"},\"sameAs\":[\"https:\/\/footdavant.fr\/\"]}]}<\/script>\n<!-- \/ Yoast SEO plugin. -->","yoast_head_json":{"title":"Bellingham soutient Alonso malgr\u00e9 la pression croissante exerc\u00e9e sur le patron du Real Madrid apr\u00e8s la d\u00e9faite de Manchester City","robots":{"index":"index","follow":"follow","max-snippet":"max-snippet:-1","max-image-preview":"max-image-preview:large","max-video-preview":"max-video-preview:-1"},"canonical":"https:\/\/footdavant.fr\/actualites\/bellingham-soutient-alonso-malgre-la-pression-croissante-exercee-sur-le-patron-du-real-madrid-apres-la-defaite-de-manchester-city\/","og_locale":"fr_FR","og_type":"article","og_title":"Bellingham soutient Alonso malgr\u00e9 la pression croissante exerc\u00e9e sur le patron du Real Madrid apr\u00e8s la d\u00e9faite de Manchester City","og_description":"Xabi Alonso b\u00e9n\u00e9ficie du soutien total de Jude Bellingham au milieu de sp\u00e9culations croissantes selon lesquelles le manager du Real Madrid pourrait risquer de perdre","og_url":"https:\/\/footdavant.fr\/actualites\/bellingham-soutient-alonso-malgre-la-pression-croissante-exercee-sur-le-patron-du-real-madrid-apres-la-defaite-de-manchester-city\/","og_site_name":"Foot d&#039;avant","article_publisher":"https:\/\/www.facebook.com\/Footdavant\/","article_published_time":"2025-12-11T02:48:12+00:00","article_modified_time":"2025-12-11T02:48:14+00:00","og_image":[{"width":1200,"height":800,"url":"https:\/\/footdavant.fr\/actualites\/wp-content\/uploads\/2025\/04\/Les-programmes-confirmes-alors-que-Bellingham-se-reposait-avant-Copa.jpg","type":"image\/jpeg"}],"author":"Cl\u00e9ment","twitter_card":"summary_large_image","twitter_creator":"@FootdavantFr","twitter_site":"@FootdavantFr","twitter_misc":{"\u00c9crit par":"Cl\u00e9ment","Dur\u00e9e de lecture estim\u00e9e":"3 minutes"},"schema":{"@context":"https:\/\/schema.org","@graph":[{"@type":"Article","@id":"https:\/\/footdavant.fr\/actualites\/bellingham-soutient-alonso-malgre-la-pression-croissante-exercee-sur-le-patron-du-real-madrid-apres-la-defaite-de-manchester-city\/#article","isPartOf":{"@id":"https:\/\/footdavant.fr\/actualites\/bellingham-soutient-alonso-malgre-la-pression-croissante-exercee-sur-le-patron-du-real-madrid-apres-la-defaite-de-manchester-city\/"},"author":{"name":"Cl\u00e9ment","@id":"https:\/\/footdavant.fr\/actualites\/#\/schema\/person\/bc222566d95871b37e597b3ed3ba5e1d"},"headline":"Bellingham soutient Alonso malgr\u00e9 la pression croissante exerc\u00e9e sur le patron du Real Madrid apr\u00e8s la d\u00e9faite de Manchester City","datePublished":"2025-12-11T02:48:12+00:00","dateModified":"2025-12-11T02:48:14+00:00","mainEntityOfPage":{"@id":"https:\/\/footdavant.fr\/actualites\/bellingham-soutient-alonso-malgre-la-pression-croissante-exercee-sur-le-patron-du-real-madrid-apres-la-defaite-de-manchester-city\/"},"wordCount":551,"publisher":{"@id":"https:\/\/footdavant.fr\/actualites\/#organization"},"keywords":["Alonso","apr\u00e8s","Bellingham","City","croissante","d\u00e9faite","exerc\u00e9e","Madrid","malgr\u00e9","Manchester","patron","pression","Real","soutient","sur"],"articleSection":["Football"],"inLanguage":"fr-FR"},{"@type":"WebPage","@id":"https:\/\/footdavant.fr\/actualites\/bellingham-soutient-alonso-malgre-la-pression-croissante-exercee-sur-le-patron-du-real-madrid-apres-la-defaite-de-manchester-city\/","url":"https:\/\/footdavant.fr\/actualites\/bellingham-soutient-alonso-malgre-la-pression-croissante-exercee-sur-le-patron-du-real-madrid-apres-la-defaite-de-manchester-city\/","name":"Bellingham soutient Alonso malgr\u00e9 la pression croissante exerc\u00e9e sur le patron du Real Madrid apr\u00e8s la d\u00e9faite de Manchester City","isPartOf":{"@id":"https:\/\/footdavant.fr\/actualites\/#website"},"datePublished":"2025-12-11T02:48:12+00:00","dateModified":"2025-12-11T02:48:14+00:00","breadcrumb":{"@id":"https:\/\/footdavant.fr\/actualites\/bellingham-soutient-alonso-malgre-la-pression-croissante-exercee-sur-le-patron-du-real-madrid-apres-la-defaite-de-manchester-city\/#breadcrumb"},"inLanguage":"fr-FR","potentialAction":[{"@type":"ReadAction","target":["https:\/\/footdavant.fr\/actualites\/bellingham-soutient-alonso-malgre-la-pression-croissante-exercee-sur-le-patron-du-real-madrid-apres-la-defaite-de-manchester-city\/"]}]},{"@type":"BreadcrumbList","@id":"https:\/\/footdavant.fr\/actualites\/bellingham-soutient-alonso-malgre-la-pression-croissante-exercee-sur-le-patron-du-real-madrid-apres-la-defaite-de-manchester-city\/#breadcrumb","itemListElement":[{"@type":"ListItem","position":1,"name":"Accueil","item":"https:\/\/footdavant.fr\/actualites\/"},{"@type":"ListItem","position":2,"name":"Bellingham soutient Alonso malgr\u00e9 la pression croissante exerc\u00e9e sur le patron du Real Madrid apr\u00e8s la d\u00e9faite de Manchester City"}]},{"@type":"WebSite","@id":"https:\/\/footdavant.fr\/actualites\/#website","url":"https:\/\/footdavant.fr\/actualites\/","name":"Foot d'avant","description":"","publisher":{"@id":"https:\/\/footdavant.fr\/actualites\/#organization"},"potentialAction":[{"@type":"SearchAction","target":{"@type":"EntryPoint","urlTemplate":"https:\/\/footdavant.fr\/actualites\/?s={search_term_string}"},"query-input":"required name=search_term_string"}],"inLanguage":"fr-FR"},{"@type":"Organization","@id":"https:\/\/footdavant.fr\/actualites\/#organization","name":"Foot d'avant","url":"https:\/\/footdavant.fr\/actualites\/","logo":{"@type":"ImageObject","inLanguage":"fr-FR","@id":"https:\/\/footdavant.fr\/actualites\/#\/schema\/logo\/image\/","url":"https:\/\/footdavant.fr\/actualites\/wp-content\/uploads\/2023\/09\/Copy-of-FootDavant-Logo.png","contentUrl":"https:\/\/footdavant.fr\/actualites\/wp-content\/uploads\/2023\/09\/Copy-of-FootDavant-Logo.png","width":936,"height":549,"caption":"Foot d'avant"},"image":{"@id":"https:\/\/footdavant.fr\/actualites\/#\/schema\/logo\/image\/"},"sameAs":["https:\/\/www.facebook.com\/Footdavant\/","https:\/\/twitter.com\/FootdavantFr","https:\/\/www.instagram.com\/footdavant.fr\/"]},{"@type":"Person","@id":"https:\/\/footdavant.fr\/actualites\/#\/schema\/person\/bc222566d95871b37e597b3ed3ba5e1d","name":"Cl\u00e9ment","image":{"@type":"ImageObject","inLanguage":"fr-FR","@id":"https:\/\/footdavant.fr\/actualites\/#\/schema\/person\/image\/","url":"https:\/\/secure.gravatar.com\/avatar\/7728b29aac2719421e1a9159b2254c44?s=96&d=mm&r=g","contentUrl":"https:\/\/secure.gravatar.com\/avatar\/7728b29aac2719421e1a9159b2254c44?s=96&d=mm&r=g","caption":"Cl\u00e9ment"},"sameAs":["https:\/\/footdavant.fr\/"]}]}},"_links":{"self":[{"href":"https:\/\/footdavant.fr\/actualites\/wp-json\/wp\/v2\/posts\/32238"}],"collection":[{"href":"https:\/\/footdavant.fr\/actualites\/wp-json\/wp\/v2\/posts"}],"about":[{"href":"https:\/\/footdavant.fr\/actualites\/wp-json\/wp\/v2\/types\/post"}],"author":[{"embeddable":true,"href":"https:\/\/footdavant.fr\/actualites\/wp-json\/wp\/v2\/users\/1"}],"replies":[{"embeddable":true,"href":"https:\/\/footdavant.fr\/actualites\/wp-json\/wp\/v2\/comments?post=32238"}],"version-history":[{"count":1,"href":"https:\/\/footdavant.fr\/actualites\/wp-json\/wp\/v2\/posts\/32238\/revisions"}],"predecessor-version":[{"id":32239,"href":"https:\/\/footdavant.fr\/actualites\/wp-json\/wp\/v2\/posts\/32238\/revisions\/32239"}],"wp:featuredmedia":[{"embeddable":true,"href":"https:\/\/footdavant.fr\/actualites\/wp-json\/wp\/v2\/media\/23050"}],"wp:attachment":[{"href":"https:\/\/footdavant.fr\/actualites\/wp-json\/wp\/v2\/media?parent=32238"}],"wp:term":[{"taxonomy":"category","embeddable":true,"href":"https:\/\/footdavant.fr\/actualites\/wp-json\/wp\/v2\/categories?post=32238"},{"taxonomy":"post_tag","embeddable":true,"href":"https:\/\/footdavant.fr\/actualites\/wp-json\/wp\/v2\/tags?post=32238"}],"curies":[{"name":"wp","href":"https:\/\/api.w.org\/{rel}","templated":true}]}}