{"id":32243,"date":"2025-12-11T07:48:01","date_gmt":"2025-12-11T06:48:01","guid":{"rendered":"https:\/\/footdavant.fr\/actualites\/rasmus-hojlund-le-prete-de-man-united-subit-une-soiree-choquante-en-ligue-des-champions\/"},"modified":"2025-12-11T07:48:04","modified_gmt":"2025-12-11T06:48:04","slug":"rasmus-hojlund-le-prete-de-man-united-subit-une-soiree-choquante-en-ligue-des-champions","status":"publish","type":"post","link":"https:\/\/footdavant.fr\/actualites\/rasmus-hojlund-le-prete-de-man-united-subit-une-soiree-choquante-en-ligue-des-champions\/","title":{"rendered":"Rasmus Hojlund: le pr\u00eat\u00e9 de Man United subit une soir\u00e9e choquante en Ligue des champions \u2013"},"content":{"rendered":"<div id=\"penci-post-entry-inner\">\n<p>\t\t\t<i class=\"penci-post-countview-number-check\" style=\"display:none\">1<\/i><\/p>\n<p>Manchester United avait trois joueurs pr\u00eat\u00e9s en action mercredi soir.<\/p>\n<p>Pour suivre o\u00f9 sont tous les joueurs pr\u00eat\u00e9s de United cette saison, cliquez ici.<\/p>\n<h3>Rasmus Hojlund<\/h3>\n<p>Le Danois venait de r\u00e9aliser un superbe doubl\u00e9 contre la Juventus ce week-end.<\/p>\n<p>Hojlund a eu beaucoup moins d&#39;impact sur ce match, puisque son \u00e9quipe s&#39;est inclin\u00e9e 2-0 face au SL Benfica de Jose Mourinho.<\/p>\n<p>Il n&#39;a r\u00e9ussi qu&#39;un seul tir au but, qui a \u00e9t\u00e9 bloqu\u00e9. Hojlund n\u2019a pas non plus r\u00e9ussi \u00e0 effectuer de passes cl\u00e9s dans le match.<\/p>\n<p>Le joueur de 22 ans n\u2019a \u00e9galement r\u00e9ussi aucune de ses tentatives de dribble pendant le match. Il n&#39;a pu remporter que 17% de ses duels a\u00e9riens avec une mauvaise nuit de travail.<\/p>\n<p>Hojlund sera ensuite en action lorsque Naples reviendra en championnat pour affronter l&#39;Udinese dimanche apr\u00e8s-midi.<\/p>\n<h3>Radek Vitek<\/h3>\n<p>Le gardien tch\u00e8que a conc\u00e9d\u00e9 deux buts lors du match nul 2-2 de Bristol City contre Leicester City.<\/p>\n<p>Il n&#39;a pas r\u00e9ussi \u00e0 arr\u00eater un penalty dans le match mais a r\u00e9alis\u00e9 un total de trois arr\u00eats.<\/p>\n<p>Le jeune gardien a \u00e9galement compl\u00e9t\u00e9 sa seule haute revendication et a r\u00e9alis\u00e9 86% de ses passes.<\/p>\n<p>Vitek sera ensuite en action lorsque Bristol City se rendra chez le leader de la ligue, Coventry City, samedi apr\u00e8s-midi.<\/p>\n<h3>Dan Gore<\/h3>\n<p>Gore a jou\u00e9 les 90 minutes compl\u00e8tes de la d\u00e9faite 0-3 de Rotherham United contre Blackpool.<\/p>\n<p>Au cours d&#39;une soir\u00e9e d\u00e9cevante, il n&#39;a r\u00e9ussi aucune passe cl\u00e9 ni aucune de ses trois tentatives de centres.<\/p>\n<p>Il a cependant r\u00e9ussi \u00e0 trouver sa cible avec 87% de ses tentatives de passe. Gore a \u00e9galement remport\u00e9 deux plaqu\u00e9s et compl\u00e9t\u00e9 sept duels au sol dans une bataille comp\u00e9titive au milieu de terrain.<\/p>\n<p>Gore sera ensuite en action lorsque Rotherham se rendra \u00e0 Plymouth samedi apr\u00e8s-midi.<\/p>\n<h2 id=\"tablepress-369-name\" class=\"tablepress-table-name tablepress-table-name-id-369\">Statistiques de Rasmus Hojlund contre SL Benfica<\/h2>\n<table id=\"tablepress-369\" class=\"tablepress tablepress-id-369\" aria-labelledby=\"tablepress-369-name\">\n<thead>\n<tr class=\"row-1\">\n<th class=\"column-1\">Statistique<\/th>\n<th class=\"column-2\">Valeur<\/th>\n<\/tr>\n<\/thead>\n<tbody class=\"row-striping row-hover\">\n<tr class=\"row-2\">\n<td class=\"column-1\">Objectifs<\/td>\n<td class=\"column-2\">0<\/td>\n<\/tr>\n<tr class=\"row-3\">\n<td class=\"column-1\">Objectifs attendus (xG)<\/td>\n<td class=\"column-2\">0,07<\/td>\n<\/tr>\n<tr class=\"row-4\">\n<td class=\"column-1\">Aides<\/td>\n<td class=\"column-2\">0<\/td>\n<\/tr>\n<tr class=\"row-5\">\n<td class=\"column-1\">Aides attendues (xA)<\/td>\n<td class=\"column-2\">0,01<\/td>\n<\/tr>\n<tr class=\"row-6\">\n<td class=\"column-1\">Nombre total de tirs<\/td>\n<td class=\"column-2\">1<\/td>\n<\/tr>\n<tr class=\"row-7\">\n<td class=\"column-1\">Tirs cadr\u00e9s<\/td>\n<td class=\"column-2\">0<\/td>\n<\/tr>\n<tr class=\"row-8\">\n<td class=\"column-1\">Tirs bloqu\u00e9s<\/td>\n<td class=\"column-2\">1<\/td>\n<\/tr>\n<tr class=\"row-9\">\n<td class=\"column-1\">Touches<\/td>\n<td class=\"column-2\">29<\/td>\n<\/tr>\n<tr class=\"row-10\">\n<td class=\"column-1\">Touches infructueuses<\/td>\n<td class=\"column-2\">4<\/td>\n<\/tr>\n<tr class=\"row-11\">\n<td class=\"column-1\">Dribbles (r\u00e9ussis)<\/td>\n<td class=\"column-2\">1 (0)<\/td>\n<\/tr>\n<tr class=\"row-12\">\n<td class=\"column-1\">A \u00e9t\u00e9 victime d&#39;une faute<\/td>\n<td class=\"column-2\">1<\/td>\n<\/tr>\n<tr class=\"row-13\">\n<td class=\"column-1\">Possession perdue<\/td>\n<td class=\"column-2\">8<\/td>\n<\/tr>\n<tr class=\"row-14\">\n<td class=\"column-1\">Passes cl\u00e9s<\/td>\n<td class=\"column-2\">0<\/td>\n<\/tr>\n<tr class=\"row-15\">\n<td class=\"column-1\">Croix (pr\u00e9cises)<\/td>\n<td class=\"column-2\">0 (0)<\/td>\n<\/tr>\n<tr class=\"row-16\">\n<td class=\"column-1\">Passes pr\u00e9cises<\/td>\n<td class=\"column-2\">15\/18 (83%)<\/td>\n<\/tr>\n<tr class=\"row-17\">\n<td class=\"column-1\">Passe dans la moiti\u00e9 de terrain adverse (acc.)<\/td>\n<td class=\"column-2\">10\/13 (77%)<\/td>\n<\/tr>\n<tr class=\"row-18\">\n<td class=\"column-1\">Passe dans sa propre moiti\u00e9 de terrain (acc.)<\/td>\n<td class=\"column-2\">5\/5 (100%)<\/td>\n<\/tr>\n<tr class=\"row-19\">\n<td class=\"column-1\">Tacles (gagn\u00e9s)<\/td>\n<td class=\"column-2\">0 (0)<\/td>\n<\/tr>\n<tr class=\"row-20\">\n<td class=\"column-1\">Interceptions<\/td>\n<td class=\"column-2\">0<\/td>\n<\/tr>\n<tr class=\"row-21\">\n<td class=\"column-1\">D\u00e9gagements<\/td>\n<td class=\"column-2\">1<\/td>\n<\/tr>\n<tr class=\"row-22\">\n<td class=\"column-1\">Tirs bloqu\u00e9s<\/td>\n<td class=\"column-2\">0<\/td>\n<\/tr>\n<tr class=\"row-23\">\n<td class=\"column-1\">Duels au sol (gagn\u00e9s)<\/td>\n<td class=\"column-2\">4 (1)<\/td>\n<\/tr>\n<tr class=\"row-24\">\n<td class=\"column-1\">Duels a\u00e9riens (gagn\u00e9s)<\/td>\n<td class=\"column-2\">6 (1)<\/td>\n<\/tr>\n<tr class=\"row-25\">\n<td class=\"column-1\">Fautes<\/td>\n<td class=\"column-2\">2<\/td>\n<\/tr>\n<\/tbody>\n<\/table>\n<p><!-- #tablepress-369 from cache --><\/p>\n<hr\/>\n<p>The Peoples Person est l&#39;un des principaux sites d&#39;information de Man United au monde depuis plus d&#39;une d\u00e9cennie. Suivez-nous sur Bluesky\u00a0: @peoplesperson.bsky.social<\/p>\n<\/p>\n<p><!-- CONTENT END 2 --><\/p><\/div>\n","protected":false},"excerpt":{"rendered":"<p>1 Manchester United avait trois joueurs pr\u00eat\u00e9s en action mercredi soir. Pour suivre o\u00f9 sont tous les joueurs pr\u00eat\u00e9s de United cette saison, cliquez ici.<\/p>\n","protected":false},"author":1,"featured_media":32244,"comment_status":"closed","ping_status":"","sticky":false,"template":"","format":"standard","meta":{"footnotes":""},"categories":[3],"tags":[31,2083,12,456,30,24,1602,455,4037,366,92,13],"yoast_head":"<!-- This site is optimized with the Yoast SEO plugin v21.0 - https:\/\/yoast.com\/wordpress\/plugins\/seo\/ -->\n<title>Rasmus Hojlund: le pr\u00eat\u00e9 de Man United subit une soir\u00e9e choquante en Ligue des champions \u2013<\/title>\n<meta name=\"robots\" content=\"index, follow, max-snippet:-1, max-image-preview:large, max-video-preview:-1\" \/>\n<link rel=\"canonical\" href=\"https:\/\/footdavant.fr\/actualites\/rasmus-hojlund-le-prete-de-man-united-subit-une-soiree-choquante-en-ligue-des-champions\/\" \/>\n<meta property=\"og:locale\" content=\"fr_FR\" \/>\n<meta property=\"og:type\" content=\"article\" \/>\n<meta property=\"og:title\" content=\"Rasmus Hojlund: le pr\u00eat\u00e9 de Man United subit une soir\u00e9e choquante en Ligue des champions \u2013\" \/>\n<meta property=\"og:description\" content=\"1 Manchester United avait trois joueurs pr\u00eat\u00e9s en action mercredi soir. Pour suivre o\u00f9 sont tous les joueurs pr\u00eat\u00e9s de United cette saison, cliquez ici.\" \/>\n<meta property=\"og:url\" content=\"https:\/\/footdavant.fr\/actualites\/rasmus-hojlund-le-prete-de-man-united-subit-une-soiree-choquante-en-ligue-des-champions\/\" \/>\n<meta property=\"og:site_name\" content=\"Foot d&#039;avant\" \/>\n<meta property=\"article:publisher\" content=\"https:\/\/www.facebook.com\/Footdavant\/\" \/>\n<meta property=\"article:published_time\" content=\"2025-12-11T06:48:01+00:00\" \/>\n<meta property=\"article:modified_time\" content=\"2025-12-11T06:48:04+00:00\" \/>\n<meta property=\"og:image\" content=\"https:\/\/footdavant.fr\/actualites\/wp-content\/uploads\/2025\/12\/Rasmus-Hojlund-le-prete-de-Man-United-subit-une-soiree.jpg\" \/>\n\t<meta property=\"og:image:width\" content=\"1600\" \/>\n\t<meta property=\"og:image:height\" content=\"713\" \/>\n\t<meta property=\"og:image:type\" content=\"image\/jpeg\" \/>\n<meta name=\"author\" content=\"Cl\u00e9ment\" \/>\n<meta name=\"twitter:card\" content=\"summary_large_image\" \/>\n<meta name=\"twitter:creator\" content=\"@FootdavantFr\" \/>\n<meta name=\"twitter:site\" content=\"@FootdavantFr\" \/>\n<meta name=\"twitter:label1\" content=\"\u00c9crit par\" \/>\n\t<meta name=\"twitter:data1\" content=\"Cl\u00e9ment\" \/>\n\t<meta name=\"twitter:label2\" content=\"Dur\u00e9e de lecture estim\u00e9e\" \/>\n\t<meta name=\"twitter:data2\" content=\"2 minutes\" \/>\n<script type=\"application\/ld+json\" class=\"yoast-schema-graph\">{\"@context\":\"https:\/\/schema.org\",\"@graph\":[{\"@type\":\"Article\",\"@id\":\"https:\/\/footdavant.fr\/actualites\/rasmus-hojlund-le-prete-de-man-united-subit-une-soiree-choquante-en-ligue-des-champions\/#article\",\"isPartOf\":{\"@id\":\"https:\/\/footdavant.fr\/actualites\/rasmus-hojlund-le-prete-de-man-united-subit-une-soiree-choquante-en-ligue-des-champions\/\"},\"author\":{\"name\":\"Cl\u00e9ment\",\"@id\":\"https:\/\/footdavant.fr\/actualites\/#\/schema\/person\/bc222566d95871b37e597b3ed3ba5e1d\"},\"headline\":\"Rasmus Hojlund: le pr\u00eat\u00e9 de Man United subit une soir\u00e9e choquante en Ligue des champions \u2013\",\"datePublished\":\"2025-12-11T06:48:01+00:00\",\"dateModified\":\"2025-12-11T06:48:04+00:00\",\"mainEntityOfPage\":{\"@id\":\"https:\/\/footdavant.fr\/actualites\/rasmus-hojlund-le-prete-de-man-united-subit-une-soiree-choquante-en-ligue-des-champions\/\"},\"wordCount\":460,\"publisher\":{\"@id\":\"https:\/\/footdavant.fr\/actualites\/#organization\"},\"keywords\":[\"champions\",\"choquante\",\"des\",\"Hojlund\",\"Ligue\",\"Man\",\"pr\u00eat\u00e9\",\"Rasmus\",\"soir\u00e9e\",\"subit\",\"une\",\"United\"],\"articleSection\":[\"Football\"],\"inLanguage\":\"fr-FR\"},{\"@type\":\"WebPage\",\"@id\":\"https:\/\/footdavant.fr\/actualites\/rasmus-hojlund-le-prete-de-man-united-subit-une-soiree-choquante-en-ligue-des-champions\/\",\"url\":\"https:\/\/footdavant.fr\/actualites\/rasmus-hojlund-le-prete-de-man-united-subit-une-soiree-choquante-en-ligue-des-champions\/\",\"name\":\"Rasmus Hojlund: le pr\u00eat\u00e9 de Man United subit une soir\u00e9e choquante en Ligue des champions \u2013\",\"isPartOf\":{\"@id\":\"https:\/\/footdavant.fr\/actualites\/#website\"},\"datePublished\":\"2025-12-11T06:48:01+00:00\",\"dateModified\":\"2025-12-11T06:48:04+00:00\",\"breadcrumb\":{\"@id\":\"https:\/\/footdavant.fr\/actualites\/rasmus-hojlund-le-prete-de-man-united-subit-une-soiree-choquante-en-ligue-des-champions\/#breadcrumb\"},\"inLanguage\":\"fr-FR\",\"potentialAction\":[{\"@type\":\"ReadAction\",\"target\":[\"https:\/\/footdavant.fr\/actualites\/rasmus-hojlund-le-prete-de-man-united-subit-une-soiree-choquante-en-ligue-des-champions\/\"]}]},{\"@type\":\"BreadcrumbList\",\"@id\":\"https:\/\/footdavant.fr\/actualites\/rasmus-hojlund-le-prete-de-man-united-subit-une-soiree-choquante-en-ligue-des-champions\/#breadcrumb\",\"itemListElement\":[{\"@type\":\"ListItem\",\"position\":1,\"name\":\"Accueil\",\"item\":\"https:\/\/footdavant.fr\/actualites\/\"},{\"@type\":\"ListItem\",\"position\":2,\"name\":\"Rasmus Hojlund: le pr\u00eat\u00e9 de Man United subit une soir\u00e9e choquante en Ligue des champions \u2013\"}]},{\"@type\":\"WebSite\",\"@id\":\"https:\/\/footdavant.fr\/actualites\/#website\",\"url\":\"https:\/\/footdavant.fr\/actualites\/\",\"name\":\"Foot d'avant\",\"description\":\"\",\"publisher\":{\"@id\":\"https:\/\/footdavant.fr\/actualites\/#organization\"},\"potentialAction\":[{\"@type\":\"SearchAction\",\"target\":{\"@type\":\"EntryPoint\",\"urlTemplate\":\"https:\/\/footdavant.fr\/actualites\/?s={search_term_string}\"},\"query-input\":\"required name=search_term_string\"}],\"inLanguage\":\"fr-FR\"},{\"@type\":\"Organization\",\"@id\":\"https:\/\/footdavant.fr\/actualites\/#organization\",\"name\":\"Foot d'avant\",\"url\":\"https:\/\/footdavant.fr\/actualites\/\",\"logo\":{\"@type\":\"ImageObject\",\"inLanguage\":\"fr-FR\",\"@id\":\"https:\/\/footdavant.fr\/actualites\/#\/schema\/logo\/image\/\",\"url\":\"https:\/\/footdavant.fr\/actualites\/wp-content\/uploads\/2023\/09\/Copy-of-FootDavant-Logo.png\",\"contentUrl\":\"https:\/\/footdavant.fr\/actualites\/wp-content\/uploads\/2023\/09\/Copy-of-FootDavant-Logo.png\",\"width\":936,\"height\":549,\"caption\":\"Foot d'avant\"},\"image\":{\"@id\":\"https:\/\/footdavant.fr\/actualites\/#\/schema\/logo\/image\/\"},\"sameAs\":[\"https:\/\/www.facebook.com\/Footdavant\/\",\"https:\/\/twitter.com\/FootdavantFr\",\"https:\/\/www.instagram.com\/footdavant.fr\/\"]},{\"@type\":\"Person\",\"@id\":\"https:\/\/footdavant.fr\/actualites\/#\/schema\/person\/bc222566d95871b37e597b3ed3ba5e1d\",\"name\":\"Cl\u00e9ment\",\"image\":{\"@type\":\"ImageObject\",\"inLanguage\":\"fr-FR\",\"@id\":\"https:\/\/footdavant.fr\/actualites\/#\/schema\/person\/image\/\",\"url\":\"https:\/\/secure.gravatar.com\/avatar\/7728b29aac2719421e1a9159b2254c44?s=96&d=mm&r=g\",\"contentUrl\":\"https:\/\/secure.gravatar.com\/avatar\/7728b29aac2719421e1a9159b2254c44?s=96&d=mm&r=g\",\"caption\":\"Cl\u00e9ment\"},\"sameAs\":[\"https:\/\/footdavant.fr\/\"]}]}<\/script>\n<!-- \/ Yoast SEO plugin. -->","yoast_head_json":{"title":"Rasmus Hojlund: le pr\u00eat\u00e9 de Man United subit une soir\u00e9e choquante en Ligue des champions \u2013","robots":{"index":"index","follow":"follow","max-snippet":"max-snippet:-1","max-image-preview":"max-image-preview:large","max-video-preview":"max-video-preview:-1"},"canonical":"https:\/\/footdavant.fr\/actualites\/rasmus-hojlund-le-prete-de-man-united-subit-une-soiree-choquante-en-ligue-des-champions\/","og_locale":"fr_FR","og_type":"article","og_title":"Rasmus Hojlund: le pr\u00eat\u00e9 de Man United subit une soir\u00e9e choquante en Ligue des champions \u2013","og_description":"1 Manchester United avait trois joueurs pr\u00eat\u00e9s en action mercredi soir. Pour suivre o\u00f9 sont tous les joueurs pr\u00eat\u00e9s de United cette saison, cliquez ici.","og_url":"https:\/\/footdavant.fr\/actualites\/rasmus-hojlund-le-prete-de-man-united-subit-une-soiree-choquante-en-ligue-des-champions\/","og_site_name":"Foot d&#039;avant","article_publisher":"https:\/\/www.facebook.com\/Footdavant\/","article_published_time":"2025-12-11T06:48:01+00:00","article_modified_time":"2025-12-11T06:48:04+00:00","og_image":[{"width":1600,"height":713,"url":"https:\/\/footdavant.fr\/actualites\/wp-content\/uploads\/2025\/12\/Rasmus-Hojlund-le-prete-de-Man-United-subit-une-soiree.jpg","type":"image\/jpeg"}],"author":"Cl\u00e9ment","twitter_card":"summary_large_image","twitter_creator":"@FootdavantFr","twitter_site":"@FootdavantFr","twitter_misc":{"\u00c9crit par":"Cl\u00e9ment","Dur\u00e9e de lecture estim\u00e9e":"2 minutes"},"schema":{"@context":"https:\/\/schema.org","@graph":[{"@type":"Article","@id":"https:\/\/footdavant.fr\/actualites\/rasmus-hojlund-le-prete-de-man-united-subit-une-soiree-choquante-en-ligue-des-champions\/#article","isPartOf":{"@id":"https:\/\/footdavant.fr\/actualites\/rasmus-hojlund-le-prete-de-man-united-subit-une-soiree-choquante-en-ligue-des-champions\/"},"author":{"name":"Cl\u00e9ment","@id":"https:\/\/footdavant.fr\/actualites\/#\/schema\/person\/bc222566d95871b37e597b3ed3ba5e1d"},"headline":"Rasmus Hojlund: le pr\u00eat\u00e9 de Man United subit une soir\u00e9e choquante en Ligue des champions \u2013","datePublished":"2025-12-11T06:48:01+00:00","dateModified":"2025-12-11T06:48:04+00:00","mainEntityOfPage":{"@id":"https:\/\/footdavant.fr\/actualites\/rasmus-hojlund-le-prete-de-man-united-subit-une-soiree-choquante-en-ligue-des-champions\/"},"wordCount":460,"publisher":{"@id":"https:\/\/footdavant.fr\/actualites\/#organization"},"keywords":["champions","choquante","des","Hojlund","Ligue","Man","pr\u00eat\u00e9","Rasmus","soir\u00e9e","subit","une","United"],"articleSection":["Football"],"inLanguage":"fr-FR"},{"@type":"WebPage","@id":"https:\/\/footdavant.fr\/actualites\/rasmus-hojlund-le-prete-de-man-united-subit-une-soiree-choquante-en-ligue-des-champions\/","url":"https:\/\/footdavant.fr\/actualites\/rasmus-hojlund-le-prete-de-man-united-subit-une-soiree-choquante-en-ligue-des-champions\/","name":"Rasmus Hojlund: le pr\u00eat\u00e9 de Man United subit une soir\u00e9e choquante en Ligue des champions \u2013","isPartOf":{"@id":"https:\/\/footdavant.fr\/actualites\/#website"},"datePublished":"2025-12-11T06:48:01+00:00","dateModified":"2025-12-11T06:48:04+00:00","breadcrumb":{"@id":"https:\/\/footdavant.fr\/actualites\/rasmus-hojlund-le-prete-de-man-united-subit-une-soiree-choquante-en-ligue-des-champions\/#breadcrumb"},"inLanguage":"fr-FR","potentialAction":[{"@type":"ReadAction","target":["https:\/\/footdavant.fr\/actualites\/rasmus-hojlund-le-prete-de-man-united-subit-une-soiree-choquante-en-ligue-des-champions\/"]}]},{"@type":"BreadcrumbList","@id":"https:\/\/footdavant.fr\/actualites\/rasmus-hojlund-le-prete-de-man-united-subit-une-soiree-choquante-en-ligue-des-champions\/#breadcrumb","itemListElement":[{"@type":"ListItem","position":1,"name":"Accueil","item":"https:\/\/footdavant.fr\/actualites\/"},{"@type":"ListItem","position":2,"name":"Rasmus Hojlund: le pr\u00eat\u00e9 de Man United subit une soir\u00e9e choquante en Ligue des champions \u2013"}]},{"@type":"WebSite","@id":"https:\/\/footdavant.fr\/actualites\/#website","url":"https:\/\/footdavant.fr\/actualites\/","name":"Foot d'avant","description":"","publisher":{"@id":"https:\/\/footdavant.fr\/actualites\/#organization"},"potentialAction":[{"@type":"SearchAction","target":{"@type":"EntryPoint","urlTemplate":"https:\/\/footdavant.fr\/actualites\/?s={search_term_string}"},"query-input":"required name=search_term_string"}],"inLanguage":"fr-FR"},{"@type":"Organization","@id":"https:\/\/footdavant.fr\/actualites\/#organization","name":"Foot d'avant","url":"https:\/\/footdavant.fr\/actualites\/","logo":{"@type":"ImageObject","inLanguage":"fr-FR","@id":"https:\/\/footdavant.fr\/actualites\/#\/schema\/logo\/image\/","url":"https:\/\/footdavant.fr\/actualites\/wp-content\/uploads\/2023\/09\/Copy-of-FootDavant-Logo.png","contentUrl":"https:\/\/footdavant.fr\/actualites\/wp-content\/uploads\/2023\/09\/Copy-of-FootDavant-Logo.png","width":936,"height":549,"caption":"Foot d'avant"},"image":{"@id":"https:\/\/footdavant.fr\/actualites\/#\/schema\/logo\/image\/"},"sameAs":["https:\/\/www.facebook.com\/Footdavant\/","https:\/\/twitter.com\/FootdavantFr","https:\/\/www.instagram.com\/footdavant.fr\/"]},{"@type":"Person","@id":"https:\/\/footdavant.fr\/actualites\/#\/schema\/person\/bc222566d95871b37e597b3ed3ba5e1d","name":"Cl\u00e9ment","image":{"@type":"ImageObject","inLanguage":"fr-FR","@id":"https:\/\/footdavant.fr\/actualites\/#\/schema\/person\/image\/","url":"https:\/\/secure.gravatar.com\/avatar\/7728b29aac2719421e1a9159b2254c44?s=96&d=mm&r=g","contentUrl":"https:\/\/secure.gravatar.com\/avatar\/7728b29aac2719421e1a9159b2254c44?s=96&d=mm&r=g","caption":"Cl\u00e9ment"},"sameAs":["https:\/\/footdavant.fr\/"]}]}},"_links":{"self":[{"href":"https:\/\/footdavant.fr\/actualites\/wp-json\/wp\/v2\/posts\/32243"}],"collection":[{"href":"https:\/\/footdavant.fr\/actualites\/wp-json\/wp\/v2\/posts"}],"about":[{"href":"https:\/\/footdavant.fr\/actualites\/wp-json\/wp\/v2\/types\/post"}],"author":[{"embeddable":true,"href":"https:\/\/footdavant.fr\/actualites\/wp-json\/wp\/v2\/users\/1"}],"replies":[{"embeddable":true,"href":"https:\/\/footdavant.fr\/actualites\/wp-json\/wp\/v2\/comments?post=32243"}],"version-history":[{"count":1,"href":"https:\/\/footdavant.fr\/actualites\/wp-json\/wp\/v2\/posts\/32243\/revisions"}],"predecessor-version":[{"id":32245,"href":"https:\/\/footdavant.fr\/actualites\/wp-json\/wp\/v2\/posts\/32243\/revisions\/32245"}],"wp:featuredmedia":[{"embeddable":true,"href":"https:\/\/footdavant.fr\/actualites\/wp-json\/wp\/v2\/media\/32244"}],"wp:attachment":[{"href":"https:\/\/footdavant.fr\/actualites\/wp-json\/wp\/v2\/media?parent=32243"}],"wp:term":[{"taxonomy":"category","embeddable":true,"href":"https:\/\/footdavant.fr\/actualites\/wp-json\/wp\/v2\/categories?post=32243"},{"taxonomy":"post_tag","embeddable":true,"href":"https:\/\/footdavant.fr\/actualites\/wp-json\/wp\/v2\/tags?post=32243"}],"curies":[{"name":"wp","href":"https:\/\/api.w.org\/{rel}","templated":true}]}}