{"id":32261,"date":"2025-12-11T19:48:17","date_gmt":"2025-12-11T18:48:17","guid":{"rendered":"https:\/\/footdavant.fr\/actualites\/jesus-revele-11-mois-de-doute-de-soi-apres-une-blessure-au-genou\/"},"modified":"2025-12-11T19:48:19","modified_gmt":"2025-12-11T18:48:19","slug":"jesus-revele-11-mois-de-doute-de-soi-apres-une-blessure-au-genou","status":"publish","type":"post","link":"https:\/\/footdavant.fr\/actualites\/jesus-revele-11-mois-de-doute-de-soi-apres-une-blessure-au-genou\/","title":{"rendered":"J\u00e9sus r\u00e9v\u00e8le 11 mois de \u00ab doute de soi \u00bb apr\u00e8s une blessure au genou"},"content":{"rendered":"<div>\n<p>Gabriel Jesus a reconnu que pr\u00e8s d&#39;une ann\u00e9e compl\u00e8te de doute a suivi sa grave blessure au genou, mais l&#39;attaquant d&#39;Arsenal pense qu&#39;il peut sortir de ce revers plus fort qu&#39;avant. <\/p>\n<p>Le Br\u00e9silien a fait sa premi\u00e8re apparition en 332 jours lors de la victoire 3-0 d&#39;Arsenal en Ligue des Champions contre le Club de Bruges mercredi, marquant une \u00e9tape importante dans un processus de r\u00e9cup\u00e9ration long et difficile.<\/p>\n<p>Jesus s&#39;est rompu le ligament crois\u00e9 ant\u00e9rieur de son genou gauche plus t\u00f4t cette ann\u00e9e et a failli couronner son retour avec un but, seulement pour son effort tardif pour revenir de la barre transversale. <\/p>\n<p>Avant sa blessure, il avait marqu\u00e9 six fois en sept matches et semblait retrouver sa meilleure forme, ce qui rendait le timing du coup particuli\u00e8rement douloureux. <\/p>\n<p>En r\u00e9fl\u00e9chissant \u00e0 son temps libre, le joueur de 28 ans a d\u00e9crit les d\u00e9fis mentaux auxquels il a \u00e9t\u00e9 confront\u00e9. \u00ab\u00a0C&#39;\u00e9tait 11 mois, 11 mois \u00e0 douter de soi\u00a0\u00bb, a-t-il d\u00e9clar\u00e9. \u00ab\u00a0Mes premi\u00e8res pens\u00e9es ont \u00e9t\u00e9 : pourquoi ? Vous continuez toujours \u00e0 vous demander pourquoi et pourquoi.<\/p>\n<p>\u00ab\u00a0Ce n&#39;a pas \u00e9t\u00e9 une saison facile pour moi la saison derni\u00e8re et puis, au moment o\u00f9 je suis entr\u00e9 et que j&#39;ai commenc\u00e9 \u00e0 jouer, \u00e0 marquer des buts et \u00e0 bien jouer, c&#39;est arriv\u00e9.<\/p>\n<figure class=\"wp-block-embed is-type-rich is-provider-twitter wp-block-embed-twitter\"\/>\n<p>\u00ab\u00a0Donc, chaque jour pendant les deux ou trois premi\u00e8res semaines, je me suis demand\u00e9 pourquoi cela m&#39;\u00e9tait arriv\u00e9. Et puis j&#39;ai compris que j&#39;avais besoin d&#39;\u00eatre plus proche de J\u00e9sus, de Dieu, de lire la Bible. Cela m&#39;a beaucoup aid\u00e9, vous savez, parce que cela m&#39;a permis de croire que j&#39;\u00e9tais un fils de Dieu et que je pouvais tout faire si je ressentais les plans de Dieu.<\/p>\n<p>\u00ab\u00a0Si je n&#39;avais pas entendu la Bible tous les jours, je suis s\u00fbr \u00e0 100 pour cent que je n&#39;aurais pas cru que je pourrais revenir plus fort que jamais. Maintenant, je crois encore plus, parce que je suis un fils de Dieu.\u00a0\u00bb<\/p>\n<p>Son retour repr\u00e9sente un coup de pouce important pour Mikel Arteta, qui s&#39;est rendu en Belgique avec huit joueurs seniors indisponibles pour cause de blessure ou de maladie. <\/p>\n<p>Malgr\u00e9 ces absences, Arsenal a enregistr\u00e9 sa sixi\u00e8me victoire europ\u00e9enne cons\u00e9cutive, le pla\u00e7ant ainsi en position de force pour assurer une qualification automatique pour les huiti\u00e8mes de finale.<\/p>\n<p>Jesus devrait \u00eatre de nouveau pr\u00e9sent samedi lors de la visite des Wolves aux Emirats, l&#39;avance d&#39;Arsenal en Premier League \u00e9tant d\u00e9sormais r\u00e9duite \u00e0 deux points apr\u00e8s la victoire de Manchester City en milieu de semaine. <\/p>\n<p>L&#39;attaquant s&#39;est dit pr\u00eat \u00e0 jouer son r\u00f4le dans la lutte pour le titre. \u00ab\u00a0Les clubs pour lesquels j&#39;ai jou\u00e9, j&#39;y avais mon r\u00f4le et j&#39;aide toujours d&#39;une bonne mani\u00e8re. \u00c9videmment quand on ne joue pas, c&#39;est plus difficile, je ne vais pas mentir.<\/p>\n<p>\u00ab\u00a0Je ne suis plus un enfant, j&#39;ai 28 ans, \u00e7a para\u00eet jeune, mais Max [Dowman] a 15 ans, Ethan [Nwaneri] a 18 ans, Myles [Lewis-Skelly] J&#39;ai 19 ans. Plus que de l&#39;exp\u00e9rience, je peux apporter un peu de diff\u00e9rence aux joueurs que nous avons.<\/p>\n<p>\u00ab\u00a0Dans ma carri\u00e8re, j&#39;ai v\u00e9cu des moments incroyables, j&#39;ai remport\u00e9 des titres incroyables. J&#39;ai d\u00e9j\u00e0 occup\u00e9 des postes incroyables avec les clubs, et m\u00eame avec Arsenal.<\/p>\n<p>\u00ab\u00a0Malheureusement, nous n&#39;avons encore rien gagn\u00e9, mais le simple fait de venir \u00e0 Arsenal et d&#39;aider ensuite, comme tout le monde, \u00e0 faire en sorte qu&#39;Arsenal se batte \u00e0 nouveau pour les titres, cela me rend heureux.\u00a0\u00bb<\/p>\n<\/p><\/div>\n","protected":false},"excerpt":{"rendered":"<p>Gabriel Jesus a reconnu que pr\u00e8s d&#39;une ann\u00e9e compl\u00e8te de doute a suivi sa grave blessure au genou, mais l&#39;attaquant d&#39;Arsenal pense qu&#39;il peut sortir<\/p>\n","protected":false},"author":1,"featured_media":32262,"comment_status":"closed","ping_status":"","sticky":false,"template":"","format":"standard","meta":{"footnotes":""},"categories":[3],"tags":[25,15,2054,2899,234,1540,415,11143,92],"yoast_head":"<!-- This site is optimized with the Yoast SEO plugin v21.0 - https:\/\/yoast.com\/wordpress\/plugins\/seo\/ -->\n<title>J\u00e9sus r\u00e9v\u00e8le 11 mois de \u00ab doute de soi \u00bb apr\u00e8s une blessure au genou<\/title>\n<meta name=\"robots\" content=\"index, follow, max-snippet:-1, max-image-preview:large, max-video-preview:-1\" \/>\n<link rel=\"canonical\" href=\"https:\/\/footdavant.fr\/actualites\/jesus-revele-11-mois-de-doute-de-soi-apres-une-blessure-au-genou\/\" \/>\n<meta property=\"og:locale\" content=\"fr_FR\" \/>\n<meta property=\"og:type\" content=\"article\" \/>\n<meta property=\"og:title\" content=\"J\u00e9sus r\u00e9v\u00e8le 11 mois de \u00ab doute de soi \u00bb apr\u00e8s une blessure au genou\" \/>\n<meta property=\"og:description\" content=\"Gabriel Jesus a reconnu que pr\u00e8s d&#039;une ann\u00e9e compl\u00e8te de doute a suivi sa grave blessure au genou, mais l&#039;attaquant d&#039;Arsenal pense qu&#039;il peut sortir\" \/>\n<meta property=\"og:url\" content=\"https:\/\/footdavant.fr\/actualites\/jesus-revele-11-mois-de-doute-de-soi-apres-une-blessure-au-genou\/\" \/>\n<meta property=\"og:site_name\" content=\"Foot d&#039;avant\" \/>\n<meta property=\"article:publisher\" content=\"https:\/\/www.facebook.com\/Footdavant\/\" \/>\n<meta property=\"article:published_time\" content=\"2025-12-11T18:48:17+00:00\" \/>\n<meta property=\"article:modified_time\" content=\"2025-12-11T18:48:19+00:00\" \/>\n<meta property=\"og:image\" content=\"https:\/\/footdavant.fr\/actualites\/wp-content\/uploads\/2025\/12\/Jesus-revele-11-mois-de-doute-de-soi.jpg\" \/>\n\t<meta property=\"og:image:width\" content=\"1200\" \/>\n\t<meta property=\"og:image:height\" content=\"675\" \/>\n\t<meta property=\"og:image:type\" content=\"image\/jpeg\" \/>\n<meta name=\"author\" content=\"Cl\u00e9ment\" \/>\n<meta name=\"twitter:card\" content=\"summary_large_image\" \/>\n<meta name=\"twitter:creator\" content=\"@FootdavantFr\" \/>\n<meta name=\"twitter:site\" content=\"@FootdavantFr\" \/>\n<meta name=\"twitter:label1\" content=\"\u00c9crit par\" \/>\n\t<meta name=\"twitter:data1\" content=\"Cl\u00e9ment\" \/>\n\t<meta name=\"twitter:label2\" content=\"Dur\u00e9e de lecture estim\u00e9e\" \/>\n\t<meta name=\"twitter:data2\" content=\"3 minutes\" \/>\n<script type=\"application\/ld+json\" class=\"yoast-schema-graph\">{\"@context\":\"https:\/\/schema.org\",\"@graph\":[{\"@type\":\"Article\",\"@id\":\"https:\/\/footdavant.fr\/actualites\/jesus-revele-11-mois-de-doute-de-soi-apres-une-blessure-au-genou\/#article\",\"isPartOf\":{\"@id\":\"https:\/\/footdavant.fr\/actualites\/jesus-revele-11-mois-de-doute-de-soi-apres-une-blessure-au-genou\/\"},\"author\":{\"name\":\"Cl\u00e9ment\",\"@id\":\"https:\/\/footdavant.fr\/actualites\/#\/schema\/person\/bc222566d95871b37e597b3ed3ba5e1d\"},\"headline\":\"J\u00e9sus r\u00e9v\u00e8le 11 mois de \u00ab doute de soi \u00bb apr\u00e8s une blessure au genou\",\"datePublished\":\"2025-12-11T18:48:17+00:00\",\"dateModified\":\"2025-12-11T18:48:19+00:00\",\"mainEntityOfPage\":{\"@id\":\"https:\/\/footdavant.fr\/actualites\/jesus-revele-11-mois-de-doute-de-soi-apres-une-blessure-au-genou\/\"},\"wordCount\":644,\"publisher\":{\"@id\":\"https:\/\/footdavant.fr\/actualites\/#organization\"},\"keywords\":[\"apr\u00e8s\",\"Blessure\",\"doute\",\"genou\",\"Jesus\",\"mois\",\"r\u00e9v\u00e8le\",\"soi\",\"une\"],\"articleSection\":[\"Football\"],\"inLanguage\":\"fr-FR\"},{\"@type\":\"WebPage\",\"@id\":\"https:\/\/footdavant.fr\/actualites\/jesus-revele-11-mois-de-doute-de-soi-apres-une-blessure-au-genou\/\",\"url\":\"https:\/\/footdavant.fr\/actualites\/jesus-revele-11-mois-de-doute-de-soi-apres-une-blessure-au-genou\/\",\"name\":\"J\u00e9sus r\u00e9v\u00e8le 11 mois de \u00ab doute de soi \u00bb apr\u00e8s une blessure au genou\",\"isPartOf\":{\"@id\":\"https:\/\/footdavant.fr\/actualites\/#website\"},\"datePublished\":\"2025-12-11T18:48:17+00:00\",\"dateModified\":\"2025-12-11T18:48:19+00:00\",\"breadcrumb\":{\"@id\":\"https:\/\/footdavant.fr\/actualites\/jesus-revele-11-mois-de-doute-de-soi-apres-une-blessure-au-genou\/#breadcrumb\"},\"inLanguage\":\"fr-FR\",\"potentialAction\":[{\"@type\":\"ReadAction\",\"target\":[\"https:\/\/footdavant.fr\/actualites\/jesus-revele-11-mois-de-doute-de-soi-apres-une-blessure-au-genou\/\"]}]},{\"@type\":\"BreadcrumbList\",\"@id\":\"https:\/\/footdavant.fr\/actualites\/jesus-revele-11-mois-de-doute-de-soi-apres-une-blessure-au-genou\/#breadcrumb\",\"itemListElement\":[{\"@type\":\"ListItem\",\"position\":1,\"name\":\"Accueil\",\"item\":\"https:\/\/footdavant.fr\/actualites\/\"},{\"@type\":\"ListItem\",\"position\":2,\"name\":\"J\u00e9sus r\u00e9v\u00e8le 11 mois de \u00ab doute de soi \u00bb apr\u00e8s une blessure au genou\"}]},{\"@type\":\"WebSite\",\"@id\":\"https:\/\/footdavant.fr\/actualites\/#website\",\"url\":\"https:\/\/footdavant.fr\/actualites\/\",\"name\":\"Foot d'avant\",\"description\":\"\",\"publisher\":{\"@id\":\"https:\/\/footdavant.fr\/actualites\/#organization\"},\"potentialAction\":[{\"@type\":\"SearchAction\",\"target\":{\"@type\":\"EntryPoint\",\"urlTemplate\":\"https:\/\/footdavant.fr\/actualites\/?s={search_term_string}\"},\"query-input\":\"required name=search_term_string\"}],\"inLanguage\":\"fr-FR\"},{\"@type\":\"Organization\",\"@id\":\"https:\/\/footdavant.fr\/actualites\/#organization\",\"name\":\"Foot d'avant\",\"url\":\"https:\/\/footdavant.fr\/actualites\/\",\"logo\":{\"@type\":\"ImageObject\",\"inLanguage\":\"fr-FR\",\"@id\":\"https:\/\/footdavant.fr\/actualites\/#\/schema\/logo\/image\/\",\"url\":\"https:\/\/footdavant.fr\/actualites\/wp-content\/uploads\/2023\/09\/Copy-of-FootDavant-Logo.png\",\"contentUrl\":\"https:\/\/footdavant.fr\/actualites\/wp-content\/uploads\/2023\/09\/Copy-of-FootDavant-Logo.png\",\"width\":936,\"height\":549,\"caption\":\"Foot d'avant\"},\"image\":{\"@id\":\"https:\/\/footdavant.fr\/actualites\/#\/schema\/logo\/image\/\"},\"sameAs\":[\"https:\/\/www.facebook.com\/Footdavant\/\",\"https:\/\/twitter.com\/FootdavantFr\",\"https:\/\/www.instagram.com\/footdavant.fr\/\"]},{\"@type\":\"Person\",\"@id\":\"https:\/\/footdavant.fr\/actualites\/#\/schema\/person\/bc222566d95871b37e597b3ed3ba5e1d\",\"name\":\"Cl\u00e9ment\",\"image\":{\"@type\":\"ImageObject\",\"inLanguage\":\"fr-FR\",\"@id\":\"https:\/\/footdavant.fr\/actualites\/#\/schema\/person\/image\/\",\"url\":\"https:\/\/secure.gravatar.com\/avatar\/7728b29aac2719421e1a9159b2254c44?s=96&d=mm&r=g\",\"contentUrl\":\"https:\/\/secure.gravatar.com\/avatar\/7728b29aac2719421e1a9159b2254c44?s=96&d=mm&r=g\",\"caption\":\"Cl\u00e9ment\"},\"sameAs\":[\"https:\/\/footdavant.fr\/\"]}]}<\/script>\n<!-- \/ Yoast SEO plugin. -->","yoast_head_json":{"title":"J\u00e9sus r\u00e9v\u00e8le 11 mois de \u00ab doute de soi \u00bb apr\u00e8s une blessure au genou","robots":{"index":"index","follow":"follow","max-snippet":"max-snippet:-1","max-image-preview":"max-image-preview:large","max-video-preview":"max-video-preview:-1"},"canonical":"https:\/\/footdavant.fr\/actualites\/jesus-revele-11-mois-de-doute-de-soi-apres-une-blessure-au-genou\/","og_locale":"fr_FR","og_type":"article","og_title":"J\u00e9sus r\u00e9v\u00e8le 11 mois de \u00ab doute de soi \u00bb apr\u00e8s une blessure au genou","og_description":"Gabriel Jesus a reconnu que pr\u00e8s d&#39;une ann\u00e9e compl\u00e8te de doute a suivi sa grave blessure au genou, mais l&#39;attaquant d&#39;Arsenal pense qu&#39;il peut sortir","og_url":"https:\/\/footdavant.fr\/actualites\/jesus-revele-11-mois-de-doute-de-soi-apres-une-blessure-au-genou\/","og_site_name":"Foot d&#039;avant","article_publisher":"https:\/\/www.facebook.com\/Footdavant\/","article_published_time":"2025-12-11T18:48:17+00:00","article_modified_time":"2025-12-11T18:48:19+00:00","og_image":[{"width":1200,"height":675,"url":"https:\/\/footdavant.fr\/actualites\/wp-content\/uploads\/2025\/12\/Jesus-revele-11-mois-de-doute-de-soi.jpg","type":"image\/jpeg"}],"author":"Cl\u00e9ment","twitter_card":"summary_large_image","twitter_creator":"@FootdavantFr","twitter_site":"@FootdavantFr","twitter_misc":{"\u00c9crit par":"Cl\u00e9ment","Dur\u00e9e de lecture estim\u00e9e":"3 minutes"},"schema":{"@context":"https:\/\/schema.org","@graph":[{"@type":"Article","@id":"https:\/\/footdavant.fr\/actualites\/jesus-revele-11-mois-de-doute-de-soi-apres-une-blessure-au-genou\/#article","isPartOf":{"@id":"https:\/\/footdavant.fr\/actualites\/jesus-revele-11-mois-de-doute-de-soi-apres-une-blessure-au-genou\/"},"author":{"name":"Cl\u00e9ment","@id":"https:\/\/footdavant.fr\/actualites\/#\/schema\/person\/bc222566d95871b37e597b3ed3ba5e1d"},"headline":"J\u00e9sus r\u00e9v\u00e8le 11 mois de \u00ab doute de soi \u00bb apr\u00e8s une blessure au genou","datePublished":"2025-12-11T18:48:17+00:00","dateModified":"2025-12-11T18:48:19+00:00","mainEntityOfPage":{"@id":"https:\/\/footdavant.fr\/actualites\/jesus-revele-11-mois-de-doute-de-soi-apres-une-blessure-au-genou\/"},"wordCount":644,"publisher":{"@id":"https:\/\/footdavant.fr\/actualites\/#organization"},"keywords":["apr\u00e8s","Blessure","doute","genou","Jesus","mois","r\u00e9v\u00e8le","soi","une"],"articleSection":["Football"],"inLanguage":"fr-FR"},{"@type":"WebPage","@id":"https:\/\/footdavant.fr\/actualites\/jesus-revele-11-mois-de-doute-de-soi-apres-une-blessure-au-genou\/","url":"https:\/\/footdavant.fr\/actualites\/jesus-revele-11-mois-de-doute-de-soi-apres-une-blessure-au-genou\/","name":"J\u00e9sus r\u00e9v\u00e8le 11 mois de \u00ab doute de soi \u00bb apr\u00e8s une blessure au genou","isPartOf":{"@id":"https:\/\/footdavant.fr\/actualites\/#website"},"datePublished":"2025-12-11T18:48:17+00:00","dateModified":"2025-12-11T18:48:19+00:00","breadcrumb":{"@id":"https:\/\/footdavant.fr\/actualites\/jesus-revele-11-mois-de-doute-de-soi-apres-une-blessure-au-genou\/#breadcrumb"},"inLanguage":"fr-FR","potentialAction":[{"@type":"ReadAction","target":["https:\/\/footdavant.fr\/actualites\/jesus-revele-11-mois-de-doute-de-soi-apres-une-blessure-au-genou\/"]}]},{"@type":"BreadcrumbList","@id":"https:\/\/footdavant.fr\/actualites\/jesus-revele-11-mois-de-doute-de-soi-apres-une-blessure-au-genou\/#breadcrumb","itemListElement":[{"@type":"ListItem","position":1,"name":"Accueil","item":"https:\/\/footdavant.fr\/actualites\/"},{"@type":"ListItem","position":2,"name":"J\u00e9sus r\u00e9v\u00e8le 11 mois de \u00ab doute de soi \u00bb apr\u00e8s une blessure au genou"}]},{"@type":"WebSite","@id":"https:\/\/footdavant.fr\/actualites\/#website","url":"https:\/\/footdavant.fr\/actualites\/","name":"Foot d'avant","description":"","publisher":{"@id":"https:\/\/footdavant.fr\/actualites\/#organization"},"potentialAction":[{"@type":"SearchAction","target":{"@type":"EntryPoint","urlTemplate":"https:\/\/footdavant.fr\/actualites\/?s={search_term_string}"},"query-input":"required name=search_term_string"}],"inLanguage":"fr-FR"},{"@type":"Organization","@id":"https:\/\/footdavant.fr\/actualites\/#organization","name":"Foot d'avant","url":"https:\/\/footdavant.fr\/actualites\/","logo":{"@type":"ImageObject","inLanguage":"fr-FR","@id":"https:\/\/footdavant.fr\/actualites\/#\/schema\/logo\/image\/","url":"https:\/\/footdavant.fr\/actualites\/wp-content\/uploads\/2023\/09\/Copy-of-FootDavant-Logo.png","contentUrl":"https:\/\/footdavant.fr\/actualites\/wp-content\/uploads\/2023\/09\/Copy-of-FootDavant-Logo.png","width":936,"height":549,"caption":"Foot d'avant"},"image":{"@id":"https:\/\/footdavant.fr\/actualites\/#\/schema\/logo\/image\/"},"sameAs":["https:\/\/www.facebook.com\/Footdavant\/","https:\/\/twitter.com\/FootdavantFr","https:\/\/www.instagram.com\/footdavant.fr\/"]},{"@type":"Person","@id":"https:\/\/footdavant.fr\/actualites\/#\/schema\/person\/bc222566d95871b37e597b3ed3ba5e1d","name":"Cl\u00e9ment","image":{"@type":"ImageObject","inLanguage":"fr-FR","@id":"https:\/\/footdavant.fr\/actualites\/#\/schema\/person\/image\/","url":"https:\/\/secure.gravatar.com\/avatar\/7728b29aac2719421e1a9159b2254c44?s=96&d=mm&r=g","contentUrl":"https:\/\/secure.gravatar.com\/avatar\/7728b29aac2719421e1a9159b2254c44?s=96&d=mm&r=g","caption":"Cl\u00e9ment"},"sameAs":["https:\/\/footdavant.fr\/"]}]}},"_links":{"self":[{"href":"https:\/\/footdavant.fr\/actualites\/wp-json\/wp\/v2\/posts\/32261"}],"collection":[{"href":"https:\/\/footdavant.fr\/actualites\/wp-json\/wp\/v2\/posts"}],"about":[{"href":"https:\/\/footdavant.fr\/actualites\/wp-json\/wp\/v2\/types\/post"}],"author":[{"embeddable":true,"href":"https:\/\/footdavant.fr\/actualites\/wp-json\/wp\/v2\/users\/1"}],"replies":[{"embeddable":true,"href":"https:\/\/footdavant.fr\/actualites\/wp-json\/wp\/v2\/comments?post=32261"}],"version-history":[{"count":1,"href":"https:\/\/footdavant.fr\/actualites\/wp-json\/wp\/v2\/posts\/32261\/revisions"}],"predecessor-version":[{"id":32263,"href":"https:\/\/footdavant.fr\/actualites\/wp-json\/wp\/v2\/posts\/32261\/revisions\/32263"}],"wp:featuredmedia":[{"embeddable":true,"href":"https:\/\/footdavant.fr\/actualites\/wp-json\/wp\/v2\/media\/32262"}],"wp:attachment":[{"href":"https:\/\/footdavant.fr\/actualites\/wp-json\/wp\/v2\/media?parent=32261"}],"wp:term":[{"taxonomy":"category","embeddable":true,"href":"https:\/\/footdavant.fr\/actualites\/wp-json\/wp\/v2\/categories?post=32261"},{"taxonomy":"post_tag","embeddable":true,"href":"https:\/\/footdavant.fr\/actualites\/wp-json\/wp\/v2\/tags?post=32261"}],"curies":[{"name":"wp","href":"https:\/\/api.w.org\/{rel}","templated":true}]}}