{"id":32267,"date":"2025-12-11T23:48:18","date_gmt":"2025-12-11T22:48:18","guid":{"rendered":"https:\/\/footdavant.fr\/actualites\/sergio-ramos-ineos-prend-une-position-decisive-sur-lobjectif-defensif-a-long-terme-de-manchester-united\/"},"modified":"2025-12-11T23:48:21","modified_gmt":"2025-12-11T22:48:21","slug":"sergio-ramos-ineos-prend-une-position-decisive-sur-lobjectif-defensif-a-long-terme-de-manchester-united","status":"publish","type":"post","link":"https:\/\/footdavant.fr\/actualites\/sergio-ramos-ineos-prend-une-position-decisive-sur-lobjectif-defensif-a-long-terme-de-manchester-united\/","title":{"rendered":"Sergio Ramos : INEOS prend une position d\u00e9cisive sur l&#39;objectif d\u00e9fensif \u00e0 long terme de Manchester United &#8211;"},"content":{"rendered":"<div id=\"penci-post-entry-inner\">\n<p>\t\t\t<i class=\"penci-post-countview-number-check\" style=\"display:none\">4<\/i><\/p>\n<p>Afin de soutenir le projet Manchester United de Ruben Amorim et d&#39;assurer sa prosp\u00e9rit\u00e9, INEOS reste d\u00e9termin\u00e9 \u00e0 recruter des joueurs de grande qualit\u00e9.<\/p>\n<p>Sergio Ramos est l&#39;un de ces noms qui aurait pu conna\u00eetre un succ\u00e8s instantan\u00e9 \u00e0 Old Trafford, tout comme Matheus Cunha et Bryan Mbeumo.<\/p>\n<h2>Ramos quitte Monterrey<\/h2>\n<p>Ramos vient de quitter Monterrey en tant qu&#39;agent libre. L&#39;\u00e9quipe mexicaine souhaitait le conserver apr\u00e8s un passage impressionnant, mais le quadruple vainqueur de la Ligue des champions \u00e9tait d\u00e9termin\u00e9 \u00e0 revenir jouer en Europe.<\/p>\n<h2 id=\"tablepress-356-name\" class=\"tablepress-table-name tablepress-table-name-id-356\">Sergio Ramos Statistiques<\/h2>\n<table id=\"tablepress-356\" class=\"tablepress tablepress-id-356\" aria-labelledby=\"tablepress-356-name\">\n<thead>\n<tr class=\"row-1\">\n<th class=\"column-1\">Club<\/th>\n<th class=\"column-2\">Apparitions<\/th>\n<th class=\"column-3\">Objectifs<\/th>\n<th class=\"column-4\">Cartons jaunes<\/th>\n<th class=\"column-5\">Troph\u00e9es<\/th>\n<\/tr>\n<\/thead>\n<tbody class=\"row-striping row-hover\">\n<tr class=\"row-2\">\n<td class=\"column-1\">R\u00e9al Madrid<\/td>\n<td class=\"column-2\">671<\/td>\n<td class=\"column-3\">101<\/td>\n<td class=\"column-4\">218<\/td>\n<td class=\"column-5\">22<\/td>\n<\/tr>\n<tr class=\"row-3\">\n<td class=\"column-1\">S\u00e9ville<\/td>\n<td class=\"column-2\">87<\/td>\n<td class=\"column-3\">10<\/td>\n<td class=\"column-4\">21<\/td>\n<td class=\"column-5\">0<\/td>\n<\/tr>\n<tr class=\"row-4\">\n<td class=\"column-1\">Paris Saint-Germain<\/td>\n<td class=\"column-2\">58<\/td>\n<td class=\"column-3\">6<\/td>\n<td class=\"column-4\">6<\/td>\n<td class=\"column-5\">3<\/td>\n<\/tr>\n<tr class=\"row-5\">\n<td class=\"column-1\">Monterrey<\/td>\n<td class=\"column-2\">32<\/td>\n<td class=\"column-3\">7<\/td>\n<td class=\"column-4\">10<\/td>\n<td class=\"column-5\">0<\/td>\n<\/tr>\n<tr class=\"row-6\">\n<td class=\"column-1\">Espagne<\/td>\n<td class=\"column-2\">180<\/td>\n<td class=\"column-3\">23<\/td>\n<td class=\"column-4\">24<\/td>\n<td class=\"column-5\">3<\/td>\n<\/tr>\n<\/tbody>\n<\/table>\n<p><!-- #tablepress-356 from cache --><\/p>\n<h2>Liens de transfert United<\/h2>\n<p>L&#39;autre jour, des informations sugg\u00e9raient que United avait d\u00e9pos\u00e9 une offre pour signer Ramos pour un transfert gratuit en janvier. Alors que les sp\u00e9culations s\u2019acc\u00e9l\u00e9raient, tous les regards se tournaient vers les 20 fois champions d\u2019Angleterre pour voir s\u2019ils parviendraient \u00e0 conclure l\u2019accord.<\/p>\n<h2>La v\u00e9rit\u00e9 derri\u00e8re les liens<\/h2>\n<p>Cependant, une mise \u00e0 jour int\u00e9ressante a \u00e9t\u00e9 publi\u00e9e.<\/p>\n<p>Selon ESPN, \u00ab\u00a0Manchester United n&#39;a aucun int\u00e9r\u00eat \u00e0 recruter Sergio Ramos alors que l&#39;ancien international espagnol cherche son prochain club\u00a0\u00bb.<\/p>\n<p>\u00ab\u00a0Il a \u00e9t\u00e9 associ\u00e9 \u00e0 un transfert \u00e0 Old Trafford, mais United n&#39;envisage pas un accord et aucune discussion n&#39;a eu lieu.\u00a0\u00bb<\/p>\n<h2>Les priorit\u00e9s de transfert de United<\/h2>\n<p>ESPN a en outre r\u00e9v\u00e9l\u00e9 les plans de United\u00a0:<\/p>\n<p>\u00ab\u00a0United se concentre sur la signature de jeunes joueurs\u2026 La campagne de recrutement est actuellement centr\u00e9e sur le renforcement du centre du milieu de terrain et l&#39;augmentation des options \u00e0 l&#39;arri\u00e8re.\u00a0\u00bb<\/p>\n<p>Cette r\u00e9v\u00e9lation, tomb\u00e9e juste au moment o\u00f9 les rumeurs d&#39;un transfert de Ramos \u00e0 United commen\u00e7aient \u00e0 prendre de l&#39;ampleur, devrait effectivement mettre fin aux sp\u00e9culations sur un transfert en janvier pour le joueur de 39 ans.<\/p>\n<h2>Poursuite de longue date de Ramos<\/h2>\n<p>Il reste dommage que Ramos ne porte jamais les couleurs de United, malgr\u00e9 les tentatives r\u00e9p\u00e9t\u00e9es du club pour s&#39;attacher ses services.<\/p>\n<p>En 2015, United aurait d\u00e9pos\u00e9 une offre de 28,6 millions de livres sterling, mais le Real Madrid l&#39;aurait rejet\u00e9e.<\/p>\n<p>Avance rapide jusqu\u2019en 2023, et une fois de plus, United a tent\u00e9 de l\u2019attirer, mais Ramos a snob\u00e9 l\u2019approche. Cette fois, cependant, il semble que United ait refus\u00e9 cette opportunit\u00e9.<\/p>\n<h2>Des renforts d\u00e9fensifs toujours en vue<\/h2>\n<p>M\u00eame ainsi, m\u00eame si l&#39;accent imm\u00e9diat est mis sur les renforts au milieu de terrain et sur les ailes, des indices laissent encore entendre que United souhaite se renforcer au niveau de l&#39;arri\u00e8re central.<\/p>\n<p>En effet, des rapports r\u00e9cents sugg\u00e8rent qu&#39;Amorim a exhort\u00e9 INEOS \u00e0 poursuivre le d\u00e9fenseur d&#39;Elche David Affengruber, dans le but de le jumeler \u00e0 Leny Yoro au c\u0153ur de la d\u00e9fense de United.<\/p>\n<\/p>\n<hr\/>\n<p>The Peoples Person est l&#39;un des principaux sites d&#39;information de Man United au monde depuis plus d&#39;une d\u00e9cennie. Suivez-nous sur Bluesky\u00a0: @peoplesperson.bsky.social<\/p>\n<\/p>\n<p><!-- CONTENT END 2 --><\/p><\/div>\n","protected":false},"excerpt":{"rendered":"<p>4 Afin de soutenir le projet Manchester United de Ruben Amorim et d&#39;assurer sa prosp\u00e9rit\u00e9, INEOS reste d\u00e9termin\u00e9 \u00e0 recruter des joueurs de grande qualit\u00e9.<\/p>\n","protected":false},"author":1,"featured_media":32268,"comment_status":"closed","ping_status":"","sticky":false,"template":"","format":"standard","meta":{"footnotes":""},"categories":[3],"tags":[6283,2285,3086,5238,1827,11,2283,88,322,321,103,1828,92,13],"yoast_head":"<!-- This site is optimized with the Yoast SEO plugin v21.0 - https:\/\/yoast.com\/wordpress\/plugins\/seo\/ -->\n<title>Sergio Ramos : INEOS prend une position d\u00e9cisive sur l&#039;objectif d\u00e9fensif \u00e0 long terme de Manchester United -<\/title>\n<meta name=\"robots\" content=\"index, follow, max-snippet:-1, max-image-preview:large, max-video-preview:-1\" \/>\n<link rel=\"canonical\" href=\"https:\/\/footdavant.fr\/actualites\/sergio-ramos-ineos-prend-une-position-decisive-sur-lobjectif-defensif-a-long-terme-de-manchester-united\/\" \/>\n<meta property=\"og:locale\" content=\"fr_FR\" \/>\n<meta property=\"og:type\" content=\"article\" \/>\n<meta property=\"og:title\" content=\"Sergio Ramos : INEOS prend une position d\u00e9cisive sur l&#039;objectif d\u00e9fensif \u00e0 long terme de Manchester United -\" \/>\n<meta property=\"og:description\" content=\"4 Afin de soutenir le projet Manchester United de Ruben Amorim et d&#039;assurer sa prosp\u00e9rit\u00e9, INEOS reste d\u00e9termin\u00e9 \u00e0 recruter des joueurs de grande qualit\u00e9.\" \/>\n<meta property=\"og:url\" content=\"https:\/\/footdavant.fr\/actualites\/sergio-ramos-ineos-prend-une-position-decisive-sur-lobjectif-defensif-a-long-terme-de-manchester-united\/\" \/>\n<meta property=\"og:site_name\" content=\"Foot d&#039;avant\" \/>\n<meta property=\"article:publisher\" content=\"https:\/\/www.facebook.com\/Footdavant\/\" \/>\n<meta property=\"article:published_time\" content=\"2025-12-11T22:48:18+00:00\" \/>\n<meta property=\"article:modified_time\" content=\"2025-12-11T22:48:21+00:00\" \/>\n<meta property=\"og:image\" content=\"https:\/\/footdavant.fr\/actualites\/wp-content\/uploads\/2025\/12\/Sergio-Ramos-INEOS-prend-une-position-decisive-sur-l39objectif.jpg\" \/>\n\t<meta property=\"og:image:width\" content=\"1600\" \/>\n\t<meta property=\"og:image:height\" content=\"719\" \/>\n\t<meta property=\"og:image:type\" content=\"image\/jpeg\" \/>\n<meta name=\"author\" content=\"Cl\u00e9ment\" \/>\n<meta name=\"twitter:card\" content=\"summary_large_image\" \/>\n<meta name=\"twitter:creator\" content=\"@FootdavantFr\" \/>\n<meta name=\"twitter:site\" content=\"@FootdavantFr\" \/>\n<meta name=\"twitter:label1\" content=\"\u00c9crit par\" \/>\n\t<meta name=\"twitter:data1\" content=\"Cl\u00e9ment\" \/>\n\t<meta name=\"twitter:label2\" content=\"Dur\u00e9e de lecture estim\u00e9e\" \/>\n\t<meta name=\"twitter:data2\" content=\"3 minutes\" \/>\n<script type=\"application\/ld+json\" class=\"yoast-schema-graph\">{\"@context\":\"https:\/\/schema.org\",\"@graph\":[{\"@type\":\"Article\",\"@id\":\"https:\/\/footdavant.fr\/actualites\/sergio-ramos-ineos-prend-une-position-decisive-sur-lobjectif-defensif-a-long-terme-de-manchester-united\/#article\",\"isPartOf\":{\"@id\":\"https:\/\/footdavant.fr\/actualites\/sergio-ramos-ineos-prend-une-position-decisive-sur-lobjectif-defensif-a-long-terme-de-manchester-united\/\"},\"author\":{\"name\":\"Cl\u00e9ment\",\"@id\":\"https:\/\/footdavant.fr\/actualites\/#\/schema\/person\/bc222566d95871b37e597b3ed3ba5e1d\"},\"headline\":\"Sergio Ramos : INEOS prend une position d\u00e9cisive sur l&#39;objectif d\u00e9fensif \u00e0 long terme de Manchester United &#8211;\",\"datePublished\":\"2025-12-11T22:48:18+00:00\",\"dateModified\":\"2025-12-11T22:48:21+00:00\",\"mainEntityOfPage\":{\"@id\":\"https:\/\/footdavant.fr\/actualites\/sergio-ramos-ineos-prend-une-position-decisive-sur-lobjectif-defensif-a-long-terme-de-manchester-united\/\"},\"wordCount\":537,\"publisher\":{\"@id\":\"https:\/\/footdavant.fr\/actualites\/#organization\"},\"keywords\":[\"d\u00e9cisive\",\"d\u00e9fensif\",\"INEOS\",\"l39objectif\",\"long\",\"Manchester\",\"position\",\"prend\",\"Ramos\",\"Sergio\",\"sur\",\"terme\",\"une\",\"United\"],\"articleSection\":[\"Football\"],\"inLanguage\":\"fr-FR\"},{\"@type\":\"WebPage\",\"@id\":\"https:\/\/footdavant.fr\/actualites\/sergio-ramos-ineos-prend-une-position-decisive-sur-lobjectif-defensif-a-long-terme-de-manchester-united\/\",\"url\":\"https:\/\/footdavant.fr\/actualites\/sergio-ramos-ineos-prend-une-position-decisive-sur-lobjectif-defensif-a-long-terme-de-manchester-united\/\",\"name\":\"Sergio Ramos : INEOS prend une position d\u00e9cisive sur l&#39;objectif d\u00e9fensif \u00e0 long terme de Manchester United -\",\"isPartOf\":{\"@id\":\"https:\/\/footdavant.fr\/actualites\/#website\"},\"datePublished\":\"2025-12-11T22:48:18+00:00\",\"dateModified\":\"2025-12-11T22:48:21+00:00\",\"breadcrumb\":{\"@id\":\"https:\/\/footdavant.fr\/actualites\/sergio-ramos-ineos-prend-une-position-decisive-sur-lobjectif-defensif-a-long-terme-de-manchester-united\/#breadcrumb\"},\"inLanguage\":\"fr-FR\",\"potentialAction\":[{\"@type\":\"ReadAction\",\"target\":[\"https:\/\/footdavant.fr\/actualites\/sergio-ramos-ineos-prend-une-position-decisive-sur-lobjectif-defensif-a-long-terme-de-manchester-united\/\"]}]},{\"@type\":\"BreadcrumbList\",\"@id\":\"https:\/\/footdavant.fr\/actualites\/sergio-ramos-ineos-prend-une-position-decisive-sur-lobjectif-defensif-a-long-terme-de-manchester-united\/#breadcrumb\",\"itemListElement\":[{\"@type\":\"ListItem\",\"position\":1,\"name\":\"Accueil\",\"item\":\"https:\/\/footdavant.fr\/actualites\/\"},{\"@type\":\"ListItem\",\"position\":2,\"name\":\"Sergio Ramos : INEOS prend une position d\u00e9cisive sur l&#39;objectif d\u00e9fensif \u00e0 long terme de Manchester United &#8211;\"}]},{\"@type\":\"WebSite\",\"@id\":\"https:\/\/footdavant.fr\/actualites\/#website\",\"url\":\"https:\/\/footdavant.fr\/actualites\/\",\"name\":\"Foot d'avant\",\"description\":\"\",\"publisher\":{\"@id\":\"https:\/\/footdavant.fr\/actualites\/#organization\"},\"potentialAction\":[{\"@type\":\"SearchAction\",\"target\":{\"@type\":\"EntryPoint\",\"urlTemplate\":\"https:\/\/footdavant.fr\/actualites\/?s={search_term_string}\"},\"query-input\":\"required name=search_term_string\"}],\"inLanguage\":\"fr-FR\"},{\"@type\":\"Organization\",\"@id\":\"https:\/\/footdavant.fr\/actualites\/#organization\",\"name\":\"Foot d'avant\",\"url\":\"https:\/\/footdavant.fr\/actualites\/\",\"logo\":{\"@type\":\"ImageObject\",\"inLanguage\":\"fr-FR\",\"@id\":\"https:\/\/footdavant.fr\/actualites\/#\/schema\/logo\/image\/\",\"url\":\"https:\/\/footdavant.fr\/actualites\/wp-content\/uploads\/2023\/09\/Copy-of-FootDavant-Logo.png\",\"contentUrl\":\"https:\/\/footdavant.fr\/actualites\/wp-content\/uploads\/2023\/09\/Copy-of-FootDavant-Logo.png\",\"width\":936,\"height\":549,\"caption\":\"Foot d'avant\"},\"image\":{\"@id\":\"https:\/\/footdavant.fr\/actualites\/#\/schema\/logo\/image\/\"},\"sameAs\":[\"https:\/\/www.facebook.com\/Footdavant\/\",\"https:\/\/twitter.com\/FootdavantFr\",\"https:\/\/www.instagram.com\/footdavant.fr\/\"]},{\"@type\":\"Person\",\"@id\":\"https:\/\/footdavant.fr\/actualites\/#\/schema\/person\/bc222566d95871b37e597b3ed3ba5e1d\",\"name\":\"Cl\u00e9ment\",\"image\":{\"@type\":\"ImageObject\",\"inLanguage\":\"fr-FR\",\"@id\":\"https:\/\/footdavant.fr\/actualites\/#\/schema\/person\/image\/\",\"url\":\"https:\/\/secure.gravatar.com\/avatar\/7728b29aac2719421e1a9159b2254c44?s=96&d=mm&r=g\",\"contentUrl\":\"https:\/\/secure.gravatar.com\/avatar\/7728b29aac2719421e1a9159b2254c44?s=96&d=mm&r=g\",\"caption\":\"Cl\u00e9ment\"},\"sameAs\":[\"https:\/\/footdavant.fr\/\"]}]}<\/script>\n<!-- \/ Yoast SEO plugin. -->","yoast_head_json":{"title":"Sergio Ramos : INEOS prend une position d\u00e9cisive sur l&#39;objectif d\u00e9fensif \u00e0 long terme de Manchester United -","robots":{"index":"index","follow":"follow","max-snippet":"max-snippet:-1","max-image-preview":"max-image-preview:large","max-video-preview":"max-video-preview:-1"},"canonical":"https:\/\/footdavant.fr\/actualites\/sergio-ramos-ineos-prend-une-position-decisive-sur-lobjectif-defensif-a-long-terme-de-manchester-united\/","og_locale":"fr_FR","og_type":"article","og_title":"Sergio Ramos : INEOS prend une position d\u00e9cisive sur l&#39;objectif d\u00e9fensif \u00e0 long terme de Manchester United -","og_description":"4 Afin de soutenir le projet Manchester United de Ruben Amorim et d&#39;assurer sa prosp\u00e9rit\u00e9, INEOS reste d\u00e9termin\u00e9 \u00e0 recruter des joueurs de grande qualit\u00e9.","og_url":"https:\/\/footdavant.fr\/actualites\/sergio-ramos-ineos-prend-une-position-decisive-sur-lobjectif-defensif-a-long-terme-de-manchester-united\/","og_site_name":"Foot d&#039;avant","article_publisher":"https:\/\/www.facebook.com\/Footdavant\/","article_published_time":"2025-12-11T22:48:18+00:00","article_modified_time":"2025-12-11T22:48:21+00:00","og_image":[{"width":1600,"height":719,"url":"https:\/\/footdavant.fr\/actualites\/wp-content\/uploads\/2025\/12\/Sergio-Ramos-INEOS-prend-une-position-decisive-sur-l39objectif.jpg","type":"image\/jpeg"}],"author":"Cl\u00e9ment","twitter_card":"summary_large_image","twitter_creator":"@FootdavantFr","twitter_site":"@FootdavantFr","twitter_misc":{"\u00c9crit par":"Cl\u00e9ment","Dur\u00e9e de lecture estim\u00e9e":"3 minutes"},"schema":{"@context":"https:\/\/schema.org","@graph":[{"@type":"Article","@id":"https:\/\/footdavant.fr\/actualites\/sergio-ramos-ineos-prend-une-position-decisive-sur-lobjectif-defensif-a-long-terme-de-manchester-united\/#article","isPartOf":{"@id":"https:\/\/footdavant.fr\/actualites\/sergio-ramos-ineos-prend-une-position-decisive-sur-lobjectif-defensif-a-long-terme-de-manchester-united\/"},"author":{"name":"Cl\u00e9ment","@id":"https:\/\/footdavant.fr\/actualites\/#\/schema\/person\/bc222566d95871b37e597b3ed3ba5e1d"},"headline":"Sergio Ramos : INEOS prend une position d\u00e9cisive sur l&#39;objectif d\u00e9fensif \u00e0 long terme de Manchester United &#8211;","datePublished":"2025-12-11T22:48:18+00:00","dateModified":"2025-12-11T22:48:21+00:00","mainEntityOfPage":{"@id":"https:\/\/footdavant.fr\/actualites\/sergio-ramos-ineos-prend-une-position-decisive-sur-lobjectif-defensif-a-long-terme-de-manchester-united\/"},"wordCount":537,"publisher":{"@id":"https:\/\/footdavant.fr\/actualites\/#organization"},"keywords":["d\u00e9cisive","d\u00e9fensif","INEOS","l39objectif","long","Manchester","position","prend","Ramos","Sergio","sur","terme","une","United"],"articleSection":["Football"],"inLanguage":"fr-FR"},{"@type":"WebPage","@id":"https:\/\/footdavant.fr\/actualites\/sergio-ramos-ineos-prend-une-position-decisive-sur-lobjectif-defensif-a-long-terme-de-manchester-united\/","url":"https:\/\/footdavant.fr\/actualites\/sergio-ramos-ineos-prend-une-position-decisive-sur-lobjectif-defensif-a-long-terme-de-manchester-united\/","name":"Sergio Ramos : INEOS prend une position d\u00e9cisive sur l&#39;objectif d\u00e9fensif \u00e0 long terme de Manchester United -","isPartOf":{"@id":"https:\/\/footdavant.fr\/actualites\/#website"},"datePublished":"2025-12-11T22:48:18+00:00","dateModified":"2025-12-11T22:48:21+00:00","breadcrumb":{"@id":"https:\/\/footdavant.fr\/actualites\/sergio-ramos-ineos-prend-une-position-decisive-sur-lobjectif-defensif-a-long-terme-de-manchester-united\/#breadcrumb"},"inLanguage":"fr-FR","potentialAction":[{"@type":"ReadAction","target":["https:\/\/footdavant.fr\/actualites\/sergio-ramos-ineos-prend-une-position-decisive-sur-lobjectif-defensif-a-long-terme-de-manchester-united\/"]}]},{"@type":"BreadcrumbList","@id":"https:\/\/footdavant.fr\/actualites\/sergio-ramos-ineos-prend-une-position-decisive-sur-lobjectif-defensif-a-long-terme-de-manchester-united\/#breadcrumb","itemListElement":[{"@type":"ListItem","position":1,"name":"Accueil","item":"https:\/\/footdavant.fr\/actualites\/"},{"@type":"ListItem","position":2,"name":"Sergio Ramos : INEOS prend une position d\u00e9cisive sur l&#39;objectif d\u00e9fensif \u00e0 long terme de Manchester United &#8211;"}]},{"@type":"WebSite","@id":"https:\/\/footdavant.fr\/actualites\/#website","url":"https:\/\/footdavant.fr\/actualites\/","name":"Foot d'avant","description":"","publisher":{"@id":"https:\/\/footdavant.fr\/actualites\/#organization"},"potentialAction":[{"@type":"SearchAction","target":{"@type":"EntryPoint","urlTemplate":"https:\/\/footdavant.fr\/actualites\/?s={search_term_string}"},"query-input":"required name=search_term_string"}],"inLanguage":"fr-FR"},{"@type":"Organization","@id":"https:\/\/footdavant.fr\/actualites\/#organization","name":"Foot d'avant","url":"https:\/\/footdavant.fr\/actualites\/","logo":{"@type":"ImageObject","inLanguage":"fr-FR","@id":"https:\/\/footdavant.fr\/actualites\/#\/schema\/logo\/image\/","url":"https:\/\/footdavant.fr\/actualites\/wp-content\/uploads\/2023\/09\/Copy-of-FootDavant-Logo.png","contentUrl":"https:\/\/footdavant.fr\/actualites\/wp-content\/uploads\/2023\/09\/Copy-of-FootDavant-Logo.png","width":936,"height":549,"caption":"Foot d'avant"},"image":{"@id":"https:\/\/footdavant.fr\/actualites\/#\/schema\/logo\/image\/"},"sameAs":["https:\/\/www.facebook.com\/Footdavant\/","https:\/\/twitter.com\/FootdavantFr","https:\/\/www.instagram.com\/footdavant.fr\/"]},{"@type":"Person","@id":"https:\/\/footdavant.fr\/actualites\/#\/schema\/person\/bc222566d95871b37e597b3ed3ba5e1d","name":"Cl\u00e9ment","image":{"@type":"ImageObject","inLanguage":"fr-FR","@id":"https:\/\/footdavant.fr\/actualites\/#\/schema\/person\/image\/","url":"https:\/\/secure.gravatar.com\/avatar\/7728b29aac2719421e1a9159b2254c44?s=96&d=mm&r=g","contentUrl":"https:\/\/secure.gravatar.com\/avatar\/7728b29aac2719421e1a9159b2254c44?s=96&d=mm&r=g","caption":"Cl\u00e9ment"},"sameAs":["https:\/\/footdavant.fr\/"]}]}},"_links":{"self":[{"href":"https:\/\/footdavant.fr\/actualites\/wp-json\/wp\/v2\/posts\/32267"}],"collection":[{"href":"https:\/\/footdavant.fr\/actualites\/wp-json\/wp\/v2\/posts"}],"about":[{"href":"https:\/\/footdavant.fr\/actualites\/wp-json\/wp\/v2\/types\/post"}],"author":[{"embeddable":true,"href":"https:\/\/footdavant.fr\/actualites\/wp-json\/wp\/v2\/users\/1"}],"replies":[{"embeddable":true,"href":"https:\/\/footdavant.fr\/actualites\/wp-json\/wp\/v2\/comments?post=32267"}],"version-history":[{"count":1,"href":"https:\/\/footdavant.fr\/actualites\/wp-json\/wp\/v2\/posts\/32267\/revisions"}],"predecessor-version":[{"id":32269,"href":"https:\/\/footdavant.fr\/actualites\/wp-json\/wp\/v2\/posts\/32267\/revisions\/32269"}],"wp:featuredmedia":[{"embeddable":true,"href":"https:\/\/footdavant.fr\/actualites\/wp-json\/wp\/v2\/media\/32268"}],"wp:attachment":[{"href":"https:\/\/footdavant.fr\/actualites\/wp-json\/wp\/v2\/media?parent=32267"}],"wp:term":[{"taxonomy":"category","embeddable":true,"href":"https:\/\/footdavant.fr\/actualites\/wp-json\/wp\/v2\/categories?post=32267"},{"taxonomy":"post_tag","embeddable":true,"href":"https:\/\/footdavant.fr\/actualites\/wp-json\/wp\/v2\/tags?post=32267"}],"curies":[{"name":"wp","href":"https:\/\/api.w.org\/{rel}","templated":true}]}}