{"id":32273,"date":"2025-12-12T03:48:08","date_gmt":"2025-12-12T02:48:08","guid":{"rendered":"https:\/\/footdavant.fr\/actualites\/chelsea-a-t-il-lun-des-meilleurs-du-monde-sur-son-banc-parlez-de-chelsea\/"},"modified":"2025-12-12T03:48:12","modified_gmt":"2025-12-12T02:48:12","slug":"chelsea-a-t-il-lun-des-meilleurs-du-monde-sur-son-banc-parlez-de-chelsea","status":"publish","type":"post","link":"https:\/\/footdavant.fr\/actualites\/chelsea-a-t-il-lun-des-meilleurs-du-monde-sur-son-banc-parlez-de-chelsea\/","title":{"rendered":"Chelsea a-t-il l&#39;un des \u00ab meilleurs du monde \u00bb sur son banc ? \u2013 Parlez de Chelsea"},"content":{"rendered":"<div>\n<p><span style=\"font-weight: 400\">Chelsea a eu, au cours des deux derni\u00e8res d\u00e9cennies, la chance de faire appel aux services de personnalit\u00e9s l\u00e9gendaires du d\u00e9partement manag\u00e9rial.<\/span><\/p>\n<p><span style=\"font-weight: 400\">De Jos\u00e9 Mourinho \u00e0 Antonio Conte en passant par Maurizio Sarri et Carlo Ancelotti, les Bleus ont pris l&#39;habitude utile de nommer non seulement certains des meilleurs du secteur, mais aussi certains des plus grands \u00e0 avoir jamais honor\u00e9 une pirogue.<\/span><\/p>\n<p><span style=\"font-weight: 400\">L\u2019attrait de travailler \u00e0 Stamford Bridge est clair aux yeux de tous, et rares sont ceux qui sont pr\u00eats \u00e0 se moquer de l\u2019opportunit\u00e9 de s\u2019installer dans l\u2019ouest de Londres tout en concourant sur la plus grande des sc\u00e8nes sportives.<\/span><\/p>\n<h2><b>Des distinctions prestigieuses<\/b><\/h2>\n<blockquote class=\"twitter-tweet\">\n<p dir=\"ltr\" lang=\"de\">Drogba \u00e0 Munich \ud83d\udc51<a rel=\"nofollow\" href=\"https:\/\/twitter.com\/hashtag\/UCL?src=hash&amp;ref_src=twsrc%5Etfw\">#UCL<\/a> <a rel=\"nofollow\" href=\"https:\/\/t.co\/PmWLzbB2J5\">pic.twitter.com\/PmWLzbB2J5<\/a><\/p>\n<p>\u2013 Ligue des Champions de l&#39;UEFA (@ChampionsLeague) <a rel=\"nofollow\" href=\"https:\/\/twitter.com\/ChampionsLeague\/status\/1924380737458917494?ref_src=twsrc%5Etfw\">19 mai 2025<\/a><\/p>\n<\/blockquote>\n<p><span style=\"font-weight: 400\">Chelsea a r\u00e9colt\u00e9 cinq couronnes nationales et deux continentales au cours de l&#39;\u00e8re de la Premier League. Ils sont de retour dans la course au troisi\u00e8me prix europ\u00e9en, avec <\/span><span style=\"font-weight: 400\">Cotes du vainqueur de la Ligue des Champions<\/span><span style=\"font-weight: 400\">  en les fixant \u00e0 14\/1 en 2025-2026.<\/span><\/p>\n<p><span style=\"font-weight: 400\">Avec une multitude de talents \u00e0 leur disposition, il n&#39;est pas surprenant que ceux qui parient sur le football en ligne se rangent r\u00e9guli\u00e8rement du c\u00f4t\u00e9 des cogneurs poids lourds du SW6 lorsqu&#39;il s&#39;agit de soumissionner pour les honneurs les plus prestigieux.<\/span><\/p>\n<p><span style=\"font-weight: 400\">Des sommes consid\u00e9rables ont \u00e9t\u00e9 investies pour poursuivre ce r\u00eave, et un projet de reconstruction \u00e9labor\u00e9 par le r\u00e9gime dirig\u00e9 par Todd Boehly commence \u00e0 porter ses fruits. Le vieil adage selon lequel la patience est une vertu s\u2019est une fois de plus av\u00e9r\u00e9 exact.<\/span><\/p>\n<p><span style=\"font-weight: 400\">Dans le sport moderne, il y aura toujours une clameur pour des r\u00e9sultats imm\u00e9diats, et rares sont ceux qui sont pr\u00eats \u00e0 attendre que leur potentiel se r\u00e9alise. Les r\u00e9sultats sont trop souvent exig\u00e9s hier, encore moins aujourd\u2019hui.<\/span><\/p>\n<p><span style=\"font-weight: 400\">Chelsea, cependant, a refus\u00e9 d\u2019\u00e9branler sa conviction \u2013 en \u00e9claboussant <\/span><span style=\"font-weight: 400\">1 milliard de livres sterling sur leurs recrues<\/span><span style=\"font-weight: 400\">  \u2013 que le succ\u00e8s \u00e0 long terme ne serait obtenu qu\u2019une fois les probl\u00e8mes initiaux \u00e0 court terme r\u00e9solus.<\/span><\/p>\n<p><span style=\"font-weight: 400\">M\u00eame si un sourcil \u00e9trange a pu \u00eatre lev\u00e9 lors de campagnes de recrutement record, l\u2019objectif ultime \u00e9tait clair aux yeux de tous. Le soutien de la salle de r\u00e9union n\u2019a jamais fait de doute ; ils avaient juste besoin de quelqu&#39;un pour stabiliser le navire et le diriger dans la bonne direction.<\/span><\/p>\n<p><span style=\"font-weight: 400\">Enzo Maresca a \u00e9t\u00e9 charg\u00e9 de cette responsabilit\u00e9 en 2024, apr\u00e8s avoir pass\u00e9 la campagne pr\u00e9c\u00e9dente \u00e0 guider Leicester vers la gloire du titre de champion \u2013 dans ce qui \u00e9tait son premier poste d&#39;entra\u00eeneur-chef dans le football anglais.<\/span><\/p>\n<p><span style=\"font-weight: 400\">Il avait auparavant pass\u00e9 du temps avec West Ham et Manchester City, avec un r\u00f4le dans <\/span><span style=\"font-weight: 400\">Le personnel des coulisses de Pep Guardiola<\/span><span style=\"font-weight: 400\">  \u00e9tant combl\u00e9 lorsque les Citizens ont savour\u00e9 la gloire du triple en 2022-23. Son pedigree ne faisait aucun doute.<\/span><\/p>\n<p><span style=\"font-weight: 400\">Guardiola a depuis pr\u00e9sent\u00e9 son ancien bras droit comme \u00ab l\u2019un des meilleurs managers du monde \u00bb. Il continue en disant que Maresca \u00ab n&#39;obtient pas suffisamment de cr\u00e9dit \u00bb pour le travail qui a \u00e9t\u00e9 supervis\u00e9 \u00e0 Chelsea.<\/span><\/p>\n<h2><b>Approbation \u00e9logieuse<\/b><\/h2>\n<blockquote class=\"twitter-tweet\" data-width=\"550\" data-dnt=\"true\">\n<p lang=\"en\" dir=\"ltr\">Chef. \ud83c\udfc6 <a rel=\"nofollow\" href=\"https:\/\/t.co\/rcHedOs3RC\">pic.twitter.com\/rcHedOs3RC<\/a><\/p>\n<p>\u2013 Chelsea FC (@ChelseaFC) <a rel=\"nofollow\" href=\"https:\/\/twitter.com\/ChelseaFC\/status\/1929126422091538532?ref_src=twsrc%5Etfw\">1 juin 2025<\/a><\/p>\n<\/blockquote>\n<p><span style=\"font-weight: 400\">L&#39;Italien a remport\u00e9 des triomphes en Conference League et en Coupe du Monde des Clubs, tout en se classant parmi les cinq premiers et en se qualifiant pour la Ligue des Champions. M\u00eame cela ne suffit pas pour certains.<\/span><\/p>\n<p><span style=\"font-weight: 400\">Chelsea, cependant, reste convaincu qu\u2019un autre leader des cercles manag\u00e9riaux a pris les r\u00eanes. Ils ont eu tendance \u00e0 prendre les bonnes d\u00e9cisions \u2013 avec parfois quelques taches sur leurs cahiers de notes \u2013.<\/span><\/p>\n<p><span style=\"font-weight: 400\">Maresca n&#39;est peut-\u00eatre pas encore aussi \u00ab\u00a0sp\u00e9cial\u00a0\u00bb que Mourinho ou aussi d\u00e9cor\u00e9 qu&#39;Ancelotti, mais il y a tout lieu de croire que le soutien \u00e9logieux de Guardiola est parfait.<\/span><\/p>\n<section class=\"cs-read-next\">\n<h2>\n<p>\t\t\t\t\tLire ensuite\t\t\t\t<\/h2>\n<\/p>\n<\/section><\/div>\n<p><script async src=\"https:\/\/platform.twitter.com\/widgets.js\" charset=\"utf-8\"><\/script><\/p>\n","protected":false},"excerpt":{"rendered":"<p>Chelsea a eu, au cours des deux derni\u00e8res d\u00e9cennies, la chance de faire appel aux services de personnalit\u00e9s l\u00e9gendaires du d\u00e9partement manag\u00e9rial. De Jos\u00e9 Mourinho<\/p>\n","protected":false},"author":1,"featured_media":32274,"comment_status":"closed","ping_status":"","sticky":false,"template":"","format":"standard","meta":{"footnotes":""},"categories":[3],"tags":[3319,1112,171,12,5516,219,562,172,86,103],"yoast_head":"<!-- This site is optimized with the Yoast SEO plugin v21.0 - https:\/\/yoast.com\/wordpress\/plugins\/seo\/ -->\n<title>Chelsea a-t-il l&#039;un des \u00ab meilleurs du monde \u00bb sur son banc ? \u2013 Parlez de Chelsea<\/title>\n<meta name=\"robots\" content=\"index, follow, max-snippet:-1, max-image-preview:large, max-video-preview:-1\" \/>\n<link rel=\"canonical\" href=\"https:\/\/footdavant.fr\/actualites\/chelsea-a-t-il-lun-des-meilleurs-du-monde-sur-son-banc-parlez-de-chelsea\/\" \/>\n<meta property=\"og:locale\" content=\"fr_FR\" \/>\n<meta property=\"og:type\" content=\"article\" \/>\n<meta property=\"og:title\" content=\"Chelsea a-t-il l&#039;un des \u00ab meilleurs du monde \u00bb sur son banc ? \u2013 Parlez de Chelsea\" \/>\n<meta property=\"og:description\" content=\"Chelsea a eu, au cours des deux derni\u00e8res d\u00e9cennies, la chance de faire appel aux services de personnalit\u00e9s l\u00e9gendaires du d\u00e9partement manag\u00e9rial. De Jos\u00e9 Mourinho\" \/>\n<meta property=\"og:url\" content=\"https:\/\/footdavant.fr\/actualites\/chelsea-a-t-il-lun-des-meilleurs-du-monde-sur-son-banc-parlez-de-chelsea\/\" \/>\n<meta property=\"og:site_name\" content=\"Foot d&#039;avant\" \/>\n<meta property=\"article:publisher\" content=\"https:\/\/www.facebook.com\/Footdavant\/\" \/>\n<meta property=\"article:published_time\" content=\"2025-12-12T02:48:08+00:00\" \/>\n<meta property=\"article:modified_time\" content=\"2025-12-12T02:48:12+00:00\" \/>\n<meta property=\"og:image\" content=\"https:\/\/footdavant.fr\/actualites\/wp-content\/uploads\/2025\/12\/Chelsea-a-t-il-l39un-des-meilleurs-du-monde-sur.jpg\" \/>\n\t<meta property=\"og:image:width\" content=\"2560\" \/>\n\t<meta property=\"og:image:height\" content=\"1706\" \/>\n\t<meta property=\"og:image:type\" content=\"image\/jpeg\" \/>\n<meta name=\"author\" content=\"Cl\u00e9ment\" \/>\n<meta name=\"twitter:card\" content=\"summary_large_image\" \/>\n<meta name=\"twitter:creator\" content=\"@FootdavantFr\" \/>\n<meta name=\"twitter:site\" content=\"@FootdavantFr\" \/>\n<meta name=\"twitter:label1\" content=\"\u00c9crit par\" \/>\n\t<meta name=\"twitter:data1\" content=\"Cl\u00e9ment\" \/>\n\t<meta name=\"twitter:label2\" content=\"Dur\u00e9e de lecture estim\u00e9e\" \/>\n\t<meta name=\"twitter:data2\" content=\"3 minutes\" \/>\n<script type=\"application\/ld+json\" class=\"yoast-schema-graph\">{\"@context\":\"https:\/\/schema.org\",\"@graph\":[{\"@type\":\"Article\",\"@id\":\"https:\/\/footdavant.fr\/actualites\/chelsea-a-t-il-lun-des-meilleurs-du-monde-sur-son-banc-parlez-de-chelsea\/#article\",\"isPartOf\":{\"@id\":\"https:\/\/footdavant.fr\/actualites\/chelsea-a-t-il-lun-des-meilleurs-du-monde-sur-son-banc-parlez-de-chelsea\/\"},\"author\":{\"name\":\"Cl\u00e9ment\",\"@id\":\"https:\/\/footdavant.fr\/actualites\/#\/schema\/person\/bc222566d95871b37e597b3ed3ba5e1d\"},\"headline\":\"Chelsea a-t-il l&#39;un des \u00ab meilleurs du monde \u00bb sur son banc ? \u2013 Parlez de Chelsea\",\"datePublished\":\"2025-12-12T02:48:08+00:00\",\"dateModified\":\"2025-12-12T02:48:12+00:00\",\"mainEntityOfPage\":{\"@id\":\"https:\/\/footdavant.fr\/actualites\/chelsea-a-t-il-lun-des-meilleurs-du-monde-sur-son-banc-parlez-de-chelsea\/\"},\"wordCount\":671,\"publisher\":{\"@id\":\"https:\/\/footdavant.fr\/actualites\/#organization\"},\"keywords\":[\"atil\",\"banc\",\"Chelsea\",\"des\",\"l39un\",\"meilleurs\",\"monde\",\"Parlez\",\"son\",\"sur\"],\"articleSection\":[\"Football\"],\"inLanguage\":\"fr-FR\"},{\"@type\":\"WebPage\",\"@id\":\"https:\/\/footdavant.fr\/actualites\/chelsea-a-t-il-lun-des-meilleurs-du-monde-sur-son-banc-parlez-de-chelsea\/\",\"url\":\"https:\/\/footdavant.fr\/actualites\/chelsea-a-t-il-lun-des-meilleurs-du-monde-sur-son-banc-parlez-de-chelsea\/\",\"name\":\"Chelsea a-t-il l&#39;un des \u00ab meilleurs du monde \u00bb sur son banc ? \u2013 Parlez de Chelsea\",\"isPartOf\":{\"@id\":\"https:\/\/footdavant.fr\/actualites\/#website\"},\"datePublished\":\"2025-12-12T02:48:08+00:00\",\"dateModified\":\"2025-12-12T02:48:12+00:00\",\"breadcrumb\":{\"@id\":\"https:\/\/footdavant.fr\/actualites\/chelsea-a-t-il-lun-des-meilleurs-du-monde-sur-son-banc-parlez-de-chelsea\/#breadcrumb\"},\"inLanguage\":\"fr-FR\",\"potentialAction\":[{\"@type\":\"ReadAction\",\"target\":[\"https:\/\/footdavant.fr\/actualites\/chelsea-a-t-il-lun-des-meilleurs-du-monde-sur-son-banc-parlez-de-chelsea\/\"]}]},{\"@type\":\"BreadcrumbList\",\"@id\":\"https:\/\/footdavant.fr\/actualites\/chelsea-a-t-il-lun-des-meilleurs-du-monde-sur-son-banc-parlez-de-chelsea\/#breadcrumb\",\"itemListElement\":[{\"@type\":\"ListItem\",\"position\":1,\"name\":\"Accueil\",\"item\":\"https:\/\/footdavant.fr\/actualites\/\"},{\"@type\":\"ListItem\",\"position\":2,\"name\":\"Chelsea a-t-il l&#39;un des \u00ab meilleurs du monde \u00bb sur son banc ? \u2013 Parlez de Chelsea\"}]},{\"@type\":\"WebSite\",\"@id\":\"https:\/\/footdavant.fr\/actualites\/#website\",\"url\":\"https:\/\/footdavant.fr\/actualites\/\",\"name\":\"Foot d'avant\",\"description\":\"\",\"publisher\":{\"@id\":\"https:\/\/footdavant.fr\/actualites\/#organization\"},\"potentialAction\":[{\"@type\":\"SearchAction\",\"target\":{\"@type\":\"EntryPoint\",\"urlTemplate\":\"https:\/\/footdavant.fr\/actualites\/?s={search_term_string}\"},\"query-input\":\"required name=search_term_string\"}],\"inLanguage\":\"fr-FR\"},{\"@type\":\"Organization\",\"@id\":\"https:\/\/footdavant.fr\/actualites\/#organization\",\"name\":\"Foot d'avant\",\"url\":\"https:\/\/footdavant.fr\/actualites\/\",\"logo\":{\"@type\":\"ImageObject\",\"inLanguage\":\"fr-FR\",\"@id\":\"https:\/\/footdavant.fr\/actualites\/#\/schema\/logo\/image\/\",\"url\":\"https:\/\/footdavant.fr\/actualites\/wp-content\/uploads\/2023\/09\/Copy-of-FootDavant-Logo.png\",\"contentUrl\":\"https:\/\/footdavant.fr\/actualites\/wp-content\/uploads\/2023\/09\/Copy-of-FootDavant-Logo.png\",\"width\":936,\"height\":549,\"caption\":\"Foot d'avant\"},\"image\":{\"@id\":\"https:\/\/footdavant.fr\/actualites\/#\/schema\/logo\/image\/\"},\"sameAs\":[\"https:\/\/www.facebook.com\/Footdavant\/\",\"https:\/\/twitter.com\/FootdavantFr\",\"https:\/\/www.instagram.com\/footdavant.fr\/\"]},{\"@type\":\"Person\",\"@id\":\"https:\/\/footdavant.fr\/actualites\/#\/schema\/person\/bc222566d95871b37e597b3ed3ba5e1d\",\"name\":\"Cl\u00e9ment\",\"image\":{\"@type\":\"ImageObject\",\"inLanguage\":\"fr-FR\",\"@id\":\"https:\/\/footdavant.fr\/actualites\/#\/schema\/person\/image\/\",\"url\":\"https:\/\/secure.gravatar.com\/avatar\/7728b29aac2719421e1a9159b2254c44?s=96&d=mm&r=g\",\"contentUrl\":\"https:\/\/secure.gravatar.com\/avatar\/7728b29aac2719421e1a9159b2254c44?s=96&d=mm&r=g\",\"caption\":\"Cl\u00e9ment\"},\"sameAs\":[\"https:\/\/footdavant.fr\/\"]}]}<\/script>\n<!-- \/ Yoast SEO plugin. -->","yoast_head_json":{"title":"Chelsea a-t-il l&#39;un des \u00ab meilleurs du monde \u00bb sur son banc ? \u2013 Parlez de Chelsea","robots":{"index":"index","follow":"follow","max-snippet":"max-snippet:-1","max-image-preview":"max-image-preview:large","max-video-preview":"max-video-preview:-1"},"canonical":"https:\/\/footdavant.fr\/actualites\/chelsea-a-t-il-lun-des-meilleurs-du-monde-sur-son-banc-parlez-de-chelsea\/","og_locale":"fr_FR","og_type":"article","og_title":"Chelsea a-t-il l&#39;un des \u00ab meilleurs du monde \u00bb sur son banc ? \u2013 Parlez de Chelsea","og_description":"Chelsea a eu, au cours des deux derni\u00e8res d\u00e9cennies, la chance de faire appel aux services de personnalit\u00e9s l\u00e9gendaires du d\u00e9partement manag\u00e9rial. De Jos\u00e9 Mourinho","og_url":"https:\/\/footdavant.fr\/actualites\/chelsea-a-t-il-lun-des-meilleurs-du-monde-sur-son-banc-parlez-de-chelsea\/","og_site_name":"Foot d&#039;avant","article_publisher":"https:\/\/www.facebook.com\/Footdavant\/","article_published_time":"2025-12-12T02:48:08+00:00","article_modified_time":"2025-12-12T02:48:12+00:00","og_image":[{"width":2560,"height":1706,"url":"https:\/\/footdavant.fr\/actualites\/wp-content\/uploads\/2025\/12\/Chelsea-a-t-il-l39un-des-meilleurs-du-monde-sur.jpg","type":"image\/jpeg"}],"author":"Cl\u00e9ment","twitter_card":"summary_large_image","twitter_creator":"@FootdavantFr","twitter_site":"@FootdavantFr","twitter_misc":{"\u00c9crit par":"Cl\u00e9ment","Dur\u00e9e de lecture estim\u00e9e":"3 minutes"},"schema":{"@context":"https:\/\/schema.org","@graph":[{"@type":"Article","@id":"https:\/\/footdavant.fr\/actualites\/chelsea-a-t-il-lun-des-meilleurs-du-monde-sur-son-banc-parlez-de-chelsea\/#article","isPartOf":{"@id":"https:\/\/footdavant.fr\/actualites\/chelsea-a-t-il-lun-des-meilleurs-du-monde-sur-son-banc-parlez-de-chelsea\/"},"author":{"name":"Cl\u00e9ment","@id":"https:\/\/footdavant.fr\/actualites\/#\/schema\/person\/bc222566d95871b37e597b3ed3ba5e1d"},"headline":"Chelsea a-t-il l&#39;un des \u00ab meilleurs du monde \u00bb sur son banc ? \u2013 Parlez de Chelsea","datePublished":"2025-12-12T02:48:08+00:00","dateModified":"2025-12-12T02:48:12+00:00","mainEntityOfPage":{"@id":"https:\/\/footdavant.fr\/actualites\/chelsea-a-t-il-lun-des-meilleurs-du-monde-sur-son-banc-parlez-de-chelsea\/"},"wordCount":671,"publisher":{"@id":"https:\/\/footdavant.fr\/actualites\/#organization"},"keywords":["atil","banc","Chelsea","des","l39un","meilleurs","monde","Parlez","son","sur"],"articleSection":["Football"],"inLanguage":"fr-FR"},{"@type":"WebPage","@id":"https:\/\/footdavant.fr\/actualites\/chelsea-a-t-il-lun-des-meilleurs-du-monde-sur-son-banc-parlez-de-chelsea\/","url":"https:\/\/footdavant.fr\/actualites\/chelsea-a-t-il-lun-des-meilleurs-du-monde-sur-son-banc-parlez-de-chelsea\/","name":"Chelsea a-t-il l&#39;un des \u00ab meilleurs du monde \u00bb sur son banc ? \u2013 Parlez de Chelsea","isPartOf":{"@id":"https:\/\/footdavant.fr\/actualites\/#website"},"datePublished":"2025-12-12T02:48:08+00:00","dateModified":"2025-12-12T02:48:12+00:00","breadcrumb":{"@id":"https:\/\/footdavant.fr\/actualites\/chelsea-a-t-il-lun-des-meilleurs-du-monde-sur-son-banc-parlez-de-chelsea\/#breadcrumb"},"inLanguage":"fr-FR","potentialAction":[{"@type":"ReadAction","target":["https:\/\/footdavant.fr\/actualites\/chelsea-a-t-il-lun-des-meilleurs-du-monde-sur-son-banc-parlez-de-chelsea\/"]}]},{"@type":"BreadcrumbList","@id":"https:\/\/footdavant.fr\/actualites\/chelsea-a-t-il-lun-des-meilleurs-du-monde-sur-son-banc-parlez-de-chelsea\/#breadcrumb","itemListElement":[{"@type":"ListItem","position":1,"name":"Accueil","item":"https:\/\/footdavant.fr\/actualites\/"},{"@type":"ListItem","position":2,"name":"Chelsea a-t-il l&#39;un des \u00ab meilleurs du monde \u00bb sur son banc ? \u2013 Parlez de Chelsea"}]},{"@type":"WebSite","@id":"https:\/\/footdavant.fr\/actualites\/#website","url":"https:\/\/footdavant.fr\/actualites\/","name":"Foot d'avant","description":"","publisher":{"@id":"https:\/\/footdavant.fr\/actualites\/#organization"},"potentialAction":[{"@type":"SearchAction","target":{"@type":"EntryPoint","urlTemplate":"https:\/\/footdavant.fr\/actualites\/?s={search_term_string}"},"query-input":"required name=search_term_string"}],"inLanguage":"fr-FR"},{"@type":"Organization","@id":"https:\/\/footdavant.fr\/actualites\/#organization","name":"Foot d'avant","url":"https:\/\/footdavant.fr\/actualites\/","logo":{"@type":"ImageObject","inLanguage":"fr-FR","@id":"https:\/\/footdavant.fr\/actualites\/#\/schema\/logo\/image\/","url":"https:\/\/footdavant.fr\/actualites\/wp-content\/uploads\/2023\/09\/Copy-of-FootDavant-Logo.png","contentUrl":"https:\/\/footdavant.fr\/actualites\/wp-content\/uploads\/2023\/09\/Copy-of-FootDavant-Logo.png","width":936,"height":549,"caption":"Foot d'avant"},"image":{"@id":"https:\/\/footdavant.fr\/actualites\/#\/schema\/logo\/image\/"},"sameAs":["https:\/\/www.facebook.com\/Footdavant\/","https:\/\/twitter.com\/FootdavantFr","https:\/\/www.instagram.com\/footdavant.fr\/"]},{"@type":"Person","@id":"https:\/\/footdavant.fr\/actualites\/#\/schema\/person\/bc222566d95871b37e597b3ed3ba5e1d","name":"Cl\u00e9ment","image":{"@type":"ImageObject","inLanguage":"fr-FR","@id":"https:\/\/footdavant.fr\/actualites\/#\/schema\/person\/image\/","url":"https:\/\/secure.gravatar.com\/avatar\/7728b29aac2719421e1a9159b2254c44?s=96&d=mm&r=g","contentUrl":"https:\/\/secure.gravatar.com\/avatar\/7728b29aac2719421e1a9159b2254c44?s=96&d=mm&r=g","caption":"Cl\u00e9ment"},"sameAs":["https:\/\/footdavant.fr\/"]}]}},"_links":{"self":[{"href":"https:\/\/footdavant.fr\/actualites\/wp-json\/wp\/v2\/posts\/32273"}],"collection":[{"href":"https:\/\/footdavant.fr\/actualites\/wp-json\/wp\/v2\/posts"}],"about":[{"href":"https:\/\/footdavant.fr\/actualites\/wp-json\/wp\/v2\/types\/post"}],"author":[{"embeddable":true,"href":"https:\/\/footdavant.fr\/actualites\/wp-json\/wp\/v2\/users\/1"}],"replies":[{"embeddable":true,"href":"https:\/\/footdavant.fr\/actualites\/wp-json\/wp\/v2\/comments?post=32273"}],"version-history":[{"count":1,"href":"https:\/\/footdavant.fr\/actualites\/wp-json\/wp\/v2\/posts\/32273\/revisions"}],"predecessor-version":[{"id":32275,"href":"https:\/\/footdavant.fr\/actualites\/wp-json\/wp\/v2\/posts\/32273\/revisions\/32275"}],"wp:featuredmedia":[{"embeddable":true,"href":"https:\/\/footdavant.fr\/actualites\/wp-json\/wp\/v2\/media\/32274"}],"wp:attachment":[{"href":"https:\/\/footdavant.fr\/actualites\/wp-json\/wp\/v2\/media?parent=32273"}],"wp:term":[{"taxonomy":"category","embeddable":true,"href":"https:\/\/footdavant.fr\/actualites\/wp-json\/wp\/v2\/categories?post=32273"},{"taxonomy":"post_tag","embeddable":true,"href":"https:\/\/footdavant.fr\/actualites\/wp-json\/wp\/v2\/tags?post=32273"}],"curies":[{"name":"wp","href":"https:\/\/api.w.org\/{rel}","templated":true}]}}