{"id":32276,"date":"2025-12-12T05:48:04","date_gmt":"2025-12-12T04:48:04","guid":{"rendered":"https:\/\/footdavant.fr\/actualites\/composition-de-linter-milan-contre-liverpool-xi-prevu-pour-le-choc-de-la-ligue-des-champions-apres-une-mise-a-jour-inquietante-de-manuel-akanji\/"},"modified":"2025-12-12T05:48:06","modified_gmt":"2025-12-12T04:48:06","slug":"composition-de-linter-milan-contre-liverpool-xi-prevu-pour-le-choc-de-la-ligue-des-champions-apres-une-mise-a-jour-inquietante-de-manuel-akanji","status":"publish","type":"post","link":"https:\/\/footdavant.fr\/actualites\/composition-de-linter-milan-contre-liverpool-xi-prevu-pour-le-choc-de-la-ligue-des-champions-apres-une-mise-a-jour-inquietante-de-manuel-akanji\/","title":{"rendered":"Composition de l&#39;Inter Milan contre Liverpool\u00a0: XI pr\u00e9vu pour le choc de la Ligue des champions apr\u00e8s une mise \u00e0 jour inqui\u00e9tante de Manuel Akanji"},"content":{"rendered":"<div itemprop=\"articleBody\">\n<p>Le d\u00e9fenseur de l&#39;Inter Milan, Manuel Akanji, appartenant \u00e0 Manchester City, est devenu un doute majeur pour la confrontation de mardi en Ligue des champions avec Liverpool \u00e0 San Siro.<\/p>\n<p>L&#39;international suisse est rapidement devenu un pilier de la ligne arri\u00e8re des Nerazzurri depuis son arriv\u00e9e de l&#39;Etihad cet \u00e9t\u00e9, mais Cristian Chivu a r\u00e9v\u00e9l\u00e9 lundi qu&#39;il luttait contre une maladie r\u00e9cente.<\/p>\n<p>Akanji n&#39;est pas encore d\u00e9finitivement exclu du match contre les Reds, mais Chivu devrait se ranger aux c\u00f4t\u00e9s de Yann Bisseck, Francesco Acerbi et Alessandro Bastoni devant le num\u00e9ro un Yann Sommer.<\/p>\n<p>Akanji est peut-\u00eatre l&#39;un des trois absents d\u00e9fensifs notables des h\u00f4tes, puisque les ailiers Denzel Dumfries (cheville) et Matteo Darmian (mollet) sont \u00e9galement toujours sur la touche.<\/p>\n<p>En cons\u00e9quence, le lat\u00e9ral gauche Carlos Augusto pourrait remplacer les champions de Premier League, apr\u00e8s avoir quitt\u00e9 le banc pour marquer lors de la victoire 4-0 en Serie A de samedi contre C\u00f4me apr\u00e8s avoir remplac\u00e9 Luis Henrique.<\/p>\n<p>Les partenaires d&#39;attaque Marcus Thuram et Lautaro Martinez \u00e9taient \u00e9galement cadr\u00e9s lors de ce match, et ce dernier tente d\u00e9sormais de marquer pour le sixi\u00e8me match cons\u00e9cutif \u00e0 domicile en Ligue des champions.<\/p>\n<p>Cependant, Henrikh Mkhitaryan a d\u00fb jouer un r\u00f4le plus discret cette saison, permettant \u00e0 Piotr Zielinski de se pavaner avec Nicolo Barella et Hakan Calhanoglu au milieu de terrain.<\/p>\n<p>Onze de d\u00e9part possible de l&#39;Inter Milan :<\/p>\n<p>Sommer\u00a0; Acerbi, Bisseck, Bastoni; Augusto, Zielinski, Barella, Calhanoglu, Dimarco\u00a0; Thuram, Martinez<\/p>\n<p>> Cliquez ici pour voir comment Liverpool pourrait s&#39;aligner pour ce match<\/p>\n<\/div>\n","protected":false},"excerpt":{"rendered":"<p>Le d\u00e9fenseur de l&#39;Inter Milan, Manuel Akanji, appartenant \u00e0 Manchester City, est devenu un doute majeur pour la confrontation de mardi en Ligue des champions<\/p>\n","protected":false},"author":1,"featured_media":32277,"comment_status":"closed","ping_status":"","sticky":false,"template":"","format":"standard","meta":{"footnotes":""},"categories":[5],"tags":[6077,25,31,332,2291,20,12,1046,328,5414,30,53,2787,250,327,51,3924,92],"yoast_head":"<!-- This site is optimized with the Yoast SEO plugin v21.0 - https:\/\/yoast.com\/wordpress\/plugins\/seo\/ -->\n<title>Composition de l&#039;Inter Milan contre Liverpool\u00a0: XI pr\u00e9vu pour le choc de la Ligue des champions apr\u00e8s une mise \u00e0 jour inqui\u00e9tante de Manuel Akanji<\/title>\n<meta name=\"robots\" content=\"index, follow, max-snippet:-1, max-image-preview:large, max-video-preview:-1\" \/>\n<link rel=\"canonical\" href=\"https:\/\/footdavant.fr\/actualites\/composition-de-linter-milan-contre-liverpool-xi-prevu-pour-le-choc-de-la-ligue-des-champions-apres-une-mise-a-jour-inquietante-de-manuel-akanji\/\" \/>\n<meta property=\"og:locale\" content=\"fr_FR\" \/>\n<meta property=\"og:type\" content=\"article\" \/>\n<meta property=\"og:title\" content=\"Composition de l&#039;Inter Milan contre Liverpool\u00a0: XI pr\u00e9vu pour le choc de la Ligue des champions apr\u00e8s une mise \u00e0 jour inqui\u00e9tante de Manuel Akanji\" \/>\n<meta property=\"og:description\" content=\"Le d\u00e9fenseur de l&#039;Inter Milan, Manuel Akanji, appartenant \u00e0 Manchester City, est devenu un doute majeur pour la confrontation de mardi en Ligue des champions\" \/>\n<meta property=\"og:url\" content=\"https:\/\/footdavant.fr\/actualites\/composition-de-linter-milan-contre-liverpool-xi-prevu-pour-le-choc-de-la-ligue-des-champions-apres-une-mise-a-jour-inquietante-de-manuel-akanji\/\" \/>\n<meta property=\"og:site_name\" content=\"Foot d&#039;avant\" \/>\n<meta property=\"article:publisher\" content=\"https:\/\/www.facebook.com\/Footdavant\/\" \/>\n<meta property=\"article:published_time\" content=\"2025-12-12T04:48:04+00:00\" \/>\n<meta property=\"article:modified_time\" content=\"2025-12-12T04:48:06+00:00\" \/>\n<meta property=\"og:image\" content=\"https:\/\/footdavant.fr\/actualites\/wp-content\/uploads\/2025\/12\/Composition-de-l39Inter-Milan-contre-Liverpool-XI-prevu-pour-le.jpg\" \/>\n\t<meta property=\"og:image:width\" content=\"720\" \/>\n\t<meta property=\"og:image:height\" content=\"410\" \/>\n\t<meta property=\"og:image:type\" content=\"image\/jpeg\" \/>\n<meta name=\"author\" content=\"Cl\u00e9ment\" \/>\n<meta name=\"twitter:card\" content=\"summary_large_image\" \/>\n<meta name=\"twitter:creator\" content=\"@FootdavantFr\" \/>\n<meta name=\"twitter:site\" content=\"@FootdavantFr\" \/>\n<meta name=\"twitter:label1\" content=\"\u00c9crit par\" \/>\n\t<meta name=\"twitter:data1\" content=\"Cl\u00e9ment\" \/>\n\t<meta name=\"twitter:label2\" content=\"Dur\u00e9e de lecture estim\u00e9e\" \/>\n\t<meta name=\"twitter:data2\" content=\"1 minute\" \/>\n<script type=\"application\/ld+json\" class=\"yoast-schema-graph\">{\"@context\":\"https:\/\/schema.org\",\"@graph\":[{\"@type\":\"Article\",\"@id\":\"https:\/\/footdavant.fr\/actualites\/composition-de-linter-milan-contre-liverpool-xi-prevu-pour-le-choc-de-la-ligue-des-champions-apres-une-mise-a-jour-inquietante-de-manuel-akanji\/#article\",\"isPartOf\":{\"@id\":\"https:\/\/footdavant.fr\/actualites\/composition-de-linter-milan-contre-liverpool-xi-prevu-pour-le-choc-de-la-ligue-des-champions-apres-une-mise-a-jour-inquietante-de-manuel-akanji\/\"},\"author\":{\"name\":\"Cl\u00e9ment\",\"@id\":\"https:\/\/footdavant.fr\/actualites\/#\/schema\/person\/bc222566d95871b37e597b3ed3ba5e1d\"},\"headline\":\"Composition de l&#39;Inter Milan contre Liverpool\u00a0: XI pr\u00e9vu pour le choc de la Ligue des champions apr\u00e8s une mise \u00e0 jour inqui\u00e9tante de Manuel Akanji\",\"datePublished\":\"2025-12-12T04:48:04+00:00\",\"dateModified\":\"2025-12-12T04:48:06+00:00\",\"mainEntityOfPage\":{\"@id\":\"https:\/\/footdavant.fr\/actualites\/composition-de-linter-milan-contre-liverpool-xi-prevu-pour-le-choc-de-la-ligue-des-champions-apres-une-mise-a-jour-inquietante-de-manuel-akanji\/\"},\"wordCount\":307,\"publisher\":{\"@id\":\"https:\/\/footdavant.fr\/actualites\/#organization\"},\"keywords\":[\"Akanji\",\"apr\u00e8s\",\"champions\",\"choc\",\"composition\",\"contre\",\"des\",\"inqui\u00e9tante\",\"jour\",\"l39Inter\",\"Ligue\",\"Liverpool\",\"Manuel\",\"Milan\",\"mise\",\"pour\",\"pr\u00e9vu\",\"une\"],\"articleSection\":[\"Premier League\"],\"inLanguage\":\"fr-FR\"},{\"@type\":\"WebPage\",\"@id\":\"https:\/\/footdavant.fr\/actualites\/composition-de-linter-milan-contre-liverpool-xi-prevu-pour-le-choc-de-la-ligue-des-champions-apres-une-mise-a-jour-inquietante-de-manuel-akanji\/\",\"url\":\"https:\/\/footdavant.fr\/actualites\/composition-de-linter-milan-contre-liverpool-xi-prevu-pour-le-choc-de-la-ligue-des-champions-apres-une-mise-a-jour-inquietante-de-manuel-akanji\/\",\"name\":\"Composition de l&#39;Inter Milan contre Liverpool\u00a0: XI pr\u00e9vu pour le choc de la Ligue des champions apr\u00e8s une mise \u00e0 jour inqui\u00e9tante de Manuel Akanji\",\"isPartOf\":{\"@id\":\"https:\/\/footdavant.fr\/actualites\/#website\"},\"datePublished\":\"2025-12-12T04:48:04+00:00\",\"dateModified\":\"2025-12-12T04:48:06+00:00\",\"breadcrumb\":{\"@id\":\"https:\/\/footdavant.fr\/actualites\/composition-de-linter-milan-contre-liverpool-xi-prevu-pour-le-choc-de-la-ligue-des-champions-apres-une-mise-a-jour-inquietante-de-manuel-akanji\/#breadcrumb\"},\"inLanguage\":\"fr-FR\",\"potentialAction\":[{\"@type\":\"ReadAction\",\"target\":[\"https:\/\/footdavant.fr\/actualites\/composition-de-linter-milan-contre-liverpool-xi-prevu-pour-le-choc-de-la-ligue-des-champions-apres-une-mise-a-jour-inquietante-de-manuel-akanji\/\"]}]},{\"@type\":\"BreadcrumbList\",\"@id\":\"https:\/\/footdavant.fr\/actualites\/composition-de-linter-milan-contre-liverpool-xi-prevu-pour-le-choc-de-la-ligue-des-champions-apres-une-mise-a-jour-inquietante-de-manuel-akanji\/#breadcrumb\",\"itemListElement\":[{\"@type\":\"ListItem\",\"position\":1,\"name\":\"Accueil\",\"item\":\"https:\/\/footdavant.fr\/actualites\/\"},{\"@type\":\"ListItem\",\"position\":2,\"name\":\"Composition de l&#39;Inter Milan contre Liverpool\u00a0: XI pr\u00e9vu pour le choc de la Ligue des champions apr\u00e8s une mise \u00e0 jour inqui\u00e9tante de Manuel Akanji\"}]},{\"@type\":\"WebSite\",\"@id\":\"https:\/\/footdavant.fr\/actualites\/#website\",\"url\":\"https:\/\/footdavant.fr\/actualites\/\",\"name\":\"Foot d'avant\",\"description\":\"\",\"publisher\":{\"@id\":\"https:\/\/footdavant.fr\/actualites\/#organization\"},\"potentialAction\":[{\"@type\":\"SearchAction\",\"target\":{\"@type\":\"EntryPoint\",\"urlTemplate\":\"https:\/\/footdavant.fr\/actualites\/?s={search_term_string}\"},\"query-input\":\"required name=search_term_string\"}],\"inLanguage\":\"fr-FR\"},{\"@type\":\"Organization\",\"@id\":\"https:\/\/footdavant.fr\/actualites\/#organization\",\"name\":\"Foot d'avant\",\"url\":\"https:\/\/footdavant.fr\/actualites\/\",\"logo\":{\"@type\":\"ImageObject\",\"inLanguage\":\"fr-FR\",\"@id\":\"https:\/\/footdavant.fr\/actualites\/#\/schema\/logo\/image\/\",\"url\":\"https:\/\/footdavant.fr\/actualites\/wp-content\/uploads\/2023\/09\/Copy-of-FootDavant-Logo.png\",\"contentUrl\":\"https:\/\/footdavant.fr\/actualites\/wp-content\/uploads\/2023\/09\/Copy-of-FootDavant-Logo.png\",\"width\":936,\"height\":549,\"caption\":\"Foot d'avant\"},\"image\":{\"@id\":\"https:\/\/footdavant.fr\/actualites\/#\/schema\/logo\/image\/\"},\"sameAs\":[\"https:\/\/www.facebook.com\/Footdavant\/\",\"https:\/\/twitter.com\/FootdavantFr\",\"https:\/\/www.instagram.com\/footdavant.fr\/\"]},{\"@type\":\"Person\",\"@id\":\"https:\/\/footdavant.fr\/actualites\/#\/schema\/person\/bc222566d95871b37e597b3ed3ba5e1d\",\"name\":\"Cl\u00e9ment\",\"image\":{\"@type\":\"ImageObject\",\"inLanguage\":\"fr-FR\",\"@id\":\"https:\/\/footdavant.fr\/actualites\/#\/schema\/person\/image\/\",\"url\":\"https:\/\/secure.gravatar.com\/avatar\/7728b29aac2719421e1a9159b2254c44?s=96&d=mm&r=g\",\"contentUrl\":\"https:\/\/secure.gravatar.com\/avatar\/7728b29aac2719421e1a9159b2254c44?s=96&d=mm&r=g\",\"caption\":\"Cl\u00e9ment\"},\"sameAs\":[\"https:\/\/footdavant.fr\/\"]}]}<\/script>\n<!-- \/ Yoast SEO plugin. -->","yoast_head_json":{"title":"Composition de l&#39;Inter Milan contre Liverpool\u00a0: XI pr\u00e9vu pour le choc de la Ligue des champions apr\u00e8s une mise \u00e0 jour inqui\u00e9tante de Manuel Akanji","robots":{"index":"index","follow":"follow","max-snippet":"max-snippet:-1","max-image-preview":"max-image-preview:large","max-video-preview":"max-video-preview:-1"},"canonical":"https:\/\/footdavant.fr\/actualites\/composition-de-linter-milan-contre-liverpool-xi-prevu-pour-le-choc-de-la-ligue-des-champions-apres-une-mise-a-jour-inquietante-de-manuel-akanji\/","og_locale":"fr_FR","og_type":"article","og_title":"Composition de l&#39;Inter Milan contre Liverpool\u00a0: XI pr\u00e9vu pour le choc de la Ligue des champions apr\u00e8s une mise \u00e0 jour inqui\u00e9tante de Manuel Akanji","og_description":"Le d\u00e9fenseur de l&#39;Inter Milan, Manuel Akanji, appartenant \u00e0 Manchester City, est devenu un doute majeur pour la confrontation de mardi en Ligue des champions","og_url":"https:\/\/footdavant.fr\/actualites\/composition-de-linter-milan-contre-liverpool-xi-prevu-pour-le-choc-de-la-ligue-des-champions-apres-une-mise-a-jour-inquietante-de-manuel-akanji\/","og_site_name":"Foot d&#039;avant","article_publisher":"https:\/\/www.facebook.com\/Footdavant\/","article_published_time":"2025-12-12T04:48:04+00:00","article_modified_time":"2025-12-12T04:48:06+00:00","og_image":[{"width":720,"height":410,"url":"https:\/\/footdavant.fr\/actualites\/wp-content\/uploads\/2025\/12\/Composition-de-l39Inter-Milan-contre-Liverpool-XI-prevu-pour-le.jpg","type":"image\/jpeg"}],"author":"Cl\u00e9ment","twitter_card":"summary_large_image","twitter_creator":"@FootdavantFr","twitter_site":"@FootdavantFr","twitter_misc":{"\u00c9crit par":"Cl\u00e9ment","Dur\u00e9e de lecture estim\u00e9e":"1 minute"},"schema":{"@context":"https:\/\/schema.org","@graph":[{"@type":"Article","@id":"https:\/\/footdavant.fr\/actualites\/composition-de-linter-milan-contre-liverpool-xi-prevu-pour-le-choc-de-la-ligue-des-champions-apres-une-mise-a-jour-inquietante-de-manuel-akanji\/#article","isPartOf":{"@id":"https:\/\/footdavant.fr\/actualites\/composition-de-linter-milan-contre-liverpool-xi-prevu-pour-le-choc-de-la-ligue-des-champions-apres-une-mise-a-jour-inquietante-de-manuel-akanji\/"},"author":{"name":"Cl\u00e9ment","@id":"https:\/\/footdavant.fr\/actualites\/#\/schema\/person\/bc222566d95871b37e597b3ed3ba5e1d"},"headline":"Composition de l&#39;Inter Milan contre Liverpool\u00a0: XI pr\u00e9vu pour le choc de la Ligue des champions apr\u00e8s une mise \u00e0 jour inqui\u00e9tante de Manuel Akanji","datePublished":"2025-12-12T04:48:04+00:00","dateModified":"2025-12-12T04:48:06+00:00","mainEntityOfPage":{"@id":"https:\/\/footdavant.fr\/actualites\/composition-de-linter-milan-contre-liverpool-xi-prevu-pour-le-choc-de-la-ligue-des-champions-apres-une-mise-a-jour-inquietante-de-manuel-akanji\/"},"wordCount":307,"publisher":{"@id":"https:\/\/footdavant.fr\/actualites\/#organization"},"keywords":["Akanji","apr\u00e8s","champions","choc","composition","contre","des","inqui\u00e9tante","jour","l39Inter","Ligue","Liverpool","Manuel","Milan","mise","pour","pr\u00e9vu","une"],"articleSection":["Premier League"],"inLanguage":"fr-FR"},{"@type":"WebPage","@id":"https:\/\/footdavant.fr\/actualites\/composition-de-linter-milan-contre-liverpool-xi-prevu-pour-le-choc-de-la-ligue-des-champions-apres-une-mise-a-jour-inquietante-de-manuel-akanji\/","url":"https:\/\/footdavant.fr\/actualites\/composition-de-linter-milan-contre-liverpool-xi-prevu-pour-le-choc-de-la-ligue-des-champions-apres-une-mise-a-jour-inquietante-de-manuel-akanji\/","name":"Composition de l&#39;Inter Milan contre Liverpool\u00a0: XI pr\u00e9vu pour le choc de la Ligue des champions apr\u00e8s une mise \u00e0 jour inqui\u00e9tante de Manuel Akanji","isPartOf":{"@id":"https:\/\/footdavant.fr\/actualites\/#website"},"datePublished":"2025-12-12T04:48:04+00:00","dateModified":"2025-12-12T04:48:06+00:00","breadcrumb":{"@id":"https:\/\/footdavant.fr\/actualites\/composition-de-linter-milan-contre-liverpool-xi-prevu-pour-le-choc-de-la-ligue-des-champions-apres-une-mise-a-jour-inquietante-de-manuel-akanji\/#breadcrumb"},"inLanguage":"fr-FR","potentialAction":[{"@type":"ReadAction","target":["https:\/\/footdavant.fr\/actualites\/composition-de-linter-milan-contre-liverpool-xi-prevu-pour-le-choc-de-la-ligue-des-champions-apres-une-mise-a-jour-inquietante-de-manuel-akanji\/"]}]},{"@type":"BreadcrumbList","@id":"https:\/\/footdavant.fr\/actualites\/composition-de-linter-milan-contre-liverpool-xi-prevu-pour-le-choc-de-la-ligue-des-champions-apres-une-mise-a-jour-inquietante-de-manuel-akanji\/#breadcrumb","itemListElement":[{"@type":"ListItem","position":1,"name":"Accueil","item":"https:\/\/footdavant.fr\/actualites\/"},{"@type":"ListItem","position":2,"name":"Composition de l&#39;Inter Milan contre Liverpool\u00a0: XI pr\u00e9vu pour le choc de la Ligue des champions apr\u00e8s une mise \u00e0 jour inqui\u00e9tante de Manuel Akanji"}]},{"@type":"WebSite","@id":"https:\/\/footdavant.fr\/actualites\/#website","url":"https:\/\/footdavant.fr\/actualites\/","name":"Foot d'avant","description":"","publisher":{"@id":"https:\/\/footdavant.fr\/actualites\/#organization"},"potentialAction":[{"@type":"SearchAction","target":{"@type":"EntryPoint","urlTemplate":"https:\/\/footdavant.fr\/actualites\/?s={search_term_string}"},"query-input":"required name=search_term_string"}],"inLanguage":"fr-FR"},{"@type":"Organization","@id":"https:\/\/footdavant.fr\/actualites\/#organization","name":"Foot d'avant","url":"https:\/\/footdavant.fr\/actualites\/","logo":{"@type":"ImageObject","inLanguage":"fr-FR","@id":"https:\/\/footdavant.fr\/actualites\/#\/schema\/logo\/image\/","url":"https:\/\/footdavant.fr\/actualites\/wp-content\/uploads\/2023\/09\/Copy-of-FootDavant-Logo.png","contentUrl":"https:\/\/footdavant.fr\/actualites\/wp-content\/uploads\/2023\/09\/Copy-of-FootDavant-Logo.png","width":936,"height":549,"caption":"Foot d'avant"},"image":{"@id":"https:\/\/footdavant.fr\/actualites\/#\/schema\/logo\/image\/"},"sameAs":["https:\/\/www.facebook.com\/Footdavant\/","https:\/\/twitter.com\/FootdavantFr","https:\/\/www.instagram.com\/footdavant.fr\/"]},{"@type":"Person","@id":"https:\/\/footdavant.fr\/actualites\/#\/schema\/person\/bc222566d95871b37e597b3ed3ba5e1d","name":"Cl\u00e9ment","image":{"@type":"ImageObject","inLanguage":"fr-FR","@id":"https:\/\/footdavant.fr\/actualites\/#\/schema\/person\/image\/","url":"https:\/\/secure.gravatar.com\/avatar\/7728b29aac2719421e1a9159b2254c44?s=96&d=mm&r=g","contentUrl":"https:\/\/secure.gravatar.com\/avatar\/7728b29aac2719421e1a9159b2254c44?s=96&d=mm&r=g","caption":"Cl\u00e9ment"},"sameAs":["https:\/\/footdavant.fr\/"]}]}},"_links":{"self":[{"href":"https:\/\/footdavant.fr\/actualites\/wp-json\/wp\/v2\/posts\/32276"}],"collection":[{"href":"https:\/\/footdavant.fr\/actualites\/wp-json\/wp\/v2\/posts"}],"about":[{"href":"https:\/\/footdavant.fr\/actualites\/wp-json\/wp\/v2\/types\/post"}],"author":[{"embeddable":true,"href":"https:\/\/footdavant.fr\/actualites\/wp-json\/wp\/v2\/users\/1"}],"replies":[{"embeddable":true,"href":"https:\/\/footdavant.fr\/actualites\/wp-json\/wp\/v2\/comments?post=32276"}],"version-history":[{"count":1,"href":"https:\/\/footdavant.fr\/actualites\/wp-json\/wp\/v2\/posts\/32276\/revisions"}],"predecessor-version":[{"id":32278,"href":"https:\/\/footdavant.fr\/actualites\/wp-json\/wp\/v2\/posts\/32276\/revisions\/32278"}],"wp:featuredmedia":[{"embeddable":true,"href":"https:\/\/footdavant.fr\/actualites\/wp-json\/wp\/v2\/media\/32277"}],"wp:attachment":[{"href":"https:\/\/footdavant.fr\/actualites\/wp-json\/wp\/v2\/media?parent=32276"}],"wp:term":[{"taxonomy":"category","embeddable":true,"href":"https:\/\/footdavant.fr\/actualites\/wp-json\/wp\/v2\/categories?post=32276"},{"taxonomy":"post_tag","embeddable":true,"href":"https:\/\/footdavant.fr\/actualites\/wp-json\/wp\/v2\/tags?post=32276"}],"curies":[{"name":"wp","href":"https:\/\/api.w.org\/{rel}","templated":true}]}}