{"id":32279,"date":"2025-12-12T07:48:05","date_gmt":"2025-12-12T06:48:05","guid":{"rendered":"https:\/\/footdavant.fr\/actualites\/je-crois-toujours-en-jesus\/"},"modified":"2025-12-12T07:48:06","modified_gmt":"2025-12-12T06:48:06","slug":"je-crois-toujours-en-jesus","status":"publish","type":"post","link":"https:\/\/footdavant.fr\/actualites\/je-crois-toujours-en-jesus\/","title":{"rendered":"Je crois toujours en J\u00e9sus"},"content":{"rendered":"<div>\n<p>Lorsque vous couvrez le club que vous soutenez, du point de vue du contenu, votre plus grande force est votre connaissance intime de votre club, de votre \u00e9quipe, de votre manager, de vos joueurs et votre sens de la conversation entre les fans. L\u2019\u00e9motion que vous ressentez en tant que fan, lorsqu\u2019elle est correctement exploit\u00e9e, est \u00e9galement une \u00e9norme force lorsqu\u2019il s\u2019agit de communiquer avec votre public.<\/p>\n<p>Cela peut \u00e9galement brouiller votre analyse, vous pouvez \u00eatre susceptible d&#39;exprimer trop d&#39;\u00e9motions, de devenir frustr\u00e9 ou bien de \u00ab mettre une abeille dans votre chapeau \u00bb \u00e0 propos de quelque chose et de le surindexer. C&#39;est une ligne d\u00e9licate \u00e0 suivre. Ce tribalisme peut \u00e9galement avoir un impact sur votre analyse des joueurs individuels : parfois vous avez des doutes sur une signature, par exemple et vous attendez presque qu&#39;ils donnent raison \u00e0 votre scepticisme dans les mauvais moments.<\/p>\n<p>L\u2019inverse peut \u00e9galement \u00eatre vrai. Vous pouvez vraiment faire briller un joueur et devenir excessivement biais\u00e9 en sa faveur. Entre 2015 et 2020, j&#39;ai \u00e9crit sur le football br\u00e9silien, \u00e0 la fois sur la ligue nationale br\u00e9silienne et sur l&#39;\u00e9quipe nationale. Gabriel Jesus a fait irruption sur la sc\u00e8ne de Palmeiras dans ce laps de temps et je suis imm\u00e9diatement tomb\u00e9 amoureux du joueur.<\/p>\n<p>A l\u2019origine ailier qui a \u00e9t\u00e9 converti en avant-centre lors d\u2019une blessure de Palmeiras, c\u2019\u00e9tait le genre d\u2019attaquant que j\u2019aimais beaucoup. Il y avait quelque chose de brut chez lui mais, en m\u00eame temps, il n\u2019\u00e9tait pas un joueur de luxe. Il a travaill\u00e9 d\u2019arrache-pied \u00e0 chaque action.<\/p>\n<p>J&#39;ai vu Palmeiras jouer un match d\u00e9cisif des Libertadores \u00e0 Rosario Central en 2016. Palmeiras devait gagner pour \u00e9viter une sortie humiliante de la phase de groupes et Rosario est l&#39;une des atmosph\u00e8res les plus intenses et intimidantes du continent. Jouant quelques jours seulement apr\u00e8s son 19\u00e8me anniversaire, Jesus a pris sur ses \u00e9paules la mission de qualifier Palmeiras.<\/p>\n<p>Il a marqu\u00e9 deux fois\u2026 mais plus tard dans le match, son caract\u00e8re a pris le dessus sur lui et il a \u00e9t\u00e9 expuls\u00e9. Palmeiras a fait match nul 3-3 et a \u00e9t\u00e9 \u00e9limin\u00e9, J\u00e9sus a donn\u00e9 et repris. Cela n\u2019a fait qu\u2019approfondir mon admiration pour le joueur, c\u2019\u00e9tait un joueur incroyable, \u00e9lectrique mais aussi juste un peu imparfait.<\/p>\n<p>\u00c0 l&#39;\u00e2ge de 19 ans, il a \u00e9galement pris le maillot num\u00e9ro 9 du Br\u00e9sil. La Sele\u00e7ao a endur\u00e9 une d\u00e9cennie de recherche d&#39;un avant-centre utilisable depuis la retraite de Ronaldo. C&#39;\u00e9tait un \u00e9norme trou dans leur effectif et la qualification pour la Coupe du Monde 2018 ne tenait qu&#39;\u00e0 un fil. L&#39;entra\u00eeneur, Tite, a lanc\u00e9 Jesus en raison de son talent pr\u00e9coce et parce qu&#39;il avait peu d&#39;autres options.<\/p>\n<p>Le joueur de 19 ans a remport\u00e9 un penalty, puis a marqu\u00e9 deux fois pour le Br\u00e9sil lors d&#39;un match d\u00e9cisif, qui doit remporter les qualifications \u00e0 l&#39;ext\u00e9rieur en \u00c9quateur. Tout comme il l&#39;avait fait pour Palmeiras quelques mois auparavant, il a pris la responsabilit\u00e9 sur ses jeunes \u00e9paules et a tenu ses promesses. Au cours des ann\u00e9es qui ont suivi, j\u2019ai compris que le joueur mettait probablement trop de responsabilit\u00e9s sur ses \u00e9paules.<\/p>\n<p><iframe loading=\"lazy\" title=\"Ecuador vs Brasil 0-3 - Todos los Goles - Eliminatorias Rusia 2018 - 01\/Septiembre\/2016\" width=\"1200\" height=\"675\" src=\"https:\/\/www.youtube.com\/embed\/-m3LvBu4h7I?feature=oembed\" frameborder=\"0\" allow=\"accelerometer; autoplay; clipboard-write; encrypted-media; gyroscope; picture-in-picture; web-share\" referrerpolicy=\"strict-origin-when-cross-origin\" allowfullscreen><\/iframe><\/p>\n<p>Les cons\u00e9quences de la malheureuse Coupe du monde 2018 au Br\u00e9sil l&#39;ont durement touch\u00e9. Lors de la finale de la Copa America 2019, il a marqu\u00e9 le premier but puis s&#39;est marqu\u00e9 lors d&#39;une victoire 3-1 contre le P\u00e9rou. Mais, tout comme il l&#39;avait fait trois ans plus t\u00f4t lors du match des Libertadores en Argentine, ses \u00e9motions ont pris le dessus sur lui et il a \u00e9t\u00e9 expuls\u00e9 plus tard dans le match.<\/p>\n<p>Le clip de lui en train de brailler les yeux dans le tunnel est devenu viral et on se souvient bien plus que de sa performance gagnante. Il \u00e9tait clair qu\u2019il s\u2019agissait d\u2019un joueur au talent immense qui se mettait probablement un peu trop de pression. Il parlait r\u00e9guli\u00e8rement de la futilit\u00e9 et de la frustration qu\u2019il ressentait en \u00e9tant derri\u00e8re Sergio Ag\u00fcero dans la hi\u00e9rarchie de City. Il est finalement revenu \u00e0 la position d&#39;attaquant large qu&#39;il avait jou\u00e9 pendant toute sa carri\u00e8re de jeune. Les \u00e9v\u00e9nements p\u00e8sent lourdement sur Gabi Jesus.<\/p>\n<p>J&#39;ai assist\u00e9 \u00e0 l&#39;in\u00e9vitable bousculade au sein de l&#39;\u00e9lite europ\u00e9enne pour le signer en 2017. Le Bayern, Barcelone, le Real Madrid et Manchester United \u00e9taient tous dans la course, mais la pr\u00e9sence de Pep Guardiola \u00e0 Manchester City a fait basculer sa d\u00e9cision. J&#39;ai regard\u00e9 avec envie, \u00e0 ce moment-l\u00e0, Arsenal n&#39;avait tout simplement aucun moyen de rivaliser avec certains de ces clubs pour la signature d&#39;un tel talent.<\/p>\n<p>Quand il est arriv\u00e9 \u00e0 Arsenal en 2022, j\u2019\u00e9tais ravi. Je sentais que c&#39;\u00e9tait la signature parfaite pour \u00ab le projet \u00bb \u00e0 Arsenal mais, plus que cela, c&#39;\u00e9tait ce que mon c\u0153ur voulait. Le lien \u00e9motionnel que j&#39;ai ressenti avec l&#39;id\u00e9e de Gabriel J\u00e9sus a probablement remplac\u00e9 mon analyse, mais je ne pense pas non plus que cela ait rendu mon analyse inexacte.<\/p>\n<p>J\u00e9sus s\u2019est toujours senti comme un attaquant d\u2019Arteta pour moi, \u00e0 l\u2019instar de Havertz. Un joueur qui travaille si dur et fait \u00e0 peu pr\u00e8s tout, mais qui pourrait simplement vous laisser sur votre faim dans l&#39;enjeu \u00ab\u00a0enjamberait ses propres grands-parents pour marquer un but\u00a0\u00bb. L&#39;\u00e9quipe d&#39;Arteta est \u00e0 son meilleur lorsque l&#39;attaque est un orchestre et m\u00eame si je n&#39;ai jamais pens\u00e9 que J\u00e9sus remporterait le Soulier d&#39;Or sous un maillot d&#39;Arsenal, j&#39;ai senti qu&#39;il formerait un \u00e9l\u00e9ment crucial de la chorale.<\/p>\n<p>Son d\u00e9sir de \u00ab corriger \u00bb une campagne traumatisante pour la Coupe du monde 2018 l&#39;a amen\u00e9 \u00e0 se rendre \u00e0 la Coupe du monde 2022 avec une blessure au genou qu&#39;il a aggrav\u00e9e et, h\u00e9las, nous n&#39;avons plus vraiment revu le m\u00eame joueur depuis. Il est important non plus de ne pas trop succomber \u00e0 la nostalgie, il y a eu et il y a encore des frustrations \u00e0 l&#39;\u00e9gard de J\u00e9sus lorsqu&#39;il est en forme pour une p\u00e9riode prolong\u00e9e. Nous avons vu Arsenal souffrir de dysfonctionnements et d\u2019une forme indiff\u00e9rente alors qu\u2019il dirigeait l\u2019\u00e9quipe.<\/p>\n<p>Je pense qu&#39;en tant que fan, j&#39;ai \u00e9galement \u00e9t\u00e9 confront\u00e9 \u00e0 plusieurs reprises \u00e0 voir un joueur revenir de blessure &#8211; et le pluriel est ici cl\u00e9 pour J\u00e9sus, la blessure au LCA qu&#39;il a subie en janvier \u00e9tait l&#39;une d&#39;une s\u00e9rie de probl\u00e8mes au genou &#8211; et \u00e0 me convaincre qu&#39;ils pouvaient jouer un r\u00f4le r\u00e9duit, mais toujours crucial, pour ne pas le voir se mat\u00e9rialiser. Pensez \u00e0 Kieran Tierney la saison derni\u00e8re, nous n&#39;avons jamais vraiment eu ce grand moment Tierney que nous voulions tous vraiment (il a gard\u00e9 celui-l\u00e0 pour son pays\u00a0!)<\/p>\n<p>Si vous m&#39;offriez un grand moment de Gabi Jesus avant la fin de la saison \u2013 un but \u00e9norme dans la course au titre, ou un but gagnant en finale ou dans un match \u00e0 \u00e9limination directe de la Ligue des Champions \u2013 je vous serrerais la main tout de suite. Ce n\u2019est pas un joueur pour l\u2019avenir, il est tr\u00e8s peu probable qu\u2019il signe un autre contrat avec Arsenal, toute contribution qu\u2019Arsenal rapportera de sa part avant mai devrait \u00eatre trait\u00e9e avec d\u00e9lectation.<\/p>\n<p>Mais quand il est apparu sur le terrain de Bruges mercredi soir, j&#39;ai senti ma m\u00e9moire se recharger. Je me suis senti un peu comme lorsque Oasis a entonn\u00e9 les premi\u00e8res cordes de \u00ab\u00a0Hello\u00a0\u00bb au stade de Wembley en juillet. Je savais que nous n&#39;\u00e9tions plus en 1995 (d&#39;autant plus que j&#39;ai berc\u00e9 mon dos douloureux sur Wembley Way \u00e0 la suite), mais j&#39;ai d\u00fb r\u00e9fl\u00e9chir au pouvoir de la m\u00e9moire et de la nostalgie et \u00e0 la durabilit\u00e9 de ces forces jumelles.<\/p>\n<p>Dans ma t\u00eate, je verse de l\u2019eau froide sur toute id\u00e9e selon laquelle Gabriel Jesus red\u00e9couvrirait son moi de l\u2019\u00e9t\u00e9 2022 et propulserait Arsenal vers la gloire en mai. Je minimise cela et me dis que je suis trop \u00e2g\u00e9 pour craquer pour la fin romantique de Richard Curtis. La vie n&#39;est pas un conte de f\u00e9es. Mais dans mon c\u0153ur, meu coracao\u2026 l&#39;id\u00e9e et ce que mon c\u0153ur veut ne mourront tout simplement pas. Pas encore.<\/p>\n<\/div>\n","protected":false},"excerpt":{"rendered":"<p>Lorsque vous couvrez le club que vous soutenez, du point de vue du contenu, votre plus grande force est votre connaissance intime de votre club,<\/p>\n","protected":false},"author":1,"featured_media":31267,"comment_status":"closed","ping_status":"","sticky":false,"template":"","format":"standard","meta":{"footnotes":""},"categories":[3],"tags":[11144,234,809],"yoast_head":"<!-- This site is optimized with the Yoast SEO plugin v21.0 - https:\/\/yoast.com\/wordpress\/plugins\/seo\/ -->\n<title>Je crois toujours en J\u00e9sus<\/title>\n<meta name=\"robots\" content=\"index, follow, max-snippet:-1, max-image-preview:large, max-video-preview:-1\" \/>\n<link rel=\"canonical\" href=\"https:\/\/footdavant.fr\/actualites\/je-crois-toujours-en-jesus\/\" \/>\n<meta property=\"og:locale\" content=\"fr_FR\" \/>\n<meta property=\"og:type\" content=\"article\" \/>\n<meta property=\"og:title\" content=\"Je crois toujours en J\u00e9sus\" \/>\n<meta property=\"og:description\" content=\"Lorsque vous couvrez le club que vous soutenez, du point de vue du contenu, votre plus grande force est votre connaissance intime de votre club,\" \/>\n<meta property=\"og:url\" content=\"https:\/\/footdavant.fr\/actualites\/je-crois-toujours-en-jesus\/\" \/>\n<meta property=\"og:site_name\" content=\"Foot d&#039;avant\" \/>\n<meta property=\"article:publisher\" content=\"https:\/\/www.facebook.com\/Footdavant\/\" \/>\n<meta property=\"article:published_time\" content=\"2025-12-12T06:48:05+00:00\" \/>\n<meta property=\"article:modified_time\" content=\"2025-12-12T06:48:06+00:00\" \/>\n<meta property=\"og:image\" content=\"https:\/\/footdavant.fr\/actualites\/wp-content\/uploads\/2025\/11\/Resume-d39Interlull-Timber-Hincapie-Jesus-et-un-ajout-italien.jpg\" \/>\n\t<meta property=\"og:image:width\" content=\"1500\" \/>\n\t<meta property=\"og:image:height\" content=\"750\" \/>\n\t<meta property=\"og:image:type\" content=\"image\/jpeg\" \/>\n<meta name=\"author\" content=\"Cl\u00e9ment\" \/>\n<meta name=\"twitter:card\" content=\"summary_large_image\" \/>\n<meta name=\"twitter:creator\" content=\"@FootdavantFr\" \/>\n<meta name=\"twitter:site\" content=\"@FootdavantFr\" \/>\n<meta name=\"twitter:label1\" content=\"\u00c9crit par\" \/>\n\t<meta name=\"twitter:data1\" content=\"Cl\u00e9ment\" \/>\n\t<meta name=\"twitter:label2\" content=\"Dur\u00e9e de lecture estim\u00e9e\" \/>\n\t<meta name=\"twitter:data2\" content=\"7 minutes\" \/>\n<script type=\"application\/ld+json\" class=\"yoast-schema-graph\">{\"@context\":\"https:\/\/schema.org\",\"@graph\":[{\"@type\":\"Article\",\"@id\":\"https:\/\/footdavant.fr\/actualites\/je-crois-toujours-en-jesus\/#article\",\"isPartOf\":{\"@id\":\"https:\/\/footdavant.fr\/actualites\/je-crois-toujours-en-jesus\/\"},\"author\":{\"name\":\"Cl\u00e9ment\",\"@id\":\"https:\/\/footdavant.fr\/actualites\/#\/schema\/person\/bc222566d95871b37e597b3ed3ba5e1d\"},\"headline\":\"Je crois toujours en J\u00e9sus\",\"datePublished\":\"2025-12-12T06:48:05+00:00\",\"dateModified\":\"2025-12-12T06:48:06+00:00\",\"mainEntityOfPage\":{\"@id\":\"https:\/\/footdavant.fr\/actualites\/je-crois-toujours-en-jesus\/\"},\"wordCount\":1477,\"publisher\":{\"@id\":\"https:\/\/footdavant.fr\/actualites\/#organization\"},\"keywords\":[\"crois\",\"Jesus\",\"toujours\"],\"articleSection\":[\"Football\"],\"inLanguage\":\"fr-FR\"},{\"@type\":\"WebPage\",\"@id\":\"https:\/\/footdavant.fr\/actualites\/je-crois-toujours-en-jesus\/\",\"url\":\"https:\/\/footdavant.fr\/actualites\/je-crois-toujours-en-jesus\/\",\"name\":\"Je crois toujours en J\u00e9sus\",\"isPartOf\":{\"@id\":\"https:\/\/footdavant.fr\/actualites\/#website\"},\"datePublished\":\"2025-12-12T06:48:05+00:00\",\"dateModified\":\"2025-12-12T06:48:06+00:00\",\"breadcrumb\":{\"@id\":\"https:\/\/footdavant.fr\/actualites\/je-crois-toujours-en-jesus\/#breadcrumb\"},\"inLanguage\":\"fr-FR\",\"potentialAction\":[{\"@type\":\"ReadAction\",\"target\":[\"https:\/\/footdavant.fr\/actualites\/je-crois-toujours-en-jesus\/\"]}]},{\"@type\":\"BreadcrumbList\",\"@id\":\"https:\/\/footdavant.fr\/actualites\/je-crois-toujours-en-jesus\/#breadcrumb\",\"itemListElement\":[{\"@type\":\"ListItem\",\"position\":1,\"name\":\"Accueil\",\"item\":\"https:\/\/footdavant.fr\/actualites\/\"},{\"@type\":\"ListItem\",\"position\":2,\"name\":\"Je crois toujours en J\u00e9sus\"}]},{\"@type\":\"WebSite\",\"@id\":\"https:\/\/footdavant.fr\/actualites\/#website\",\"url\":\"https:\/\/footdavant.fr\/actualites\/\",\"name\":\"Foot d'avant\",\"description\":\"\",\"publisher\":{\"@id\":\"https:\/\/footdavant.fr\/actualites\/#organization\"},\"potentialAction\":[{\"@type\":\"SearchAction\",\"target\":{\"@type\":\"EntryPoint\",\"urlTemplate\":\"https:\/\/footdavant.fr\/actualites\/?s={search_term_string}\"},\"query-input\":\"required name=search_term_string\"}],\"inLanguage\":\"fr-FR\"},{\"@type\":\"Organization\",\"@id\":\"https:\/\/footdavant.fr\/actualites\/#organization\",\"name\":\"Foot d'avant\",\"url\":\"https:\/\/footdavant.fr\/actualites\/\",\"logo\":{\"@type\":\"ImageObject\",\"inLanguage\":\"fr-FR\",\"@id\":\"https:\/\/footdavant.fr\/actualites\/#\/schema\/logo\/image\/\",\"url\":\"https:\/\/footdavant.fr\/actualites\/wp-content\/uploads\/2023\/09\/Copy-of-FootDavant-Logo.png\",\"contentUrl\":\"https:\/\/footdavant.fr\/actualites\/wp-content\/uploads\/2023\/09\/Copy-of-FootDavant-Logo.png\",\"width\":936,\"height\":549,\"caption\":\"Foot d'avant\"},\"image\":{\"@id\":\"https:\/\/footdavant.fr\/actualites\/#\/schema\/logo\/image\/\"},\"sameAs\":[\"https:\/\/www.facebook.com\/Footdavant\/\",\"https:\/\/twitter.com\/FootdavantFr\",\"https:\/\/www.instagram.com\/footdavant.fr\/\"]},{\"@type\":\"Person\",\"@id\":\"https:\/\/footdavant.fr\/actualites\/#\/schema\/person\/bc222566d95871b37e597b3ed3ba5e1d\",\"name\":\"Cl\u00e9ment\",\"image\":{\"@type\":\"ImageObject\",\"inLanguage\":\"fr-FR\",\"@id\":\"https:\/\/footdavant.fr\/actualites\/#\/schema\/person\/image\/\",\"url\":\"https:\/\/secure.gravatar.com\/avatar\/7728b29aac2719421e1a9159b2254c44?s=96&d=mm&r=g\",\"contentUrl\":\"https:\/\/secure.gravatar.com\/avatar\/7728b29aac2719421e1a9159b2254c44?s=96&d=mm&r=g\",\"caption\":\"Cl\u00e9ment\"},\"sameAs\":[\"https:\/\/footdavant.fr\/\"]}]}<\/script>\n<!-- \/ Yoast SEO plugin. -->","yoast_head_json":{"title":"Je crois toujours en J\u00e9sus","robots":{"index":"index","follow":"follow","max-snippet":"max-snippet:-1","max-image-preview":"max-image-preview:large","max-video-preview":"max-video-preview:-1"},"canonical":"https:\/\/footdavant.fr\/actualites\/je-crois-toujours-en-jesus\/","og_locale":"fr_FR","og_type":"article","og_title":"Je crois toujours en J\u00e9sus","og_description":"Lorsque vous couvrez le club que vous soutenez, du point de vue du contenu, votre plus grande force est votre connaissance intime de votre club,","og_url":"https:\/\/footdavant.fr\/actualites\/je-crois-toujours-en-jesus\/","og_site_name":"Foot d&#039;avant","article_publisher":"https:\/\/www.facebook.com\/Footdavant\/","article_published_time":"2025-12-12T06:48:05+00:00","article_modified_time":"2025-12-12T06:48:06+00:00","og_image":[{"width":1500,"height":750,"url":"https:\/\/footdavant.fr\/actualites\/wp-content\/uploads\/2025\/11\/Resume-d39Interlull-Timber-Hincapie-Jesus-et-un-ajout-italien.jpg","type":"image\/jpeg"}],"author":"Cl\u00e9ment","twitter_card":"summary_large_image","twitter_creator":"@FootdavantFr","twitter_site":"@FootdavantFr","twitter_misc":{"\u00c9crit par":"Cl\u00e9ment","Dur\u00e9e de lecture estim\u00e9e":"7 minutes"},"schema":{"@context":"https:\/\/schema.org","@graph":[{"@type":"Article","@id":"https:\/\/footdavant.fr\/actualites\/je-crois-toujours-en-jesus\/#article","isPartOf":{"@id":"https:\/\/footdavant.fr\/actualites\/je-crois-toujours-en-jesus\/"},"author":{"name":"Cl\u00e9ment","@id":"https:\/\/footdavant.fr\/actualites\/#\/schema\/person\/bc222566d95871b37e597b3ed3ba5e1d"},"headline":"Je crois toujours en J\u00e9sus","datePublished":"2025-12-12T06:48:05+00:00","dateModified":"2025-12-12T06:48:06+00:00","mainEntityOfPage":{"@id":"https:\/\/footdavant.fr\/actualites\/je-crois-toujours-en-jesus\/"},"wordCount":1477,"publisher":{"@id":"https:\/\/footdavant.fr\/actualites\/#organization"},"keywords":["crois","Jesus","toujours"],"articleSection":["Football"],"inLanguage":"fr-FR"},{"@type":"WebPage","@id":"https:\/\/footdavant.fr\/actualites\/je-crois-toujours-en-jesus\/","url":"https:\/\/footdavant.fr\/actualites\/je-crois-toujours-en-jesus\/","name":"Je crois toujours en J\u00e9sus","isPartOf":{"@id":"https:\/\/footdavant.fr\/actualites\/#website"},"datePublished":"2025-12-12T06:48:05+00:00","dateModified":"2025-12-12T06:48:06+00:00","breadcrumb":{"@id":"https:\/\/footdavant.fr\/actualites\/je-crois-toujours-en-jesus\/#breadcrumb"},"inLanguage":"fr-FR","potentialAction":[{"@type":"ReadAction","target":["https:\/\/footdavant.fr\/actualites\/je-crois-toujours-en-jesus\/"]}]},{"@type":"BreadcrumbList","@id":"https:\/\/footdavant.fr\/actualites\/je-crois-toujours-en-jesus\/#breadcrumb","itemListElement":[{"@type":"ListItem","position":1,"name":"Accueil","item":"https:\/\/footdavant.fr\/actualites\/"},{"@type":"ListItem","position":2,"name":"Je crois toujours en J\u00e9sus"}]},{"@type":"WebSite","@id":"https:\/\/footdavant.fr\/actualites\/#website","url":"https:\/\/footdavant.fr\/actualites\/","name":"Foot d'avant","description":"","publisher":{"@id":"https:\/\/footdavant.fr\/actualites\/#organization"},"potentialAction":[{"@type":"SearchAction","target":{"@type":"EntryPoint","urlTemplate":"https:\/\/footdavant.fr\/actualites\/?s={search_term_string}"},"query-input":"required name=search_term_string"}],"inLanguage":"fr-FR"},{"@type":"Organization","@id":"https:\/\/footdavant.fr\/actualites\/#organization","name":"Foot d'avant","url":"https:\/\/footdavant.fr\/actualites\/","logo":{"@type":"ImageObject","inLanguage":"fr-FR","@id":"https:\/\/footdavant.fr\/actualites\/#\/schema\/logo\/image\/","url":"https:\/\/footdavant.fr\/actualites\/wp-content\/uploads\/2023\/09\/Copy-of-FootDavant-Logo.png","contentUrl":"https:\/\/footdavant.fr\/actualites\/wp-content\/uploads\/2023\/09\/Copy-of-FootDavant-Logo.png","width":936,"height":549,"caption":"Foot d'avant"},"image":{"@id":"https:\/\/footdavant.fr\/actualites\/#\/schema\/logo\/image\/"},"sameAs":["https:\/\/www.facebook.com\/Footdavant\/","https:\/\/twitter.com\/FootdavantFr","https:\/\/www.instagram.com\/footdavant.fr\/"]},{"@type":"Person","@id":"https:\/\/footdavant.fr\/actualites\/#\/schema\/person\/bc222566d95871b37e597b3ed3ba5e1d","name":"Cl\u00e9ment","image":{"@type":"ImageObject","inLanguage":"fr-FR","@id":"https:\/\/footdavant.fr\/actualites\/#\/schema\/person\/image\/","url":"https:\/\/secure.gravatar.com\/avatar\/7728b29aac2719421e1a9159b2254c44?s=96&d=mm&r=g","contentUrl":"https:\/\/secure.gravatar.com\/avatar\/7728b29aac2719421e1a9159b2254c44?s=96&d=mm&r=g","caption":"Cl\u00e9ment"},"sameAs":["https:\/\/footdavant.fr\/"]}]}},"_links":{"self":[{"href":"https:\/\/footdavant.fr\/actualites\/wp-json\/wp\/v2\/posts\/32279"}],"collection":[{"href":"https:\/\/footdavant.fr\/actualites\/wp-json\/wp\/v2\/posts"}],"about":[{"href":"https:\/\/footdavant.fr\/actualites\/wp-json\/wp\/v2\/types\/post"}],"author":[{"embeddable":true,"href":"https:\/\/footdavant.fr\/actualites\/wp-json\/wp\/v2\/users\/1"}],"replies":[{"embeddable":true,"href":"https:\/\/footdavant.fr\/actualites\/wp-json\/wp\/v2\/comments?post=32279"}],"version-history":[{"count":1,"href":"https:\/\/footdavant.fr\/actualites\/wp-json\/wp\/v2\/posts\/32279\/revisions"}],"predecessor-version":[{"id":32280,"href":"https:\/\/footdavant.fr\/actualites\/wp-json\/wp\/v2\/posts\/32279\/revisions\/32280"}],"wp:featuredmedia":[{"embeddable":true,"href":"https:\/\/footdavant.fr\/actualites\/wp-json\/wp\/v2\/media\/31267"}],"wp:attachment":[{"href":"https:\/\/footdavant.fr\/actualites\/wp-json\/wp\/v2\/media?parent=32279"}],"wp:term":[{"taxonomy":"category","embeddable":true,"href":"https:\/\/footdavant.fr\/actualites\/wp-json\/wp\/v2\/categories?post=32279"},{"taxonomy":"post_tag","embeddable":true,"href":"https:\/\/footdavant.fr\/actualites\/wp-json\/wp\/v2\/tags?post=32279"}],"curies":[{"name":"wp","href":"https:\/\/api.w.org\/{rel}","templated":true}]}}