{"id":323,"date":"2023-11-05T07:24:08","date_gmt":"2023-11-05T06:24:08","guid":{"rendered":"https:\/\/footdavant.fr\/actualites\/blessures-esr-partey-jesus\/"},"modified":"2023-11-05T07:24:09","modified_gmt":"2023-11-05T06:24:09","slug":"blessures-esr-partey-jesus","status":"publish","type":"post","link":"https:\/\/footdavant.fr\/actualites\/blessures-esr-partey-jesus\/","title":{"rendered":"Blessures : ESR, Partey, Jesus&#8230;"},"content":{"rendered":"<div>\n<p>Matin.<\/p>\n<p>Nous entendrons Mikel Arteta ce matin avant notre voyage \u00e0 Newcastle demain, et peut-\u00eatre aurons-nous des mises \u00e0 jour sur le front des blessures.  Il a essentiellement d\u00e9j\u00e0 confirm\u00e9 que Thomas Partey serait absent pendant quelques semaines (combien ? Votre estimation est aussi bonne que la mienne), et il a refus\u00e9 \u00e0 plusieurs reprises de fixer un d\u00e9lai pour Gabriel Jesus, donc je ne pense pas. il sera attir\u00e9 par cela \u2013 m\u00eame s&rsquo;il y a eu des rapports depuis son absence jusqu&rsquo;en d\u00e9cembre.<\/p>\n<p>L&rsquo;autre inqui\u00e9tude est Emile Smith Rowe qui a ressenti quelque chose au genou apr\u00e8s le match de Sheffield United (je suppose), et Arteta a d\u00e9clar\u00e9 mercredi :<\/p>\n<blockquote>\n<p>Il est bless\u00e9 au genou et il sera absent pendant des semaines.<\/p>\n<\/blockquote>\n<p>Pas quelques semaines.  Pas quelques semaines.  Quelques semaines seulement.  Ce qui semble un peu plus ouvert.  J&rsquo;esp\u00e8re que ce n&rsquo;est pas grave.  Apr\u00e8s une p\u00e9riode si difficile avec une op\u00e9ration chirurgicale, des blessures et une disgr\u00e2ce, il commen\u00e7ait tout juste \u00e0 revenir dans la comp\u00e9tition.  \u00c0 tel point qu\u2019au cours des cinq ou six derni\u00e8res semaines, il a jou\u00e9 plus de minutes que pendant toute la saison derni\u00e8re.  Cela laissait entendre que le travail sur le terrain d&rsquo;entra\u00eenement se d\u00e9roulait bien, certainement \u00e0 la satisfaction du manager, et ce serait un v\u00e9ritable coup dur pour lui s&rsquo;il devait \u00eatre absent pendant une p\u00e9riode de temps significative.<\/p>\n<p>Quant \u00e0 Partey, j&rsquo;ai \u00e9crit sur lui la semaine derni\u00e8re, et les derni\u00e8res nouvelles me rendent encore plus convaincu qu&rsquo;il s&rsquo;agit d&rsquo;un joueur dont le manque de fiabilit\u00e9 le place tr\u00e8s fermement dans la cat\u00e9gorie de quelqu&rsquo;un dont nous devons quitter.  \u00c0 son \u00e9poque, c&rsquo;est un joueur v\u00e9ritablement exceptionnel qui apporte quelque chose \u00e0 notre milieu de terrain qui fait de nous une \u00e9quipe meilleure et plus coh\u00e9rente.  Et m\u00eame si je sais qu&rsquo;il a \u00e9t\u00e9 choisi \u00e0 un poste diff\u00e9rent en d\u00e9but de saison pour des \u00ab\u00a0raisons tactiques\u00a0\u00bb, il faut remonter au d\u00e9but du mois de mai pour la derni\u00e8re fois o\u00f9 il a d\u00e9but\u00e9 un match au milieu de terrain pour nous.<\/p>\n<p>Nous sommes \u00e0 une blessure ou \u00e0 une suspension de Declan Rice d&rsquo;un double pivot Jorginho\/Mohamed Elneny.  Ce qui, avec tout le respect que je dois \u00e0 ces deux types, est loin d\u2019\u00eatre id\u00e9al.  Et je comprends.  Des blessures peuvent survenir.  Les clubs ne peuvent pas faire grand-chose, et en ce qui concerne Partey, je ne pense pas que nous aurions pu faire plus en ce qui concerne sa forme physique.  Il envoie litt\u00e9ralement un physioth\u00e9rapeute avec lui en mission internationale, mais cela en soi pourrait vous dire qu&rsquo;il est retenu avec des morceaux de ficelle et du ruban adh\u00e9sif.  Si j&rsquo;\u00e9tais Mikel Arteta ou Edu, je passerais des nuits blanches au milieu de terrain, notamment parce que je ne pense m\u00eame pas qu&rsquo;il y ait beaucoup de chances de r\u00e9soudre ce probl\u00e8me avant l&rsquo;\u00e9t\u00e9 prochain.<\/p>\n<p>Je suppose que vous pourriez avoir une conversation similaire \u00e0 propos de J\u00e9sus, mais il existe quelques diff\u00e9rences.  Ses probl\u00e8mes sont li\u00e9s \u00e0 un \u00e9v\u00e9nement traumatisant, la blessure au genou qu&rsquo;il a subie la saison derni\u00e8re.  Cela a ensuite n\u00e9cessit\u00e9 une intervention chirurgicale de suivi, qui n&rsquo;a dur\u00e9 que quelques semaines, et la tension aux ischio-jambiers pourrait bien y \u00eatre \u00e9galement li\u00e9e.  Ce n&rsquo;est pas comme si, comme cela semble \u00eatre le cas avec Partey, il s&rsquo;effondrait lentement sous nos yeux.<\/p>\n<p>Samedi soir mis \u00e0 part, quand vous voulez vraiment que de grands joueurs comme Jesus et Partey soient impliqu\u00e9s, le calendrier des rencontres est relativement gentil.  Quelques matchs \u00e0 domicile en Ligue des Champions, un Interlull, Burnley et Wolves \u00e0 domicile et Brentford \u00e0 l&rsquo;ext\u00e9rieur nous am\u00e8nent en d\u00e9cembre.  Ne rien prendre pour acquis, mais nous devons avoir la profondeur n\u00e9cessaire pour passer suffisamment bien ces matchs, et si ces gars sont de retour pour d\u00e9cembre et les huit matchs que nous jouons ce mois-l\u00e0, alors j&rsquo;esp\u00e8re que leurs absences ne seront pas trop co\u00fbteuses.<\/p>\n<p>Quoi qu&rsquo;il en soit, nous verrons ce que dit l&rsquo;entra\u00eeneur ce matin, et je soup\u00e7onne qu&rsquo;il sera davantage insist\u00e9 sur la fa\u00e7on dont la performance de mercredi soir influencera sa r\u00e9flexion pour le match de Newcastle.  Nous vous pr\u00e9senterons les moments forts de la conf\u00e9rence de presse sur Arseblog News, et je vous laisse avec un tout nouvel Arsecast enregistr\u00e9 hier.<\/p>\n<p>Tous les liens dont vous avez besoin pour \u00e9couter et vous abonner sont ci-dessous \u2013 et n&rsquo;oubliez pas que nous pr\u00e9senterons un aper\u00e7u du match de Newcastle sur Patreon plus tard cet apr\u00e8s-midi.  Pour l\u2019instant, passez-en un bon.<\/p>\n<p><iframe loading=\"lazy\" src=\"https:\/\/embed.acast.com\/a1a58121-6fb4-43cf-8156-8d6df6fc312f\/6543c23c29dc900012e3f6de\" width=\"100%\" height=\"300px\" frameborder=\"0\"><\/iframe><\/p>\n<\/div>\n","protected":false},"excerpt":{"rendered":"<p>Matin. Nous entendrons Mikel Arteta ce matin avant notre voyage \u00e0 Newcastle demain, et peut-\u00eatre aurons-nous des mises \u00e0 jour sur le front des blessures.<\/p>\n","protected":false},"author":1,"featured_media":324,"comment_status":"closed","ping_status":"","sticky":false,"template":"","format":"standard","meta":{"footnotes":""},"categories":[3],"tags":[155,505,234,236],"yoast_head":"<!-- This site is optimized with the Yoast SEO plugin v21.0 - https:\/\/yoast.com\/wordpress\/plugins\/seo\/ -->\n<title>Blessures : ESR, Partey, Jesus...<\/title>\n<meta name=\"robots\" content=\"index, follow, max-snippet:-1, max-image-preview:large, max-video-preview:-1\" \/>\n<link rel=\"canonical\" href=\"https:\/\/footdavant.fr\/actualites\/blessures-esr-partey-jesus\/\" \/>\n<meta property=\"og:locale\" content=\"fr_FR\" \/>\n<meta property=\"og:type\" content=\"article\" \/>\n<meta property=\"og:title\" content=\"Blessures : ESR, Partey, Jesus...\" \/>\n<meta property=\"og:description\" content=\"Matin. Nous entendrons Mikel Arteta ce matin avant notre voyage \u00e0 Newcastle demain, et peut-\u00eatre aurons-nous des mises \u00e0 jour sur le front des blessures.\" \/>\n<meta property=\"og:url\" content=\"https:\/\/footdavant.fr\/actualites\/blessures-esr-partey-jesus\/\" \/>\n<meta property=\"og:site_name\" content=\"Foot d&#039;avant\" \/>\n<meta property=\"article:publisher\" content=\"https:\/\/www.facebook.com\/Footdavant\/\" \/>\n<meta property=\"article:published_time\" content=\"2023-11-05T06:24:08+00:00\" \/>\n<meta property=\"article:modified_time\" content=\"2023-11-05T06:24:09+00:00\" \/>\n<meta property=\"og:image\" content=\"https:\/\/footdavant.fr\/actualites\/wp-content\/uploads\/2023\/11\/Blessures-ESR-Partey-Jesus.jpg\" \/>\n\t<meta property=\"og:image:width\" content=\"1500\" \/>\n\t<meta property=\"og:image:height\" content=\"750\" \/>\n\t<meta property=\"og:image:type\" content=\"image\/jpeg\" \/>\n<meta name=\"author\" content=\"Cl\u00e9ment\" \/>\n<meta name=\"twitter:card\" content=\"summary_large_image\" \/>\n<meta name=\"twitter:creator\" content=\"@FootdavantFr\" \/>\n<meta name=\"twitter:site\" content=\"@FootdavantFr\" \/>\n<meta name=\"twitter:label1\" content=\"\u00c9crit par\" \/>\n\t<meta name=\"twitter:data1\" content=\"Cl\u00e9ment\" \/>\n\t<meta name=\"twitter:label2\" content=\"Dur\u00e9e de lecture estim\u00e9e\" \/>\n\t<meta name=\"twitter:data2\" content=\"4 minutes\" \/>\n<script type=\"application\/ld+json\" class=\"yoast-schema-graph\">{\"@context\":\"https:\/\/schema.org\",\"@graph\":[{\"@type\":\"Article\",\"@id\":\"https:\/\/footdavant.fr\/actualites\/blessures-esr-partey-jesus\/#article\",\"isPartOf\":{\"@id\":\"https:\/\/footdavant.fr\/actualites\/blessures-esr-partey-jesus\/\"},\"author\":{\"name\":\"Cl\u00e9ment\",\"@id\":\"https:\/\/footdavant.fr\/actualites\/#\/schema\/person\/bc222566d95871b37e597b3ed3ba5e1d\"},\"headline\":\"Blessures : ESR, Partey, Jesus&#8230;\",\"datePublished\":\"2023-11-05T06:24:08+00:00\",\"dateModified\":\"2023-11-05T06:24:09+00:00\",\"mainEntityOfPage\":{\"@id\":\"https:\/\/footdavant.fr\/actualites\/blessures-esr-partey-jesus\/\"},\"wordCount\":807,\"publisher\":{\"@id\":\"https:\/\/footdavant.fr\/actualites\/#organization\"},\"keywords\":[\"blessures\",\"ESR\",\"Jesus\",\"Partey\"],\"articleSection\":[\"Football\"],\"inLanguage\":\"fr-FR\"},{\"@type\":\"WebPage\",\"@id\":\"https:\/\/footdavant.fr\/actualites\/blessures-esr-partey-jesus\/\",\"url\":\"https:\/\/footdavant.fr\/actualites\/blessures-esr-partey-jesus\/\",\"name\":\"Blessures : ESR, Partey, Jesus...\",\"isPartOf\":{\"@id\":\"https:\/\/footdavant.fr\/actualites\/#website\"},\"datePublished\":\"2023-11-05T06:24:08+00:00\",\"dateModified\":\"2023-11-05T06:24:09+00:00\",\"breadcrumb\":{\"@id\":\"https:\/\/footdavant.fr\/actualites\/blessures-esr-partey-jesus\/#breadcrumb\"},\"inLanguage\":\"fr-FR\",\"potentialAction\":[{\"@type\":\"ReadAction\",\"target\":[\"https:\/\/footdavant.fr\/actualites\/blessures-esr-partey-jesus\/\"]}]},{\"@type\":\"BreadcrumbList\",\"@id\":\"https:\/\/footdavant.fr\/actualites\/blessures-esr-partey-jesus\/#breadcrumb\",\"itemListElement\":[{\"@type\":\"ListItem\",\"position\":1,\"name\":\"Accueil\",\"item\":\"https:\/\/footdavant.fr\/actualites\/\"},{\"@type\":\"ListItem\",\"position\":2,\"name\":\"Blessures : ESR, Partey, Jesus&#8230;\"}]},{\"@type\":\"WebSite\",\"@id\":\"https:\/\/footdavant.fr\/actualites\/#website\",\"url\":\"https:\/\/footdavant.fr\/actualites\/\",\"name\":\"Foot d'avant\",\"description\":\"\",\"publisher\":{\"@id\":\"https:\/\/footdavant.fr\/actualites\/#organization\"},\"potentialAction\":[{\"@type\":\"SearchAction\",\"target\":{\"@type\":\"EntryPoint\",\"urlTemplate\":\"https:\/\/footdavant.fr\/actualites\/?s={search_term_string}\"},\"query-input\":\"required name=search_term_string\"}],\"inLanguage\":\"fr-FR\"},{\"@type\":\"Organization\",\"@id\":\"https:\/\/footdavant.fr\/actualites\/#organization\",\"name\":\"Foot d'avant\",\"url\":\"https:\/\/footdavant.fr\/actualites\/\",\"logo\":{\"@type\":\"ImageObject\",\"inLanguage\":\"fr-FR\",\"@id\":\"https:\/\/footdavant.fr\/actualites\/#\/schema\/logo\/image\/\",\"url\":\"https:\/\/footdavant.fr\/actualites\/wp-content\/uploads\/2023\/09\/Copy-of-FootDavant-Logo.png\",\"contentUrl\":\"https:\/\/footdavant.fr\/actualites\/wp-content\/uploads\/2023\/09\/Copy-of-FootDavant-Logo.png\",\"width\":936,\"height\":549,\"caption\":\"Foot d'avant\"},\"image\":{\"@id\":\"https:\/\/footdavant.fr\/actualites\/#\/schema\/logo\/image\/\"},\"sameAs\":[\"https:\/\/www.facebook.com\/Footdavant\/\",\"https:\/\/twitter.com\/FootdavantFr\",\"https:\/\/www.instagram.com\/footdavant.fr\/\"]},{\"@type\":\"Person\",\"@id\":\"https:\/\/footdavant.fr\/actualites\/#\/schema\/person\/bc222566d95871b37e597b3ed3ba5e1d\",\"name\":\"Cl\u00e9ment\",\"image\":{\"@type\":\"ImageObject\",\"inLanguage\":\"fr-FR\",\"@id\":\"https:\/\/footdavant.fr\/actualites\/#\/schema\/person\/image\/\",\"url\":\"https:\/\/secure.gravatar.com\/avatar\/7728b29aac2719421e1a9159b2254c44?s=96&d=mm&r=g\",\"contentUrl\":\"https:\/\/secure.gravatar.com\/avatar\/7728b29aac2719421e1a9159b2254c44?s=96&d=mm&r=g\",\"caption\":\"Cl\u00e9ment\"},\"sameAs\":[\"https:\/\/footdavant.fr\/\"]}]}<\/script>\n<!-- \/ Yoast SEO plugin. -->","yoast_head_json":{"title":"Blessures : ESR, Partey, Jesus...","robots":{"index":"index","follow":"follow","max-snippet":"max-snippet:-1","max-image-preview":"max-image-preview:large","max-video-preview":"max-video-preview:-1"},"canonical":"https:\/\/footdavant.fr\/actualites\/blessures-esr-partey-jesus\/","og_locale":"fr_FR","og_type":"article","og_title":"Blessures : ESR, Partey, Jesus...","og_description":"Matin. Nous entendrons Mikel Arteta ce matin avant notre voyage \u00e0 Newcastle demain, et peut-\u00eatre aurons-nous des mises \u00e0 jour sur le front des blessures.","og_url":"https:\/\/footdavant.fr\/actualites\/blessures-esr-partey-jesus\/","og_site_name":"Foot d&#039;avant","article_publisher":"https:\/\/www.facebook.com\/Footdavant\/","article_published_time":"2023-11-05T06:24:08+00:00","article_modified_time":"2023-11-05T06:24:09+00:00","og_image":[{"width":1500,"height":750,"url":"https:\/\/footdavant.fr\/actualites\/wp-content\/uploads\/2023\/11\/Blessures-ESR-Partey-Jesus.jpg","type":"image\/jpeg"}],"author":"Cl\u00e9ment","twitter_card":"summary_large_image","twitter_creator":"@FootdavantFr","twitter_site":"@FootdavantFr","twitter_misc":{"\u00c9crit par":"Cl\u00e9ment","Dur\u00e9e de lecture estim\u00e9e":"4 minutes"},"schema":{"@context":"https:\/\/schema.org","@graph":[{"@type":"Article","@id":"https:\/\/footdavant.fr\/actualites\/blessures-esr-partey-jesus\/#article","isPartOf":{"@id":"https:\/\/footdavant.fr\/actualites\/blessures-esr-partey-jesus\/"},"author":{"name":"Cl\u00e9ment","@id":"https:\/\/footdavant.fr\/actualites\/#\/schema\/person\/bc222566d95871b37e597b3ed3ba5e1d"},"headline":"Blessures : ESR, Partey, Jesus&#8230;","datePublished":"2023-11-05T06:24:08+00:00","dateModified":"2023-11-05T06:24:09+00:00","mainEntityOfPage":{"@id":"https:\/\/footdavant.fr\/actualites\/blessures-esr-partey-jesus\/"},"wordCount":807,"publisher":{"@id":"https:\/\/footdavant.fr\/actualites\/#organization"},"keywords":["blessures","ESR","Jesus","Partey"],"articleSection":["Football"],"inLanguage":"fr-FR"},{"@type":"WebPage","@id":"https:\/\/footdavant.fr\/actualites\/blessures-esr-partey-jesus\/","url":"https:\/\/footdavant.fr\/actualites\/blessures-esr-partey-jesus\/","name":"Blessures : ESR, Partey, Jesus...","isPartOf":{"@id":"https:\/\/footdavant.fr\/actualites\/#website"},"datePublished":"2023-11-05T06:24:08+00:00","dateModified":"2023-11-05T06:24:09+00:00","breadcrumb":{"@id":"https:\/\/footdavant.fr\/actualites\/blessures-esr-partey-jesus\/#breadcrumb"},"inLanguage":"fr-FR","potentialAction":[{"@type":"ReadAction","target":["https:\/\/footdavant.fr\/actualites\/blessures-esr-partey-jesus\/"]}]},{"@type":"BreadcrumbList","@id":"https:\/\/footdavant.fr\/actualites\/blessures-esr-partey-jesus\/#breadcrumb","itemListElement":[{"@type":"ListItem","position":1,"name":"Accueil","item":"https:\/\/footdavant.fr\/actualites\/"},{"@type":"ListItem","position":2,"name":"Blessures : ESR, Partey, Jesus&#8230;"}]},{"@type":"WebSite","@id":"https:\/\/footdavant.fr\/actualites\/#website","url":"https:\/\/footdavant.fr\/actualites\/","name":"Foot d'avant","description":"","publisher":{"@id":"https:\/\/footdavant.fr\/actualites\/#organization"},"potentialAction":[{"@type":"SearchAction","target":{"@type":"EntryPoint","urlTemplate":"https:\/\/footdavant.fr\/actualites\/?s={search_term_string}"},"query-input":"required name=search_term_string"}],"inLanguage":"fr-FR"},{"@type":"Organization","@id":"https:\/\/footdavant.fr\/actualites\/#organization","name":"Foot d'avant","url":"https:\/\/footdavant.fr\/actualites\/","logo":{"@type":"ImageObject","inLanguage":"fr-FR","@id":"https:\/\/footdavant.fr\/actualites\/#\/schema\/logo\/image\/","url":"https:\/\/footdavant.fr\/actualites\/wp-content\/uploads\/2023\/09\/Copy-of-FootDavant-Logo.png","contentUrl":"https:\/\/footdavant.fr\/actualites\/wp-content\/uploads\/2023\/09\/Copy-of-FootDavant-Logo.png","width":936,"height":549,"caption":"Foot d'avant"},"image":{"@id":"https:\/\/footdavant.fr\/actualites\/#\/schema\/logo\/image\/"},"sameAs":["https:\/\/www.facebook.com\/Footdavant\/","https:\/\/twitter.com\/FootdavantFr","https:\/\/www.instagram.com\/footdavant.fr\/"]},{"@type":"Person","@id":"https:\/\/footdavant.fr\/actualites\/#\/schema\/person\/bc222566d95871b37e597b3ed3ba5e1d","name":"Cl\u00e9ment","image":{"@type":"ImageObject","inLanguage":"fr-FR","@id":"https:\/\/footdavant.fr\/actualites\/#\/schema\/person\/image\/","url":"https:\/\/secure.gravatar.com\/avatar\/7728b29aac2719421e1a9159b2254c44?s=96&d=mm&r=g","contentUrl":"https:\/\/secure.gravatar.com\/avatar\/7728b29aac2719421e1a9159b2254c44?s=96&d=mm&r=g","caption":"Cl\u00e9ment"},"sameAs":["https:\/\/footdavant.fr\/"]}]}},"_links":{"self":[{"href":"https:\/\/footdavant.fr\/actualites\/wp-json\/wp\/v2\/posts\/323"}],"collection":[{"href":"https:\/\/footdavant.fr\/actualites\/wp-json\/wp\/v2\/posts"}],"about":[{"href":"https:\/\/footdavant.fr\/actualites\/wp-json\/wp\/v2\/types\/post"}],"author":[{"embeddable":true,"href":"https:\/\/footdavant.fr\/actualites\/wp-json\/wp\/v2\/users\/1"}],"replies":[{"embeddable":true,"href":"https:\/\/footdavant.fr\/actualites\/wp-json\/wp\/v2\/comments?post=323"}],"version-history":[{"count":1,"href":"https:\/\/footdavant.fr\/actualites\/wp-json\/wp\/v2\/posts\/323\/revisions"}],"predecessor-version":[{"id":325,"href":"https:\/\/footdavant.fr\/actualites\/wp-json\/wp\/v2\/posts\/323\/revisions\/325"}],"wp:featuredmedia":[{"embeddable":true,"href":"https:\/\/footdavant.fr\/actualites\/wp-json\/wp\/v2\/media\/324"}],"wp:attachment":[{"href":"https:\/\/footdavant.fr\/actualites\/wp-json\/wp\/v2\/media?parent=323"}],"wp:term":[{"taxonomy":"category","embeddable":true,"href":"https:\/\/footdavant.fr\/actualites\/wp-json\/wp\/v2\/categories?post=323"},{"taxonomy":"post_tag","embeddable":true,"href":"https:\/\/footdavant.fr\/actualites\/wp-json\/wp\/v2\/tags?post=323"}],"curies":[{"name":"wp","href":"https:\/\/api.w.org\/{rel}","templated":true}]}}