{"id":32304,"date":"2025-12-13T01:48:26","date_gmt":"2025-12-13T00:48:26","guid":{"rendered":"https:\/\/footdavant.fr\/actualites\/blessure-a-arsenal-liste-des-suspensions-et-dates-de-retour-pour-le-club-de-bruges-declan-rice-leandro-trossard-riccardo-calafiori-au-plus-tard\/"},"modified":"2025-12-13T01:48:28","modified_gmt":"2025-12-13T00:48:28","slug":"blessure-a-arsenal-liste-des-suspensions-et-dates-de-retour-pour-le-club-de-bruges-declan-rice-leandro-trossard-riccardo-calafiori-au-plus-tard","status":"publish","type":"post","link":"https:\/\/footdavant.fr\/actualites\/blessure-a-arsenal-liste-des-suspensions-et-dates-de-retour-pour-le-club-de-bruges-declan-rice-leandro-trossard-riccardo-calafiori-au-plus-tard\/","title":{"rendered":"Blessure \u00e0 Arsenal, liste des suspensions et dates de retour pour le Club de Bruges : Declan Rice, Leandro Trossard, Riccardo Calafiori au plus tard"},"content":{"rendered":"<div itemprop=\"articleBody\">\n<p>Cinq sur cinq en Ligue des champions 2025-26, Arsenal a un record de 100 % \u00e0 maintenir lorsqu&#39;il affrontera le Club de Bruges en Belgique mercredi.<\/p>\n<p>L&#39;\u00e9quipe de Mikel Arteta est le seul club avec un maximum de 15 points dans la phase actuelle du championnat, ce qui lui donne trois points d&#39;avance sur le Paris Saint-Germain, le Bayern Munich, l&#39;Inter Milan et le Real Madrid en t\u00eate du classement.<\/p>\n<p>Cependant, l&#39;avance des Gunners en t\u00eate du classement de la Premier League a \u00e9t\u00e9 r\u00e9duite \u00e0 seulement deux points ce week-end, gr\u00e2ce \u00e0 une d\u00e9faite d\u00e9chirante 2-1 contre Aston Villa.<\/p>\n<p>Ici, Sports Mole rassemble toutes les derni\u00e8res nouvelles sur les blessures et les suspensions d&#39;Arsenal avant le choc avec le Club de Bruges, qui n&#39;a r\u00e9clam\u00e9 que quatre points en UCL pour occuper la 26e place du classement.<\/p>\n<h2>Max Dowman<\/h2>\n<div>\n<div>\n<p>\u00a9 Imago<\/p>\n<\/div>\n<\/div>\n<p>Statut\u00a0:\u00a0Out<\/p>\n<p>Type de blessure : Cheville<\/p>\n<p>Date de retour possible : Inconnue<\/p>\n<p>Le prodige adolescent Max Dowman s&#39;est bless\u00e9 \u00e0 la cheville lors d&#39;un match amical des moins de 21 ans ce week-end, et Arteta a admis que le joueur de 15 ans serait absent pendant des semaines \u2013 son probl\u00e8me a ouvert une place dans l&#39;\u00e9quipe pour le retour de Gabriel Jesus.<\/p>\n<h2>Declan Riz<\/h2>\n<div>\n<div>\n<div><img decoding=\"async\" data-img-id=\"155298\" class=\"lazy\" loading=\"lazy\" src=\"https:\/\/footdavant.fr\/actualites\/wp-content\/uploads\/2025\/12\/Blessure-a-Arsenal-liste-des-suspensions-et-dates-de-retour.webp\"\/><\/p>\n<p>\u00a9 Imago \/ IPS<\/p>\n<\/div>\n<\/div>\n<\/div>\n<p>Statut\u00a0:\u00a0Out<\/p>\n<p>Type de blessure : Maladie<\/p>\n<p>Date de retour possible : 13 d\u00e9cembre (contre Wolverhampton Wanderers)<\/p>\n<p>Declan Rice n&#39;a pas fait le d\u00e9placement en Belgique pour cause de maladie, mais le milieu de terrain aurait d\u00fb se remettre \u00e0 temps pour le choc de ce week-end contre Wolverhampton Wanderers.<\/p>\n<h2>L\u00e9andro Trossard<\/h2>\n<div>\n<div>\n<div><img decoding=\"async\" data-img-id=\"154993\" class=\"lazy\" loading=\"lazy\" src=\"https:\/\/footdavant.fr\/actualites\/wp-content\/uploads\/2025\/12\/1765586906_833_Blessure-a-Arsenal-liste-des-suspensions-et-dates-de-retour.webp\"\/><\/p>\n<p>\u00a9 Imago \/ MIS<\/p>\n<\/div>\n<\/div>\n<\/div>\n<p>Statut\u00a0:\u00a0Out<\/p>\n<p>Type de blessure : Coup<\/p>\n<p>Date de retour possible : Inconnue<\/p>\n<p>De m\u00eame, Leandro Trossard a \u00e9t\u00e9 exclu de ce match en raison d&#39;un coup, qui se situe dans la m\u00eame zone que son pr\u00e9c\u00e9dent probl\u00e8me, on ne sait donc pas quand il sera \u00e0 nouveau disponible.<\/p>\n<div>\n<div>\n<div>\n<div><img decoding=\"async\" data-img-id=\"155394\" class=\"lazy\" loading=\"lazy\" src=\"https:\/\/footdavant.fr\/actualites\/wp-content\/uploads\/2025\/12\/1765586906_615_Blessure-a-Arsenal-liste-des-suspensions-et-dates-de-retour.webp\"\/><\/p>\n<p>\u00a9 Imago \/ Photo Presse Sportive<\/p>\n<\/div>\n<\/div>\n<\/div>\n<\/div>\n<p>Statut\u00a0: doute mineur<\/p>\n<p>Type de blessure : Non pr\u00e9cis\u00e9<\/p>\n<p>Date de retour possible : 10 d\u00e9cembre (vs Club de Bruges)<\/p>\n<p>Riccardo Calafiori a \u00e9t\u00e9 vu boitant vers le tunnel \u00e0 temps plein lors de la d\u00e9faite contre Aston Villa, mais il \u00e9tait \u00e0 l&#39;entra\u00eenement mardi et devrait aller bien pour le choc.<\/p>\n<div>\n<div>\n<div><img decoding=\"async\" data-img-id=\"155276\" class=\"lazy\" loading=\"lazy\" src=\"https:\/\/footdavant.fr\/actualites\/wp-content\/uploads\/2025\/12\/1765586906_912_Blessure-a-Arsenal-liste-des-suspensions-et-dates-de-retour.webp\"\/><\/p>\n<p>\u00a9 Imago \/ Sportsphoto<\/p>\n<\/div>\n<\/div>\n<\/div>\n<p>Statut\u00a0:\u00a0Out<\/p>\n<p>Type de blessure : Cheville<\/p>\n<p>Date de retour possible : 17 janvier (vs Nottingham Forest)<\/p>\n<p>Cristhian Mosquera s&#39;est bless\u00e9 \u00e0 la cheville lors de la victoire de la semaine derni\u00e8re contre Brentford, et si l&#39;on en croit les informations, le d\u00e9fenseur sera absent pendant au moins six semaines.<\/p>\n<div>\n<div>\n<div><img decoding=\"async\" data-img-id=\"147936\" class=\"lazy\" loading=\"lazy\" src=\"https:\/\/footdavant.fr\/actualites\/wp-content\/uploads\/2025\/12\/Blessure-a-Arsenal-liste-des-suspensions-et-dates-de-retour.jpg\"\/><\/p>\n<p>\u00a9 Imago<\/p>\n<\/div>\n<\/div>\n<\/div>\n<p>Statut\u00a0:\u00a0Out<\/p>\n<p>Type de blessure : Coup<\/p>\n<p>Date de retour possible : Inconnue<\/p>\n<p>William Saliba a \u00e9t\u00e9 absent lors des trois derniers matches d&#39;Arsenal en raison d&#39;un coup re\u00e7u \u00e0 l&#39;entra\u00eenement, et le d\u00e9fenseur ne fera pas non plus son retour ici.<\/p>\n<div>\n<div>\n<div><img decoding=\"async\" data-img-id=\"152682\" class=\"lazy\" loading=\"lazy\" src=\"https:\/\/footdavant.fr\/actualites\/wp-content\/uploads\/2025\/12\/1765586906_493_Blessure-a-Arsenal-liste-des-suspensions-et-dates-de-retour.webp\"\/><\/p>\n<p>\u00a9 Imago\/Zuma Press Wire<\/p>\n<\/div>\n<\/div>\n<\/div>\n<p>Statut\u00a0:\u00a0Out<\/p>\n<p>Type de blessure : Cuisse<\/p>\n<p>Date de retour possible : 27 d\u00e9cembre (contre Brighton &#038; Hove Albion)<\/p>\n<p>Son compatriote Gabriel Magalhaes est en voie de gu\u00e9rison apr\u00e8s une blessure \u00e0 la cuisse subie lors de la derni\u00e8re tr\u00eave internationale, et le d\u00e9fenseur br\u00e9silien ne devrait pas revenir avant No\u00ebl.<\/p>\n<p>Statut\u00a0:\u00a0Out<\/p>\n<p>Type de blessure : Genou<\/p>\n<p>Date de retour possible : 30 d\u00e9cembre (vs Aston Villa)<\/p>\n<p>Kai Havertz s&#39;est remis d&#39;un revers dans sa convalescence suite \u00e0 un probl\u00e8me de genou, et l&#39;attaquant allemand est confront\u00e9 \u00e0 une course contre la montre pour revenir avant la fin de 2025.<\/p>\n<h2>LISTE DE SUSPENSION D&#39;ARSENAL<\/h2>\n<p>Arsenal n&#39;a aucun joueur suspendu pour ce match, mais Declan Rice et Mikel Merino sont \u00e0 un carton d&#39;une interdiction europ\u00e9enne.<\/p>\n<\/div>\n","protected":false},"excerpt":{"rendered":"<p>Cinq sur cinq en Ligue des champions 2025-26, Arsenal a un record de 100 % \u00e0 maintenir lorsqu&#39;il affrontera le Club de Bruges en Belgique<\/p>\n","protected":false},"author":1,"featured_media":32305,"comment_status":"closed","ping_status":"","sticky":false,"template":"","format":"standard","meta":{"footnotes":""},"categories":[5],"tags":[67,15,3743,5578,333,2867,1336,12,887,17,51,393,5643,1337,2177,4041,888],"yoast_head":"<!-- This site is optimized with the Yoast SEO plugin v21.0 - https:\/\/yoast.com\/wordpress\/plugins\/seo\/ -->\n<title>Blessure \u00e0 Arsenal, liste des suspensions et dates de retour pour le Club de Bruges : Declan Rice, Leandro Trossard, Riccardo Calafiori au plus tard<\/title>\n<meta name=\"robots\" content=\"index, follow, max-snippet:-1, max-image-preview:large, max-video-preview:-1\" \/>\n<link rel=\"canonical\" href=\"https:\/\/footdavant.fr\/actualites\/blessure-a-arsenal-liste-des-suspensions-et-dates-de-retour-pour-le-club-de-bruges-declan-rice-leandro-trossard-riccardo-calafiori-au-plus-tard\/\" \/>\n<meta property=\"og:locale\" content=\"fr_FR\" \/>\n<meta property=\"og:type\" content=\"article\" \/>\n<meta property=\"og:title\" content=\"Blessure \u00e0 Arsenal, liste des suspensions et dates de retour pour le Club de Bruges : Declan Rice, Leandro Trossard, Riccardo Calafiori au plus tard\" \/>\n<meta property=\"og:description\" content=\"Cinq sur cinq en Ligue des champions 2025-26, Arsenal a un record de 100 % \u00e0 maintenir lorsqu&#039;il affrontera le Club de Bruges en Belgique\" \/>\n<meta property=\"og:url\" content=\"https:\/\/footdavant.fr\/actualites\/blessure-a-arsenal-liste-des-suspensions-et-dates-de-retour-pour-le-club-de-bruges-declan-rice-leandro-trossard-riccardo-calafiori-au-plus-tard\/\" \/>\n<meta property=\"og:site_name\" content=\"Foot d&#039;avant\" \/>\n<meta property=\"article:publisher\" content=\"https:\/\/www.facebook.com\/Footdavant\/\" \/>\n<meta property=\"article:published_time\" content=\"2025-12-13T00:48:26+00:00\" \/>\n<meta property=\"article:modified_time\" content=\"2025-12-13T00:48:28+00:00\" \/>\n<meta property=\"og:image\" content=\"https:\/\/footdavant.fr\/actualites\/wp-content\/uploads\/2025\/12\/Blessure-a-Arsenal-liste-des-suspensions-et-dates-de-retour.net2Fuploads2F20252F092Fimago1064967523.webp\" \/>\n\t<meta property=\"og:image:width\" content=\"720\" \/>\n\t<meta property=\"og:image:height\" content=\"410\" \/>\n\t<meta property=\"og:image:type\" content=\"image\/webp\" \/>\n<meta name=\"author\" content=\"Cl\u00e9ment\" \/>\n<meta name=\"twitter:card\" content=\"summary_large_image\" \/>\n<meta name=\"twitter:creator\" content=\"@FootdavantFr\" \/>\n<meta name=\"twitter:site\" content=\"@FootdavantFr\" \/>\n<meta name=\"twitter:label1\" content=\"\u00c9crit par\" \/>\n\t<meta name=\"twitter:data1\" content=\"Cl\u00e9ment\" \/>\n\t<meta name=\"twitter:label2\" content=\"Dur\u00e9e de lecture estim\u00e9e\" \/>\n\t<meta name=\"twitter:data2\" content=\"3 minutes\" \/>\n<script type=\"application\/ld+json\" class=\"yoast-schema-graph\">{\"@context\":\"https:\/\/schema.org\",\"@graph\":[{\"@type\":\"Article\",\"@id\":\"https:\/\/footdavant.fr\/actualites\/blessure-a-arsenal-liste-des-suspensions-et-dates-de-retour-pour-le-club-de-bruges-declan-rice-leandro-trossard-riccardo-calafiori-au-plus-tard\/#article\",\"isPartOf\":{\"@id\":\"https:\/\/footdavant.fr\/actualites\/blessure-a-arsenal-liste-des-suspensions-et-dates-de-retour-pour-le-club-de-bruges-declan-rice-leandro-trossard-riccardo-calafiori-au-plus-tard\/\"},\"author\":{\"name\":\"Cl\u00e9ment\",\"@id\":\"https:\/\/footdavant.fr\/actualites\/#\/schema\/person\/bc222566d95871b37e597b3ed3ba5e1d\"},\"headline\":\"Blessure \u00e0 Arsenal, liste des suspensions et dates de retour pour le Club de Bruges : Declan Rice, Leandro Trossard, Riccardo Calafiori au plus tard\",\"datePublished\":\"2025-12-13T00:48:26+00:00\",\"dateModified\":\"2025-12-13T00:48:28+00:00\",\"mainEntityOfPage\":{\"@id\":\"https:\/\/footdavant.fr\/actualites\/blessure-a-arsenal-liste-des-suspensions-et-dates-de-retour-pour-le-club-de-bruges-declan-rice-leandro-trossard-riccardo-calafiori-au-plus-tard\/\"},\"wordCount\":634,\"publisher\":{\"@id\":\"https:\/\/footdavant.fr\/actualites\/#organization\"},\"keywords\":[\"Arsenal\",\"Blessure\",\"Bruges\",\"Calafiori\",\"club\",\"Dates\",\"Declan\",\"des\",\"Leandro\",\"liste\",\"pour\",\"retour\",\"Riccardo\",\"Rice\",\"suspensions\",\"tard\",\"Trossard\"],\"articleSection\":[\"Premier League\"],\"inLanguage\":\"fr-FR\"},{\"@type\":\"WebPage\",\"@id\":\"https:\/\/footdavant.fr\/actualites\/blessure-a-arsenal-liste-des-suspensions-et-dates-de-retour-pour-le-club-de-bruges-declan-rice-leandro-trossard-riccardo-calafiori-au-plus-tard\/\",\"url\":\"https:\/\/footdavant.fr\/actualites\/blessure-a-arsenal-liste-des-suspensions-et-dates-de-retour-pour-le-club-de-bruges-declan-rice-leandro-trossard-riccardo-calafiori-au-plus-tard\/\",\"name\":\"Blessure \u00e0 Arsenal, liste des suspensions et dates de retour pour le Club de Bruges : Declan Rice, Leandro Trossard, Riccardo Calafiori au plus tard\",\"isPartOf\":{\"@id\":\"https:\/\/footdavant.fr\/actualites\/#website\"},\"datePublished\":\"2025-12-13T00:48:26+00:00\",\"dateModified\":\"2025-12-13T00:48:28+00:00\",\"breadcrumb\":{\"@id\":\"https:\/\/footdavant.fr\/actualites\/blessure-a-arsenal-liste-des-suspensions-et-dates-de-retour-pour-le-club-de-bruges-declan-rice-leandro-trossard-riccardo-calafiori-au-plus-tard\/#breadcrumb\"},\"inLanguage\":\"fr-FR\",\"potentialAction\":[{\"@type\":\"ReadAction\",\"target\":[\"https:\/\/footdavant.fr\/actualites\/blessure-a-arsenal-liste-des-suspensions-et-dates-de-retour-pour-le-club-de-bruges-declan-rice-leandro-trossard-riccardo-calafiori-au-plus-tard\/\"]}]},{\"@type\":\"BreadcrumbList\",\"@id\":\"https:\/\/footdavant.fr\/actualites\/blessure-a-arsenal-liste-des-suspensions-et-dates-de-retour-pour-le-club-de-bruges-declan-rice-leandro-trossard-riccardo-calafiori-au-plus-tard\/#breadcrumb\",\"itemListElement\":[{\"@type\":\"ListItem\",\"position\":1,\"name\":\"Accueil\",\"item\":\"https:\/\/footdavant.fr\/actualites\/\"},{\"@type\":\"ListItem\",\"position\":2,\"name\":\"Blessure \u00e0 Arsenal, liste des suspensions et dates de retour pour le Club de Bruges : Declan Rice, Leandro Trossard, Riccardo Calafiori au plus tard\"}]},{\"@type\":\"WebSite\",\"@id\":\"https:\/\/footdavant.fr\/actualites\/#website\",\"url\":\"https:\/\/footdavant.fr\/actualites\/\",\"name\":\"Foot d'avant\",\"description\":\"\",\"publisher\":{\"@id\":\"https:\/\/footdavant.fr\/actualites\/#organization\"},\"potentialAction\":[{\"@type\":\"SearchAction\",\"target\":{\"@type\":\"EntryPoint\",\"urlTemplate\":\"https:\/\/footdavant.fr\/actualites\/?s={search_term_string}\"},\"query-input\":\"required name=search_term_string\"}],\"inLanguage\":\"fr-FR\"},{\"@type\":\"Organization\",\"@id\":\"https:\/\/footdavant.fr\/actualites\/#organization\",\"name\":\"Foot d'avant\",\"url\":\"https:\/\/footdavant.fr\/actualites\/\",\"logo\":{\"@type\":\"ImageObject\",\"inLanguage\":\"fr-FR\",\"@id\":\"https:\/\/footdavant.fr\/actualites\/#\/schema\/logo\/image\/\",\"url\":\"https:\/\/footdavant.fr\/actualites\/wp-content\/uploads\/2023\/09\/Copy-of-FootDavant-Logo.png\",\"contentUrl\":\"https:\/\/footdavant.fr\/actualites\/wp-content\/uploads\/2023\/09\/Copy-of-FootDavant-Logo.png\",\"width\":936,\"height\":549,\"caption\":\"Foot d'avant\"},\"image\":{\"@id\":\"https:\/\/footdavant.fr\/actualites\/#\/schema\/logo\/image\/\"},\"sameAs\":[\"https:\/\/www.facebook.com\/Footdavant\/\",\"https:\/\/twitter.com\/FootdavantFr\",\"https:\/\/www.instagram.com\/footdavant.fr\/\"]},{\"@type\":\"Person\",\"@id\":\"https:\/\/footdavant.fr\/actualites\/#\/schema\/person\/bc222566d95871b37e597b3ed3ba5e1d\",\"name\":\"Cl\u00e9ment\",\"image\":{\"@type\":\"ImageObject\",\"inLanguage\":\"fr-FR\",\"@id\":\"https:\/\/footdavant.fr\/actualites\/#\/schema\/person\/image\/\",\"url\":\"https:\/\/secure.gravatar.com\/avatar\/7728b29aac2719421e1a9159b2254c44?s=96&d=mm&r=g\",\"contentUrl\":\"https:\/\/secure.gravatar.com\/avatar\/7728b29aac2719421e1a9159b2254c44?s=96&d=mm&r=g\",\"caption\":\"Cl\u00e9ment\"},\"sameAs\":[\"https:\/\/footdavant.fr\/\"]}]}<\/script>\n<!-- \/ Yoast SEO plugin. -->","yoast_head_json":{"title":"Blessure \u00e0 Arsenal, liste des suspensions et dates de retour pour le Club de Bruges : Declan Rice, Leandro Trossard, Riccardo Calafiori au plus tard","robots":{"index":"index","follow":"follow","max-snippet":"max-snippet:-1","max-image-preview":"max-image-preview:large","max-video-preview":"max-video-preview:-1"},"canonical":"https:\/\/footdavant.fr\/actualites\/blessure-a-arsenal-liste-des-suspensions-et-dates-de-retour-pour-le-club-de-bruges-declan-rice-leandro-trossard-riccardo-calafiori-au-plus-tard\/","og_locale":"fr_FR","og_type":"article","og_title":"Blessure \u00e0 Arsenal, liste des suspensions et dates de retour pour le Club de Bruges : Declan Rice, Leandro Trossard, Riccardo Calafiori au plus tard","og_description":"Cinq sur cinq en Ligue des champions 2025-26, Arsenal a un record de 100 % \u00e0 maintenir lorsqu&#39;il affrontera le Club de Bruges en Belgique","og_url":"https:\/\/footdavant.fr\/actualites\/blessure-a-arsenal-liste-des-suspensions-et-dates-de-retour-pour-le-club-de-bruges-declan-rice-leandro-trossard-riccardo-calafiori-au-plus-tard\/","og_site_name":"Foot d&#039;avant","article_publisher":"https:\/\/www.facebook.com\/Footdavant\/","article_published_time":"2025-12-13T00:48:26+00:00","article_modified_time":"2025-12-13T00:48:28+00:00","og_image":[{"width":720,"height":410,"url":"https:\/\/footdavant.fr\/actualites\/wp-content\/uploads\/2025\/12\/Blessure-a-Arsenal-liste-des-suspensions-et-dates-de-retour.net2Fuploads2F20252F092Fimago1064967523.webp","type":"image\/webp"}],"author":"Cl\u00e9ment","twitter_card":"summary_large_image","twitter_creator":"@FootdavantFr","twitter_site":"@FootdavantFr","twitter_misc":{"\u00c9crit par":"Cl\u00e9ment","Dur\u00e9e de lecture estim\u00e9e":"3 minutes"},"schema":{"@context":"https:\/\/schema.org","@graph":[{"@type":"Article","@id":"https:\/\/footdavant.fr\/actualites\/blessure-a-arsenal-liste-des-suspensions-et-dates-de-retour-pour-le-club-de-bruges-declan-rice-leandro-trossard-riccardo-calafiori-au-plus-tard\/#article","isPartOf":{"@id":"https:\/\/footdavant.fr\/actualites\/blessure-a-arsenal-liste-des-suspensions-et-dates-de-retour-pour-le-club-de-bruges-declan-rice-leandro-trossard-riccardo-calafiori-au-plus-tard\/"},"author":{"name":"Cl\u00e9ment","@id":"https:\/\/footdavant.fr\/actualites\/#\/schema\/person\/bc222566d95871b37e597b3ed3ba5e1d"},"headline":"Blessure \u00e0 Arsenal, liste des suspensions et dates de retour pour le Club de Bruges : Declan Rice, Leandro Trossard, Riccardo Calafiori au plus tard","datePublished":"2025-12-13T00:48:26+00:00","dateModified":"2025-12-13T00:48:28+00:00","mainEntityOfPage":{"@id":"https:\/\/footdavant.fr\/actualites\/blessure-a-arsenal-liste-des-suspensions-et-dates-de-retour-pour-le-club-de-bruges-declan-rice-leandro-trossard-riccardo-calafiori-au-plus-tard\/"},"wordCount":634,"publisher":{"@id":"https:\/\/footdavant.fr\/actualites\/#organization"},"keywords":["Arsenal","Blessure","Bruges","Calafiori","club","Dates","Declan","des","Leandro","liste","pour","retour","Riccardo","Rice","suspensions","tard","Trossard"],"articleSection":["Premier League"],"inLanguage":"fr-FR"},{"@type":"WebPage","@id":"https:\/\/footdavant.fr\/actualites\/blessure-a-arsenal-liste-des-suspensions-et-dates-de-retour-pour-le-club-de-bruges-declan-rice-leandro-trossard-riccardo-calafiori-au-plus-tard\/","url":"https:\/\/footdavant.fr\/actualites\/blessure-a-arsenal-liste-des-suspensions-et-dates-de-retour-pour-le-club-de-bruges-declan-rice-leandro-trossard-riccardo-calafiori-au-plus-tard\/","name":"Blessure \u00e0 Arsenal, liste des suspensions et dates de retour pour le Club de Bruges : Declan Rice, Leandro Trossard, Riccardo Calafiori au plus tard","isPartOf":{"@id":"https:\/\/footdavant.fr\/actualites\/#website"},"datePublished":"2025-12-13T00:48:26+00:00","dateModified":"2025-12-13T00:48:28+00:00","breadcrumb":{"@id":"https:\/\/footdavant.fr\/actualites\/blessure-a-arsenal-liste-des-suspensions-et-dates-de-retour-pour-le-club-de-bruges-declan-rice-leandro-trossard-riccardo-calafiori-au-plus-tard\/#breadcrumb"},"inLanguage":"fr-FR","potentialAction":[{"@type":"ReadAction","target":["https:\/\/footdavant.fr\/actualites\/blessure-a-arsenal-liste-des-suspensions-et-dates-de-retour-pour-le-club-de-bruges-declan-rice-leandro-trossard-riccardo-calafiori-au-plus-tard\/"]}]},{"@type":"BreadcrumbList","@id":"https:\/\/footdavant.fr\/actualites\/blessure-a-arsenal-liste-des-suspensions-et-dates-de-retour-pour-le-club-de-bruges-declan-rice-leandro-trossard-riccardo-calafiori-au-plus-tard\/#breadcrumb","itemListElement":[{"@type":"ListItem","position":1,"name":"Accueil","item":"https:\/\/footdavant.fr\/actualites\/"},{"@type":"ListItem","position":2,"name":"Blessure \u00e0 Arsenal, liste des suspensions et dates de retour pour le Club de Bruges : Declan Rice, Leandro Trossard, Riccardo Calafiori au plus tard"}]},{"@type":"WebSite","@id":"https:\/\/footdavant.fr\/actualites\/#website","url":"https:\/\/footdavant.fr\/actualites\/","name":"Foot d'avant","description":"","publisher":{"@id":"https:\/\/footdavant.fr\/actualites\/#organization"},"potentialAction":[{"@type":"SearchAction","target":{"@type":"EntryPoint","urlTemplate":"https:\/\/footdavant.fr\/actualites\/?s={search_term_string}"},"query-input":"required name=search_term_string"}],"inLanguage":"fr-FR"},{"@type":"Organization","@id":"https:\/\/footdavant.fr\/actualites\/#organization","name":"Foot d'avant","url":"https:\/\/footdavant.fr\/actualites\/","logo":{"@type":"ImageObject","inLanguage":"fr-FR","@id":"https:\/\/footdavant.fr\/actualites\/#\/schema\/logo\/image\/","url":"https:\/\/footdavant.fr\/actualites\/wp-content\/uploads\/2023\/09\/Copy-of-FootDavant-Logo.png","contentUrl":"https:\/\/footdavant.fr\/actualites\/wp-content\/uploads\/2023\/09\/Copy-of-FootDavant-Logo.png","width":936,"height":549,"caption":"Foot d'avant"},"image":{"@id":"https:\/\/footdavant.fr\/actualites\/#\/schema\/logo\/image\/"},"sameAs":["https:\/\/www.facebook.com\/Footdavant\/","https:\/\/twitter.com\/FootdavantFr","https:\/\/www.instagram.com\/footdavant.fr\/"]},{"@type":"Person","@id":"https:\/\/footdavant.fr\/actualites\/#\/schema\/person\/bc222566d95871b37e597b3ed3ba5e1d","name":"Cl\u00e9ment","image":{"@type":"ImageObject","inLanguage":"fr-FR","@id":"https:\/\/footdavant.fr\/actualites\/#\/schema\/person\/image\/","url":"https:\/\/secure.gravatar.com\/avatar\/7728b29aac2719421e1a9159b2254c44?s=96&d=mm&r=g","contentUrl":"https:\/\/secure.gravatar.com\/avatar\/7728b29aac2719421e1a9159b2254c44?s=96&d=mm&r=g","caption":"Cl\u00e9ment"},"sameAs":["https:\/\/footdavant.fr\/"]}]}},"_links":{"self":[{"href":"https:\/\/footdavant.fr\/actualites\/wp-json\/wp\/v2\/posts\/32304"}],"collection":[{"href":"https:\/\/footdavant.fr\/actualites\/wp-json\/wp\/v2\/posts"}],"about":[{"href":"https:\/\/footdavant.fr\/actualites\/wp-json\/wp\/v2\/types\/post"}],"author":[{"embeddable":true,"href":"https:\/\/footdavant.fr\/actualites\/wp-json\/wp\/v2\/users\/1"}],"replies":[{"embeddable":true,"href":"https:\/\/footdavant.fr\/actualites\/wp-json\/wp\/v2\/comments?post=32304"}],"version-history":[{"count":1,"href":"https:\/\/footdavant.fr\/actualites\/wp-json\/wp\/v2\/posts\/32304\/revisions"}],"predecessor-version":[{"id":32306,"href":"https:\/\/footdavant.fr\/actualites\/wp-json\/wp\/v2\/posts\/32304\/revisions\/32306"}],"wp:featuredmedia":[{"embeddable":true,"href":"https:\/\/footdavant.fr\/actualites\/wp-json\/wp\/v2\/media\/32305"}],"wp:attachment":[{"href":"https:\/\/footdavant.fr\/actualites\/wp-json\/wp\/v2\/media?parent=32304"}],"wp:term":[{"taxonomy":"category","embeddable":true,"href":"https:\/\/footdavant.fr\/actualites\/wp-json\/wp\/v2\/categories?post=32304"},{"taxonomy":"post_tag","embeddable":true,"href":"https:\/\/footdavant.fr\/actualites\/wp-json\/wp\/v2\/tags?post=32304"}],"curies":[{"name":"wp","href":"https:\/\/api.w.org\/{rel}","templated":true}]}}