{"id":32313,"date":"2025-12-13T07:48:11","date_gmt":"2025-12-13T06:48:11","guid":{"rendered":"https:\/\/footdavant.fr\/actualites\/salah-a-eu-tort-de-se-lancer-dans-le-nucleaire-mais-son-histoire-a-liverpool-nest-pas-encore-terminee\/"},"modified":"2025-12-13T07:48:13","modified_gmt":"2025-12-13T06:48:13","slug":"salah-a-eu-tort-de-se-lancer-dans-le-nucleaire-mais-son-histoire-a-liverpool-nest-pas-encore-terminee","status":"publish","type":"post","link":"https:\/\/footdavant.fr\/actualites\/salah-a-eu-tort-de-se-lancer-dans-le-nucleaire-mais-son-histoire-a-liverpool-nest-pas-encore-terminee\/","title":{"rendered":"Salah a eu tort de se lancer dans le nucl\u00e9aire, mais son histoire \u00e0 Liverpool n&#39;est pas encore termin\u00e9e"},"content":{"rendered":"<div id=\"article-body\">\n<!-- Article Start --><\/p>\n<p>Quelle est la prochaine \u00e9tape pour Mo Salah \u00e0 Liverpool apr\u00e8s avoir choisi l\u2019option nucl\u00e9aire pour exprimer ses griefs en public le week-end dernier ?<\/p>\n<p>Nous connaissons tous les principaux points de ce qu&#39;il a dit apr\u00e8s le match nul 3-3 \u00e0 Leeds, le troisi\u00e8me match cons\u00e9cutif au cours duquel il a \u00e9t\u00e9 exclu du onze de d\u00e9part \u2013 \u00ab le club m&#39;a jet\u00e9 sous le bus \u00bb, \u00ab il n&#39;y a pas de relation \u00bb avec Arne Slot, \u00ab quelqu&#39;un ne veut pas de moi dans le club \u00bb (Sky Sports).<\/p>\n<p>Comme on pouvait s&#39;y attendre, les commentaires de l&#39;\u00c9gyptien ont d\u00e9clench\u00e9 d&#39;\u00e9normes r\u00e9actions dans le monde entier, Jamie Carragher \u00e9tant l&#39;un des critiques les plus virulents, qualifiant les commentaires de l&#39;homme de 33 ans de \u00ab honte \u00bb.<\/p>\n<h2>Salah n&#39;aurait pas d\u00fb rendre public ses propos incendiaires<\/h2>\n<p>Il est naturel qu&#39;un joueur de son talent soit m\u00e9pris\u00e9 d&#39;\u00eatre exclu du onze de d\u00e9part plusieurs matchs de suite \u2013 ce qui n&#39;\u00e9tait jamais arriv\u00e9 auparavant au cours de huit glorieuses ann\u00e9es \u00e0 Liverpool \u2013 et il est courant que les footballeurs aient des griefs qu&#39;ils veulent \u00e9vacuer.<\/p>\n<p>Cependant, en s&#39;exprimant publiquement, l&#39;\u00c9gyptien a min\u00e9 l&#39;autorit\u00e9 de Slot et cr\u00e9\u00e9 une nouvelle temp\u00eate autour d&#39;un entra\u00eeneur principal qui subissait d\u00e9j\u00e0 une pression croissante en raison des mauvais r\u00e9sultats des Reds cette saison.<\/p>\n<p><figure id=\"attachment_281770\" aria-describedby=\"caption-attachment-281770\" style=\"width: 713px\" class=\"wp-caption alignnone\"><picture><source type=\"image\/webp\" data- data-><\/source><\/picture><\/figure>\n<\/p>\n<p>Ce n&#39;\u00e9tait pas la bonne chose \u00e0 faire, et le joueur de 33 ans savait sans doute qu&#39;en tant que personne v\u00e9n\u00e9r\u00e9e par presque tous les fans du LFC, il occupe une position d&#39;influence consid\u00e9rable.<\/p>\n<p>Les Merseysiders se sont tr\u00e8s bien d\u00e9brouill\u00e9s sans Salah mardi soir alors qu&#39;ils ont gagn\u00e9 \u00e0 juste titre contre l&#39;Inter Milan, et ils devront se d\u00e9brouiller sans lui au cours des prochaines semaines alors qu&#39;il participera \u00e0 la Coupe d&#39;Afrique des Nations, ce qui offrira un aper\u00e7u d&#39;un avenir post-Mo chaque fois qu&#39;il quittera d\u00e9finitivement le club.<\/p>\n<h2>La carri\u00e8re de Salah \u00e0 Liverpool ne devrait pas se r\u00e9sumer \u00e0 un d\u00e9nouement<\/h2>\n<p>Bien qu&#39;Henry Winter ait soutenu qu&#39;il serait pr\u00e9f\u00e9rable que le joueur et le club se s\u00e9parent en janvier, il ne semble tout simplement pas juste que l&#39;une des plus grandes carri\u00e8res de Liverpool de tous les temps se termine par un d\u00e9nouement aussi acrimonieux.<\/p>\n<p>La vie n&#39;est pas parfaite, et le football ne l&#39;est certainement pas, mais le roi \u00e9gyptien m\u00e9rite d&#39;\u00eatre salu\u00e9 pour tout ce qu&#39;il a fait pour le LFC, tout comme Jurgen Klopp l&#39;a fait lorsqu&#39;il a re\u00e7u les plus beaux adieux en mai 2024.<\/p>\n<p>Esp\u00e9rons que Salah et Slot pourront faire amende honorable et que, peut-\u00eatre, l&#39;ailier obtiendra apr\u00e8s tout sa fin heureuse \u00e0 Anfield.<\/p>\n<p><!-- Article End -->\t\t\t\t<\/div>\n","protected":false},"excerpt":{"rendered":"<p>Quelle est la prochaine \u00e9tape pour Mo Salah \u00e0 Liverpool apr\u00e8s avoir choisi l\u2019option nucl\u00e9aire pour exprimer ses griefs en public le week-end dernier ?<\/p>\n","protected":false},"author":1,"featured_media":32314,"comment_status":"closed","ping_status":"","sticky":false,"template":"","format":"standard","meta":{"footnotes":""},"categories":[3],"tags":[19,611,842,1005,53,365,4321,11148,71,335,86,3747,2248],"yoast_head":"<!-- This site is optimized with the Yoast SEO plugin v21.0 - https:\/\/yoast.com\/wordpress\/plugins\/seo\/ -->\n<title>Salah a eu tort de se lancer dans le nucl\u00e9aire, mais son histoire \u00e0 Liverpool n&#039;est pas encore termin\u00e9e<\/title>\n<meta name=\"robots\" content=\"index, follow, max-snippet:-1, max-image-preview:large, max-video-preview:-1\" \/>\n<link rel=\"canonical\" href=\"https:\/\/footdavant.fr\/actualites\/salah-a-eu-tort-de-se-lancer-dans-le-nucleaire-mais-son-histoire-a-liverpool-nest-pas-encore-terminee\/\" \/>\n<meta property=\"og:locale\" content=\"fr_FR\" \/>\n<meta property=\"og:type\" content=\"article\" \/>\n<meta property=\"og:title\" content=\"Salah a eu tort de se lancer dans le nucl\u00e9aire, mais son histoire \u00e0 Liverpool n&#039;est pas encore termin\u00e9e\" \/>\n<meta property=\"og:description\" content=\"Quelle est la prochaine \u00e9tape pour Mo Salah \u00e0 Liverpool apr\u00e8s avoir choisi l\u2019option nucl\u00e9aire pour exprimer ses griefs en public le week-end dernier ?\" \/>\n<meta property=\"og:url\" content=\"https:\/\/footdavant.fr\/actualites\/salah-a-eu-tort-de-se-lancer-dans-le-nucleaire-mais-son-histoire-a-liverpool-nest-pas-encore-terminee\/\" \/>\n<meta property=\"og:site_name\" content=\"Foot d&#039;avant\" \/>\n<meta property=\"article:publisher\" content=\"https:\/\/www.facebook.com\/Footdavant\/\" \/>\n<meta property=\"article:published_time\" content=\"2025-12-13T06:48:11+00:00\" \/>\n<meta property=\"article:modified_time\" content=\"2025-12-13T06:48:13+00:00\" \/>\n<meta property=\"og:image\" content=\"https:\/\/footdavant.fr\/actualites\/wp-content\/uploads\/2025\/12\/1765608492_Salah-a-eu-tort-de-se-lancer-dans-le-nucleaire.jpg\" \/>\n\t<meta property=\"og:image:width\" content=\"1516\" \/>\n\t<meta property=\"og:image:height\" content=\"988\" \/>\n\t<meta property=\"og:image:type\" content=\"image\/jpeg\" \/>\n<meta name=\"author\" content=\"Cl\u00e9ment\" \/>\n<meta name=\"twitter:card\" content=\"summary_large_image\" \/>\n<meta name=\"twitter:creator\" content=\"@FootdavantFr\" \/>\n<meta name=\"twitter:site\" content=\"@FootdavantFr\" \/>\n<meta name=\"twitter:label1\" content=\"\u00c9crit par\" \/>\n\t<meta name=\"twitter:data1\" content=\"Cl\u00e9ment\" \/>\n\t<meta name=\"twitter:label2\" content=\"Dur\u00e9e de lecture estim\u00e9e\" \/>\n\t<meta name=\"twitter:data2\" content=\"2 minutes\" \/>\n<script type=\"application\/ld+json\" class=\"yoast-schema-graph\">{\"@context\":\"https:\/\/schema.org\",\"@graph\":[{\"@type\":\"Article\",\"@id\":\"https:\/\/footdavant.fr\/actualites\/salah-a-eu-tort-de-se-lancer-dans-le-nucleaire-mais-son-histoire-a-liverpool-nest-pas-encore-terminee\/#article\",\"isPartOf\":{\"@id\":\"https:\/\/footdavant.fr\/actualites\/salah-a-eu-tort-de-se-lancer-dans-le-nucleaire-mais-son-histoire-a-liverpool-nest-pas-encore-terminee\/\"},\"author\":{\"name\":\"Cl\u00e9ment\",\"@id\":\"https:\/\/footdavant.fr\/actualites\/#\/schema\/person\/bc222566d95871b37e597b3ed3ba5e1d\"},\"headline\":\"Salah a eu tort de se lancer dans le nucl\u00e9aire, mais son histoire \u00e0 Liverpool n&#39;est pas encore termin\u00e9e\",\"datePublished\":\"2025-12-13T06:48:11+00:00\",\"dateModified\":\"2025-12-13T06:48:13+00:00\",\"mainEntityOfPage\":{\"@id\":\"https:\/\/footdavant.fr\/actualites\/salah-a-eu-tort-de-se-lancer-dans-le-nucleaire-mais-son-histoire-a-liverpool-nest-pas-encore-terminee\/\"},\"wordCount\":510,\"publisher\":{\"@id\":\"https:\/\/footdavant.fr\/actualites\/#organization\"},\"keywords\":[\"dans\",\"encore\",\"histoire\",\"lancer\",\"Liverpool\",\"mais\",\"n39est\",\"nucl\u00e9aire\",\"pas\",\"Salah\",\"son\",\"termin\u00e9e\",\"tort\"],\"articleSection\":[\"Football\"],\"inLanguage\":\"fr-FR\"},{\"@type\":\"WebPage\",\"@id\":\"https:\/\/footdavant.fr\/actualites\/salah-a-eu-tort-de-se-lancer-dans-le-nucleaire-mais-son-histoire-a-liverpool-nest-pas-encore-terminee\/\",\"url\":\"https:\/\/footdavant.fr\/actualites\/salah-a-eu-tort-de-se-lancer-dans-le-nucleaire-mais-son-histoire-a-liverpool-nest-pas-encore-terminee\/\",\"name\":\"Salah a eu tort de se lancer dans le nucl\u00e9aire, mais son histoire \u00e0 Liverpool n&#39;est pas encore termin\u00e9e\",\"isPartOf\":{\"@id\":\"https:\/\/footdavant.fr\/actualites\/#website\"},\"datePublished\":\"2025-12-13T06:48:11+00:00\",\"dateModified\":\"2025-12-13T06:48:13+00:00\",\"breadcrumb\":{\"@id\":\"https:\/\/footdavant.fr\/actualites\/salah-a-eu-tort-de-se-lancer-dans-le-nucleaire-mais-son-histoire-a-liverpool-nest-pas-encore-terminee\/#breadcrumb\"},\"inLanguage\":\"fr-FR\",\"potentialAction\":[{\"@type\":\"ReadAction\",\"target\":[\"https:\/\/footdavant.fr\/actualites\/salah-a-eu-tort-de-se-lancer-dans-le-nucleaire-mais-son-histoire-a-liverpool-nest-pas-encore-terminee\/\"]}]},{\"@type\":\"BreadcrumbList\",\"@id\":\"https:\/\/footdavant.fr\/actualites\/salah-a-eu-tort-de-se-lancer-dans-le-nucleaire-mais-son-histoire-a-liverpool-nest-pas-encore-terminee\/#breadcrumb\",\"itemListElement\":[{\"@type\":\"ListItem\",\"position\":1,\"name\":\"Accueil\",\"item\":\"https:\/\/footdavant.fr\/actualites\/\"},{\"@type\":\"ListItem\",\"position\":2,\"name\":\"Salah a eu tort de se lancer dans le nucl\u00e9aire, mais son histoire \u00e0 Liverpool n&#39;est pas encore termin\u00e9e\"}]},{\"@type\":\"WebSite\",\"@id\":\"https:\/\/footdavant.fr\/actualites\/#website\",\"url\":\"https:\/\/footdavant.fr\/actualites\/\",\"name\":\"Foot d'avant\",\"description\":\"\",\"publisher\":{\"@id\":\"https:\/\/footdavant.fr\/actualites\/#organization\"},\"potentialAction\":[{\"@type\":\"SearchAction\",\"target\":{\"@type\":\"EntryPoint\",\"urlTemplate\":\"https:\/\/footdavant.fr\/actualites\/?s={search_term_string}\"},\"query-input\":\"required name=search_term_string\"}],\"inLanguage\":\"fr-FR\"},{\"@type\":\"Organization\",\"@id\":\"https:\/\/footdavant.fr\/actualites\/#organization\",\"name\":\"Foot d'avant\",\"url\":\"https:\/\/footdavant.fr\/actualites\/\",\"logo\":{\"@type\":\"ImageObject\",\"inLanguage\":\"fr-FR\",\"@id\":\"https:\/\/footdavant.fr\/actualites\/#\/schema\/logo\/image\/\",\"url\":\"https:\/\/footdavant.fr\/actualites\/wp-content\/uploads\/2023\/09\/Copy-of-FootDavant-Logo.png\",\"contentUrl\":\"https:\/\/footdavant.fr\/actualites\/wp-content\/uploads\/2023\/09\/Copy-of-FootDavant-Logo.png\",\"width\":936,\"height\":549,\"caption\":\"Foot d'avant\"},\"image\":{\"@id\":\"https:\/\/footdavant.fr\/actualites\/#\/schema\/logo\/image\/\"},\"sameAs\":[\"https:\/\/www.facebook.com\/Footdavant\/\",\"https:\/\/twitter.com\/FootdavantFr\",\"https:\/\/www.instagram.com\/footdavant.fr\/\"]},{\"@type\":\"Person\",\"@id\":\"https:\/\/footdavant.fr\/actualites\/#\/schema\/person\/bc222566d95871b37e597b3ed3ba5e1d\",\"name\":\"Cl\u00e9ment\",\"image\":{\"@type\":\"ImageObject\",\"inLanguage\":\"fr-FR\",\"@id\":\"https:\/\/footdavant.fr\/actualites\/#\/schema\/person\/image\/\",\"url\":\"https:\/\/secure.gravatar.com\/avatar\/7728b29aac2719421e1a9159b2254c44?s=96&d=mm&r=g\",\"contentUrl\":\"https:\/\/secure.gravatar.com\/avatar\/7728b29aac2719421e1a9159b2254c44?s=96&d=mm&r=g\",\"caption\":\"Cl\u00e9ment\"},\"sameAs\":[\"https:\/\/footdavant.fr\/\"]}]}<\/script>\n<!-- \/ Yoast SEO plugin. -->","yoast_head_json":{"title":"Salah a eu tort de se lancer dans le nucl\u00e9aire, mais son histoire \u00e0 Liverpool n&#39;est pas encore termin\u00e9e","robots":{"index":"index","follow":"follow","max-snippet":"max-snippet:-1","max-image-preview":"max-image-preview:large","max-video-preview":"max-video-preview:-1"},"canonical":"https:\/\/footdavant.fr\/actualites\/salah-a-eu-tort-de-se-lancer-dans-le-nucleaire-mais-son-histoire-a-liverpool-nest-pas-encore-terminee\/","og_locale":"fr_FR","og_type":"article","og_title":"Salah a eu tort de se lancer dans le nucl\u00e9aire, mais son histoire \u00e0 Liverpool n&#39;est pas encore termin\u00e9e","og_description":"Quelle est la prochaine \u00e9tape pour Mo Salah \u00e0 Liverpool apr\u00e8s avoir choisi l\u2019option nucl\u00e9aire pour exprimer ses griefs en public le week-end dernier ?","og_url":"https:\/\/footdavant.fr\/actualites\/salah-a-eu-tort-de-se-lancer-dans-le-nucleaire-mais-son-histoire-a-liverpool-nest-pas-encore-terminee\/","og_site_name":"Foot d&#039;avant","article_publisher":"https:\/\/www.facebook.com\/Footdavant\/","article_published_time":"2025-12-13T06:48:11+00:00","article_modified_time":"2025-12-13T06:48:13+00:00","og_image":[{"width":1516,"height":988,"url":"https:\/\/footdavant.fr\/actualites\/wp-content\/uploads\/2025\/12\/1765608492_Salah-a-eu-tort-de-se-lancer-dans-le-nucleaire.jpg","type":"image\/jpeg"}],"author":"Cl\u00e9ment","twitter_card":"summary_large_image","twitter_creator":"@FootdavantFr","twitter_site":"@FootdavantFr","twitter_misc":{"\u00c9crit par":"Cl\u00e9ment","Dur\u00e9e de lecture estim\u00e9e":"2 minutes"},"schema":{"@context":"https:\/\/schema.org","@graph":[{"@type":"Article","@id":"https:\/\/footdavant.fr\/actualites\/salah-a-eu-tort-de-se-lancer-dans-le-nucleaire-mais-son-histoire-a-liverpool-nest-pas-encore-terminee\/#article","isPartOf":{"@id":"https:\/\/footdavant.fr\/actualites\/salah-a-eu-tort-de-se-lancer-dans-le-nucleaire-mais-son-histoire-a-liverpool-nest-pas-encore-terminee\/"},"author":{"name":"Cl\u00e9ment","@id":"https:\/\/footdavant.fr\/actualites\/#\/schema\/person\/bc222566d95871b37e597b3ed3ba5e1d"},"headline":"Salah a eu tort de se lancer dans le nucl\u00e9aire, mais son histoire \u00e0 Liverpool n&#39;est pas encore termin\u00e9e","datePublished":"2025-12-13T06:48:11+00:00","dateModified":"2025-12-13T06:48:13+00:00","mainEntityOfPage":{"@id":"https:\/\/footdavant.fr\/actualites\/salah-a-eu-tort-de-se-lancer-dans-le-nucleaire-mais-son-histoire-a-liverpool-nest-pas-encore-terminee\/"},"wordCount":510,"publisher":{"@id":"https:\/\/footdavant.fr\/actualites\/#organization"},"keywords":["dans","encore","histoire","lancer","Liverpool","mais","n39est","nucl\u00e9aire","pas","Salah","son","termin\u00e9e","tort"],"articleSection":["Football"],"inLanguage":"fr-FR"},{"@type":"WebPage","@id":"https:\/\/footdavant.fr\/actualites\/salah-a-eu-tort-de-se-lancer-dans-le-nucleaire-mais-son-histoire-a-liverpool-nest-pas-encore-terminee\/","url":"https:\/\/footdavant.fr\/actualites\/salah-a-eu-tort-de-se-lancer-dans-le-nucleaire-mais-son-histoire-a-liverpool-nest-pas-encore-terminee\/","name":"Salah a eu tort de se lancer dans le nucl\u00e9aire, mais son histoire \u00e0 Liverpool n&#39;est pas encore termin\u00e9e","isPartOf":{"@id":"https:\/\/footdavant.fr\/actualites\/#website"},"datePublished":"2025-12-13T06:48:11+00:00","dateModified":"2025-12-13T06:48:13+00:00","breadcrumb":{"@id":"https:\/\/footdavant.fr\/actualites\/salah-a-eu-tort-de-se-lancer-dans-le-nucleaire-mais-son-histoire-a-liverpool-nest-pas-encore-terminee\/#breadcrumb"},"inLanguage":"fr-FR","potentialAction":[{"@type":"ReadAction","target":["https:\/\/footdavant.fr\/actualites\/salah-a-eu-tort-de-se-lancer-dans-le-nucleaire-mais-son-histoire-a-liverpool-nest-pas-encore-terminee\/"]}]},{"@type":"BreadcrumbList","@id":"https:\/\/footdavant.fr\/actualites\/salah-a-eu-tort-de-se-lancer-dans-le-nucleaire-mais-son-histoire-a-liverpool-nest-pas-encore-terminee\/#breadcrumb","itemListElement":[{"@type":"ListItem","position":1,"name":"Accueil","item":"https:\/\/footdavant.fr\/actualites\/"},{"@type":"ListItem","position":2,"name":"Salah a eu tort de se lancer dans le nucl\u00e9aire, mais son histoire \u00e0 Liverpool n&#39;est pas encore termin\u00e9e"}]},{"@type":"WebSite","@id":"https:\/\/footdavant.fr\/actualites\/#website","url":"https:\/\/footdavant.fr\/actualites\/","name":"Foot d'avant","description":"","publisher":{"@id":"https:\/\/footdavant.fr\/actualites\/#organization"},"potentialAction":[{"@type":"SearchAction","target":{"@type":"EntryPoint","urlTemplate":"https:\/\/footdavant.fr\/actualites\/?s={search_term_string}"},"query-input":"required name=search_term_string"}],"inLanguage":"fr-FR"},{"@type":"Organization","@id":"https:\/\/footdavant.fr\/actualites\/#organization","name":"Foot d'avant","url":"https:\/\/footdavant.fr\/actualites\/","logo":{"@type":"ImageObject","inLanguage":"fr-FR","@id":"https:\/\/footdavant.fr\/actualites\/#\/schema\/logo\/image\/","url":"https:\/\/footdavant.fr\/actualites\/wp-content\/uploads\/2023\/09\/Copy-of-FootDavant-Logo.png","contentUrl":"https:\/\/footdavant.fr\/actualites\/wp-content\/uploads\/2023\/09\/Copy-of-FootDavant-Logo.png","width":936,"height":549,"caption":"Foot d'avant"},"image":{"@id":"https:\/\/footdavant.fr\/actualites\/#\/schema\/logo\/image\/"},"sameAs":["https:\/\/www.facebook.com\/Footdavant\/","https:\/\/twitter.com\/FootdavantFr","https:\/\/www.instagram.com\/footdavant.fr\/"]},{"@type":"Person","@id":"https:\/\/footdavant.fr\/actualites\/#\/schema\/person\/bc222566d95871b37e597b3ed3ba5e1d","name":"Cl\u00e9ment","image":{"@type":"ImageObject","inLanguage":"fr-FR","@id":"https:\/\/footdavant.fr\/actualites\/#\/schema\/person\/image\/","url":"https:\/\/secure.gravatar.com\/avatar\/7728b29aac2719421e1a9159b2254c44?s=96&d=mm&r=g","contentUrl":"https:\/\/secure.gravatar.com\/avatar\/7728b29aac2719421e1a9159b2254c44?s=96&d=mm&r=g","caption":"Cl\u00e9ment"},"sameAs":["https:\/\/footdavant.fr\/"]}]}},"_links":{"self":[{"href":"https:\/\/footdavant.fr\/actualites\/wp-json\/wp\/v2\/posts\/32313"}],"collection":[{"href":"https:\/\/footdavant.fr\/actualites\/wp-json\/wp\/v2\/posts"}],"about":[{"href":"https:\/\/footdavant.fr\/actualites\/wp-json\/wp\/v2\/types\/post"}],"author":[{"embeddable":true,"href":"https:\/\/footdavant.fr\/actualites\/wp-json\/wp\/v2\/users\/1"}],"replies":[{"embeddable":true,"href":"https:\/\/footdavant.fr\/actualites\/wp-json\/wp\/v2\/comments?post=32313"}],"version-history":[{"count":1,"href":"https:\/\/footdavant.fr\/actualites\/wp-json\/wp\/v2\/posts\/32313\/revisions"}],"predecessor-version":[{"id":32315,"href":"https:\/\/footdavant.fr\/actualites\/wp-json\/wp\/v2\/posts\/32313\/revisions\/32315"}],"wp:featuredmedia":[{"embeddable":true,"href":"https:\/\/footdavant.fr\/actualites\/wp-json\/wp\/v2\/media\/32314"}],"wp:attachment":[{"href":"https:\/\/footdavant.fr\/actualites\/wp-json\/wp\/v2\/media?parent=32313"}],"wp:term":[{"taxonomy":"category","embeddable":true,"href":"https:\/\/footdavant.fr\/actualites\/wp-json\/wp\/v2\/categories?post=32313"},{"taxonomy":"post_tag","embeddable":true,"href":"https:\/\/footdavant.fr\/actualites\/wp-json\/wp\/v2\/tags?post=32313"}],"curies":[{"name":"wp","href":"https:\/\/api.w.org\/{rel}","templated":true}]}}