{"id":32356,"date":"2025-12-14T13:48:31","date_gmt":"2025-12-14T12:48:31","guid":{"rendered":"https:\/\/footdavant.fr\/actualites\/avenir-de-mohamed-salah-la-relation-de-la-star-de-liverpool-avec-le-club-est-tendue-apres-setre-sentie-jetee-sous-le-bus\/"},"modified":"2025-12-14T13:48:33","modified_gmt":"2025-12-14T12:48:33","slug":"avenir-de-mohamed-salah-la-relation-de-la-star-de-liverpool-avec-le-club-est-tendue-apres-setre-sentie-jetee-sous-le-bus","status":"publish","type":"post","link":"https:\/\/footdavant.fr\/actualites\/avenir-de-mohamed-salah-la-relation-de-la-star-de-liverpool-avec-le-club-est-tendue-apres-setre-sentie-jetee-sous-le-bus\/","title":{"rendered":"Avenir de Mohamed Salah: la relation de la star de Liverpool avec le club est tendue apr\u00e8s s&#39;\u00eatre sentie \u00ab\u00a0jet\u00e9e sous le bus\u00a0\u00bb"},"content":{"rendered":"<div itemprop=\"articleBody\"><meta charset=\"UTF-8\"\/><\/p>\n<p>La superstar de Liverpool, Mohamed Salah, a lanc\u00e9 une attaque extraordinaire contre le club, \u00e0 la suite d&#39;une apparente rupture de sa relation avec l&#39;entra\u00eeneur-chef Arne Slot. <\/p>\n<p>L&#39;attaquant \u00e9gyptien \u00e9tait un rempla\u00e7ant inutilis\u00e9 lors du match nul 3-3 de samedi contre Leeds United, marquant le troisi\u00e8me match cons\u00e9cutif qu&#39;il d\u00e9butait sur le banc. <\/p>\n<p>Malgr\u00e9 les explications de Slot pour ne pas l&#39;avoir recrut\u00e9, le joueur de 33 ans a exprim\u00e9 sa profonde frustration, sugg\u00e9rant qu&#39;il est injustement bl\u00e2m\u00e9 pour les r\u00e9centes difficult\u00e9s de l&#39;\u00e9quipe. <\/p>\n<p>L&#39;interview sensationnelle de Salah a d\u00e9sormais mis s\u00e9rieusement en doute son avenir \u00e0 Anfield, \u00e0 quelques semaines seulement de l&#39;ouverture de la fen\u00eatre de transfert de janvier. <\/p>\n<h2>Salah vs Liverpool : la relation entre le joueur et le club est-elle rompue ?<\/h2>\n<div>\n<div>\n<div>\n<div>\n<div>\n<p>\u00a9 Imago \/ Photo de propagande<\/p>\n<\/div>\n<\/div>\n<\/div>\n<\/div>\n<\/div>\n<p>Apr\u00e8s avoir marqu\u00e9 250 buts en 420 matches avec les Reds, Salah a r\u00e9v\u00e9l\u00e9 que ses relations autrefois \u00e9troites avec Slot s&#39;\u00e9taient compl\u00e8tement rompues. <\/p>\n<p>\u00ab\u00a0Je pense qu&#39;il est tr\u00e8s clair que quelqu&#39;un veut que je prenne toute la responsabilit\u00e9\u00a0\u00bb, a d\u00e9clar\u00e9 la l\u00e9gende de Liverpool via <em>BBC Sport<\/em>.<\/p>\n<p>\u00ab\u00a0J&#39;ai d\u00e9j\u00e0 dit \u00e0 plusieurs reprises que j&#39;avais de bonnes relations avec le manager et maintenant, tout d&#39;un coup, nous n&#39;avons plus de relation. Je ne sais pas pourquoi.<\/p>\n<p>\u00ab On dirait que le club me jette sous le bus \u2013 c&#39;est ce que je ressens.<\/p>\n<p>\u00ab\u00a0Pour \u00eatre honn\u00eate, cette situation n&#39;est pas acceptable pour moi. Je ne comprends pas. C&#39;est comme si j&#39;\u00e9tais encore plus jet\u00e9 sous le bus. Je ne pense pas que je sois le probl\u00e8me. J&#39;ai tant fait pour ce club. Je n&#39;ai pas \u00e0 me battre tous les jours pour ma position parce que je la m\u00e9rite. J&#39;ai m\u00e9rit\u00e9 ma position.\u00a0\u00bb<\/p>\n<p>Apr\u00e8s avoir marqu\u00e9 29 buts en 38 matches lors de la saison victorieuse de Liverpool, la forme de Salah cette saison a \u00e9t\u00e9 une source de discussions continues au d\u00e9but de la saison en cours. <\/p>\n<p>L&#39;avenir de l&#39;attaquant \u00e9tait incertain la saison derni\u00e8re, mais il a sign\u00e9 une prolongation de deux ans le gardant \u00e0 Anfield jusqu&#39;en 2027. <\/p>\n<p>Cependant, les derniers commentaires de l&#39;attaquant mettent en doute son avenir \u00e0 court terme avant la prochaine Coupe d&#39;Afrique des Nations.<\/p>\n<h2>Transfert de Mohamed Salah : l\u2019attaquant de Liverpool a-t-il jou\u00e9 le dernier match pour les Reds ?<\/h2>\n<div>\n<div>\n<div>\n<div><img decoding=\"async\" data-img-id=\"152783\" class=\"lazy\" loading=\"lazy\" src=\"https:\/\/footdavant.fr\/actualites\/wp-content\/uploads\/2025\/12\/Mohamed-Salah-vise-Jamie-Carragher-alors-que-de-nouvelles-citations.webp\"\/><\/p>\n<p>\u00a9 Imago \/ Images de sports professionnels<\/p>\n<\/div>\n<\/div>\n<\/div>\n<\/div>\n<p>Bien que rien ne soit pr\u00e9vu pour le moment, les clubs de la Pro League saoudienne auraient maintenu leur int\u00e9r\u00eat pour la l\u00e9gende de Liverpool, et les derniers commentaires de Salah pourraient acc\u00e9l\u00e9rer une d\u00e9cision en janvier ou en \u00e9t\u00e9. <\/p>\n<p>\u00ab\u00a0Ce club, je le soutiens toujours. Mes enfants le soutiendront toujours\u00a0\u00bb, a d\u00e9clar\u00e9 Salah samedi. <\/p>\n<p>\u00ab\u00a0J&#39;aime tellement le club, je l&#39;aimerai toujours. J&#39;ai appel\u00e9 ma m\u00e8re hier. Vous ne saviez pas si j&#39;allais commencer ou non, mais je le savais. Hier, j&#39;ai dit : \u00ab\u00a0Venez au match de Brighton (samedi 13 d\u00e9cembre)\u00a0\u00bb. Je ne sais pas si je vais jouer ou pas, mais je vais en profiter.<\/p>\n<p>\u00ab\u00a0Dans ma t\u00eate, je vais profiter de ce match parce que je ne sais pas ce qui va se passer. Je serai \u00e0 Anfield pour dire au revoir aux supporters et aller \u00e0 la Coupe d&#39;Afrique (AFCON).\u00a0\u00bb<\/p>\n<p>M\u00eame s&#39;il a d\u00fb y avoir une ind\u00e9niable d\u00e9ception de ne pas jouer r\u00e9cemment, les remarques franches de l&#39;attaquant sugg\u00e8rent que la relation entre le joueur, l&#39;entra\u00eeneur et le club est peut-\u00eatre d\u00e9sormais irr\u00e9parable.<\/p>\n<\/div>\n","protected":false},"excerpt":{"rendered":"<p>La superstar de Liverpool, Mohamed Salah, a lanc\u00e9 une attaque extraordinaire contre le club, \u00e0 la suite d&#39;une apparente rupture de sa relation avec l&#39;entra\u00eeneur-chef<\/p>\n","protected":false},"author":1,"featured_media":32019,"comment_status":"closed","ping_status":"","sticky":false,"template":"","format":"standard","meta":{"footnotes":""},"categories":[5],"tags":[25,91,2212,2332,333,217,11158,53,334,2987,6880,335,11157,1301,1621,10934],"yoast_head":"<!-- This site is optimized with the Yoast SEO plugin v21.0 - https:\/\/yoast.com\/wordpress\/plugins\/seo\/ -->\n<title>Avenir de Mohamed Salah: la relation de la star de Liverpool avec le club est tendue apr\u00e8s s&#039;\u00eatre sentie &quot;jet\u00e9e sous le bus&quot;<\/title>\n<meta name=\"robots\" content=\"index, follow, max-snippet:-1, max-image-preview:large, max-video-preview:-1\" \/>\n<link rel=\"canonical\" href=\"https:\/\/footdavant.fr\/actualites\/avenir-de-mohamed-salah-la-relation-de-la-star-de-liverpool-avec-le-club-est-tendue-apres-setre-sentie-jetee-sous-le-bus\/\" \/>\n<meta property=\"og:locale\" content=\"fr_FR\" \/>\n<meta property=\"og:type\" content=\"article\" \/>\n<meta property=\"og:title\" content=\"Avenir de Mohamed Salah: la relation de la star de Liverpool avec le club est tendue apr\u00e8s s&#039;\u00eatre sentie &quot;jet\u00e9e sous le bus&quot;\" \/>\n<meta property=\"og:description\" content=\"La superstar de Liverpool, Mohamed Salah, a lanc\u00e9 une attaque extraordinaire contre le club, \u00e0 la suite d&#039;une apparente rupture de sa relation avec l&#039;entra\u00eeneur-chef\" \/>\n<meta property=\"og:url\" content=\"https:\/\/footdavant.fr\/actualites\/avenir-de-mohamed-salah-la-relation-de-la-star-de-liverpool-avec-le-club-est-tendue-apres-setre-sentie-jetee-sous-le-bus\/\" \/>\n<meta property=\"og:site_name\" content=\"Foot d&#039;avant\" \/>\n<meta property=\"article:publisher\" content=\"https:\/\/www.facebook.com\/Footdavant\/\" \/>\n<meta property=\"article:published_time\" content=\"2025-12-14T12:48:31+00:00\" \/>\n<meta property=\"article:modified_time\" content=\"2025-12-14T12:48:33+00:00\" \/>\n<meta property=\"og:image\" content=\"https:\/\/footdavant.fr\/actualites\/wp-content\/uploads\/2025\/12\/Composition-de-Liverpool-contre-Sunderland-XI-prevu-pour-le-choc.net2Fuploads2F20252F112Fimago1068246608.webp\" \/>\n\t<meta property=\"og:image:width\" content=\"720\" \/>\n\t<meta property=\"og:image:height\" content=\"410\" \/>\n\t<meta property=\"og:image:type\" content=\"image\/webp\" \/>\n<meta name=\"author\" content=\"Cl\u00e9ment\" \/>\n<meta name=\"twitter:card\" content=\"summary_large_image\" \/>\n<meta name=\"twitter:creator\" content=\"@FootdavantFr\" \/>\n<meta name=\"twitter:site\" content=\"@FootdavantFr\" \/>\n<meta name=\"twitter:label1\" content=\"\u00c9crit par\" \/>\n\t<meta name=\"twitter:data1\" content=\"Cl\u00e9ment\" \/>\n\t<meta name=\"twitter:label2\" content=\"Dur\u00e9e de lecture estim\u00e9e\" \/>\n\t<meta name=\"twitter:data2\" content=\"3 minutes\" \/>\n<script type=\"application\/ld+json\" class=\"yoast-schema-graph\">{\"@context\":\"https:\/\/schema.org\",\"@graph\":[{\"@type\":\"Article\",\"@id\":\"https:\/\/footdavant.fr\/actualites\/avenir-de-mohamed-salah-la-relation-de-la-star-de-liverpool-avec-le-club-est-tendue-apres-setre-sentie-jetee-sous-le-bus\/#article\",\"isPartOf\":{\"@id\":\"https:\/\/footdavant.fr\/actualites\/avenir-de-mohamed-salah-la-relation-de-la-star-de-liverpool-avec-le-club-est-tendue-apres-setre-sentie-jetee-sous-le-bus\/\"},\"author\":{\"name\":\"Cl\u00e9ment\",\"@id\":\"https:\/\/footdavant.fr\/actualites\/#\/schema\/person\/bc222566d95871b37e597b3ed3ba5e1d\"},\"headline\":\"Avenir de Mohamed Salah: la relation de la star de Liverpool avec le club est tendue apr\u00e8s s&#39;\u00eatre sentie \u00ab\u00a0jet\u00e9e sous le bus\u00a0\u00bb\",\"datePublished\":\"2025-12-14T12:48:31+00:00\",\"dateModified\":\"2025-12-14T12:48:33+00:00\",\"mainEntityOfPage\":{\"@id\":\"https:\/\/footdavant.fr\/actualites\/avenir-de-mohamed-salah-la-relation-de-la-star-de-liverpool-avec-le-club-est-tendue-apres-setre-sentie-jetee-sous-le-bus\/\"},\"wordCount\":651,\"publisher\":{\"@id\":\"https:\/\/footdavant.fr\/actualites\/#organization\"},\"keywords\":[\"apr\u00e8s\",\"avec\",\"avenir\",\"bus\",\"club\",\"est\",\"jet\u00e9e\",\"Liverpool\",\"Mohamed\",\"relation\",\"s39\u00eatre\",\"Salah\",\"sentie\",\"sous\",\"Star\",\"tendue\"],\"articleSection\":[\"Premier League\"],\"inLanguage\":\"fr-FR\"},{\"@type\":\"WebPage\",\"@id\":\"https:\/\/footdavant.fr\/actualites\/avenir-de-mohamed-salah-la-relation-de-la-star-de-liverpool-avec-le-club-est-tendue-apres-setre-sentie-jetee-sous-le-bus\/\",\"url\":\"https:\/\/footdavant.fr\/actualites\/avenir-de-mohamed-salah-la-relation-de-la-star-de-liverpool-avec-le-club-est-tendue-apres-setre-sentie-jetee-sous-le-bus\/\",\"name\":\"Avenir de Mohamed Salah: la relation de la star de Liverpool avec le club est tendue apr\u00e8s s&#39;\u00eatre sentie \\\"jet\u00e9e sous le bus\\\"\",\"isPartOf\":{\"@id\":\"https:\/\/footdavant.fr\/actualites\/#website\"},\"datePublished\":\"2025-12-14T12:48:31+00:00\",\"dateModified\":\"2025-12-14T12:48:33+00:00\",\"breadcrumb\":{\"@id\":\"https:\/\/footdavant.fr\/actualites\/avenir-de-mohamed-salah-la-relation-de-la-star-de-liverpool-avec-le-club-est-tendue-apres-setre-sentie-jetee-sous-le-bus\/#breadcrumb\"},\"inLanguage\":\"fr-FR\",\"potentialAction\":[{\"@type\":\"ReadAction\",\"target\":[\"https:\/\/footdavant.fr\/actualites\/avenir-de-mohamed-salah-la-relation-de-la-star-de-liverpool-avec-le-club-est-tendue-apres-setre-sentie-jetee-sous-le-bus\/\"]}]},{\"@type\":\"BreadcrumbList\",\"@id\":\"https:\/\/footdavant.fr\/actualites\/avenir-de-mohamed-salah-la-relation-de-la-star-de-liverpool-avec-le-club-est-tendue-apres-setre-sentie-jetee-sous-le-bus\/#breadcrumb\",\"itemListElement\":[{\"@type\":\"ListItem\",\"position\":1,\"name\":\"Accueil\",\"item\":\"https:\/\/footdavant.fr\/actualites\/\"},{\"@type\":\"ListItem\",\"position\":2,\"name\":\"Avenir de Mohamed Salah: la relation de la star de Liverpool avec le club est tendue apr\u00e8s s&#39;\u00eatre sentie \u00ab\u00a0jet\u00e9e sous le bus\u00a0\u00bb\"}]},{\"@type\":\"WebSite\",\"@id\":\"https:\/\/footdavant.fr\/actualites\/#website\",\"url\":\"https:\/\/footdavant.fr\/actualites\/\",\"name\":\"Foot d'avant\",\"description\":\"\",\"publisher\":{\"@id\":\"https:\/\/footdavant.fr\/actualites\/#organization\"},\"potentialAction\":[{\"@type\":\"SearchAction\",\"target\":{\"@type\":\"EntryPoint\",\"urlTemplate\":\"https:\/\/footdavant.fr\/actualites\/?s={search_term_string}\"},\"query-input\":\"required name=search_term_string\"}],\"inLanguage\":\"fr-FR\"},{\"@type\":\"Organization\",\"@id\":\"https:\/\/footdavant.fr\/actualites\/#organization\",\"name\":\"Foot d'avant\",\"url\":\"https:\/\/footdavant.fr\/actualites\/\",\"logo\":{\"@type\":\"ImageObject\",\"inLanguage\":\"fr-FR\",\"@id\":\"https:\/\/footdavant.fr\/actualites\/#\/schema\/logo\/image\/\",\"url\":\"https:\/\/footdavant.fr\/actualites\/wp-content\/uploads\/2023\/09\/Copy-of-FootDavant-Logo.png\",\"contentUrl\":\"https:\/\/footdavant.fr\/actualites\/wp-content\/uploads\/2023\/09\/Copy-of-FootDavant-Logo.png\",\"width\":936,\"height\":549,\"caption\":\"Foot d'avant\"},\"image\":{\"@id\":\"https:\/\/footdavant.fr\/actualites\/#\/schema\/logo\/image\/\"},\"sameAs\":[\"https:\/\/www.facebook.com\/Footdavant\/\",\"https:\/\/twitter.com\/FootdavantFr\",\"https:\/\/www.instagram.com\/footdavant.fr\/\"]},{\"@type\":\"Person\",\"@id\":\"https:\/\/footdavant.fr\/actualites\/#\/schema\/person\/bc222566d95871b37e597b3ed3ba5e1d\",\"name\":\"Cl\u00e9ment\",\"image\":{\"@type\":\"ImageObject\",\"inLanguage\":\"fr-FR\",\"@id\":\"https:\/\/footdavant.fr\/actualites\/#\/schema\/person\/image\/\",\"url\":\"https:\/\/secure.gravatar.com\/avatar\/7728b29aac2719421e1a9159b2254c44?s=96&d=mm&r=g\",\"contentUrl\":\"https:\/\/secure.gravatar.com\/avatar\/7728b29aac2719421e1a9159b2254c44?s=96&d=mm&r=g\",\"caption\":\"Cl\u00e9ment\"},\"sameAs\":[\"https:\/\/footdavant.fr\/\"]}]}<\/script>\n<!-- \/ Yoast SEO plugin. -->","yoast_head_json":{"title":"Avenir de Mohamed Salah: la relation de la star de Liverpool avec le club est tendue apr\u00e8s s&#39;\u00eatre sentie \"jet\u00e9e sous le bus\"","robots":{"index":"index","follow":"follow","max-snippet":"max-snippet:-1","max-image-preview":"max-image-preview:large","max-video-preview":"max-video-preview:-1"},"canonical":"https:\/\/footdavant.fr\/actualites\/avenir-de-mohamed-salah-la-relation-de-la-star-de-liverpool-avec-le-club-est-tendue-apres-setre-sentie-jetee-sous-le-bus\/","og_locale":"fr_FR","og_type":"article","og_title":"Avenir de Mohamed Salah: la relation de la star de Liverpool avec le club est tendue apr\u00e8s s&#39;\u00eatre sentie \"jet\u00e9e sous le bus\"","og_description":"La superstar de Liverpool, Mohamed Salah, a lanc\u00e9 une attaque extraordinaire contre le club, \u00e0 la suite d&#39;une apparente rupture de sa relation avec l&#39;entra\u00eeneur-chef","og_url":"https:\/\/footdavant.fr\/actualites\/avenir-de-mohamed-salah-la-relation-de-la-star-de-liverpool-avec-le-club-est-tendue-apres-setre-sentie-jetee-sous-le-bus\/","og_site_name":"Foot d&#039;avant","article_publisher":"https:\/\/www.facebook.com\/Footdavant\/","article_published_time":"2025-12-14T12:48:31+00:00","article_modified_time":"2025-12-14T12:48:33+00:00","og_image":[{"width":720,"height":410,"url":"https:\/\/footdavant.fr\/actualites\/wp-content\/uploads\/2025\/12\/Composition-de-Liverpool-contre-Sunderland-XI-prevu-pour-le-choc.net2Fuploads2F20252F112Fimago1068246608.webp","type":"image\/webp"}],"author":"Cl\u00e9ment","twitter_card":"summary_large_image","twitter_creator":"@FootdavantFr","twitter_site":"@FootdavantFr","twitter_misc":{"\u00c9crit par":"Cl\u00e9ment","Dur\u00e9e de lecture estim\u00e9e":"3 minutes"},"schema":{"@context":"https:\/\/schema.org","@graph":[{"@type":"Article","@id":"https:\/\/footdavant.fr\/actualites\/avenir-de-mohamed-salah-la-relation-de-la-star-de-liverpool-avec-le-club-est-tendue-apres-setre-sentie-jetee-sous-le-bus\/#article","isPartOf":{"@id":"https:\/\/footdavant.fr\/actualites\/avenir-de-mohamed-salah-la-relation-de-la-star-de-liverpool-avec-le-club-est-tendue-apres-setre-sentie-jetee-sous-le-bus\/"},"author":{"name":"Cl\u00e9ment","@id":"https:\/\/footdavant.fr\/actualites\/#\/schema\/person\/bc222566d95871b37e597b3ed3ba5e1d"},"headline":"Avenir de Mohamed Salah: la relation de la star de Liverpool avec le club est tendue apr\u00e8s s&#39;\u00eatre sentie \u00ab\u00a0jet\u00e9e sous le bus\u00a0\u00bb","datePublished":"2025-12-14T12:48:31+00:00","dateModified":"2025-12-14T12:48:33+00:00","mainEntityOfPage":{"@id":"https:\/\/footdavant.fr\/actualites\/avenir-de-mohamed-salah-la-relation-de-la-star-de-liverpool-avec-le-club-est-tendue-apres-setre-sentie-jetee-sous-le-bus\/"},"wordCount":651,"publisher":{"@id":"https:\/\/footdavant.fr\/actualites\/#organization"},"keywords":["apr\u00e8s","avec","avenir","bus","club","est","jet\u00e9e","Liverpool","Mohamed","relation","s39\u00eatre","Salah","sentie","sous","Star","tendue"],"articleSection":["Premier League"],"inLanguage":"fr-FR"},{"@type":"WebPage","@id":"https:\/\/footdavant.fr\/actualites\/avenir-de-mohamed-salah-la-relation-de-la-star-de-liverpool-avec-le-club-est-tendue-apres-setre-sentie-jetee-sous-le-bus\/","url":"https:\/\/footdavant.fr\/actualites\/avenir-de-mohamed-salah-la-relation-de-la-star-de-liverpool-avec-le-club-est-tendue-apres-setre-sentie-jetee-sous-le-bus\/","name":"Avenir de Mohamed Salah: la relation de la star de Liverpool avec le club est tendue apr\u00e8s s&#39;\u00eatre sentie \"jet\u00e9e sous le bus\"","isPartOf":{"@id":"https:\/\/footdavant.fr\/actualites\/#website"},"datePublished":"2025-12-14T12:48:31+00:00","dateModified":"2025-12-14T12:48:33+00:00","breadcrumb":{"@id":"https:\/\/footdavant.fr\/actualites\/avenir-de-mohamed-salah-la-relation-de-la-star-de-liverpool-avec-le-club-est-tendue-apres-setre-sentie-jetee-sous-le-bus\/#breadcrumb"},"inLanguage":"fr-FR","potentialAction":[{"@type":"ReadAction","target":["https:\/\/footdavant.fr\/actualites\/avenir-de-mohamed-salah-la-relation-de-la-star-de-liverpool-avec-le-club-est-tendue-apres-setre-sentie-jetee-sous-le-bus\/"]}]},{"@type":"BreadcrumbList","@id":"https:\/\/footdavant.fr\/actualites\/avenir-de-mohamed-salah-la-relation-de-la-star-de-liverpool-avec-le-club-est-tendue-apres-setre-sentie-jetee-sous-le-bus\/#breadcrumb","itemListElement":[{"@type":"ListItem","position":1,"name":"Accueil","item":"https:\/\/footdavant.fr\/actualites\/"},{"@type":"ListItem","position":2,"name":"Avenir de Mohamed Salah: la relation de la star de Liverpool avec le club est tendue apr\u00e8s s&#39;\u00eatre sentie \u00ab\u00a0jet\u00e9e sous le bus\u00a0\u00bb"}]},{"@type":"WebSite","@id":"https:\/\/footdavant.fr\/actualites\/#website","url":"https:\/\/footdavant.fr\/actualites\/","name":"Foot d'avant","description":"","publisher":{"@id":"https:\/\/footdavant.fr\/actualites\/#organization"},"potentialAction":[{"@type":"SearchAction","target":{"@type":"EntryPoint","urlTemplate":"https:\/\/footdavant.fr\/actualites\/?s={search_term_string}"},"query-input":"required name=search_term_string"}],"inLanguage":"fr-FR"},{"@type":"Organization","@id":"https:\/\/footdavant.fr\/actualites\/#organization","name":"Foot d'avant","url":"https:\/\/footdavant.fr\/actualites\/","logo":{"@type":"ImageObject","inLanguage":"fr-FR","@id":"https:\/\/footdavant.fr\/actualites\/#\/schema\/logo\/image\/","url":"https:\/\/footdavant.fr\/actualites\/wp-content\/uploads\/2023\/09\/Copy-of-FootDavant-Logo.png","contentUrl":"https:\/\/footdavant.fr\/actualites\/wp-content\/uploads\/2023\/09\/Copy-of-FootDavant-Logo.png","width":936,"height":549,"caption":"Foot d'avant"},"image":{"@id":"https:\/\/footdavant.fr\/actualites\/#\/schema\/logo\/image\/"},"sameAs":["https:\/\/www.facebook.com\/Footdavant\/","https:\/\/twitter.com\/FootdavantFr","https:\/\/www.instagram.com\/footdavant.fr\/"]},{"@type":"Person","@id":"https:\/\/footdavant.fr\/actualites\/#\/schema\/person\/bc222566d95871b37e597b3ed3ba5e1d","name":"Cl\u00e9ment","image":{"@type":"ImageObject","inLanguage":"fr-FR","@id":"https:\/\/footdavant.fr\/actualites\/#\/schema\/person\/image\/","url":"https:\/\/secure.gravatar.com\/avatar\/7728b29aac2719421e1a9159b2254c44?s=96&d=mm&r=g","contentUrl":"https:\/\/secure.gravatar.com\/avatar\/7728b29aac2719421e1a9159b2254c44?s=96&d=mm&r=g","caption":"Cl\u00e9ment"},"sameAs":["https:\/\/footdavant.fr\/"]}]}},"_links":{"self":[{"href":"https:\/\/footdavant.fr\/actualites\/wp-json\/wp\/v2\/posts\/32356"}],"collection":[{"href":"https:\/\/footdavant.fr\/actualites\/wp-json\/wp\/v2\/posts"}],"about":[{"href":"https:\/\/footdavant.fr\/actualites\/wp-json\/wp\/v2\/types\/post"}],"author":[{"embeddable":true,"href":"https:\/\/footdavant.fr\/actualites\/wp-json\/wp\/v2\/users\/1"}],"replies":[{"embeddable":true,"href":"https:\/\/footdavant.fr\/actualites\/wp-json\/wp\/v2\/comments?post=32356"}],"version-history":[{"count":1,"href":"https:\/\/footdavant.fr\/actualites\/wp-json\/wp\/v2\/posts\/32356\/revisions"}],"predecessor-version":[{"id":32357,"href":"https:\/\/footdavant.fr\/actualites\/wp-json\/wp\/v2\/posts\/32356\/revisions\/32357"}],"wp:featuredmedia":[{"embeddable":true,"href":"https:\/\/footdavant.fr\/actualites\/wp-json\/wp\/v2\/media\/32019"}],"wp:attachment":[{"href":"https:\/\/footdavant.fr\/actualites\/wp-json\/wp\/v2\/media?parent=32356"}],"wp:term":[{"taxonomy":"category","embeddable":true,"href":"https:\/\/footdavant.fr\/actualites\/wp-json\/wp\/v2\/categories?post=32356"},{"taxonomy":"post_tag","embeddable":true,"href":"https:\/\/footdavant.fr\/actualites\/wp-json\/wp\/v2\/tags?post=32356"}],"curies":[{"name":"wp","href":"https:\/\/api.w.org\/{rel}","templated":true}]}}