{"id":32373,"date":"2025-12-15T03:48:43","date_gmt":"2025-12-15T02:48:43","guid":{"rendered":"https:\/\/footdavant.fr\/actualites\/il-est-temps-pour-les-proprietaires-de-chelsea-decouter-john-terry-joe-cole-frank-lampard-et-co\/"},"modified":"2025-12-15T03:48:45","modified_gmt":"2025-12-15T02:48:45","slug":"il-est-temps-pour-les-proprietaires-de-chelsea-decouter-john-terry-joe-cole-frank-lampard-et-co","status":"publish","type":"post","link":"https:\/\/footdavant.fr\/actualites\/il-est-temps-pour-les-proprietaires-de-chelsea-decouter-john-terry-joe-cole-frank-lampard-et-co\/","title":{"rendered":"Il est temps pour les propri\u00e9taires de Chelsea d&#39;\u00e9couter John Terry, Joe Cole, Frank Lampard et co."},"content":{"rendered":"<div>\n<p>Peut-\u00eatre, juste peut-\u00eatre, que les joueurs qui \u00e9taient de CLASSE MONDIALE et qui ont fait partie des p\u00e9riodes les plus r\u00e9ussies de Chelsea, pourraient r\u00e9ellement savoir de quoi ils parlent ?<\/p>\n<p>Il est peut-\u00eatre temps d&#39;\u00e9couter enfin Joe Cole, Frank Lampard, John Terry et BEAUCOUP d&#39;autres d&#39;entre nous qui frappent sur le m\u00eame tambour depuis un certain temps.<\/p>\n<p>Je sais que cela n&#39;arrivera pas, mais cela ne m&#39;emp\u00eachera pas d&#39;en parler, ni \u00e0 Joe Cole apparemment.<\/p>\n<p>\u00ab\u00a0C&#39;est vraiment d\u00e9cevant\u00a0\u00bb, a d\u00e9clar\u00e9 Cole \u00e0 TNT Sports apr\u00e8s la d\u00e9faite 2-1 de Chelsea \u00e0 l&#39;Atalanta. \u00ab\u00a0Chelsea les a \u00e9gal\u00e9s confortablement en premi\u00e8re mi-temps et a pris les devants.<\/p>\n<p>\u00ab Mais ils ont sembl\u00e9 fragiles apr\u00e8s cela et les fragilit\u00e9s sont clairement l\u00e0. C&#39;est frustrant.<\/p>\n<p>\u00ab\u00a0Les performances contre Barcelone et Chelsea \u00e9taient des d\u00e9clarations, mais elles ont suivi avec trois performances inf\u00e9rieures \u00e0 la moyenne o\u00f9 les standards n&#39;\u00e9taient pas au rendez-vous.<\/p>\n<p>\u00ab\u00a0J&#39;y reviens sans cesse, j&#39;ai l&#39;impression qu&#39;il faut un peu plus d&#39;exp\u00e9rience dans l&#39;\u00e9quipe pour aider l&#39;\u00e9quipe \u00e0 traverser ces matchs difficiles.<\/p>\n<p>\u00ab\u00a0Les entra\u00eeneurs leur auraient dit \u00e0 quoi s&#39;attendre ce soir et \u00e0 Elland Road, mais il y a quelque chose \u00e0 avoir dans votre \u00e9quipe avec un joueur exp\u00e9riment\u00e9 pour vous aider.<\/p>\n<p>\u00ab Chelsea n\u2019en est tout simplement pas encore l\u00e0. Il y a de la promesse et de belles performances, mais il y a aussi des performances comme ce soir qui diminuent.<\/p>\n<p>\u00ab\u00a0Cela rend ce week-end tr\u00e8s, tr\u00e8s important car cela fait quatre matchs sans victoire maintenant. Le match d&#39;Everton est incontournable.<\/p>\n<p>Et Terry, Lampard, John Obi Mikel et bien d\u2019autres ont tous dit des choses similaires au cours des derni\u00e8res ann\u00e9es, comme la plupart d\u2019entre nous.<\/p>\n<p>Aucun d\u2019entre nous ne dit qu\u2019une jeune \u00e9quipe est mauvaise ou ne r\u00e9ussira pas. Une \u00e9quipe jeune est en fait un positif pour moi. Mais personne ne me convaincra jamais que ne pas ajouter plus d&#39;exp\u00e9rience, plus de leaders, plus de gagnants qui ont \u00e9t\u00e9 l\u00e0 et l&#39;ont fait (je parle d&#39;une exp\u00e9rience de QUALIT\u00c9 et pas d&#39;agents libres de Fulham ou de joueurs que je n&#39;ai m\u00eame jamais compl\u00e8tement \u00e9valu\u00e9s de toute fa\u00e7on au moment o\u00f9 nous les avons sign\u00e9s) ne nous aurait pas mis dans une meilleure position que ce que nous sommes d\u00e9j\u00e0 et si nous recrutions les bons profils, noms et joueurs exp\u00e9riment\u00e9s, nous serions d\u00e9j\u00e0 en comp\u00e9tition pour le titre, LA SAISON DERNI\u00c8RE. Je n&#39;en doute pas.<\/p>\n<p>Pourquoi ne voudriez-vous pas acc\u00e9l\u00e9rer votre \u00ab projet \u00bb et calmer tout le bruit qui l\u2019entoure ? Cela n&#39;a aucun sens pour moi. Mais c\u2019est logique, car c\u2019est ainsi que nous fonctionnons actuellement. Les meilleurs joueurs d\u2019\u00e9lite et les plus exp\u00e9riment\u00e9s vous co\u00fbteront toujours plus cher en salaires. C\u2019est donc pour cela qu\u2019on ne verra plus \u00e7a dans notre club. Soupir.<\/p>\n<p>Que cette \u00e9quipe y parvienne ou non reste un d\u00e9bat \u2013 je pense que ce sera le cas (si nous recrutons bien cet \u00e9t\u00e9). Mais m\u00eame si nous y parvenons, j&#39;y reviendrai toujours et je dirai que nous y serions arriv\u00e9s BEAUCOUP plus t\u00f4t si nous avions recrut\u00e9 des joueurs\/leaders exp\u00e9riment\u00e9s de qualit\u00e9 tout au long du chemin pour nous aider. Joe Cole est parfait, il faut ces voix dans le vestiaire et sur le terrain. Vous avez besoin de cette motivation en tant que jeune joueur. C&#39;est juste du bon sens \u00e0 ce stade. Vous avez besoin d\u2019une colonne vert\u00e9brale solide.<\/p>\n<p>De plus, je ne dis pas que le manque d\u2019exp\u00e9rience est notre seul probl\u00e8me. Nous manquons g\u00e9n\u00e9ralement de joueurs de niveau \u00e9lite maintenant, nous le constatons tous. Nous manquons \u00e9galement de physique et de durabilit\u00e9. Nous avons besoin de joueurs plus combatifs pour concourir en Premier League, car les \u00e9quipes \u00ab inf\u00e9rieures \u00bb nous battront uniquement gr\u00e2ce \u00e0 leur \u00e9nergie, leur intensit\u00e9, leur mentalit\u00e9 et leur physique, quelle que soit la diff\u00e9rence apparente de qualit\u00e9. Ce n\u2019est donc pas seulement une question d\u2019exp\u00e9rience.<\/p>\n<\/p><\/div>\n","protected":false},"excerpt":{"rendered":"<p>Peut-\u00eatre, juste peut-\u00eatre, que les joueurs qui \u00e9taient de CLASSE MONDIALE et qui ont fait partie des p\u00e9riodes les plus r\u00e9ussies de Chelsea, pourraient r\u00e9ellement<\/p>\n","protected":false},"author":1,"featured_media":32374,"comment_status":"closed","ping_status":"","sticky":false,"template":"","format":"standard","meta":{"footnotes":""},"categories":[3],"tags":[171,1122,11160,217,662,1796,501,663,93,51,3024,168,502],"yoast_head":"<!-- This site is optimized with the Yoast SEO plugin v21.0 - https:\/\/yoast.com\/wordpress\/plugins\/seo\/ -->\n<title>Il est temps pour les propri\u00e9taires de Chelsea d&#039;\u00e9couter John Terry, Joe Cole, Frank Lampard et co.<\/title>\n<meta name=\"robots\" content=\"index, follow, max-snippet:-1, max-image-preview:large, max-video-preview:-1\" \/>\n<link rel=\"canonical\" href=\"https:\/\/footdavant.fr\/actualites\/il-est-temps-pour-les-proprietaires-de-chelsea-decouter-john-terry-joe-cole-frank-lampard-et-co\/\" \/>\n<meta property=\"og:locale\" content=\"fr_FR\" \/>\n<meta property=\"og:type\" content=\"article\" \/>\n<meta property=\"og:title\" content=\"Il est temps pour les propri\u00e9taires de Chelsea d&#039;\u00e9couter John Terry, Joe Cole, Frank Lampard et co.\" \/>\n<meta property=\"og:description\" content=\"Peut-\u00eatre, juste peut-\u00eatre, que les joueurs qui \u00e9taient de CLASSE MONDIALE et qui ont fait partie des p\u00e9riodes les plus r\u00e9ussies de Chelsea, pourraient r\u00e9ellement\" \/>\n<meta property=\"og:url\" content=\"https:\/\/footdavant.fr\/actualites\/il-est-temps-pour-les-proprietaires-de-chelsea-decouter-john-terry-joe-cole-frank-lampard-et-co\/\" \/>\n<meta property=\"og:site_name\" content=\"Foot d&#039;avant\" \/>\n<meta property=\"article:publisher\" content=\"https:\/\/www.facebook.com\/Footdavant\/\" \/>\n<meta property=\"article:published_time\" content=\"2025-12-15T02:48:43+00:00\" \/>\n<meta property=\"article:modified_time\" content=\"2025-12-15T02:48:45+00:00\" \/>\n<meta property=\"og:image\" content=\"https:\/\/footdavant.fr\/actualites\/wp-content\/uploads\/2025\/12\/Il-est-temps-pour-les-proprietaires-de-Chelsea-d39ecouter-John.jpg\" \/>\n\t<meta property=\"og:image:width\" content=\"1000\" \/>\n\t<meta property=\"og:image:height\" content=\"600\" \/>\n\t<meta property=\"og:image:type\" content=\"image\/jpeg\" \/>\n<meta name=\"author\" content=\"Cl\u00e9ment\" \/>\n<meta name=\"twitter:card\" content=\"summary_large_image\" \/>\n<meta name=\"twitter:creator\" content=\"@FootdavantFr\" \/>\n<meta name=\"twitter:site\" content=\"@FootdavantFr\" \/>\n<meta name=\"twitter:label1\" content=\"\u00c9crit par\" \/>\n\t<meta name=\"twitter:data1\" content=\"Cl\u00e9ment\" \/>\n\t<meta name=\"twitter:label2\" content=\"Dur\u00e9e de lecture estim\u00e9e\" \/>\n\t<meta name=\"twitter:data2\" content=\"4 minutes\" \/>\n<script type=\"application\/ld+json\" class=\"yoast-schema-graph\">{\"@context\":\"https:\/\/schema.org\",\"@graph\":[{\"@type\":\"Article\",\"@id\":\"https:\/\/footdavant.fr\/actualites\/il-est-temps-pour-les-proprietaires-de-chelsea-decouter-john-terry-joe-cole-frank-lampard-et-co\/#article\",\"isPartOf\":{\"@id\":\"https:\/\/footdavant.fr\/actualites\/il-est-temps-pour-les-proprietaires-de-chelsea-decouter-john-terry-joe-cole-frank-lampard-et-co\/\"},\"author\":{\"name\":\"Cl\u00e9ment\",\"@id\":\"https:\/\/footdavant.fr\/actualites\/#\/schema\/person\/bc222566d95871b37e597b3ed3ba5e1d\"},\"headline\":\"Il est temps pour les propri\u00e9taires de Chelsea d&#39;\u00e9couter John Terry, Joe Cole, Frank Lampard et co.\",\"datePublished\":\"2025-12-15T02:48:43+00:00\",\"dateModified\":\"2025-12-15T02:48:45+00:00\",\"mainEntityOfPage\":{\"@id\":\"https:\/\/footdavant.fr\/actualites\/il-est-temps-pour-les-proprietaires-de-chelsea-decouter-john-terry-joe-cole-frank-lampard-et-co\/\"},\"wordCount\":750,\"publisher\":{\"@id\":\"https:\/\/footdavant.fr\/actualites\/#organization\"},\"keywords\":[\"Chelsea\",\"Cole\",\"d39\u00e9couter\",\"est\",\"Frank\",\"Joe\",\"John\",\"Lampard\",\"les\",\"pour\",\"propri\u00e9taires\",\"temps\",\"Terry\"],\"articleSection\":[\"Football\"],\"inLanguage\":\"fr-FR\"},{\"@type\":\"WebPage\",\"@id\":\"https:\/\/footdavant.fr\/actualites\/il-est-temps-pour-les-proprietaires-de-chelsea-decouter-john-terry-joe-cole-frank-lampard-et-co\/\",\"url\":\"https:\/\/footdavant.fr\/actualites\/il-est-temps-pour-les-proprietaires-de-chelsea-decouter-john-terry-joe-cole-frank-lampard-et-co\/\",\"name\":\"Il est temps pour les propri\u00e9taires de Chelsea d&#39;\u00e9couter John Terry, Joe Cole, Frank Lampard et co.\",\"isPartOf\":{\"@id\":\"https:\/\/footdavant.fr\/actualites\/#website\"},\"datePublished\":\"2025-12-15T02:48:43+00:00\",\"dateModified\":\"2025-12-15T02:48:45+00:00\",\"breadcrumb\":{\"@id\":\"https:\/\/footdavant.fr\/actualites\/il-est-temps-pour-les-proprietaires-de-chelsea-decouter-john-terry-joe-cole-frank-lampard-et-co\/#breadcrumb\"},\"inLanguage\":\"fr-FR\",\"potentialAction\":[{\"@type\":\"ReadAction\",\"target\":[\"https:\/\/footdavant.fr\/actualites\/il-est-temps-pour-les-proprietaires-de-chelsea-decouter-john-terry-joe-cole-frank-lampard-et-co\/\"]}]},{\"@type\":\"BreadcrumbList\",\"@id\":\"https:\/\/footdavant.fr\/actualites\/il-est-temps-pour-les-proprietaires-de-chelsea-decouter-john-terry-joe-cole-frank-lampard-et-co\/#breadcrumb\",\"itemListElement\":[{\"@type\":\"ListItem\",\"position\":1,\"name\":\"Accueil\",\"item\":\"https:\/\/footdavant.fr\/actualites\/\"},{\"@type\":\"ListItem\",\"position\":2,\"name\":\"Il est temps pour les propri\u00e9taires de Chelsea d&#39;\u00e9couter John Terry, Joe Cole, Frank Lampard et co.\"}]},{\"@type\":\"WebSite\",\"@id\":\"https:\/\/footdavant.fr\/actualites\/#website\",\"url\":\"https:\/\/footdavant.fr\/actualites\/\",\"name\":\"Foot d'avant\",\"description\":\"\",\"publisher\":{\"@id\":\"https:\/\/footdavant.fr\/actualites\/#organization\"},\"potentialAction\":[{\"@type\":\"SearchAction\",\"target\":{\"@type\":\"EntryPoint\",\"urlTemplate\":\"https:\/\/footdavant.fr\/actualites\/?s={search_term_string}\"},\"query-input\":\"required name=search_term_string\"}],\"inLanguage\":\"fr-FR\"},{\"@type\":\"Organization\",\"@id\":\"https:\/\/footdavant.fr\/actualites\/#organization\",\"name\":\"Foot d'avant\",\"url\":\"https:\/\/footdavant.fr\/actualites\/\",\"logo\":{\"@type\":\"ImageObject\",\"inLanguage\":\"fr-FR\",\"@id\":\"https:\/\/footdavant.fr\/actualites\/#\/schema\/logo\/image\/\",\"url\":\"https:\/\/footdavant.fr\/actualites\/wp-content\/uploads\/2023\/09\/Copy-of-FootDavant-Logo.png\",\"contentUrl\":\"https:\/\/footdavant.fr\/actualites\/wp-content\/uploads\/2023\/09\/Copy-of-FootDavant-Logo.png\",\"width\":936,\"height\":549,\"caption\":\"Foot d'avant\"},\"image\":{\"@id\":\"https:\/\/footdavant.fr\/actualites\/#\/schema\/logo\/image\/\"},\"sameAs\":[\"https:\/\/www.facebook.com\/Footdavant\/\",\"https:\/\/twitter.com\/FootdavantFr\",\"https:\/\/www.instagram.com\/footdavant.fr\/\"]},{\"@type\":\"Person\",\"@id\":\"https:\/\/footdavant.fr\/actualites\/#\/schema\/person\/bc222566d95871b37e597b3ed3ba5e1d\",\"name\":\"Cl\u00e9ment\",\"image\":{\"@type\":\"ImageObject\",\"inLanguage\":\"fr-FR\",\"@id\":\"https:\/\/footdavant.fr\/actualites\/#\/schema\/person\/image\/\",\"url\":\"https:\/\/secure.gravatar.com\/avatar\/7728b29aac2719421e1a9159b2254c44?s=96&d=mm&r=g\",\"contentUrl\":\"https:\/\/secure.gravatar.com\/avatar\/7728b29aac2719421e1a9159b2254c44?s=96&d=mm&r=g\",\"caption\":\"Cl\u00e9ment\"},\"sameAs\":[\"https:\/\/footdavant.fr\/\"]}]}<\/script>\n<!-- \/ Yoast SEO plugin. -->","yoast_head_json":{"title":"Il est temps pour les propri\u00e9taires de Chelsea d&#39;\u00e9couter John Terry, Joe Cole, Frank Lampard et co.","robots":{"index":"index","follow":"follow","max-snippet":"max-snippet:-1","max-image-preview":"max-image-preview:large","max-video-preview":"max-video-preview:-1"},"canonical":"https:\/\/footdavant.fr\/actualites\/il-est-temps-pour-les-proprietaires-de-chelsea-decouter-john-terry-joe-cole-frank-lampard-et-co\/","og_locale":"fr_FR","og_type":"article","og_title":"Il est temps pour les propri\u00e9taires de Chelsea d&#39;\u00e9couter John Terry, Joe Cole, Frank Lampard et co.","og_description":"Peut-\u00eatre, juste peut-\u00eatre, que les joueurs qui \u00e9taient de CLASSE MONDIALE et qui ont fait partie des p\u00e9riodes les plus r\u00e9ussies de Chelsea, pourraient r\u00e9ellement","og_url":"https:\/\/footdavant.fr\/actualites\/il-est-temps-pour-les-proprietaires-de-chelsea-decouter-john-terry-joe-cole-frank-lampard-et-co\/","og_site_name":"Foot d&#039;avant","article_publisher":"https:\/\/www.facebook.com\/Footdavant\/","article_published_time":"2025-12-15T02:48:43+00:00","article_modified_time":"2025-12-15T02:48:45+00:00","og_image":[{"width":1000,"height":600,"url":"https:\/\/footdavant.fr\/actualites\/wp-content\/uploads\/2025\/12\/Il-est-temps-pour-les-proprietaires-de-Chelsea-d39ecouter-John.jpg","type":"image\/jpeg"}],"author":"Cl\u00e9ment","twitter_card":"summary_large_image","twitter_creator":"@FootdavantFr","twitter_site":"@FootdavantFr","twitter_misc":{"\u00c9crit par":"Cl\u00e9ment","Dur\u00e9e de lecture estim\u00e9e":"4 minutes"},"schema":{"@context":"https:\/\/schema.org","@graph":[{"@type":"Article","@id":"https:\/\/footdavant.fr\/actualites\/il-est-temps-pour-les-proprietaires-de-chelsea-decouter-john-terry-joe-cole-frank-lampard-et-co\/#article","isPartOf":{"@id":"https:\/\/footdavant.fr\/actualites\/il-est-temps-pour-les-proprietaires-de-chelsea-decouter-john-terry-joe-cole-frank-lampard-et-co\/"},"author":{"name":"Cl\u00e9ment","@id":"https:\/\/footdavant.fr\/actualites\/#\/schema\/person\/bc222566d95871b37e597b3ed3ba5e1d"},"headline":"Il est temps pour les propri\u00e9taires de Chelsea d&#39;\u00e9couter John Terry, Joe Cole, Frank Lampard et co.","datePublished":"2025-12-15T02:48:43+00:00","dateModified":"2025-12-15T02:48:45+00:00","mainEntityOfPage":{"@id":"https:\/\/footdavant.fr\/actualites\/il-est-temps-pour-les-proprietaires-de-chelsea-decouter-john-terry-joe-cole-frank-lampard-et-co\/"},"wordCount":750,"publisher":{"@id":"https:\/\/footdavant.fr\/actualites\/#organization"},"keywords":["Chelsea","Cole","d39\u00e9couter","est","Frank","Joe","John","Lampard","les","pour","propri\u00e9taires","temps","Terry"],"articleSection":["Football"],"inLanguage":"fr-FR"},{"@type":"WebPage","@id":"https:\/\/footdavant.fr\/actualites\/il-est-temps-pour-les-proprietaires-de-chelsea-decouter-john-terry-joe-cole-frank-lampard-et-co\/","url":"https:\/\/footdavant.fr\/actualites\/il-est-temps-pour-les-proprietaires-de-chelsea-decouter-john-terry-joe-cole-frank-lampard-et-co\/","name":"Il est temps pour les propri\u00e9taires de Chelsea d&#39;\u00e9couter John Terry, Joe Cole, Frank Lampard et co.","isPartOf":{"@id":"https:\/\/footdavant.fr\/actualites\/#website"},"datePublished":"2025-12-15T02:48:43+00:00","dateModified":"2025-12-15T02:48:45+00:00","breadcrumb":{"@id":"https:\/\/footdavant.fr\/actualites\/il-est-temps-pour-les-proprietaires-de-chelsea-decouter-john-terry-joe-cole-frank-lampard-et-co\/#breadcrumb"},"inLanguage":"fr-FR","potentialAction":[{"@type":"ReadAction","target":["https:\/\/footdavant.fr\/actualites\/il-est-temps-pour-les-proprietaires-de-chelsea-decouter-john-terry-joe-cole-frank-lampard-et-co\/"]}]},{"@type":"BreadcrumbList","@id":"https:\/\/footdavant.fr\/actualites\/il-est-temps-pour-les-proprietaires-de-chelsea-decouter-john-terry-joe-cole-frank-lampard-et-co\/#breadcrumb","itemListElement":[{"@type":"ListItem","position":1,"name":"Accueil","item":"https:\/\/footdavant.fr\/actualites\/"},{"@type":"ListItem","position":2,"name":"Il est temps pour les propri\u00e9taires de Chelsea d&#39;\u00e9couter John Terry, Joe Cole, Frank Lampard et co."}]},{"@type":"WebSite","@id":"https:\/\/footdavant.fr\/actualites\/#website","url":"https:\/\/footdavant.fr\/actualites\/","name":"Foot d'avant","description":"","publisher":{"@id":"https:\/\/footdavant.fr\/actualites\/#organization"},"potentialAction":[{"@type":"SearchAction","target":{"@type":"EntryPoint","urlTemplate":"https:\/\/footdavant.fr\/actualites\/?s={search_term_string}"},"query-input":"required name=search_term_string"}],"inLanguage":"fr-FR"},{"@type":"Organization","@id":"https:\/\/footdavant.fr\/actualites\/#organization","name":"Foot d'avant","url":"https:\/\/footdavant.fr\/actualites\/","logo":{"@type":"ImageObject","inLanguage":"fr-FR","@id":"https:\/\/footdavant.fr\/actualites\/#\/schema\/logo\/image\/","url":"https:\/\/footdavant.fr\/actualites\/wp-content\/uploads\/2023\/09\/Copy-of-FootDavant-Logo.png","contentUrl":"https:\/\/footdavant.fr\/actualites\/wp-content\/uploads\/2023\/09\/Copy-of-FootDavant-Logo.png","width":936,"height":549,"caption":"Foot d'avant"},"image":{"@id":"https:\/\/footdavant.fr\/actualites\/#\/schema\/logo\/image\/"},"sameAs":["https:\/\/www.facebook.com\/Footdavant\/","https:\/\/twitter.com\/FootdavantFr","https:\/\/www.instagram.com\/footdavant.fr\/"]},{"@type":"Person","@id":"https:\/\/footdavant.fr\/actualites\/#\/schema\/person\/bc222566d95871b37e597b3ed3ba5e1d","name":"Cl\u00e9ment","image":{"@type":"ImageObject","inLanguage":"fr-FR","@id":"https:\/\/footdavant.fr\/actualites\/#\/schema\/person\/image\/","url":"https:\/\/secure.gravatar.com\/avatar\/7728b29aac2719421e1a9159b2254c44?s=96&d=mm&r=g","contentUrl":"https:\/\/secure.gravatar.com\/avatar\/7728b29aac2719421e1a9159b2254c44?s=96&d=mm&r=g","caption":"Cl\u00e9ment"},"sameAs":["https:\/\/footdavant.fr\/"]}]}},"_links":{"self":[{"href":"https:\/\/footdavant.fr\/actualites\/wp-json\/wp\/v2\/posts\/32373"}],"collection":[{"href":"https:\/\/footdavant.fr\/actualites\/wp-json\/wp\/v2\/posts"}],"about":[{"href":"https:\/\/footdavant.fr\/actualites\/wp-json\/wp\/v2\/types\/post"}],"author":[{"embeddable":true,"href":"https:\/\/footdavant.fr\/actualites\/wp-json\/wp\/v2\/users\/1"}],"replies":[{"embeddable":true,"href":"https:\/\/footdavant.fr\/actualites\/wp-json\/wp\/v2\/comments?post=32373"}],"version-history":[{"count":1,"href":"https:\/\/footdavant.fr\/actualites\/wp-json\/wp\/v2\/posts\/32373\/revisions"}],"predecessor-version":[{"id":32375,"href":"https:\/\/footdavant.fr\/actualites\/wp-json\/wp\/v2\/posts\/32373\/revisions\/32375"}],"wp:featuredmedia":[{"embeddable":true,"href":"https:\/\/footdavant.fr\/actualites\/wp-json\/wp\/v2\/media\/32374"}],"wp:attachment":[{"href":"https:\/\/footdavant.fr\/actualites\/wp-json\/wp\/v2\/media?parent=32373"}],"wp:term":[{"taxonomy":"category","embeddable":true,"href":"https:\/\/footdavant.fr\/actualites\/wp-json\/wp\/v2\/categories?post=32373"},{"taxonomy":"post_tag","embeddable":true,"href":"https:\/\/footdavant.fr\/actualites\/wp-json\/wp\/v2\/tags?post=32373"}],"curies":[{"name":"wp","href":"https:\/\/api.w.org\/{rel}","templated":true}]}}