{"id":32376,"date":"2025-12-15T05:48:54","date_gmt":"2025-12-15T04:48:54","guid":{"rendered":"https:\/\/footdavant.fr\/actualites\/nouvelles-du-transfert-de-manchester-united-carlos-baleba-aborde-la-periode-de-stress-a-brighton-hove-albion-au-milieu-des-rumeurs-de-depart\/"},"modified":"2025-12-15T05:48:56","modified_gmt":"2025-12-15T04:48:56","slug":"nouvelles-du-transfert-de-manchester-united-carlos-baleba-aborde-la-periode-de-stress-a-brighton-hove-albion-au-milieu-des-rumeurs-de-depart","status":"publish","type":"post","link":"https:\/\/footdavant.fr\/actualites\/nouvelles-du-transfert-de-manchester-united-carlos-baleba-aborde-la-periode-de-stress-a-brighton-hove-albion-au-milieu-des-rumeurs-de-depart\/","title":{"rendered":"Nouvelles du transfert de Manchester United: Carlos Baleba aborde la \u00ab\u00a0p\u00e9riode de stress\u00a0\u00bb \u00e0 Brighton &#038; Hove Albion au milieu des rumeurs de d\u00e9part"},"content":{"rendered":"<div itemprop=\"articleBody\">\n<p>Le milieu de terrain de Brighton &#038; Hove Albion, Carlos Baleba, a admis que les sp\u00e9culations sur un transfert le liant \u00e0 Manchester United avaient ajout\u00e9 une pression suppl\u00e9mentaire au d\u00e9but de la saison.<\/p>\n<p>Le milieu de terrain des Seagulls a connu une campagne 2025-26 mitig\u00e9e, le joueur de 21 ans ayant \u00e9t\u00e9 remplac\u00e9 14 fois cette saison.<\/p>\n<p>Les supporters de Brighton ont \u00e9mis l&#39;hypoth\u00e8se que ses performances \u00e9taient dues au fait qu&#39;il n&#39;avait pas r\u00e9ussi \u00e0 obtenir un transfert \u00e0 Manchester United lors du mercato d&#39;\u00e9t\u00e9.<\/p>\n<p>S&#39;adressant aux journalistes apr\u00e8s la d\u00e9faite 2-0 de son \u00e9quipe contre Liverpool dimanche, Baleba a r\u00e9fut\u00e9 les affirmations selon lesquelles les rumeurs de transfert l&#39;auraient impact\u00e9 n\u00e9gativement, mais a admis qu&#39;elles avaient ajout\u00e9 une pression sur ses \u00e9paules, d\u00e9clarant : \u00ab\u00a0Je ne pense pas que cela m&#39;ait affect\u00e9 n\u00e9gativement, mais j&#39;avais beaucoup de pression sur moi.<\/p>\n<p>\u00ab\u00a0Quand j&#39;ai commenc\u00e9 cette saison, je voulais montrer les m\u00eames performances que la saison derni\u00e8re. Chaque jour, j&#39;essaie de travailler dur et de revenir \u00e0 mon niveau. Est-ce que je me suis mis trop de pression ? Oui, je pense que oui, mais je pense que c&#39;est bien. C&#39;est bien pour moi.<\/p>\n<p>\u00ab\u00a0Maintenant, je dois traverser cette p\u00e9riode un peu stressante, remonter \u00e0 cheval et continuer \u00e0 travailler dur.\u00a0\u00bb<\/p>\n<p>Baleba jouera pour le Cameroun \u00e0 la Coupe d&#39;Afrique des Nations et pourrait \u00eatre indisponible jusqu&#39;\u00e0 la fin du tournoi, le 18 janvier.<\/p>\n<div>\n<div>\n<div>\n<div>\n<div>\n<div>\n<p>\u00a9 Imago \/ Photo Presse Sportive<\/p>\n<\/div>\n<\/div>\n<\/div>\n<\/div>\n<\/div>\n<\/div>\n<h2>Ruben Amorim devrait-il signer Carlos Baleba en janvier ?<\/h2>\n<p>Manchester United a la chance que les \u00e9quipes en comp\u00e9tition pour les places en Ligue des champions aient \u00e9t\u00e9 incoh\u00e9rentes cette saison, des \u00e9quipes comme Chelsea, Newcastle United et Liverpool n&#39;ayant pas r\u00e9ussi \u00e0 impressionner par moments.<\/p>\n<p>L&#39;\u00e9quipe de Ruben Amorim est huiti\u00e8me avec 25 points mais pourrait atteindre la quatri\u00e8me place si elle battait Bournemouth lundi, et l&#39;\u00e9quipe a de bonnes chances de terminer dans le top quatre.<\/p>\n<p>La signature d&#39;un milieu de terrain en janvier pourrait donner au club le coup de pouce dont il a besoin pour franchir la ligne, et \u00e9tant donn\u00e9 que Baleba est beaucoup plus mobile et \u00e9nergique que Bruno Fernandes et Casemiro hors possession, il ajouterait consid\u00e9rablement \u00e0 l&#39;\u00e9quipe.<\/p>\n<p>Il convient de noter que l&#39;international camerounais n&#39;est pas un passeur particuli\u00e8rement fort et a parfois eu du mal \u00e0 se d\u00e9velopper depuis l&#39;arri\u00e8re. Il est donc peu probable qu&#39;il r\u00e9solve les probl\u00e8mes de ballon des Diables Rouges.<\/p>\n<div>\n<div>\n<div>\n<div>\n<div>\n<div><img decoding=\"async\" data-img-id=\"151753\" class=\"lazy\" loading=\"lazy\" src=\"https:\/\/footdavant.fr\/actualites\/wp-content\/uploads\/2025\/12\/1765774134_672_Nouvelles-du-transfert-de-Manchester-United-Carlos-Baleba-aborde-la.webp\"\/><\/p>\n<p>\u00a9 Imago<\/p>\n<\/div>\n<\/div>\n<\/div>\n<\/div>\n<\/div>\n<\/div>\n<p>United a \u00e9galement \u00e9t\u00e9 cr\u00e9dit\u00e9 d&#39;un int\u00e9r\u00eat pour la star de Crystal Palace, Adam Wharton, et le milieu de terrain de Nottingham Forest, Elliot Anderson, et tous deux pourraient \u00eatre des cibles cl\u00e9s dans les mois \u00e0 venir.<\/p>\n<p>Un seul ajout au cours des deux prochaines fen\u00eatres de transfert serait certainement insuffisant \u00e9tant donn\u00e9 que le contrat de Casemiro expirera \u00e0 la fin de la saison, tandis que Bruno Fernandes a 31 ans et pourrait vraisemblablement conna\u00eetre une baisse de ses performances.<\/p>\n<p>Si les Diables Rouges signent Baleba, faire appel \u00e0 un passeur progressiste serait b\u00e9n\u00e9fique, Anderson et Wharton excellant tous deux en possession.<\/p>\n<p>Si Amorim remporte la Ligue des Champions la saison prochaine, il pourrait \u00eatre bien plac\u00e9 pour superviser une r\u00e9volution dans l&#39;\u00e9quipe de jeu l&#39;\u00e9t\u00e9 prochain, et il y aurait de l&#39;optimisme quant aux chances de l&#39;\u00e9quipe de se rapprocher d&#39;Arsenal et de Manchester City en 2026-27.<\/p>\n<\/div>\n","protected":false},"excerpt":{"rendered":"<p>Le milieu de terrain de Brighton &#038; Hove Albion, Carlos Baleba, a admis que les sp\u00e9culations sur un transfert le liant \u00e0 Manchester United avaient<\/p>\n","protected":false},"author":1,"featured_media":32377,"comment_status":"closed","ping_status":"","sticky":false,"template":"","format":"standard","meta":{"footnotes":""},"categories":[5],"tags":[1922,351,9066,349,867,560,12,350,11,441,461,273,976,4835,700,13],"yoast_head":"<!-- This site is optimized with the Yoast SEO plugin v21.0 - https:\/\/yoast.com\/wordpress\/plugins\/seo\/ -->\n<title>Nouvelles du transfert de Manchester United: Carlos Baleba aborde la &quot;p\u00e9riode de stress&quot; \u00e0 Brighton &amp; Hove Albion au milieu des rumeurs de d\u00e9part<\/title>\n<meta name=\"robots\" content=\"index, follow, max-snippet:-1, max-image-preview:large, max-video-preview:-1\" \/>\n<link rel=\"canonical\" href=\"https:\/\/footdavant.fr\/actualites\/nouvelles-du-transfert-de-manchester-united-carlos-baleba-aborde-la-periode-de-stress-a-brighton-hove-albion-au-milieu-des-rumeurs-de-depart\/\" \/>\n<meta property=\"og:locale\" content=\"fr_FR\" \/>\n<meta property=\"og:type\" content=\"article\" \/>\n<meta property=\"og:title\" content=\"Nouvelles du transfert de Manchester United: Carlos Baleba aborde la &quot;p\u00e9riode de stress&quot; \u00e0 Brighton &amp; Hove Albion au milieu des rumeurs de d\u00e9part\" \/>\n<meta property=\"og:description\" content=\"Le milieu de terrain de Brighton &#038; Hove Albion, Carlos Baleba, a admis que les sp\u00e9culations sur un transfert le liant \u00e0 Manchester United avaient\" \/>\n<meta property=\"og:url\" content=\"https:\/\/footdavant.fr\/actualites\/nouvelles-du-transfert-de-manchester-united-carlos-baleba-aborde-la-periode-de-stress-a-brighton-hove-albion-au-milieu-des-rumeurs-de-depart\/\" \/>\n<meta property=\"og:site_name\" content=\"Foot d&#039;avant\" \/>\n<meta property=\"article:publisher\" content=\"https:\/\/www.facebook.com\/Footdavant\/\" \/>\n<meta property=\"article:published_time\" content=\"2025-12-15T04:48:54+00:00\" \/>\n<meta property=\"article:modified_time\" content=\"2025-12-15T04:48:56+00:00\" \/>\n<meta property=\"og:image\" content=\"https:\/\/footdavant.fr\/actualites\/wp-content\/uploads\/2025\/12\/Nouvelles-du-transfert-de-Manchester-United-Carlos-Baleba-aborde-la.net2Fuploads2F20252F122Fimago1068246596.webp\" \/>\n\t<meta property=\"og:image:width\" content=\"720\" \/>\n\t<meta property=\"og:image:height\" content=\"410\" \/>\n\t<meta property=\"og:image:type\" content=\"image\/webp\" \/>\n<meta name=\"author\" content=\"Cl\u00e9ment\" \/>\n<meta name=\"twitter:card\" content=\"summary_large_image\" \/>\n<meta name=\"twitter:creator\" content=\"@FootdavantFr\" \/>\n<meta name=\"twitter:site\" content=\"@FootdavantFr\" \/>\n<meta name=\"twitter:label1\" content=\"\u00c9crit par\" \/>\n\t<meta name=\"twitter:data1\" content=\"Cl\u00e9ment\" \/>\n\t<meta name=\"twitter:label2\" content=\"Dur\u00e9e de lecture estim\u00e9e\" \/>\n\t<meta name=\"twitter:data2\" content=\"3 minutes\" \/>\n<script type=\"application\/ld+json\" class=\"yoast-schema-graph\">{\"@context\":\"https:\/\/schema.org\",\"@graph\":[{\"@type\":\"Article\",\"@id\":\"https:\/\/footdavant.fr\/actualites\/nouvelles-du-transfert-de-manchester-united-carlos-baleba-aborde-la-periode-de-stress-a-brighton-hove-albion-au-milieu-des-rumeurs-de-depart\/#article\",\"isPartOf\":{\"@id\":\"https:\/\/footdavant.fr\/actualites\/nouvelles-du-transfert-de-manchester-united-carlos-baleba-aborde-la-periode-de-stress-a-brighton-hove-albion-au-milieu-des-rumeurs-de-depart\/\"},\"author\":{\"name\":\"Cl\u00e9ment\",\"@id\":\"https:\/\/footdavant.fr\/actualites\/#\/schema\/person\/bc222566d95871b37e597b3ed3ba5e1d\"},\"headline\":\"Nouvelles du transfert de Manchester United: Carlos Baleba aborde la \u00ab\u00a0p\u00e9riode de stress\u00a0\u00bb \u00e0 Brighton &#038; Hove Albion au milieu des rumeurs de d\u00e9part\",\"datePublished\":\"2025-12-15T04:48:54+00:00\",\"dateModified\":\"2025-12-15T04:48:56+00:00\",\"mainEntityOfPage\":{\"@id\":\"https:\/\/footdavant.fr\/actualites\/nouvelles-du-transfert-de-manchester-united-carlos-baleba-aborde-la-periode-de-stress-a-brighton-hove-albion-au-milieu-des-rumeurs-de-depart\/\"},\"wordCount\":619,\"publisher\":{\"@id\":\"https:\/\/footdavant.fr\/actualites\/#organization\"},\"keywords\":[\"aborde\",\"Albion\",\"Baleba\",\"Brighton\",\"Carlos\",\"d\u00e9part\",\"des\",\"Hove\",\"Manchester\",\"milieu\",\"Nouvelles\",\"p\u00e9riode\",\"rumeurs\",\"stress\",\"transfert\",\"United\"],\"articleSection\":[\"Premier League\"],\"inLanguage\":\"fr-FR\"},{\"@type\":\"WebPage\",\"@id\":\"https:\/\/footdavant.fr\/actualites\/nouvelles-du-transfert-de-manchester-united-carlos-baleba-aborde-la-periode-de-stress-a-brighton-hove-albion-au-milieu-des-rumeurs-de-depart\/\",\"url\":\"https:\/\/footdavant.fr\/actualites\/nouvelles-du-transfert-de-manchester-united-carlos-baleba-aborde-la-periode-de-stress-a-brighton-hove-albion-au-milieu-des-rumeurs-de-depart\/\",\"name\":\"Nouvelles du transfert de Manchester United: Carlos Baleba aborde la \\\"p\u00e9riode de stress\\\" \u00e0 Brighton & Hove Albion au milieu des rumeurs de d\u00e9part\",\"isPartOf\":{\"@id\":\"https:\/\/footdavant.fr\/actualites\/#website\"},\"datePublished\":\"2025-12-15T04:48:54+00:00\",\"dateModified\":\"2025-12-15T04:48:56+00:00\",\"breadcrumb\":{\"@id\":\"https:\/\/footdavant.fr\/actualites\/nouvelles-du-transfert-de-manchester-united-carlos-baleba-aborde-la-periode-de-stress-a-brighton-hove-albion-au-milieu-des-rumeurs-de-depart\/#breadcrumb\"},\"inLanguage\":\"fr-FR\",\"potentialAction\":[{\"@type\":\"ReadAction\",\"target\":[\"https:\/\/footdavant.fr\/actualites\/nouvelles-du-transfert-de-manchester-united-carlos-baleba-aborde-la-periode-de-stress-a-brighton-hove-albion-au-milieu-des-rumeurs-de-depart\/\"]}]},{\"@type\":\"BreadcrumbList\",\"@id\":\"https:\/\/footdavant.fr\/actualites\/nouvelles-du-transfert-de-manchester-united-carlos-baleba-aborde-la-periode-de-stress-a-brighton-hove-albion-au-milieu-des-rumeurs-de-depart\/#breadcrumb\",\"itemListElement\":[{\"@type\":\"ListItem\",\"position\":1,\"name\":\"Accueil\",\"item\":\"https:\/\/footdavant.fr\/actualites\/\"},{\"@type\":\"ListItem\",\"position\":2,\"name\":\"Nouvelles du transfert de Manchester United: Carlos Baleba aborde la \u00ab\u00a0p\u00e9riode de stress\u00a0\u00bb \u00e0 Brighton &#038; Hove Albion au milieu des rumeurs de d\u00e9part\"}]},{\"@type\":\"WebSite\",\"@id\":\"https:\/\/footdavant.fr\/actualites\/#website\",\"url\":\"https:\/\/footdavant.fr\/actualites\/\",\"name\":\"Foot d'avant\",\"description\":\"\",\"publisher\":{\"@id\":\"https:\/\/footdavant.fr\/actualites\/#organization\"},\"potentialAction\":[{\"@type\":\"SearchAction\",\"target\":{\"@type\":\"EntryPoint\",\"urlTemplate\":\"https:\/\/footdavant.fr\/actualites\/?s={search_term_string}\"},\"query-input\":\"required name=search_term_string\"}],\"inLanguage\":\"fr-FR\"},{\"@type\":\"Organization\",\"@id\":\"https:\/\/footdavant.fr\/actualites\/#organization\",\"name\":\"Foot d'avant\",\"url\":\"https:\/\/footdavant.fr\/actualites\/\",\"logo\":{\"@type\":\"ImageObject\",\"inLanguage\":\"fr-FR\",\"@id\":\"https:\/\/footdavant.fr\/actualites\/#\/schema\/logo\/image\/\",\"url\":\"https:\/\/footdavant.fr\/actualites\/wp-content\/uploads\/2023\/09\/Copy-of-FootDavant-Logo.png\",\"contentUrl\":\"https:\/\/footdavant.fr\/actualites\/wp-content\/uploads\/2023\/09\/Copy-of-FootDavant-Logo.png\",\"width\":936,\"height\":549,\"caption\":\"Foot d'avant\"},\"image\":{\"@id\":\"https:\/\/footdavant.fr\/actualites\/#\/schema\/logo\/image\/\"},\"sameAs\":[\"https:\/\/www.facebook.com\/Footdavant\/\",\"https:\/\/twitter.com\/FootdavantFr\",\"https:\/\/www.instagram.com\/footdavant.fr\/\"]},{\"@type\":\"Person\",\"@id\":\"https:\/\/footdavant.fr\/actualites\/#\/schema\/person\/bc222566d95871b37e597b3ed3ba5e1d\",\"name\":\"Cl\u00e9ment\",\"image\":{\"@type\":\"ImageObject\",\"inLanguage\":\"fr-FR\",\"@id\":\"https:\/\/footdavant.fr\/actualites\/#\/schema\/person\/image\/\",\"url\":\"https:\/\/secure.gravatar.com\/avatar\/7728b29aac2719421e1a9159b2254c44?s=96&d=mm&r=g\",\"contentUrl\":\"https:\/\/secure.gravatar.com\/avatar\/7728b29aac2719421e1a9159b2254c44?s=96&d=mm&r=g\",\"caption\":\"Cl\u00e9ment\"},\"sameAs\":[\"https:\/\/footdavant.fr\/\"]}]}<\/script>\n<!-- \/ Yoast SEO plugin. -->","yoast_head_json":{"title":"Nouvelles du transfert de Manchester United: Carlos Baleba aborde la \"p\u00e9riode de stress\" \u00e0 Brighton & Hove Albion au milieu des rumeurs de d\u00e9part","robots":{"index":"index","follow":"follow","max-snippet":"max-snippet:-1","max-image-preview":"max-image-preview:large","max-video-preview":"max-video-preview:-1"},"canonical":"https:\/\/footdavant.fr\/actualites\/nouvelles-du-transfert-de-manchester-united-carlos-baleba-aborde-la-periode-de-stress-a-brighton-hove-albion-au-milieu-des-rumeurs-de-depart\/","og_locale":"fr_FR","og_type":"article","og_title":"Nouvelles du transfert de Manchester United: Carlos Baleba aborde la \"p\u00e9riode de stress\" \u00e0 Brighton & Hove Albion au milieu des rumeurs de d\u00e9part","og_description":"Le milieu de terrain de Brighton &#038; Hove Albion, Carlos Baleba, a admis que les sp\u00e9culations sur un transfert le liant \u00e0 Manchester United avaient","og_url":"https:\/\/footdavant.fr\/actualites\/nouvelles-du-transfert-de-manchester-united-carlos-baleba-aborde-la-periode-de-stress-a-brighton-hove-albion-au-milieu-des-rumeurs-de-depart\/","og_site_name":"Foot d&#039;avant","article_publisher":"https:\/\/www.facebook.com\/Footdavant\/","article_published_time":"2025-12-15T04:48:54+00:00","article_modified_time":"2025-12-15T04:48:56+00:00","og_image":[{"width":720,"height":410,"url":"https:\/\/footdavant.fr\/actualites\/wp-content\/uploads\/2025\/12\/Nouvelles-du-transfert-de-Manchester-United-Carlos-Baleba-aborde-la.net2Fuploads2F20252F122Fimago1068246596.webp","type":"image\/webp"}],"author":"Cl\u00e9ment","twitter_card":"summary_large_image","twitter_creator":"@FootdavantFr","twitter_site":"@FootdavantFr","twitter_misc":{"\u00c9crit par":"Cl\u00e9ment","Dur\u00e9e de lecture estim\u00e9e":"3 minutes"},"schema":{"@context":"https:\/\/schema.org","@graph":[{"@type":"Article","@id":"https:\/\/footdavant.fr\/actualites\/nouvelles-du-transfert-de-manchester-united-carlos-baleba-aborde-la-periode-de-stress-a-brighton-hove-albion-au-milieu-des-rumeurs-de-depart\/#article","isPartOf":{"@id":"https:\/\/footdavant.fr\/actualites\/nouvelles-du-transfert-de-manchester-united-carlos-baleba-aborde-la-periode-de-stress-a-brighton-hove-albion-au-milieu-des-rumeurs-de-depart\/"},"author":{"name":"Cl\u00e9ment","@id":"https:\/\/footdavant.fr\/actualites\/#\/schema\/person\/bc222566d95871b37e597b3ed3ba5e1d"},"headline":"Nouvelles du transfert de Manchester United: Carlos Baleba aborde la \u00ab\u00a0p\u00e9riode de stress\u00a0\u00bb \u00e0 Brighton &#038; Hove Albion au milieu des rumeurs de d\u00e9part","datePublished":"2025-12-15T04:48:54+00:00","dateModified":"2025-12-15T04:48:56+00:00","mainEntityOfPage":{"@id":"https:\/\/footdavant.fr\/actualites\/nouvelles-du-transfert-de-manchester-united-carlos-baleba-aborde-la-periode-de-stress-a-brighton-hove-albion-au-milieu-des-rumeurs-de-depart\/"},"wordCount":619,"publisher":{"@id":"https:\/\/footdavant.fr\/actualites\/#organization"},"keywords":["aborde","Albion","Baleba","Brighton","Carlos","d\u00e9part","des","Hove","Manchester","milieu","Nouvelles","p\u00e9riode","rumeurs","stress","transfert","United"],"articleSection":["Premier League"],"inLanguage":"fr-FR"},{"@type":"WebPage","@id":"https:\/\/footdavant.fr\/actualites\/nouvelles-du-transfert-de-manchester-united-carlos-baleba-aborde-la-periode-de-stress-a-brighton-hove-albion-au-milieu-des-rumeurs-de-depart\/","url":"https:\/\/footdavant.fr\/actualites\/nouvelles-du-transfert-de-manchester-united-carlos-baleba-aborde-la-periode-de-stress-a-brighton-hove-albion-au-milieu-des-rumeurs-de-depart\/","name":"Nouvelles du transfert de Manchester United: Carlos Baleba aborde la \"p\u00e9riode de stress\" \u00e0 Brighton & Hove Albion au milieu des rumeurs de d\u00e9part","isPartOf":{"@id":"https:\/\/footdavant.fr\/actualites\/#website"},"datePublished":"2025-12-15T04:48:54+00:00","dateModified":"2025-12-15T04:48:56+00:00","breadcrumb":{"@id":"https:\/\/footdavant.fr\/actualites\/nouvelles-du-transfert-de-manchester-united-carlos-baleba-aborde-la-periode-de-stress-a-brighton-hove-albion-au-milieu-des-rumeurs-de-depart\/#breadcrumb"},"inLanguage":"fr-FR","potentialAction":[{"@type":"ReadAction","target":["https:\/\/footdavant.fr\/actualites\/nouvelles-du-transfert-de-manchester-united-carlos-baleba-aborde-la-periode-de-stress-a-brighton-hove-albion-au-milieu-des-rumeurs-de-depart\/"]}]},{"@type":"BreadcrumbList","@id":"https:\/\/footdavant.fr\/actualites\/nouvelles-du-transfert-de-manchester-united-carlos-baleba-aborde-la-periode-de-stress-a-brighton-hove-albion-au-milieu-des-rumeurs-de-depart\/#breadcrumb","itemListElement":[{"@type":"ListItem","position":1,"name":"Accueil","item":"https:\/\/footdavant.fr\/actualites\/"},{"@type":"ListItem","position":2,"name":"Nouvelles du transfert de Manchester United: Carlos Baleba aborde la \u00ab\u00a0p\u00e9riode de stress\u00a0\u00bb \u00e0 Brighton &#038; Hove Albion au milieu des rumeurs de d\u00e9part"}]},{"@type":"WebSite","@id":"https:\/\/footdavant.fr\/actualites\/#website","url":"https:\/\/footdavant.fr\/actualites\/","name":"Foot d'avant","description":"","publisher":{"@id":"https:\/\/footdavant.fr\/actualites\/#organization"},"potentialAction":[{"@type":"SearchAction","target":{"@type":"EntryPoint","urlTemplate":"https:\/\/footdavant.fr\/actualites\/?s={search_term_string}"},"query-input":"required name=search_term_string"}],"inLanguage":"fr-FR"},{"@type":"Organization","@id":"https:\/\/footdavant.fr\/actualites\/#organization","name":"Foot d'avant","url":"https:\/\/footdavant.fr\/actualites\/","logo":{"@type":"ImageObject","inLanguage":"fr-FR","@id":"https:\/\/footdavant.fr\/actualites\/#\/schema\/logo\/image\/","url":"https:\/\/footdavant.fr\/actualites\/wp-content\/uploads\/2023\/09\/Copy-of-FootDavant-Logo.png","contentUrl":"https:\/\/footdavant.fr\/actualites\/wp-content\/uploads\/2023\/09\/Copy-of-FootDavant-Logo.png","width":936,"height":549,"caption":"Foot d'avant"},"image":{"@id":"https:\/\/footdavant.fr\/actualites\/#\/schema\/logo\/image\/"},"sameAs":["https:\/\/www.facebook.com\/Footdavant\/","https:\/\/twitter.com\/FootdavantFr","https:\/\/www.instagram.com\/footdavant.fr\/"]},{"@type":"Person","@id":"https:\/\/footdavant.fr\/actualites\/#\/schema\/person\/bc222566d95871b37e597b3ed3ba5e1d","name":"Cl\u00e9ment","image":{"@type":"ImageObject","inLanguage":"fr-FR","@id":"https:\/\/footdavant.fr\/actualites\/#\/schema\/person\/image\/","url":"https:\/\/secure.gravatar.com\/avatar\/7728b29aac2719421e1a9159b2254c44?s=96&d=mm&r=g","contentUrl":"https:\/\/secure.gravatar.com\/avatar\/7728b29aac2719421e1a9159b2254c44?s=96&d=mm&r=g","caption":"Cl\u00e9ment"},"sameAs":["https:\/\/footdavant.fr\/"]}]}},"_links":{"self":[{"href":"https:\/\/footdavant.fr\/actualites\/wp-json\/wp\/v2\/posts\/32376"}],"collection":[{"href":"https:\/\/footdavant.fr\/actualites\/wp-json\/wp\/v2\/posts"}],"about":[{"href":"https:\/\/footdavant.fr\/actualites\/wp-json\/wp\/v2\/types\/post"}],"author":[{"embeddable":true,"href":"https:\/\/footdavant.fr\/actualites\/wp-json\/wp\/v2\/users\/1"}],"replies":[{"embeddable":true,"href":"https:\/\/footdavant.fr\/actualites\/wp-json\/wp\/v2\/comments?post=32376"}],"version-history":[{"count":1,"href":"https:\/\/footdavant.fr\/actualites\/wp-json\/wp\/v2\/posts\/32376\/revisions"}],"predecessor-version":[{"id":32378,"href":"https:\/\/footdavant.fr\/actualites\/wp-json\/wp\/v2\/posts\/32376\/revisions\/32378"}],"wp:featuredmedia":[{"embeddable":true,"href":"https:\/\/footdavant.fr\/actualites\/wp-json\/wp\/v2\/media\/32377"}],"wp:attachment":[{"href":"https:\/\/footdavant.fr\/actualites\/wp-json\/wp\/v2\/media?parent=32376"}],"wp:term":[{"taxonomy":"category","embeddable":true,"href":"https:\/\/footdavant.fr\/actualites\/wp-json\/wp\/v2\/categories?post=32376"},{"taxonomy":"post_tag","embeddable":true,"href":"https:\/\/footdavant.fr\/actualites\/wp-json\/wp\/v2\/tags?post=32376"}],"curies":[{"name":"wp","href":"https:\/\/api.w.org\/{rel}","templated":true}]}}