{"id":32379,"date":"2025-12-15T07:48:07","date_gmt":"2025-12-15T06:48:07","guid":{"rendered":"https:\/\/footdavant.fr\/actualites\/carragher-vise-ferdinand-apres-le-moment-de-salah\/"},"modified":"2025-12-15T07:48:10","modified_gmt":"2025-12-15T06:48:10","slug":"carragher-vise-ferdinand-apres-le-moment-de-salah","status":"publish","type":"post","link":"https:\/\/footdavant.fr\/actualites\/carragher-vise-ferdinand-apres-le-moment-de-salah\/","title":{"rendered":"Carragher vise Ferdinand apr\u00e8s le moment de Salah"},"content":{"rendered":"<div id=\"article-body\">\n<!-- Article Start --><\/p>\n<p>Un moment familier \u00e0 Liverpool \u00e0 Anfield a fini par d\u00e9clencher un d\u00e9bat qui a r\u00e9v\u00e9l\u00e9 bien plus de perspective que de provocation.<\/p>\n<p>Jamie Carragher s&#39;est retrouv\u00e9 impliqu\u00e9 dans un \u00e9change public avec Rio Ferdinand apr\u00e8s que le nom de Mo Salah ait retenti dans le Kop lors de notre victoire 2-0 contre Brighton.<\/p>\n<p>L&#39;ancien d\u00e9fenseur de Manchester United a tagu\u00e9 la l\u00e9gende de Liverpool sur X, lui demandant son avis sur le chant.<\/p>\n<p>La r\u00e9ponse de Carragher a \u00e9t\u00e9 imm\u00e9diate et sans excuse.<\/p>\n<p>  \u00bb a r\u00e9pondu l&#39;ancien d\u00e9fenseur central, avant de se tourner brusquement vers le prix des billets pour la FIFA et la Coupe du Monde.<\/p>\n<h2>La position de Carragher refl\u00e8te la perspective de Liverpool<\/h2>\n<figure class=\"wp-caption alignnone\"><picture><source type=\"image\/webp\" data- data-><\/source><\/picture><\/figure>\n<p>Le point cl\u00e9 n\u2019\u00e9tait pas la dispute elle-m\u00eame mais ce que Carragher a choisi de souligner.<\/p>\n<p>L&#39;expert de Sky Sports a critiqu\u00e9 les commentaires de Salah apr\u00e8s le tirage au sort de Leeds, tout en s\u00e9parant toujours les performances, les principes et les normes.<\/p>\n<p>Cet \u00e9quilibre compte \u00e0 Liverpool.<\/p>\n<p>Salah est sorti du banc contre Brighton et a d\u00e9livr\u00e9 une passe d\u00e9cisive, aidant Hugo Ekitike \u00e0 obtenir un autre doubl\u00e9 d\u00e9cisif \u00e0 Anfield.<\/p>\n<p>La reconnaissance par Carragher de l\u2019impact de Salah correspondait \u00e0 ce que nous avons vu sur le terrain plut\u00f4t qu\u2019\u00e0 ce qui faisait la une des journaux.<\/p>\n<p>Cela fait \u00e9galement \u00e9cho \u00e0 ce que le co\u00e9quipier de l&#39;international \u00e9gyptien a dit apr\u00e8s le match, lorsque Curtis Jones a expliqu\u00e9 :<\/p>\n<p>Cette distinction compte au sein d\u2019un vestiaire qui est rest\u00e9 uni.<\/p>\n<h2>Carragher et Slot en ressortent renforc\u00e9s<\/h2>\n<figure class=\"wp-caption alignnone\"><picture><source type=\"image\/webp\" data- data-><img loading=\"lazy\" decoding=\"async\" width=\"1500\" height=\"1000\" src=\"https:\/\/footdavant.fr\/actualites\/wp-content\/uploads\/2025\/12\/1765781287_295_Carragher-vise-Ferdinand-apres-le-moment-de-Salah.jpg\" class=\"lazyload wp-image-281903 has-webp\" alt=\"Arne Slot fait la f\u00eate avec les fans de Liverpool apr\u00e8s Brighton\"  data- style=\"aspect-ratio:1500\/1000;max-width:1500px\"\/><\/source><\/picture><\/figure>\n<p>Ce qui a discr\u00e8tement chang\u00e9 cette semaine, ce n\u2019est pas la position de Salah, mais l\u2019autorit\u00e9 d\u2019Arne Slot.<\/p>\n<p>Arne Slot a laiss\u00e9 Salah hors du voyage \u00e0 Milan, puis l&#39;a ramen\u00e9 contre Brighton selon ses propres conditions.<\/p>\n<p>Carragher lui-m\u00eame l&#39;a soulign\u00e9 dans sa chronique du Telegraph, \u00e9crivant que le N\u00e9erlandais avait <\/p>\n<p>La gestion de la situation par le joueur de 47 ans a ensuite \u00e9t\u00e9 soutenue publiquement par le capitaine, Virgil van Dijk soulignant que <\/p>\n<p>La forme r\u00e9cente de Liverpool a soulign\u00e9 ce point.<\/p>\n<p>Nous sommes invaincus depuis cinq matches, dont une victoire en Ligue des champions \u00e0 l&#39;Inter, et le bruit n&#39;a pas fait d\u00e9railler notre progression.<\/p>\n<p>Salah se dirige maintenant vers la CAN sans avoir d\u00e9but\u00e9 aucun de ces cinq matchs, alors que nous nous sommes tranquillement stabilis\u00e9s.<\/p>\n<p>Carragher a peut-\u00eatre \u00e9t\u00e9 dur avec le joueur, mais sa position plus large reste coh\u00e9rente.<\/p>\n<p>Signalez les choses lorsque les normes s&#39;\u00e9cartent, reculez les performances lorsqu&#39;elles sont performantes et ne perdez jamais de vue ce que Liverpool repr\u00e9sente r\u00e9ellement.<\/p>\n<p>C\u2019est l\u00e0, plus que n\u2019importe quel emoji ou \u00e9change, la partie \u00e0 laquelle il convient de pr\u00eater attention.<\/p>\n<\/p>\n<p><!-- Article End -->\t\t\t\t<\/div>\n","protected":false},"excerpt":{"rendered":"<p>Un moment familier \u00e0 Liverpool \u00e0 Anfield a fini par d\u00e9clencher un d\u00e9bat qui a r\u00e9v\u00e9l\u00e9 bien plus de perspective que de provocation. Jamie Carragher<\/p>\n","protected":false},"author":1,"featured_media":32380,"comment_status":"closed","ping_status":"","sticky":false,"template":"","format":"standard","meta":{"footnotes":""},"categories":[3],"tags":[25,576,484,788,335,10],"yoast_head":"<!-- This site is optimized with the Yoast SEO plugin v21.0 - https:\/\/yoast.com\/wordpress\/plugins\/seo\/ -->\n<title>Carragher vise Ferdinand apr\u00e8s le moment de Salah<\/title>\n<meta name=\"robots\" content=\"index, follow, max-snippet:-1, max-image-preview:large, max-video-preview:-1\" \/>\n<link rel=\"canonical\" href=\"https:\/\/footdavant.fr\/actualites\/carragher-vise-ferdinand-apres-le-moment-de-salah\/\" \/>\n<meta property=\"og:locale\" content=\"fr_FR\" \/>\n<meta property=\"og:type\" content=\"article\" \/>\n<meta property=\"og:title\" content=\"Carragher vise Ferdinand apr\u00e8s le moment de Salah\" \/>\n<meta property=\"og:description\" content=\"Un moment familier \u00e0 Liverpool \u00e0 Anfield a fini par d\u00e9clencher un d\u00e9bat qui a r\u00e9v\u00e9l\u00e9 bien plus de perspective que de provocation. Jamie Carragher\" \/>\n<meta property=\"og:url\" content=\"https:\/\/footdavant.fr\/actualites\/carragher-vise-ferdinand-apres-le-moment-de-salah\/\" \/>\n<meta property=\"og:site_name\" content=\"Foot d&#039;avant\" \/>\n<meta property=\"article:publisher\" content=\"https:\/\/www.facebook.com\/Footdavant\/\" \/>\n<meta property=\"article:published_time\" content=\"2025-12-15T06:48:07+00:00\" \/>\n<meta property=\"article:modified_time\" content=\"2025-12-15T06:48:10+00:00\" \/>\n<meta property=\"og:image\" content=\"https:\/\/footdavant.fr\/actualites\/wp-content\/uploads\/2025\/12\/1765781288_Carragher-vise-Ferdinand-apres-le-moment-de-Salah.jpg\" \/>\n\t<meta property=\"og:image:width\" content=\"1200\" \/>\n\t<meta property=\"og:image:height\" content=\"675\" \/>\n\t<meta property=\"og:image:type\" content=\"image\/jpeg\" \/>\n<meta name=\"author\" content=\"Cl\u00e9ment\" \/>\n<meta name=\"twitter:card\" content=\"summary_large_image\" \/>\n<meta name=\"twitter:creator\" content=\"@FootdavantFr\" \/>\n<meta name=\"twitter:site\" content=\"@FootdavantFr\" \/>\n<meta name=\"twitter:label1\" content=\"\u00c9crit par\" \/>\n\t<meta name=\"twitter:data1\" content=\"Cl\u00e9ment\" \/>\n\t<meta name=\"twitter:label2\" content=\"Dur\u00e9e de lecture estim\u00e9e\" \/>\n\t<meta name=\"twitter:data2\" content=\"2 minutes\" \/>\n<script type=\"application\/ld+json\" class=\"yoast-schema-graph\">{\"@context\":\"https:\/\/schema.org\",\"@graph\":[{\"@type\":\"Article\",\"@id\":\"https:\/\/footdavant.fr\/actualites\/carragher-vise-ferdinand-apres-le-moment-de-salah\/#article\",\"isPartOf\":{\"@id\":\"https:\/\/footdavant.fr\/actualites\/carragher-vise-ferdinand-apres-le-moment-de-salah\/\"},\"author\":{\"name\":\"Cl\u00e9ment\",\"@id\":\"https:\/\/footdavant.fr\/actualites\/#\/schema\/person\/bc222566d95871b37e597b3ed3ba5e1d\"},\"headline\":\"Carragher vise Ferdinand apr\u00e8s le moment de Salah\",\"datePublished\":\"2025-12-15T06:48:07+00:00\",\"dateModified\":\"2025-12-15T06:48:10+00:00\",\"mainEntityOfPage\":{\"@id\":\"https:\/\/footdavant.fr\/actualites\/carragher-vise-ferdinand-apres-le-moment-de-salah\/\"},\"wordCount\":493,\"publisher\":{\"@id\":\"https:\/\/footdavant.fr\/actualites\/#organization\"},\"keywords\":[\"apr\u00e8s\",\"Carragher\",\"Ferdinand\",\"moment\",\"Salah\",\"vise\"],\"articleSection\":[\"Football\"],\"inLanguage\":\"fr-FR\"},{\"@type\":\"WebPage\",\"@id\":\"https:\/\/footdavant.fr\/actualites\/carragher-vise-ferdinand-apres-le-moment-de-salah\/\",\"url\":\"https:\/\/footdavant.fr\/actualites\/carragher-vise-ferdinand-apres-le-moment-de-salah\/\",\"name\":\"Carragher vise Ferdinand apr\u00e8s le moment de Salah\",\"isPartOf\":{\"@id\":\"https:\/\/footdavant.fr\/actualites\/#website\"},\"datePublished\":\"2025-12-15T06:48:07+00:00\",\"dateModified\":\"2025-12-15T06:48:10+00:00\",\"breadcrumb\":{\"@id\":\"https:\/\/footdavant.fr\/actualites\/carragher-vise-ferdinand-apres-le-moment-de-salah\/#breadcrumb\"},\"inLanguage\":\"fr-FR\",\"potentialAction\":[{\"@type\":\"ReadAction\",\"target\":[\"https:\/\/footdavant.fr\/actualites\/carragher-vise-ferdinand-apres-le-moment-de-salah\/\"]}]},{\"@type\":\"BreadcrumbList\",\"@id\":\"https:\/\/footdavant.fr\/actualites\/carragher-vise-ferdinand-apres-le-moment-de-salah\/#breadcrumb\",\"itemListElement\":[{\"@type\":\"ListItem\",\"position\":1,\"name\":\"Accueil\",\"item\":\"https:\/\/footdavant.fr\/actualites\/\"},{\"@type\":\"ListItem\",\"position\":2,\"name\":\"Carragher vise Ferdinand apr\u00e8s le moment de Salah\"}]},{\"@type\":\"WebSite\",\"@id\":\"https:\/\/footdavant.fr\/actualites\/#website\",\"url\":\"https:\/\/footdavant.fr\/actualites\/\",\"name\":\"Foot d'avant\",\"description\":\"\",\"publisher\":{\"@id\":\"https:\/\/footdavant.fr\/actualites\/#organization\"},\"potentialAction\":[{\"@type\":\"SearchAction\",\"target\":{\"@type\":\"EntryPoint\",\"urlTemplate\":\"https:\/\/footdavant.fr\/actualites\/?s={search_term_string}\"},\"query-input\":\"required name=search_term_string\"}],\"inLanguage\":\"fr-FR\"},{\"@type\":\"Organization\",\"@id\":\"https:\/\/footdavant.fr\/actualites\/#organization\",\"name\":\"Foot d'avant\",\"url\":\"https:\/\/footdavant.fr\/actualites\/\",\"logo\":{\"@type\":\"ImageObject\",\"inLanguage\":\"fr-FR\",\"@id\":\"https:\/\/footdavant.fr\/actualites\/#\/schema\/logo\/image\/\",\"url\":\"https:\/\/footdavant.fr\/actualites\/wp-content\/uploads\/2023\/09\/Copy-of-FootDavant-Logo.png\",\"contentUrl\":\"https:\/\/footdavant.fr\/actualites\/wp-content\/uploads\/2023\/09\/Copy-of-FootDavant-Logo.png\",\"width\":936,\"height\":549,\"caption\":\"Foot d'avant\"},\"image\":{\"@id\":\"https:\/\/footdavant.fr\/actualites\/#\/schema\/logo\/image\/\"},\"sameAs\":[\"https:\/\/www.facebook.com\/Footdavant\/\",\"https:\/\/twitter.com\/FootdavantFr\",\"https:\/\/www.instagram.com\/footdavant.fr\/\"]},{\"@type\":\"Person\",\"@id\":\"https:\/\/footdavant.fr\/actualites\/#\/schema\/person\/bc222566d95871b37e597b3ed3ba5e1d\",\"name\":\"Cl\u00e9ment\",\"image\":{\"@type\":\"ImageObject\",\"inLanguage\":\"fr-FR\",\"@id\":\"https:\/\/footdavant.fr\/actualites\/#\/schema\/person\/image\/\",\"url\":\"https:\/\/secure.gravatar.com\/avatar\/7728b29aac2719421e1a9159b2254c44?s=96&d=mm&r=g\",\"contentUrl\":\"https:\/\/secure.gravatar.com\/avatar\/7728b29aac2719421e1a9159b2254c44?s=96&d=mm&r=g\",\"caption\":\"Cl\u00e9ment\"},\"sameAs\":[\"https:\/\/footdavant.fr\/\"]}]}<\/script>\n<!-- \/ Yoast SEO plugin. -->","yoast_head_json":{"title":"Carragher vise Ferdinand apr\u00e8s le moment de Salah","robots":{"index":"index","follow":"follow","max-snippet":"max-snippet:-1","max-image-preview":"max-image-preview:large","max-video-preview":"max-video-preview:-1"},"canonical":"https:\/\/footdavant.fr\/actualites\/carragher-vise-ferdinand-apres-le-moment-de-salah\/","og_locale":"fr_FR","og_type":"article","og_title":"Carragher vise Ferdinand apr\u00e8s le moment de Salah","og_description":"Un moment familier \u00e0 Liverpool \u00e0 Anfield a fini par d\u00e9clencher un d\u00e9bat qui a r\u00e9v\u00e9l\u00e9 bien plus de perspective que de provocation. Jamie Carragher","og_url":"https:\/\/footdavant.fr\/actualites\/carragher-vise-ferdinand-apres-le-moment-de-salah\/","og_site_name":"Foot d&#039;avant","article_publisher":"https:\/\/www.facebook.com\/Footdavant\/","article_published_time":"2025-12-15T06:48:07+00:00","article_modified_time":"2025-12-15T06:48:10+00:00","og_image":[{"width":1200,"height":675,"url":"https:\/\/footdavant.fr\/actualites\/wp-content\/uploads\/2025\/12\/1765781288_Carragher-vise-Ferdinand-apres-le-moment-de-Salah.jpg","type":"image\/jpeg"}],"author":"Cl\u00e9ment","twitter_card":"summary_large_image","twitter_creator":"@FootdavantFr","twitter_site":"@FootdavantFr","twitter_misc":{"\u00c9crit par":"Cl\u00e9ment","Dur\u00e9e de lecture estim\u00e9e":"2 minutes"},"schema":{"@context":"https:\/\/schema.org","@graph":[{"@type":"Article","@id":"https:\/\/footdavant.fr\/actualites\/carragher-vise-ferdinand-apres-le-moment-de-salah\/#article","isPartOf":{"@id":"https:\/\/footdavant.fr\/actualites\/carragher-vise-ferdinand-apres-le-moment-de-salah\/"},"author":{"name":"Cl\u00e9ment","@id":"https:\/\/footdavant.fr\/actualites\/#\/schema\/person\/bc222566d95871b37e597b3ed3ba5e1d"},"headline":"Carragher vise Ferdinand apr\u00e8s le moment de Salah","datePublished":"2025-12-15T06:48:07+00:00","dateModified":"2025-12-15T06:48:10+00:00","mainEntityOfPage":{"@id":"https:\/\/footdavant.fr\/actualites\/carragher-vise-ferdinand-apres-le-moment-de-salah\/"},"wordCount":493,"publisher":{"@id":"https:\/\/footdavant.fr\/actualites\/#organization"},"keywords":["apr\u00e8s","Carragher","Ferdinand","moment","Salah","vise"],"articleSection":["Football"],"inLanguage":"fr-FR"},{"@type":"WebPage","@id":"https:\/\/footdavant.fr\/actualites\/carragher-vise-ferdinand-apres-le-moment-de-salah\/","url":"https:\/\/footdavant.fr\/actualites\/carragher-vise-ferdinand-apres-le-moment-de-salah\/","name":"Carragher vise Ferdinand apr\u00e8s le moment de Salah","isPartOf":{"@id":"https:\/\/footdavant.fr\/actualites\/#website"},"datePublished":"2025-12-15T06:48:07+00:00","dateModified":"2025-12-15T06:48:10+00:00","breadcrumb":{"@id":"https:\/\/footdavant.fr\/actualites\/carragher-vise-ferdinand-apres-le-moment-de-salah\/#breadcrumb"},"inLanguage":"fr-FR","potentialAction":[{"@type":"ReadAction","target":["https:\/\/footdavant.fr\/actualites\/carragher-vise-ferdinand-apres-le-moment-de-salah\/"]}]},{"@type":"BreadcrumbList","@id":"https:\/\/footdavant.fr\/actualites\/carragher-vise-ferdinand-apres-le-moment-de-salah\/#breadcrumb","itemListElement":[{"@type":"ListItem","position":1,"name":"Accueil","item":"https:\/\/footdavant.fr\/actualites\/"},{"@type":"ListItem","position":2,"name":"Carragher vise Ferdinand apr\u00e8s le moment de Salah"}]},{"@type":"WebSite","@id":"https:\/\/footdavant.fr\/actualites\/#website","url":"https:\/\/footdavant.fr\/actualites\/","name":"Foot d'avant","description":"","publisher":{"@id":"https:\/\/footdavant.fr\/actualites\/#organization"},"potentialAction":[{"@type":"SearchAction","target":{"@type":"EntryPoint","urlTemplate":"https:\/\/footdavant.fr\/actualites\/?s={search_term_string}"},"query-input":"required name=search_term_string"}],"inLanguage":"fr-FR"},{"@type":"Organization","@id":"https:\/\/footdavant.fr\/actualites\/#organization","name":"Foot d'avant","url":"https:\/\/footdavant.fr\/actualites\/","logo":{"@type":"ImageObject","inLanguage":"fr-FR","@id":"https:\/\/footdavant.fr\/actualites\/#\/schema\/logo\/image\/","url":"https:\/\/footdavant.fr\/actualites\/wp-content\/uploads\/2023\/09\/Copy-of-FootDavant-Logo.png","contentUrl":"https:\/\/footdavant.fr\/actualites\/wp-content\/uploads\/2023\/09\/Copy-of-FootDavant-Logo.png","width":936,"height":549,"caption":"Foot d'avant"},"image":{"@id":"https:\/\/footdavant.fr\/actualites\/#\/schema\/logo\/image\/"},"sameAs":["https:\/\/www.facebook.com\/Footdavant\/","https:\/\/twitter.com\/FootdavantFr","https:\/\/www.instagram.com\/footdavant.fr\/"]},{"@type":"Person","@id":"https:\/\/footdavant.fr\/actualites\/#\/schema\/person\/bc222566d95871b37e597b3ed3ba5e1d","name":"Cl\u00e9ment","image":{"@type":"ImageObject","inLanguage":"fr-FR","@id":"https:\/\/footdavant.fr\/actualites\/#\/schema\/person\/image\/","url":"https:\/\/secure.gravatar.com\/avatar\/7728b29aac2719421e1a9159b2254c44?s=96&d=mm&r=g","contentUrl":"https:\/\/secure.gravatar.com\/avatar\/7728b29aac2719421e1a9159b2254c44?s=96&d=mm&r=g","caption":"Cl\u00e9ment"},"sameAs":["https:\/\/footdavant.fr\/"]}]}},"_links":{"self":[{"href":"https:\/\/footdavant.fr\/actualites\/wp-json\/wp\/v2\/posts\/32379"}],"collection":[{"href":"https:\/\/footdavant.fr\/actualites\/wp-json\/wp\/v2\/posts"}],"about":[{"href":"https:\/\/footdavant.fr\/actualites\/wp-json\/wp\/v2\/types\/post"}],"author":[{"embeddable":true,"href":"https:\/\/footdavant.fr\/actualites\/wp-json\/wp\/v2\/users\/1"}],"replies":[{"embeddable":true,"href":"https:\/\/footdavant.fr\/actualites\/wp-json\/wp\/v2\/comments?post=32379"}],"version-history":[{"count":1,"href":"https:\/\/footdavant.fr\/actualites\/wp-json\/wp\/v2\/posts\/32379\/revisions"}],"predecessor-version":[{"id":32381,"href":"https:\/\/footdavant.fr\/actualites\/wp-json\/wp\/v2\/posts\/32379\/revisions\/32381"}],"wp:featuredmedia":[{"embeddable":true,"href":"https:\/\/footdavant.fr\/actualites\/wp-json\/wp\/v2\/media\/32380"}],"wp:attachment":[{"href":"https:\/\/footdavant.fr\/actualites\/wp-json\/wp\/v2\/media?parent=32379"}],"wp:term":[{"taxonomy":"category","embeddable":true,"href":"https:\/\/footdavant.fr\/actualites\/wp-json\/wp\/v2\/categories?post=32379"},{"taxonomy":"post_tag","embeddable":true,"href":"https:\/\/footdavant.fr\/actualites\/wp-json\/wp\/v2\/tags?post=32379"}],"curies":[{"name":"wp","href":"https:\/\/api.w.org\/{rel}","templated":true}]}}