{"id":32382,"date":"2025-12-15T09:48:15","date_gmt":"2025-12-15T08:48:15","guid":{"rendered":"https:\/\/footdavant.fr\/actualites\/nouvelles-du-transfert-de-chelsea-enzo-maresca-explose-alors-que-lobjectif-de-janvier-en-pourparlers-actifs-pour-prolonger-laccord-alors-que-les-inquietudes-de-la-premier-league-montent\/"},"modified":"2025-12-15T09:48:17","modified_gmt":"2025-12-15T08:48:17","slug":"nouvelles-du-transfert-de-chelsea-enzo-maresca-explose-alors-que-lobjectif-de-janvier-en-pourparlers-actifs-pour-prolonger-laccord-alors-que-les-inquietudes-de-la-premier-league-montent","status":"publish","type":"post","link":"https:\/\/footdavant.fr\/actualites\/nouvelles-du-transfert-de-chelsea-enzo-maresca-explose-alors-que-lobjectif-de-janvier-en-pourparlers-actifs-pour-prolonger-laccord-alors-que-les-inquietudes-de-la-premier-league-montent\/","title":{"rendered":"Nouvelles du transfert de Chelsea: Enzo Maresca explose alors que l&#39;objectif de janvier \u00ab\u00a0en pourparlers actifs\u00a0\u00bb pour prolonger l&#39;accord alors que les inqui\u00e9tudes de la Premier League montent"},"content":{"rendered":"<div itemprop=\"articleBody\">\n<p>Mike Maignan, cible de Chelsea, serait en pourparlers actifs avec l&#39;AC Milan au sujet de la prolongation de son contrat, a r\u00e9v\u00e9l\u00e9 le directeur sportif de l&#39;\u00e9quipe italienne.<\/p>\n<p>La victoire 2-0 des Blues contre Everton samedi a contribu\u00e9 \u00e0 all\u00e9ger la pression sur Enzo Maresca, qui n&#39;avait pas r\u00e9ussi \u00e0 superviser une victoire lors des trois pr\u00e9c\u00e9dents matches de haut niveau de son \u00e9quipe.<\/p>\n<p>Les fans ont exprim\u00e9 leur frustration face au fait que l&#39;\u00e9quipe a huit points de retard sur Arsenal, leader du championnat, apr\u00e8s 16 semaines de match, et beaucoup souhaitent des renforts en janvier.<\/p>\n<p>Le club est depuis longtemps li\u00e9 au gardien de l&#39;AC Milan Mike Maignan, et il pourrait \u00eatre disponible \u00e0 un tarif r\u00e9duit cet hiver en raison du fait que son contrat expire \u00e0 la fin de la saison.<\/p>\n<p>Cependant, le directeur sportif de Milan, Igli Tare, a r\u00e9v\u00e9l\u00e9 que le club \u00e9tait en pourparlers concernant une prolongation, disant <em>DAZN<\/em>: \u00ab\u00a0Je n&#39;ai jamais entendu une demande nette de 8 millions d&#39;euros (7,02 millions de livres sterling) comme salaire de la part de Mike.<\/p>\n<p>\u00ab\u00a0C&#39;est un leader, un gars de haut niveau, il est heureux \u00e0 l&#39;AC Milan et nous serions heureux de le garder. Nous sommes en pourparlers actifs.\u00a0\u00bb<\/p>\n<p>L&#39;actuel num\u00e9ro un \u00e0 Stamford Bridge, Robert Sanchez, a connu une saison relativement calme dans les buts, mais il a souvent commis des erreurs lors de son passage avec les Londoniens, et sa position entre les poteaux n&#39;est peut-\u00eatre pas assur\u00e9e.<\/p>\n<div>\n<div>\n<div>\n<div>\n<div>\n<p>\u00a9 Imago<\/p>\n<\/div>\n<\/div>\n<\/div>\n<\/div>\n<\/div>\n<h2>Objectifs de transfert de Chelsea : de quoi les Blues ont-ils besoin en janvier ?<\/h2>\n<p>Les Blues ont encaiss\u00e9 quatre buts de moins (15) mais en ont marqu\u00e9 10 de moins (27) qu&#39;au m\u00eame stade la saison derni\u00e8re en Premier League.<\/p>\n<p>Cole Palmer n&#39;a jou\u00e9 que 290 minutes dans l&#39;\u00e9lite cette saison, et peut-\u00eatre que son absence peut \u00eatre attribu\u00e9e \u00e0 la menace r\u00e9duite de l&#39;\u00e9quipe dans le dernier tiers.<\/p>\n<p>\u00c9tant donn\u00e9 que l&#39;attaquant anglais a lui-m\u00eame admis qu&#39;il \u00e9tait toujours aux prises avec un probl\u00e8me \u00e0 l&#39;aine, il serait peut-\u00eatre sage de chercher des renforts en attaque.<\/p>\n<p>Cependant, \u00e9tant donn\u00e9 que Palmer est susceptible de revendiquer une place de titulaire chaque fois qu&#39;il sera en forme, Chelsea pourrait avoir du mal \u00e0 convaincre les joueurs de haut niveau de passer \u00e0 Stamford Bridge s&#39;ils sont consid\u00e9r\u00e9s comme un acte de soutien.<\/p>\n<div>\n<div>\n<div>\n<div>\n<div><img decoding=\"async\" data-img-id=\"155665\" class=\"lazy\" loading=\"lazy\" src=\"https:\/\/footdavant.fr\/actualites\/wp-content\/uploads\/2025\/12\/Nouvelles-du-transfert-de-Chelsea-Enzo-Maresca-explose-alors-que.webp\"\/><\/p>\n<p>\u00a9 Imago \/ Sportimage<\/p>\n<\/div>\n<\/div>\n<\/div>\n<\/div>\n<\/div>\n<h2>Enzo Maresca peut-il remporter le titre de Premier League 2025-26 ?<\/h2>\n<p>Maresca a montr\u00e9 qu&#39;il pouvait rivaliser tactiquement avec les meilleurs, comme en t\u00e9moigne le fait qu&#39;il a supervis\u00e9 une victoire 3-0 contre le Paris Saint-Germain en finale de la Coupe du Monde des Clubs, tout en guidant son \u00e9quipe vers une impasse impressionnante contre Arsenal en novembre malgr\u00e9 un homme \u00e0 terre.<\/p>\n<p>Cependant, l\u2019\u00e9quipe a d\u00e9j\u00e0 perdu des points lors de huit matchs de Premier League cette saison, et il est difficile de les voir terminer premiers s\u2019ils sont aussi incoh\u00e9rents \u00e0 l\u2019avenir.<\/p>\n<p>La Ligue des champions est un tournoi intrins\u00e8quement impr\u00e9visible, m\u00eame si le sens tactique de Maresca pourrait \u00eatre adapt\u00e9 au football \u00e0 \u00e9limination directe.<\/p>\n<p>Chelsea affrontera Cardiff City en quart de finale de la Coupe EFL mardi, et on devrait s&#39;attendre \u00e0 ce qu&#39;ils se qualifient confortablement pour la demi-finale de la comp\u00e9tition.<\/p>\n<p>M\u00eame s&#39;ils pourraient affronter Arsenal ou Manchester City en demi-finale, le tournoi est une bonne occasion de remporter de l&#39;argenterie.<\/p>\n<\/div>\n","protected":false},"excerpt":{"rendered":"<p>Mike Maignan, cible de Chelsea, serait en pourparlers actifs avec l&#39;AC Milan au sujet de la prolongation de son contrat, a r\u00e9v\u00e9l\u00e9 le directeur sportif<\/p>\n","protected":false},"author":1,"featured_media":32383,"comment_status":"closed","ping_status":"","sticky":false,"template":"","format":"standard","meta":{"footnotes":""},"categories":[5],"tags":[11161,318,171,1806,9931,1401,166,4350,5238,202,93,5107,11162,461,51,2077,201,4805,700],"yoast_head":"<!-- This site is optimized with the Yoast SEO plugin v21.0 - https:\/\/yoast.com\/wordpress\/plugins\/seo\/ -->\n<title>Nouvelles du transfert de Chelsea: Enzo Maresca explose alors que l&#039;objectif de janvier &quot;en pourparlers actifs&quot; pour prolonger l&#039;accord alors que les inqui\u00e9tudes de la Premier League montent<\/title>\n<meta name=\"robots\" content=\"index, follow, max-snippet:-1, max-image-preview:large, max-video-preview:-1\" \/>\n<link rel=\"canonical\" href=\"https:\/\/footdavant.fr\/actualites\/nouvelles-du-transfert-de-chelsea-enzo-maresca-explose-alors-que-lobjectif-de-janvier-en-pourparlers-actifs-pour-prolonger-laccord-alors-que-les-inquietudes-de-la-premier-league-montent\/\" \/>\n<meta property=\"og:locale\" content=\"fr_FR\" \/>\n<meta property=\"og:type\" content=\"article\" \/>\n<meta property=\"og:title\" content=\"Nouvelles du transfert de Chelsea: Enzo Maresca explose alors que l&#039;objectif de janvier &quot;en pourparlers actifs&quot; pour prolonger l&#039;accord alors que les inqui\u00e9tudes de la Premier League montent\" \/>\n<meta property=\"og:description\" content=\"Mike Maignan, cible de Chelsea, serait en pourparlers actifs avec l&#039;AC Milan au sujet de la prolongation de son contrat, a r\u00e9v\u00e9l\u00e9 le directeur sportif\" \/>\n<meta property=\"og:url\" content=\"https:\/\/footdavant.fr\/actualites\/nouvelles-du-transfert-de-chelsea-enzo-maresca-explose-alors-que-lobjectif-de-janvier-en-pourparlers-actifs-pour-prolonger-laccord-alors-que-les-inquietudes-de-la-premier-league-montent\/\" \/>\n<meta property=\"og:site_name\" content=\"Foot d&#039;avant\" \/>\n<meta property=\"article:publisher\" content=\"https:\/\/www.facebook.com\/Footdavant\/\" \/>\n<meta property=\"article:published_time\" content=\"2025-12-15T08:48:15+00:00\" \/>\n<meta property=\"article:modified_time\" content=\"2025-12-15T08:48:17+00:00\" \/>\n<meta property=\"og:image\" content=\"https:\/\/footdavant.fr\/actualites\/wp-content\/uploads\/2025\/12\/Nouvelles-du-transfert-de-Chelsea-Enzo-Maresca-explose-alors-que.net2Fuploads2F20252F102Ffotojet-2025-10.webp\" \/>\n\t<meta property=\"og:image:width\" content=\"720\" \/>\n\t<meta property=\"og:image:height\" content=\"410\" \/>\n\t<meta property=\"og:image:type\" content=\"image\/webp\" \/>\n<meta name=\"author\" content=\"Cl\u00e9ment\" \/>\n<meta name=\"twitter:card\" content=\"summary_large_image\" \/>\n<meta name=\"twitter:creator\" content=\"@FootdavantFr\" \/>\n<meta name=\"twitter:site\" content=\"@FootdavantFr\" \/>\n<meta name=\"twitter:label1\" content=\"\u00c9crit par\" \/>\n\t<meta name=\"twitter:data1\" content=\"Cl\u00e9ment\" \/>\n\t<meta name=\"twitter:label2\" content=\"Dur\u00e9e de lecture estim\u00e9e\" \/>\n\t<meta name=\"twitter:data2\" content=\"3 minutes\" \/>\n<script type=\"application\/ld+json\" class=\"yoast-schema-graph\">{\"@context\":\"https:\/\/schema.org\",\"@graph\":[{\"@type\":\"Article\",\"@id\":\"https:\/\/footdavant.fr\/actualites\/nouvelles-du-transfert-de-chelsea-enzo-maresca-explose-alors-que-lobjectif-de-janvier-en-pourparlers-actifs-pour-prolonger-laccord-alors-que-les-inquietudes-de-la-premier-league-montent\/#article\",\"isPartOf\":{\"@id\":\"https:\/\/footdavant.fr\/actualites\/nouvelles-du-transfert-de-chelsea-enzo-maresca-explose-alors-que-lobjectif-de-janvier-en-pourparlers-actifs-pour-prolonger-laccord-alors-que-les-inquietudes-de-la-premier-league-montent\/\"},\"author\":{\"name\":\"Cl\u00e9ment\",\"@id\":\"https:\/\/footdavant.fr\/actualites\/#\/schema\/person\/bc222566d95871b37e597b3ed3ba5e1d\"},\"headline\":\"Nouvelles du transfert de Chelsea: Enzo Maresca explose alors que l&#39;objectif de janvier \u00ab\u00a0en pourparlers actifs\u00a0\u00bb pour prolonger l&#39;accord alors que les inqui\u00e9tudes de la Premier League montent\",\"datePublished\":\"2025-12-15T08:48:15+00:00\",\"dateModified\":\"2025-12-15T08:48:17+00:00\",\"mainEntityOfPage\":{\"@id\":\"https:\/\/footdavant.fr\/actualites\/nouvelles-du-transfert-de-chelsea-enzo-maresca-explose-alors-que-lobjectif-de-janvier-en-pourparlers-actifs-pour-prolonger-laccord-alors-que-les-inquietudes-de-la-premier-league-montent\/\"},\"wordCount\":625,\"publisher\":{\"@id\":\"https:\/\/footdavant.fr\/actualites\/#organization\"},\"keywords\":[\"actifs\",\"alors\",\"Chelsea\",\"Enzo\",\"explose\",\"inqui\u00e9tudes\",\"janvier\",\"l39accord\",\"l39objectif\",\"League\",\"les\",\"Maresca\",\"montent\",\"Nouvelles\",\"pour\",\"pourparlers\",\"Premier\",\"prolonger\",\"transfert\"],\"articleSection\":[\"Premier League\"],\"inLanguage\":\"fr-FR\"},{\"@type\":\"WebPage\",\"@id\":\"https:\/\/footdavant.fr\/actualites\/nouvelles-du-transfert-de-chelsea-enzo-maresca-explose-alors-que-lobjectif-de-janvier-en-pourparlers-actifs-pour-prolonger-laccord-alors-que-les-inquietudes-de-la-premier-league-montent\/\",\"url\":\"https:\/\/footdavant.fr\/actualites\/nouvelles-du-transfert-de-chelsea-enzo-maresca-explose-alors-que-lobjectif-de-janvier-en-pourparlers-actifs-pour-prolonger-laccord-alors-que-les-inquietudes-de-la-premier-league-montent\/\",\"name\":\"Nouvelles du transfert de Chelsea: Enzo Maresca explose alors que l&#39;objectif de janvier \\\"en pourparlers actifs\\\" pour prolonger l&#39;accord alors que les inqui\u00e9tudes de la Premier League montent\",\"isPartOf\":{\"@id\":\"https:\/\/footdavant.fr\/actualites\/#website\"},\"datePublished\":\"2025-12-15T08:48:15+00:00\",\"dateModified\":\"2025-12-15T08:48:17+00:00\",\"breadcrumb\":{\"@id\":\"https:\/\/footdavant.fr\/actualites\/nouvelles-du-transfert-de-chelsea-enzo-maresca-explose-alors-que-lobjectif-de-janvier-en-pourparlers-actifs-pour-prolonger-laccord-alors-que-les-inquietudes-de-la-premier-league-montent\/#breadcrumb\"},\"inLanguage\":\"fr-FR\",\"potentialAction\":[{\"@type\":\"ReadAction\",\"target\":[\"https:\/\/footdavant.fr\/actualites\/nouvelles-du-transfert-de-chelsea-enzo-maresca-explose-alors-que-lobjectif-de-janvier-en-pourparlers-actifs-pour-prolonger-laccord-alors-que-les-inquietudes-de-la-premier-league-montent\/\"]}]},{\"@type\":\"BreadcrumbList\",\"@id\":\"https:\/\/footdavant.fr\/actualites\/nouvelles-du-transfert-de-chelsea-enzo-maresca-explose-alors-que-lobjectif-de-janvier-en-pourparlers-actifs-pour-prolonger-laccord-alors-que-les-inquietudes-de-la-premier-league-montent\/#breadcrumb\",\"itemListElement\":[{\"@type\":\"ListItem\",\"position\":1,\"name\":\"Accueil\",\"item\":\"https:\/\/footdavant.fr\/actualites\/\"},{\"@type\":\"ListItem\",\"position\":2,\"name\":\"Nouvelles du transfert de Chelsea: Enzo Maresca explose alors que l&#39;objectif de janvier \u00ab\u00a0en pourparlers actifs\u00a0\u00bb pour prolonger l&#39;accord alors que les inqui\u00e9tudes de la Premier League montent\"}]},{\"@type\":\"WebSite\",\"@id\":\"https:\/\/footdavant.fr\/actualites\/#website\",\"url\":\"https:\/\/footdavant.fr\/actualites\/\",\"name\":\"Foot d'avant\",\"description\":\"\",\"publisher\":{\"@id\":\"https:\/\/footdavant.fr\/actualites\/#organization\"},\"potentialAction\":[{\"@type\":\"SearchAction\",\"target\":{\"@type\":\"EntryPoint\",\"urlTemplate\":\"https:\/\/footdavant.fr\/actualites\/?s={search_term_string}\"},\"query-input\":\"required name=search_term_string\"}],\"inLanguage\":\"fr-FR\"},{\"@type\":\"Organization\",\"@id\":\"https:\/\/footdavant.fr\/actualites\/#organization\",\"name\":\"Foot d'avant\",\"url\":\"https:\/\/footdavant.fr\/actualites\/\",\"logo\":{\"@type\":\"ImageObject\",\"inLanguage\":\"fr-FR\",\"@id\":\"https:\/\/footdavant.fr\/actualites\/#\/schema\/logo\/image\/\",\"url\":\"https:\/\/footdavant.fr\/actualites\/wp-content\/uploads\/2023\/09\/Copy-of-FootDavant-Logo.png\",\"contentUrl\":\"https:\/\/footdavant.fr\/actualites\/wp-content\/uploads\/2023\/09\/Copy-of-FootDavant-Logo.png\",\"width\":936,\"height\":549,\"caption\":\"Foot d'avant\"},\"image\":{\"@id\":\"https:\/\/footdavant.fr\/actualites\/#\/schema\/logo\/image\/\"},\"sameAs\":[\"https:\/\/www.facebook.com\/Footdavant\/\",\"https:\/\/twitter.com\/FootdavantFr\",\"https:\/\/www.instagram.com\/footdavant.fr\/\"]},{\"@type\":\"Person\",\"@id\":\"https:\/\/footdavant.fr\/actualites\/#\/schema\/person\/bc222566d95871b37e597b3ed3ba5e1d\",\"name\":\"Cl\u00e9ment\",\"image\":{\"@type\":\"ImageObject\",\"inLanguage\":\"fr-FR\",\"@id\":\"https:\/\/footdavant.fr\/actualites\/#\/schema\/person\/image\/\",\"url\":\"https:\/\/secure.gravatar.com\/avatar\/7728b29aac2719421e1a9159b2254c44?s=96&d=mm&r=g\",\"contentUrl\":\"https:\/\/secure.gravatar.com\/avatar\/7728b29aac2719421e1a9159b2254c44?s=96&d=mm&r=g\",\"caption\":\"Cl\u00e9ment\"},\"sameAs\":[\"https:\/\/footdavant.fr\/\"]}]}<\/script>\n<!-- \/ Yoast SEO plugin. -->","yoast_head_json":{"title":"Nouvelles du transfert de Chelsea: Enzo Maresca explose alors que l&#39;objectif de janvier \"en pourparlers actifs\" pour prolonger l&#39;accord alors que les inqui\u00e9tudes de la Premier League montent","robots":{"index":"index","follow":"follow","max-snippet":"max-snippet:-1","max-image-preview":"max-image-preview:large","max-video-preview":"max-video-preview:-1"},"canonical":"https:\/\/footdavant.fr\/actualites\/nouvelles-du-transfert-de-chelsea-enzo-maresca-explose-alors-que-lobjectif-de-janvier-en-pourparlers-actifs-pour-prolonger-laccord-alors-que-les-inquietudes-de-la-premier-league-montent\/","og_locale":"fr_FR","og_type":"article","og_title":"Nouvelles du transfert de Chelsea: Enzo Maresca explose alors que l&#39;objectif de janvier \"en pourparlers actifs\" pour prolonger l&#39;accord alors que les inqui\u00e9tudes de la Premier League montent","og_description":"Mike Maignan, cible de Chelsea, serait en pourparlers actifs avec l&#39;AC Milan au sujet de la prolongation de son contrat, a r\u00e9v\u00e9l\u00e9 le directeur sportif","og_url":"https:\/\/footdavant.fr\/actualites\/nouvelles-du-transfert-de-chelsea-enzo-maresca-explose-alors-que-lobjectif-de-janvier-en-pourparlers-actifs-pour-prolonger-laccord-alors-que-les-inquietudes-de-la-premier-league-montent\/","og_site_name":"Foot d&#039;avant","article_publisher":"https:\/\/www.facebook.com\/Footdavant\/","article_published_time":"2025-12-15T08:48:15+00:00","article_modified_time":"2025-12-15T08:48:17+00:00","og_image":[{"width":720,"height":410,"url":"https:\/\/footdavant.fr\/actualites\/wp-content\/uploads\/2025\/12\/Nouvelles-du-transfert-de-Chelsea-Enzo-Maresca-explose-alors-que.net2Fuploads2F20252F102Ffotojet-2025-10.webp","type":"image\/webp"}],"author":"Cl\u00e9ment","twitter_card":"summary_large_image","twitter_creator":"@FootdavantFr","twitter_site":"@FootdavantFr","twitter_misc":{"\u00c9crit par":"Cl\u00e9ment","Dur\u00e9e de lecture estim\u00e9e":"3 minutes"},"schema":{"@context":"https:\/\/schema.org","@graph":[{"@type":"Article","@id":"https:\/\/footdavant.fr\/actualites\/nouvelles-du-transfert-de-chelsea-enzo-maresca-explose-alors-que-lobjectif-de-janvier-en-pourparlers-actifs-pour-prolonger-laccord-alors-que-les-inquietudes-de-la-premier-league-montent\/#article","isPartOf":{"@id":"https:\/\/footdavant.fr\/actualites\/nouvelles-du-transfert-de-chelsea-enzo-maresca-explose-alors-que-lobjectif-de-janvier-en-pourparlers-actifs-pour-prolonger-laccord-alors-que-les-inquietudes-de-la-premier-league-montent\/"},"author":{"name":"Cl\u00e9ment","@id":"https:\/\/footdavant.fr\/actualites\/#\/schema\/person\/bc222566d95871b37e597b3ed3ba5e1d"},"headline":"Nouvelles du transfert de Chelsea: Enzo Maresca explose alors que l&#39;objectif de janvier \u00ab\u00a0en pourparlers actifs\u00a0\u00bb pour prolonger l&#39;accord alors que les inqui\u00e9tudes de la Premier League montent","datePublished":"2025-12-15T08:48:15+00:00","dateModified":"2025-12-15T08:48:17+00:00","mainEntityOfPage":{"@id":"https:\/\/footdavant.fr\/actualites\/nouvelles-du-transfert-de-chelsea-enzo-maresca-explose-alors-que-lobjectif-de-janvier-en-pourparlers-actifs-pour-prolonger-laccord-alors-que-les-inquietudes-de-la-premier-league-montent\/"},"wordCount":625,"publisher":{"@id":"https:\/\/footdavant.fr\/actualites\/#organization"},"keywords":["actifs","alors","Chelsea","Enzo","explose","inqui\u00e9tudes","janvier","l39accord","l39objectif","League","les","Maresca","montent","Nouvelles","pour","pourparlers","Premier","prolonger","transfert"],"articleSection":["Premier League"],"inLanguage":"fr-FR"},{"@type":"WebPage","@id":"https:\/\/footdavant.fr\/actualites\/nouvelles-du-transfert-de-chelsea-enzo-maresca-explose-alors-que-lobjectif-de-janvier-en-pourparlers-actifs-pour-prolonger-laccord-alors-que-les-inquietudes-de-la-premier-league-montent\/","url":"https:\/\/footdavant.fr\/actualites\/nouvelles-du-transfert-de-chelsea-enzo-maresca-explose-alors-que-lobjectif-de-janvier-en-pourparlers-actifs-pour-prolonger-laccord-alors-que-les-inquietudes-de-la-premier-league-montent\/","name":"Nouvelles du transfert de Chelsea: Enzo Maresca explose alors que l&#39;objectif de janvier \"en pourparlers actifs\" pour prolonger l&#39;accord alors que les inqui\u00e9tudes de la Premier League montent","isPartOf":{"@id":"https:\/\/footdavant.fr\/actualites\/#website"},"datePublished":"2025-12-15T08:48:15+00:00","dateModified":"2025-12-15T08:48:17+00:00","breadcrumb":{"@id":"https:\/\/footdavant.fr\/actualites\/nouvelles-du-transfert-de-chelsea-enzo-maresca-explose-alors-que-lobjectif-de-janvier-en-pourparlers-actifs-pour-prolonger-laccord-alors-que-les-inquietudes-de-la-premier-league-montent\/#breadcrumb"},"inLanguage":"fr-FR","potentialAction":[{"@type":"ReadAction","target":["https:\/\/footdavant.fr\/actualites\/nouvelles-du-transfert-de-chelsea-enzo-maresca-explose-alors-que-lobjectif-de-janvier-en-pourparlers-actifs-pour-prolonger-laccord-alors-que-les-inquietudes-de-la-premier-league-montent\/"]}]},{"@type":"BreadcrumbList","@id":"https:\/\/footdavant.fr\/actualites\/nouvelles-du-transfert-de-chelsea-enzo-maresca-explose-alors-que-lobjectif-de-janvier-en-pourparlers-actifs-pour-prolonger-laccord-alors-que-les-inquietudes-de-la-premier-league-montent\/#breadcrumb","itemListElement":[{"@type":"ListItem","position":1,"name":"Accueil","item":"https:\/\/footdavant.fr\/actualites\/"},{"@type":"ListItem","position":2,"name":"Nouvelles du transfert de Chelsea: Enzo Maresca explose alors que l&#39;objectif de janvier \u00ab\u00a0en pourparlers actifs\u00a0\u00bb pour prolonger l&#39;accord alors que les inqui\u00e9tudes de la Premier League montent"}]},{"@type":"WebSite","@id":"https:\/\/footdavant.fr\/actualites\/#website","url":"https:\/\/footdavant.fr\/actualites\/","name":"Foot d'avant","description":"","publisher":{"@id":"https:\/\/footdavant.fr\/actualites\/#organization"},"potentialAction":[{"@type":"SearchAction","target":{"@type":"EntryPoint","urlTemplate":"https:\/\/footdavant.fr\/actualites\/?s={search_term_string}"},"query-input":"required name=search_term_string"}],"inLanguage":"fr-FR"},{"@type":"Organization","@id":"https:\/\/footdavant.fr\/actualites\/#organization","name":"Foot d'avant","url":"https:\/\/footdavant.fr\/actualites\/","logo":{"@type":"ImageObject","inLanguage":"fr-FR","@id":"https:\/\/footdavant.fr\/actualites\/#\/schema\/logo\/image\/","url":"https:\/\/footdavant.fr\/actualites\/wp-content\/uploads\/2023\/09\/Copy-of-FootDavant-Logo.png","contentUrl":"https:\/\/footdavant.fr\/actualites\/wp-content\/uploads\/2023\/09\/Copy-of-FootDavant-Logo.png","width":936,"height":549,"caption":"Foot d'avant"},"image":{"@id":"https:\/\/footdavant.fr\/actualites\/#\/schema\/logo\/image\/"},"sameAs":["https:\/\/www.facebook.com\/Footdavant\/","https:\/\/twitter.com\/FootdavantFr","https:\/\/www.instagram.com\/footdavant.fr\/"]},{"@type":"Person","@id":"https:\/\/footdavant.fr\/actualites\/#\/schema\/person\/bc222566d95871b37e597b3ed3ba5e1d","name":"Cl\u00e9ment","image":{"@type":"ImageObject","inLanguage":"fr-FR","@id":"https:\/\/footdavant.fr\/actualites\/#\/schema\/person\/image\/","url":"https:\/\/secure.gravatar.com\/avatar\/7728b29aac2719421e1a9159b2254c44?s=96&d=mm&r=g","contentUrl":"https:\/\/secure.gravatar.com\/avatar\/7728b29aac2719421e1a9159b2254c44?s=96&d=mm&r=g","caption":"Cl\u00e9ment"},"sameAs":["https:\/\/footdavant.fr\/"]}]}},"_links":{"self":[{"href":"https:\/\/footdavant.fr\/actualites\/wp-json\/wp\/v2\/posts\/32382"}],"collection":[{"href":"https:\/\/footdavant.fr\/actualites\/wp-json\/wp\/v2\/posts"}],"about":[{"href":"https:\/\/footdavant.fr\/actualites\/wp-json\/wp\/v2\/types\/post"}],"author":[{"embeddable":true,"href":"https:\/\/footdavant.fr\/actualites\/wp-json\/wp\/v2\/users\/1"}],"replies":[{"embeddable":true,"href":"https:\/\/footdavant.fr\/actualites\/wp-json\/wp\/v2\/comments?post=32382"}],"version-history":[{"count":1,"href":"https:\/\/footdavant.fr\/actualites\/wp-json\/wp\/v2\/posts\/32382\/revisions"}],"predecessor-version":[{"id":32384,"href":"https:\/\/footdavant.fr\/actualites\/wp-json\/wp\/v2\/posts\/32382\/revisions\/32384"}],"wp:featuredmedia":[{"embeddable":true,"href":"https:\/\/footdavant.fr\/actualites\/wp-json\/wp\/v2\/media\/32383"}],"wp:attachment":[{"href":"https:\/\/footdavant.fr\/actualites\/wp-json\/wp\/v2\/media?parent=32382"}],"wp:term":[{"taxonomy":"category","embeddable":true,"href":"https:\/\/footdavant.fr\/actualites\/wp-json\/wp\/v2\/categories?post=32382"},{"taxonomy":"post_tag","embeddable":true,"href":"https:\/\/footdavant.fr\/actualites\/wp-json\/wp\/v2\/tags?post=32382"}],"curies":[{"name":"wp","href":"https:\/\/api.w.org\/{rel}","templated":true}]}}