{"id":32395,"date":"2025-12-15T19:48:13","date_gmt":"2025-12-15T18:48:13","guid":{"rendered":"https:\/\/footdavant.fr\/actualites\/pourquoi-je-respecte-enzo-maresca-pour-avoir-denonce-les-proprietaires-de-chelsea\/"},"modified":"2025-12-15T19:48:16","modified_gmt":"2025-12-15T18:48:16","slug":"pourquoi-je-respecte-enzo-maresca-pour-avoir-denonce-les-proprietaires-de-chelsea","status":"publish","type":"post","link":"https:\/\/footdavant.fr\/actualites\/pourquoi-je-respecte-enzo-maresca-pour-avoir-denonce-les-proprietaires-de-chelsea\/","title":{"rendered":"Pourquoi je respecte Enzo Maresca pour avoir d\u00e9nonc\u00e9 les propri\u00e9taires de Chelsea"},"content":{"rendered":"<div>\n<p data-pm-slice=\"1 1 []\">Il y aura toujours des tensions, des d\u00e9saccords et des retomb\u00e9es entre de nombreuses personnes dans n\u2019importe quel club de football du monde. C&#39;est juste naturel.<\/p>\n<p>Les d\u00e9saccords font tous partie du jeu. Tout le monde a des opinions diff\u00e9rentes, et parfois les gens ne sont tout simplement pas d\u2019accord. Cela se produit \u00e0 tous les niveaux du football, cela se produit aussi parmi les supporters, cela se produit dans cette incroyable communaut\u00e9 que nous avons ici. C&#39;est ce qui rend le jeu si g\u00e9nial, nous le voyons tous avec des yeux diff\u00e9rents.<\/p>\n<p>Mais lorsque vous avez des d\u00e9saccords entre un entra\u00eeneur-chef et la hi\u00e9rarchie d\u2019un club, cela n\u2019aboutira souvent que dans un sens \u2013 et la hi\u00e9rarchie du club ne va pas s\u2019en aller pour l\u2019instant, n\u2019est-ce pas ?<\/p>\n<p>Vous pouvez g\u00e9rer de petits d\u00e9saccords qui restent en coulisses, des petits probl\u00e8mes internes. Mais une fois qu\u2019ils deviennent si publics, une fois qu\u2019un entra\u00eeneur-chef d\u00e9clare clairement qu\u2019il n\u2019est pas satisfait du manque de soutien que le club lui a apport\u00e9, je vois en fait qu\u2019il est trop difficile de revenir et vraiment, ils devraient simplement se s\u00e9parer le plus t\u00f4t possible.<\/p>\n<p>Je ne vois pas un monde o\u00f9 ils pourraient continuer ensemble. Il y a tout simplement eu trop de situations de ce type dont des initi\u00e9s comme moi ont entendu parler de TR\u00c8S bonnes sources tout au long du r\u00e8gne de Maresca, et je ne peux tout simplement pas les voir \u00e9voluer. Maresca est frustr\u00e9 et malheureux, et il l&#39;a d\u00e9j\u00e0 \u00e9t\u00e9 \u00e0 plusieurs reprises pour diverses raisons. Il a failli marcher \u00e0 plusieurs reprises la saison derni\u00e8re apr\u00e8s des situations similaires.<\/p>\n<p>Malheureusement, j&#39;ai entendu des histoires similaires avec tous nos managers sous ce nouveau propri\u00e9taire et cela a \u00e9t\u00e9 cit\u00e9 comme raison pour laquelle d&#39;autres managers interview\u00e9s, Julian Nagelsmann par exemple, n&#39;ont pas assum\u00e9 ce r\u00f4le. Il est clair que les d\u00e9cideurs dans toutes les op\u00e9rations se situent au sommet et en bas, en passant par les directeurs sportifs. Certains managers pr\u00e9f\u00e8rent avoir un peu plus leur mot \u00e0 dire.<\/p>\n<p>Mais ce qui a le plus d\u00e9rang\u00e9 Maresca, du moins cette semaine, c&#39;est \u00e0 quel point ils se sont impliqu\u00e9s dans son r\u00f4le. Comment ils ont formul\u00e9 des critiques et trop remis en question ce qu\u2019il a fait. Que vous pensiez que c&#39;est bien ou mal, et je sais qu&#39;il y aura des opinions divergentes \u00e0 ce sujet, je respecte en fait Maresca pour s&#39;\u00eatre lev\u00e9e et avoir dit au moins quelque chose.<\/p>\n<p>Oui, il a maintenant choisi un combat qu&#39;il ne peut pas gagner, mais je pr\u00e9f\u00e8re de loin voir quelqu&#39;un s&#39;en tenir \u00e0 ce qu&#39;il croit plut\u00f4t que de simplement se replier sur un b\u00e9ni-oui-oui. Je respecte cela.<\/p>\n<p>O\u00f9 va-t-il \u00e0 partir d&#39;ici ? Je ne sais pas. Qui assumera le r\u00f4le d\u2019un b\u00e9ni-oui-oui et pourquoi devrions-nous m\u00eame vouloir ou accepter un b\u00e9ni-oui-oui ? Je ne sais pas. Mais je sens maintenant qu&#39;il s&#39;est pass\u00e9 trop de choses et qu&#39;il y a eu trop de d\u00e9saccords pour que Maresca et le club continuent. Ce n\u2019est PAS moi qui dis qu\u2019il devrait \u00eatre limog\u00e9. Mais d&#39;apr\u00e8s tout ce que je sais et ce que j&#39;ai entendu cette semaine et au cours des deux derni\u00e8res saisons, je ne vois tout simplement pas que cela se terminera bien pour Maresca et s&#39;ils doivent se s\u00e9parer de toute fa\u00e7on, il vaut mieux continuer.<\/p>\n<\/p><\/div>\n","protected":false},"excerpt":{"rendered":"<p>Il y aura toujours des tensions, des d\u00e9saccords et des retomb\u00e9es entre de nombreuses personnes dans n\u2019importe quel club de football du monde. C&#39;est juste<\/p>\n","protected":false},"author":1,"featured_media":32396,"comment_status":"closed","ping_status":"","sticky":false,"template":"","format":"standard","meta":{"footnotes":""},"categories":[3],"tags":[156,171,696,1806,93,5107,51,610,3024,11163],"yoast_head":"<!-- This site is optimized with the Yoast SEO plugin v21.0 - https:\/\/yoast.com\/wordpress\/plugins\/seo\/ -->\n<title>Pourquoi je respecte Enzo Maresca pour avoir d\u00e9nonc\u00e9 les propri\u00e9taires de Chelsea<\/title>\n<meta name=\"robots\" content=\"index, follow, max-snippet:-1, max-image-preview:large, max-video-preview:-1\" \/>\n<link rel=\"canonical\" href=\"https:\/\/footdavant.fr\/actualites\/pourquoi-je-respecte-enzo-maresca-pour-avoir-denonce-les-proprietaires-de-chelsea\/\" \/>\n<meta property=\"og:locale\" content=\"fr_FR\" \/>\n<meta property=\"og:type\" content=\"article\" \/>\n<meta property=\"og:title\" content=\"Pourquoi je respecte Enzo Maresca pour avoir d\u00e9nonc\u00e9 les propri\u00e9taires de Chelsea\" \/>\n<meta property=\"og:description\" content=\"Il y aura toujours des tensions, des d\u00e9saccords et des retomb\u00e9es entre de nombreuses personnes dans n\u2019importe quel club de football du monde. C&#039;est juste\" \/>\n<meta property=\"og:url\" content=\"https:\/\/footdavant.fr\/actualites\/pourquoi-je-respecte-enzo-maresca-pour-avoir-denonce-les-proprietaires-de-chelsea\/\" \/>\n<meta property=\"og:site_name\" content=\"Foot d&#039;avant\" \/>\n<meta property=\"article:publisher\" content=\"https:\/\/www.facebook.com\/Footdavant\/\" \/>\n<meta property=\"article:published_time\" content=\"2025-12-15T18:48:13+00:00\" \/>\n<meta property=\"article:modified_time\" content=\"2025-12-15T18:48:16+00:00\" \/>\n<meta property=\"og:image\" content=\"https:\/\/footdavant.fr\/actualites\/wp-content\/uploads\/2025\/12\/Pourquoi-je-respecte-Enzo-Maresca-pour-avoir-denonce-les-proprietaires.jpg\" \/>\n\t<meta property=\"og:image:width\" content=\"2560\" \/>\n\t<meta property=\"og:image:height\" content=\"1706\" \/>\n\t<meta property=\"og:image:type\" content=\"image\/jpeg\" \/>\n<meta name=\"author\" content=\"Cl\u00e9ment\" \/>\n<meta name=\"twitter:card\" content=\"summary_large_image\" \/>\n<meta name=\"twitter:creator\" content=\"@FootdavantFr\" \/>\n<meta name=\"twitter:site\" content=\"@FootdavantFr\" \/>\n<meta name=\"twitter:label1\" content=\"\u00c9crit par\" \/>\n\t<meta name=\"twitter:data1\" content=\"Cl\u00e9ment\" \/>\n\t<meta name=\"twitter:label2\" content=\"Dur\u00e9e de lecture estim\u00e9e\" \/>\n\t<meta name=\"twitter:data2\" content=\"3 minutes\" \/>\n<script type=\"application\/ld+json\" class=\"yoast-schema-graph\">{\"@context\":\"https:\/\/schema.org\",\"@graph\":[{\"@type\":\"Article\",\"@id\":\"https:\/\/footdavant.fr\/actualites\/pourquoi-je-respecte-enzo-maresca-pour-avoir-denonce-les-proprietaires-de-chelsea\/#article\",\"isPartOf\":{\"@id\":\"https:\/\/footdavant.fr\/actualites\/pourquoi-je-respecte-enzo-maresca-pour-avoir-denonce-les-proprietaires-de-chelsea\/\"},\"author\":{\"name\":\"Cl\u00e9ment\",\"@id\":\"https:\/\/footdavant.fr\/actualites\/#\/schema\/person\/bc222566d95871b37e597b3ed3ba5e1d\"},\"headline\":\"Pourquoi je respecte Enzo Maresca pour avoir d\u00e9nonc\u00e9 les propri\u00e9taires de Chelsea\",\"datePublished\":\"2025-12-15T18:48:13+00:00\",\"dateModified\":\"2025-12-15T18:48:16+00:00\",\"mainEntityOfPage\":{\"@id\":\"https:\/\/footdavant.fr\/actualites\/pourquoi-je-respecte-enzo-maresca-pour-avoir-denonce-les-proprietaires-de-chelsea\/\"},\"wordCount\":650,\"publisher\":{\"@id\":\"https:\/\/footdavant.fr\/actualites\/#organization\"},\"keywords\":[\"avoir\",\"Chelsea\",\"d\u00e9nonce\",\"Enzo\",\"les\",\"Maresca\",\"pour\",\"Pourquoi\",\"propri\u00e9taires\",\"respecte\"],\"articleSection\":[\"Football\"],\"inLanguage\":\"fr-FR\"},{\"@type\":\"WebPage\",\"@id\":\"https:\/\/footdavant.fr\/actualites\/pourquoi-je-respecte-enzo-maresca-pour-avoir-denonce-les-proprietaires-de-chelsea\/\",\"url\":\"https:\/\/footdavant.fr\/actualites\/pourquoi-je-respecte-enzo-maresca-pour-avoir-denonce-les-proprietaires-de-chelsea\/\",\"name\":\"Pourquoi je respecte Enzo Maresca pour avoir d\u00e9nonc\u00e9 les propri\u00e9taires de Chelsea\",\"isPartOf\":{\"@id\":\"https:\/\/footdavant.fr\/actualites\/#website\"},\"datePublished\":\"2025-12-15T18:48:13+00:00\",\"dateModified\":\"2025-12-15T18:48:16+00:00\",\"breadcrumb\":{\"@id\":\"https:\/\/footdavant.fr\/actualites\/pourquoi-je-respecte-enzo-maresca-pour-avoir-denonce-les-proprietaires-de-chelsea\/#breadcrumb\"},\"inLanguage\":\"fr-FR\",\"potentialAction\":[{\"@type\":\"ReadAction\",\"target\":[\"https:\/\/footdavant.fr\/actualites\/pourquoi-je-respecte-enzo-maresca-pour-avoir-denonce-les-proprietaires-de-chelsea\/\"]}]},{\"@type\":\"BreadcrumbList\",\"@id\":\"https:\/\/footdavant.fr\/actualites\/pourquoi-je-respecte-enzo-maresca-pour-avoir-denonce-les-proprietaires-de-chelsea\/#breadcrumb\",\"itemListElement\":[{\"@type\":\"ListItem\",\"position\":1,\"name\":\"Accueil\",\"item\":\"https:\/\/footdavant.fr\/actualites\/\"},{\"@type\":\"ListItem\",\"position\":2,\"name\":\"Pourquoi je respecte Enzo Maresca pour avoir d\u00e9nonc\u00e9 les propri\u00e9taires de Chelsea\"}]},{\"@type\":\"WebSite\",\"@id\":\"https:\/\/footdavant.fr\/actualites\/#website\",\"url\":\"https:\/\/footdavant.fr\/actualites\/\",\"name\":\"Foot d'avant\",\"description\":\"\",\"publisher\":{\"@id\":\"https:\/\/footdavant.fr\/actualites\/#organization\"},\"potentialAction\":[{\"@type\":\"SearchAction\",\"target\":{\"@type\":\"EntryPoint\",\"urlTemplate\":\"https:\/\/footdavant.fr\/actualites\/?s={search_term_string}\"},\"query-input\":\"required name=search_term_string\"}],\"inLanguage\":\"fr-FR\"},{\"@type\":\"Organization\",\"@id\":\"https:\/\/footdavant.fr\/actualites\/#organization\",\"name\":\"Foot d'avant\",\"url\":\"https:\/\/footdavant.fr\/actualites\/\",\"logo\":{\"@type\":\"ImageObject\",\"inLanguage\":\"fr-FR\",\"@id\":\"https:\/\/footdavant.fr\/actualites\/#\/schema\/logo\/image\/\",\"url\":\"https:\/\/footdavant.fr\/actualites\/wp-content\/uploads\/2023\/09\/Copy-of-FootDavant-Logo.png\",\"contentUrl\":\"https:\/\/footdavant.fr\/actualites\/wp-content\/uploads\/2023\/09\/Copy-of-FootDavant-Logo.png\",\"width\":936,\"height\":549,\"caption\":\"Foot d'avant\"},\"image\":{\"@id\":\"https:\/\/footdavant.fr\/actualites\/#\/schema\/logo\/image\/\"},\"sameAs\":[\"https:\/\/www.facebook.com\/Footdavant\/\",\"https:\/\/twitter.com\/FootdavantFr\",\"https:\/\/www.instagram.com\/footdavant.fr\/\"]},{\"@type\":\"Person\",\"@id\":\"https:\/\/footdavant.fr\/actualites\/#\/schema\/person\/bc222566d95871b37e597b3ed3ba5e1d\",\"name\":\"Cl\u00e9ment\",\"image\":{\"@type\":\"ImageObject\",\"inLanguage\":\"fr-FR\",\"@id\":\"https:\/\/footdavant.fr\/actualites\/#\/schema\/person\/image\/\",\"url\":\"https:\/\/secure.gravatar.com\/avatar\/7728b29aac2719421e1a9159b2254c44?s=96&d=mm&r=g\",\"contentUrl\":\"https:\/\/secure.gravatar.com\/avatar\/7728b29aac2719421e1a9159b2254c44?s=96&d=mm&r=g\",\"caption\":\"Cl\u00e9ment\"},\"sameAs\":[\"https:\/\/footdavant.fr\/\"]}]}<\/script>\n<!-- \/ Yoast SEO plugin. -->","yoast_head_json":{"title":"Pourquoi je respecte Enzo Maresca pour avoir d\u00e9nonc\u00e9 les propri\u00e9taires de Chelsea","robots":{"index":"index","follow":"follow","max-snippet":"max-snippet:-1","max-image-preview":"max-image-preview:large","max-video-preview":"max-video-preview:-1"},"canonical":"https:\/\/footdavant.fr\/actualites\/pourquoi-je-respecte-enzo-maresca-pour-avoir-denonce-les-proprietaires-de-chelsea\/","og_locale":"fr_FR","og_type":"article","og_title":"Pourquoi je respecte Enzo Maresca pour avoir d\u00e9nonc\u00e9 les propri\u00e9taires de Chelsea","og_description":"Il y aura toujours des tensions, des d\u00e9saccords et des retomb\u00e9es entre de nombreuses personnes dans n\u2019importe quel club de football du monde. C&#39;est juste","og_url":"https:\/\/footdavant.fr\/actualites\/pourquoi-je-respecte-enzo-maresca-pour-avoir-denonce-les-proprietaires-de-chelsea\/","og_site_name":"Foot d&#039;avant","article_publisher":"https:\/\/www.facebook.com\/Footdavant\/","article_published_time":"2025-12-15T18:48:13+00:00","article_modified_time":"2025-12-15T18:48:16+00:00","og_image":[{"width":2560,"height":1706,"url":"https:\/\/footdavant.fr\/actualites\/wp-content\/uploads\/2025\/12\/Pourquoi-je-respecte-Enzo-Maresca-pour-avoir-denonce-les-proprietaires.jpg","type":"image\/jpeg"}],"author":"Cl\u00e9ment","twitter_card":"summary_large_image","twitter_creator":"@FootdavantFr","twitter_site":"@FootdavantFr","twitter_misc":{"\u00c9crit par":"Cl\u00e9ment","Dur\u00e9e de lecture estim\u00e9e":"3 minutes"},"schema":{"@context":"https:\/\/schema.org","@graph":[{"@type":"Article","@id":"https:\/\/footdavant.fr\/actualites\/pourquoi-je-respecte-enzo-maresca-pour-avoir-denonce-les-proprietaires-de-chelsea\/#article","isPartOf":{"@id":"https:\/\/footdavant.fr\/actualites\/pourquoi-je-respecte-enzo-maresca-pour-avoir-denonce-les-proprietaires-de-chelsea\/"},"author":{"name":"Cl\u00e9ment","@id":"https:\/\/footdavant.fr\/actualites\/#\/schema\/person\/bc222566d95871b37e597b3ed3ba5e1d"},"headline":"Pourquoi je respecte Enzo Maresca pour avoir d\u00e9nonc\u00e9 les propri\u00e9taires de Chelsea","datePublished":"2025-12-15T18:48:13+00:00","dateModified":"2025-12-15T18:48:16+00:00","mainEntityOfPage":{"@id":"https:\/\/footdavant.fr\/actualites\/pourquoi-je-respecte-enzo-maresca-pour-avoir-denonce-les-proprietaires-de-chelsea\/"},"wordCount":650,"publisher":{"@id":"https:\/\/footdavant.fr\/actualites\/#organization"},"keywords":["avoir","Chelsea","d\u00e9nonce","Enzo","les","Maresca","pour","Pourquoi","propri\u00e9taires","respecte"],"articleSection":["Football"],"inLanguage":"fr-FR"},{"@type":"WebPage","@id":"https:\/\/footdavant.fr\/actualites\/pourquoi-je-respecte-enzo-maresca-pour-avoir-denonce-les-proprietaires-de-chelsea\/","url":"https:\/\/footdavant.fr\/actualites\/pourquoi-je-respecte-enzo-maresca-pour-avoir-denonce-les-proprietaires-de-chelsea\/","name":"Pourquoi je respecte Enzo Maresca pour avoir d\u00e9nonc\u00e9 les propri\u00e9taires de Chelsea","isPartOf":{"@id":"https:\/\/footdavant.fr\/actualites\/#website"},"datePublished":"2025-12-15T18:48:13+00:00","dateModified":"2025-12-15T18:48:16+00:00","breadcrumb":{"@id":"https:\/\/footdavant.fr\/actualites\/pourquoi-je-respecte-enzo-maresca-pour-avoir-denonce-les-proprietaires-de-chelsea\/#breadcrumb"},"inLanguage":"fr-FR","potentialAction":[{"@type":"ReadAction","target":["https:\/\/footdavant.fr\/actualites\/pourquoi-je-respecte-enzo-maresca-pour-avoir-denonce-les-proprietaires-de-chelsea\/"]}]},{"@type":"BreadcrumbList","@id":"https:\/\/footdavant.fr\/actualites\/pourquoi-je-respecte-enzo-maresca-pour-avoir-denonce-les-proprietaires-de-chelsea\/#breadcrumb","itemListElement":[{"@type":"ListItem","position":1,"name":"Accueil","item":"https:\/\/footdavant.fr\/actualites\/"},{"@type":"ListItem","position":2,"name":"Pourquoi je respecte Enzo Maresca pour avoir d\u00e9nonc\u00e9 les propri\u00e9taires de Chelsea"}]},{"@type":"WebSite","@id":"https:\/\/footdavant.fr\/actualites\/#website","url":"https:\/\/footdavant.fr\/actualites\/","name":"Foot d'avant","description":"","publisher":{"@id":"https:\/\/footdavant.fr\/actualites\/#organization"},"potentialAction":[{"@type":"SearchAction","target":{"@type":"EntryPoint","urlTemplate":"https:\/\/footdavant.fr\/actualites\/?s={search_term_string}"},"query-input":"required name=search_term_string"}],"inLanguage":"fr-FR"},{"@type":"Organization","@id":"https:\/\/footdavant.fr\/actualites\/#organization","name":"Foot d'avant","url":"https:\/\/footdavant.fr\/actualites\/","logo":{"@type":"ImageObject","inLanguage":"fr-FR","@id":"https:\/\/footdavant.fr\/actualites\/#\/schema\/logo\/image\/","url":"https:\/\/footdavant.fr\/actualites\/wp-content\/uploads\/2023\/09\/Copy-of-FootDavant-Logo.png","contentUrl":"https:\/\/footdavant.fr\/actualites\/wp-content\/uploads\/2023\/09\/Copy-of-FootDavant-Logo.png","width":936,"height":549,"caption":"Foot d'avant"},"image":{"@id":"https:\/\/footdavant.fr\/actualites\/#\/schema\/logo\/image\/"},"sameAs":["https:\/\/www.facebook.com\/Footdavant\/","https:\/\/twitter.com\/FootdavantFr","https:\/\/www.instagram.com\/footdavant.fr\/"]},{"@type":"Person","@id":"https:\/\/footdavant.fr\/actualites\/#\/schema\/person\/bc222566d95871b37e597b3ed3ba5e1d","name":"Cl\u00e9ment","image":{"@type":"ImageObject","inLanguage":"fr-FR","@id":"https:\/\/footdavant.fr\/actualites\/#\/schema\/person\/image\/","url":"https:\/\/secure.gravatar.com\/avatar\/7728b29aac2719421e1a9159b2254c44?s=96&d=mm&r=g","contentUrl":"https:\/\/secure.gravatar.com\/avatar\/7728b29aac2719421e1a9159b2254c44?s=96&d=mm&r=g","caption":"Cl\u00e9ment"},"sameAs":["https:\/\/footdavant.fr\/"]}]}},"_links":{"self":[{"href":"https:\/\/footdavant.fr\/actualites\/wp-json\/wp\/v2\/posts\/32395"}],"collection":[{"href":"https:\/\/footdavant.fr\/actualites\/wp-json\/wp\/v2\/posts"}],"about":[{"href":"https:\/\/footdavant.fr\/actualites\/wp-json\/wp\/v2\/types\/post"}],"author":[{"embeddable":true,"href":"https:\/\/footdavant.fr\/actualites\/wp-json\/wp\/v2\/users\/1"}],"replies":[{"embeddable":true,"href":"https:\/\/footdavant.fr\/actualites\/wp-json\/wp\/v2\/comments?post=32395"}],"version-history":[{"count":1,"href":"https:\/\/footdavant.fr\/actualites\/wp-json\/wp\/v2\/posts\/32395\/revisions"}],"predecessor-version":[{"id":32397,"href":"https:\/\/footdavant.fr\/actualites\/wp-json\/wp\/v2\/posts\/32395\/revisions\/32397"}],"wp:featuredmedia":[{"embeddable":true,"href":"https:\/\/footdavant.fr\/actualites\/wp-json\/wp\/v2\/media\/32396"}],"wp:attachment":[{"href":"https:\/\/footdavant.fr\/actualites\/wp-json\/wp\/v2\/media?parent=32395"}],"wp:term":[{"taxonomy":"category","embeddable":true,"href":"https:\/\/footdavant.fr\/actualites\/wp-json\/wp\/v2\/categories?post=32395"},{"taxonomy":"post_tag","embeddable":true,"href":"https:\/\/footdavant.fr\/actualites\/wp-json\/wp\/v2\/tags?post=32395"}],"curies":[{"name":"wp","href":"https:\/\/api.w.org\/{rel}","templated":true}]}}