{"id":32468,"date":"2025-12-17T19:48:05","date_gmt":"2025-12-17T18:48:05","guid":{"rendered":"https:\/\/footdavant.fr\/actualites\/composition-confirmee-pour-les-quarts-de-finale-de-la-coupe-carabao\/"},"modified":"2025-12-17T19:48:06","modified_gmt":"2025-12-17T18:48:06","slug":"composition-confirmee-pour-les-quarts-de-finale-de-la-coupe-carabao","status":"publish","type":"post","link":"https:\/\/footdavant.fr\/actualites\/composition-confirmee-pour-les-quarts-de-finale-de-la-coupe-carabao\/","title":{"rendered":"Composition confirm\u00e9e pour les quarts de finale de la Coupe Carabao"},"content":{"rendered":"<p>Les Cityzens sont impatients de r\u00e9clamer leur premier troph\u00e9e depuis plus d&#39;un an le plus t\u00f4t possible&#8230;<\/p>\n<div>\n<p>Manchester City accueille Brentford \u00e0 l&#39;Etihad pour son quart de finale de la Coupe Carabao ce soir, les deux \u00e9quipes cherchant \u00e0 r\u00e9server leur place dans les quatre derniers.<\/p>\n<p>Les Bees se rendent \u00e0 Manchester en sachant que ce sera un test difficile pour l&#39;\u00e9quipe de Keith Andrews de s&#39;imposer contre une \u00e9quipe en pleine forme.<\/p>\n<p>N\u00e9anmoins, le club de l\u2019ouest de Londres fera de son mieux apr\u00e8s avoir prolong\u00e9 son parcours \u00e0 ce stade de la comp\u00e9tition pour la quatri\u00e8me fois en six ans.<\/p>\n<p>Vous pouvez obtenir toutes les nouvelles de l\u2019\u00e9quipe pour le match ci-dessous et suivre \u00e9galement les commentaires en direct.<\/p>\n<h2 class=\"wp-block-heading\"><span id=\"Manchester_City_team_news\">L&#39;actualit\u00e9 de l&#39;\u00e9quipe de Manchester City<\/span><\/h2>\n<p>Onze de d\u00e9part de Manchester City : Trafford, Lewis, Khusanov, Ake, O&#39;Reilly, Nico, Reijnders, Bobb, Cherki, Savinho, Mukasa<\/p>\n<p>Rempla\u00e7ants de Manchester City : Donnarumma, Dias, Haaland, Silva, Gvardiol, Nunes, Foden, Gray, Mfuni<\/p>\n<figure class=\"wp-block-embed is-type-rich is-provider-twitter wp-block-embed-twitter\">\n<div class=\"wp-block-embed__wrapper\">\n<blockquote class=\"twitter-tweet\" data-width=\"500\" data-dnt=\"true\">\n<p lang=\"fi\" dir=\"ltr\">La programmation City de ce soir ! \ud83d\udcaa\ud83e\ude75<\/p>\n<p>XI | Trafford, Lewis, Khusanov, Ake (C), O&#39;Reilly, Nico, Reijnders, Bobb, Cherki, Savinho, Mukasa<\/p>\n<p>ABONN\u00c9S | Donnarumma, Dias, Haaland, Bernardo, Gvardiol, Nunes, Foden, Gray, Mfuni<\/p>\n<p>\ud83e\udd1d <a rel=\"nofollow\" href=\"https:\/\/twitter.com\/etihad?ref_src=twsrc%5Etfw\" rel=\"nofollow noopener\">@etihad<\/a> <a rel=\"nofollow\" href=\"https:\/\/t.co\/gmiBMXz95d\" rel=\"nofollow\">pic.twitter.com\/gmiBMXz95d<\/a><\/p>\n<p>-Manchester City (@ManCity) <a rel=\"nofollow\" href=\"https:\/\/twitter.com\/ManCity\/status\/2001355504660979765?ref_src=twsrc%5Etfw\" rel=\"nofollow noopener\">17 d\u00e9cembre 2025<\/a><\/p><\/blockquote>\n<\/div>\n<\/figure>\n<h2 class=\"wp-block-heading\"><span id=\"Brentford_team_news\">Actualit\u00e9s de l&#39;\u00e9quipe de Brentford<\/span><\/h2>\n<p>Brentford onze de d\u00e9part\u00a0: Valdimarsson, Henry, Van den Berg, Ajer, Collins, Kayode, Jensen, Yatmoliuk, Damsgaard, Janelt, Schade<\/p>\n<p>Rempla\u00e7ants de Brentford : Kelleher, Hickey, Pinnock, Lewis-Potter, Peart-Harris, Konak, Donovan, Arthur, Nunes<\/p>\n<figure class=\"wp-block-embed is-type-rich is-provider-twitter wp-block-embed-twitter\"\/>\n<h2 class=\"wp-block-heading\"><span id=\"How_to_watch_Man_City_v_Brentford_TV_channel_live_online_stream\">Comment regarder Man City contre Brentford : cha\u00eene de t\u00e9l\u00e9vision, diffusion en direct en ligne<\/span><\/h2>\n<p>Le coup d&#39;envoi mercredi aura lieu \u00e0 19h30 GMT (14h30 HE \/ 11h30 PT), avec une couverture en direct au Royaume-Uni sur Sky Sports Main Event et Sky Sports Ultra.<\/p>\n<p>Via Now TV, Sky Sports co\u00fbte 14,99 \u00a3 pour un abonnement d&#39;une journ\u00e9e, 28 \u00a3 par mois pour un abonnement de 12 mois ou 34,99 \u00a3 par mois sans contrat.<\/p>\n<p>Les abonnements Sky Sports incluent l&#39;acc\u00e8s aux 12 cha\u00eenes Sky Sports en direct et \u00e0 Sky Sports+, qui propose des diffusions en direct et une cha\u00eene d\u00e9di\u00e9e.<\/p>\n<p>Le streaming est disponible sur une grande vari\u00e9t\u00e9 d&#39;appareils via l&#39;application Sky GO.<\/p>\n<h2 class=\"wp-block-heading\"><span id=\"Man_City_v_Brentford_EFL_Cup_stats\">Statistiques de la Coupe EFL de Man City contre Brentford<\/span><\/h2>\n<ul class=\"wp-block-list\">\n<li>Manchester City a remport\u00e9 six de ses sept derniers quarts de finale de la Coupe EFL<\/li>\n<li>City a remport\u00e9 cinq matchs cons\u00e9cutifs toutes comp\u00e9titions confondues<\/li>\n<li>Neuf des 10 derniers matches \u00e0 domicile de City se sont sold\u00e9s par une victoire<\/li>\n<li>Brentford a atteint les quarts de finale de la Coupe EFL pour la quatri\u00e8me fois en six saisons<\/li>\n<li>Brentford a perdu quatre matches cons\u00e9cutifs \u00e0 l&#39;ext\u00e9rieur toutes comp\u00e9titions confondues<\/li>\n<li>Brentford a encaiss\u00e9 au moins deux buts lors de chacune de ces quatre d\u00e9faites \u00e0 l&#39;ext\u00e9rieur<\/li>\n<li>Manchester City est invaincu lors de ses cinq derniers matches contre Brentford<\/li>\n<li>Brentford n&#39;a atteint les demi-finales de la Coupe EFL qu&#39;une seule fois dans son histoire<\/li>\n<\/ul><\/div>\n<p><script async src=\"https:\/\/platform.twitter.com\/widgets.js\" charset=\"utf-8\"><\/script><\/p>\n","protected":false},"excerpt":{"rendered":"<p>Les Cityzens sont impatients de r\u00e9clamer leur premier troph\u00e9e depuis plus d&#39;un an le plus t\u00f4t possible&#8230; Manchester City accueille Brentford \u00e0 l&#39;Etihad pour son<\/p>\n","protected":false},"author":1,"featured_media":32469,"comment_status":"closed","ping_status":"","sticky":false,"template":"","format":"standard","meta":{"footnotes":""},"categories":[3],"tags":[6545,2291,4148,1946,897,93,51,3966],"yoast_head":"<!-- This site is optimized with the Yoast SEO plugin v21.0 - https:\/\/yoast.com\/wordpress\/plugins\/seo\/ -->\n<title>Composition confirm\u00e9e pour les quarts de finale de la Coupe Carabao<\/title>\n<meta name=\"robots\" content=\"index, follow, max-snippet:-1, max-image-preview:large, max-video-preview:-1\" \/>\n<link rel=\"canonical\" href=\"https:\/\/footdavant.fr\/actualites\/composition-confirmee-pour-les-quarts-de-finale-de-la-coupe-carabao\/\" \/>\n<meta property=\"og:locale\" content=\"fr_FR\" \/>\n<meta property=\"og:type\" content=\"article\" \/>\n<meta property=\"og:title\" content=\"Composition confirm\u00e9e pour les quarts de finale de la Coupe Carabao\" \/>\n<meta property=\"og:description\" content=\"Les Cityzens sont impatients de r\u00e9clamer leur premier troph\u00e9e depuis plus d&#039;un an le plus t\u00f4t possible&#8230; Manchester City accueille Brentford \u00e0 l&#039;Etihad pour son\" \/>\n<meta property=\"og:url\" content=\"https:\/\/footdavant.fr\/actualites\/composition-confirmee-pour-les-quarts-de-finale-de-la-coupe-carabao\/\" \/>\n<meta property=\"og:site_name\" content=\"Foot d&#039;avant\" \/>\n<meta property=\"article:publisher\" content=\"https:\/\/www.facebook.com\/Footdavant\/\" \/>\n<meta property=\"article:published_time\" content=\"2025-12-17T18:48:05+00:00\" \/>\n<meta property=\"article:modified_time\" content=\"2025-12-17T18:48:06+00:00\" \/>\n<meta property=\"og:image\" content=\"https:\/\/footdavant.fr\/actualites\/wp-content\/uploads\/2025\/12\/Composition-confirmee-pour-les-quarts-de-finale-de-la-Coupe.jpg\" \/>\n\t<meta property=\"og:image:width\" content=\"1200\" \/>\n\t<meta property=\"og:image:height\" content=\"675\" \/>\n\t<meta property=\"og:image:type\" content=\"image\/jpeg\" \/>\n<meta name=\"author\" content=\"Cl\u00e9ment\" \/>\n<meta name=\"twitter:card\" content=\"summary_large_image\" \/>\n<meta name=\"twitter:creator\" content=\"@FootdavantFr\" \/>\n<meta name=\"twitter:site\" content=\"@FootdavantFr\" \/>\n<meta name=\"twitter:label1\" content=\"\u00c9crit par\" \/>\n\t<meta name=\"twitter:data1\" content=\"Cl\u00e9ment\" \/>\n\t<meta name=\"twitter:label2\" content=\"Dur\u00e9e de lecture estim\u00e9e\" \/>\n\t<meta name=\"twitter:data2\" content=\"3 minutes\" \/>\n<script type=\"application\/ld+json\" class=\"yoast-schema-graph\">{\"@context\":\"https:\/\/schema.org\",\"@graph\":[{\"@type\":\"Article\",\"@id\":\"https:\/\/footdavant.fr\/actualites\/composition-confirmee-pour-les-quarts-de-finale-de-la-coupe-carabao\/#article\",\"isPartOf\":{\"@id\":\"https:\/\/footdavant.fr\/actualites\/composition-confirmee-pour-les-quarts-de-finale-de-la-coupe-carabao\/\"},\"author\":{\"name\":\"Cl\u00e9ment\",\"@id\":\"https:\/\/footdavant.fr\/actualites\/#\/schema\/person\/bc222566d95871b37e597b3ed3ba5e1d\"},\"headline\":\"Composition confirm\u00e9e pour les quarts de finale de la Coupe Carabao\",\"datePublished\":\"2025-12-17T18:48:05+00:00\",\"dateModified\":\"2025-12-17T18:48:06+00:00\",\"mainEntityOfPage\":{\"@id\":\"https:\/\/footdavant.fr\/actualites\/composition-confirmee-pour-les-quarts-de-finale-de-la-coupe-carabao\/\"},\"wordCount\":514,\"publisher\":{\"@id\":\"https:\/\/footdavant.fr\/actualites\/#organization\"},\"keywords\":[\"Carabao\",\"composition\",\"confirm\u00e9e\",\"Coupe\",\"finale\",\"les\",\"pour\",\"quarts\"],\"articleSection\":[\"Football\"],\"inLanguage\":\"fr-FR\"},{\"@type\":\"WebPage\",\"@id\":\"https:\/\/footdavant.fr\/actualites\/composition-confirmee-pour-les-quarts-de-finale-de-la-coupe-carabao\/\",\"url\":\"https:\/\/footdavant.fr\/actualites\/composition-confirmee-pour-les-quarts-de-finale-de-la-coupe-carabao\/\",\"name\":\"Composition confirm\u00e9e pour les quarts de finale de la Coupe Carabao\",\"isPartOf\":{\"@id\":\"https:\/\/footdavant.fr\/actualites\/#website\"},\"datePublished\":\"2025-12-17T18:48:05+00:00\",\"dateModified\":\"2025-12-17T18:48:06+00:00\",\"breadcrumb\":{\"@id\":\"https:\/\/footdavant.fr\/actualites\/composition-confirmee-pour-les-quarts-de-finale-de-la-coupe-carabao\/#breadcrumb\"},\"inLanguage\":\"fr-FR\",\"potentialAction\":[{\"@type\":\"ReadAction\",\"target\":[\"https:\/\/footdavant.fr\/actualites\/composition-confirmee-pour-les-quarts-de-finale-de-la-coupe-carabao\/\"]}]},{\"@type\":\"BreadcrumbList\",\"@id\":\"https:\/\/footdavant.fr\/actualites\/composition-confirmee-pour-les-quarts-de-finale-de-la-coupe-carabao\/#breadcrumb\",\"itemListElement\":[{\"@type\":\"ListItem\",\"position\":1,\"name\":\"Accueil\",\"item\":\"https:\/\/footdavant.fr\/actualites\/\"},{\"@type\":\"ListItem\",\"position\":2,\"name\":\"Composition confirm\u00e9e pour les quarts de finale de la Coupe Carabao\"}]},{\"@type\":\"WebSite\",\"@id\":\"https:\/\/footdavant.fr\/actualites\/#website\",\"url\":\"https:\/\/footdavant.fr\/actualites\/\",\"name\":\"Foot d'avant\",\"description\":\"\",\"publisher\":{\"@id\":\"https:\/\/footdavant.fr\/actualites\/#organization\"},\"potentialAction\":[{\"@type\":\"SearchAction\",\"target\":{\"@type\":\"EntryPoint\",\"urlTemplate\":\"https:\/\/footdavant.fr\/actualites\/?s={search_term_string}\"},\"query-input\":\"required name=search_term_string\"}],\"inLanguage\":\"fr-FR\"},{\"@type\":\"Organization\",\"@id\":\"https:\/\/footdavant.fr\/actualites\/#organization\",\"name\":\"Foot d'avant\",\"url\":\"https:\/\/footdavant.fr\/actualites\/\",\"logo\":{\"@type\":\"ImageObject\",\"inLanguage\":\"fr-FR\",\"@id\":\"https:\/\/footdavant.fr\/actualites\/#\/schema\/logo\/image\/\",\"url\":\"https:\/\/footdavant.fr\/actualites\/wp-content\/uploads\/2023\/09\/Copy-of-FootDavant-Logo.png\",\"contentUrl\":\"https:\/\/footdavant.fr\/actualites\/wp-content\/uploads\/2023\/09\/Copy-of-FootDavant-Logo.png\",\"width\":936,\"height\":549,\"caption\":\"Foot d'avant\"},\"image\":{\"@id\":\"https:\/\/footdavant.fr\/actualites\/#\/schema\/logo\/image\/\"},\"sameAs\":[\"https:\/\/www.facebook.com\/Footdavant\/\",\"https:\/\/twitter.com\/FootdavantFr\",\"https:\/\/www.instagram.com\/footdavant.fr\/\"]},{\"@type\":\"Person\",\"@id\":\"https:\/\/footdavant.fr\/actualites\/#\/schema\/person\/bc222566d95871b37e597b3ed3ba5e1d\",\"name\":\"Cl\u00e9ment\",\"image\":{\"@type\":\"ImageObject\",\"inLanguage\":\"fr-FR\",\"@id\":\"https:\/\/footdavant.fr\/actualites\/#\/schema\/person\/image\/\",\"url\":\"https:\/\/secure.gravatar.com\/avatar\/7728b29aac2719421e1a9159b2254c44?s=96&d=mm&r=g\",\"contentUrl\":\"https:\/\/secure.gravatar.com\/avatar\/7728b29aac2719421e1a9159b2254c44?s=96&d=mm&r=g\",\"caption\":\"Cl\u00e9ment\"},\"sameAs\":[\"https:\/\/footdavant.fr\/\"]}]}<\/script>\n<!-- \/ Yoast SEO plugin. -->","yoast_head_json":{"title":"Composition confirm\u00e9e pour les quarts de finale de la Coupe Carabao","robots":{"index":"index","follow":"follow","max-snippet":"max-snippet:-1","max-image-preview":"max-image-preview:large","max-video-preview":"max-video-preview:-1"},"canonical":"https:\/\/footdavant.fr\/actualites\/composition-confirmee-pour-les-quarts-de-finale-de-la-coupe-carabao\/","og_locale":"fr_FR","og_type":"article","og_title":"Composition confirm\u00e9e pour les quarts de finale de la Coupe Carabao","og_description":"Les Cityzens sont impatients de r\u00e9clamer leur premier troph\u00e9e depuis plus d&#39;un an le plus t\u00f4t possible&#8230; Manchester City accueille Brentford \u00e0 l&#39;Etihad pour son","og_url":"https:\/\/footdavant.fr\/actualites\/composition-confirmee-pour-les-quarts-de-finale-de-la-coupe-carabao\/","og_site_name":"Foot d&#039;avant","article_publisher":"https:\/\/www.facebook.com\/Footdavant\/","article_published_time":"2025-12-17T18:48:05+00:00","article_modified_time":"2025-12-17T18:48:06+00:00","og_image":[{"width":1200,"height":675,"url":"https:\/\/footdavant.fr\/actualites\/wp-content\/uploads\/2025\/12\/Composition-confirmee-pour-les-quarts-de-finale-de-la-Coupe.jpg","type":"image\/jpeg"}],"author":"Cl\u00e9ment","twitter_card":"summary_large_image","twitter_creator":"@FootdavantFr","twitter_site":"@FootdavantFr","twitter_misc":{"\u00c9crit par":"Cl\u00e9ment","Dur\u00e9e de lecture estim\u00e9e":"3 minutes"},"schema":{"@context":"https:\/\/schema.org","@graph":[{"@type":"Article","@id":"https:\/\/footdavant.fr\/actualites\/composition-confirmee-pour-les-quarts-de-finale-de-la-coupe-carabao\/#article","isPartOf":{"@id":"https:\/\/footdavant.fr\/actualites\/composition-confirmee-pour-les-quarts-de-finale-de-la-coupe-carabao\/"},"author":{"name":"Cl\u00e9ment","@id":"https:\/\/footdavant.fr\/actualites\/#\/schema\/person\/bc222566d95871b37e597b3ed3ba5e1d"},"headline":"Composition confirm\u00e9e pour les quarts de finale de la Coupe Carabao","datePublished":"2025-12-17T18:48:05+00:00","dateModified":"2025-12-17T18:48:06+00:00","mainEntityOfPage":{"@id":"https:\/\/footdavant.fr\/actualites\/composition-confirmee-pour-les-quarts-de-finale-de-la-coupe-carabao\/"},"wordCount":514,"publisher":{"@id":"https:\/\/footdavant.fr\/actualites\/#organization"},"keywords":["Carabao","composition","confirm\u00e9e","Coupe","finale","les","pour","quarts"],"articleSection":["Football"],"inLanguage":"fr-FR"},{"@type":"WebPage","@id":"https:\/\/footdavant.fr\/actualites\/composition-confirmee-pour-les-quarts-de-finale-de-la-coupe-carabao\/","url":"https:\/\/footdavant.fr\/actualites\/composition-confirmee-pour-les-quarts-de-finale-de-la-coupe-carabao\/","name":"Composition confirm\u00e9e pour les quarts de finale de la Coupe Carabao","isPartOf":{"@id":"https:\/\/footdavant.fr\/actualites\/#website"},"datePublished":"2025-12-17T18:48:05+00:00","dateModified":"2025-12-17T18:48:06+00:00","breadcrumb":{"@id":"https:\/\/footdavant.fr\/actualites\/composition-confirmee-pour-les-quarts-de-finale-de-la-coupe-carabao\/#breadcrumb"},"inLanguage":"fr-FR","potentialAction":[{"@type":"ReadAction","target":["https:\/\/footdavant.fr\/actualites\/composition-confirmee-pour-les-quarts-de-finale-de-la-coupe-carabao\/"]}]},{"@type":"BreadcrumbList","@id":"https:\/\/footdavant.fr\/actualites\/composition-confirmee-pour-les-quarts-de-finale-de-la-coupe-carabao\/#breadcrumb","itemListElement":[{"@type":"ListItem","position":1,"name":"Accueil","item":"https:\/\/footdavant.fr\/actualites\/"},{"@type":"ListItem","position":2,"name":"Composition confirm\u00e9e pour les quarts de finale de la Coupe Carabao"}]},{"@type":"WebSite","@id":"https:\/\/footdavant.fr\/actualites\/#website","url":"https:\/\/footdavant.fr\/actualites\/","name":"Foot d'avant","description":"","publisher":{"@id":"https:\/\/footdavant.fr\/actualites\/#organization"},"potentialAction":[{"@type":"SearchAction","target":{"@type":"EntryPoint","urlTemplate":"https:\/\/footdavant.fr\/actualites\/?s={search_term_string}"},"query-input":"required name=search_term_string"}],"inLanguage":"fr-FR"},{"@type":"Organization","@id":"https:\/\/footdavant.fr\/actualites\/#organization","name":"Foot d'avant","url":"https:\/\/footdavant.fr\/actualites\/","logo":{"@type":"ImageObject","inLanguage":"fr-FR","@id":"https:\/\/footdavant.fr\/actualites\/#\/schema\/logo\/image\/","url":"https:\/\/footdavant.fr\/actualites\/wp-content\/uploads\/2023\/09\/Copy-of-FootDavant-Logo.png","contentUrl":"https:\/\/footdavant.fr\/actualites\/wp-content\/uploads\/2023\/09\/Copy-of-FootDavant-Logo.png","width":936,"height":549,"caption":"Foot d'avant"},"image":{"@id":"https:\/\/footdavant.fr\/actualites\/#\/schema\/logo\/image\/"},"sameAs":["https:\/\/www.facebook.com\/Footdavant\/","https:\/\/twitter.com\/FootdavantFr","https:\/\/www.instagram.com\/footdavant.fr\/"]},{"@type":"Person","@id":"https:\/\/footdavant.fr\/actualites\/#\/schema\/person\/bc222566d95871b37e597b3ed3ba5e1d","name":"Cl\u00e9ment","image":{"@type":"ImageObject","inLanguage":"fr-FR","@id":"https:\/\/footdavant.fr\/actualites\/#\/schema\/person\/image\/","url":"https:\/\/secure.gravatar.com\/avatar\/7728b29aac2719421e1a9159b2254c44?s=96&d=mm&r=g","contentUrl":"https:\/\/secure.gravatar.com\/avatar\/7728b29aac2719421e1a9159b2254c44?s=96&d=mm&r=g","caption":"Cl\u00e9ment"},"sameAs":["https:\/\/footdavant.fr\/"]}]}},"_links":{"self":[{"href":"https:\/\/footdavant.fr\/actualites\/wp-json\/wp\/v2\/posts\/32468"}],"collection":[{"href":"https:\/\/footdavant.fr\/actualites\/wp-json\/wp\/v2\/posts"}],"about":[{"href":"https:\/\/footdavant.fr\/actualites\/wp-json\/wp\/v2\/types\/post"}],"author":[{"embeddable":true,"href":"https:\/\/footdavant.fr\/actualites\/wp-json\/wp\/v2\/users\/1"}],"replies":[{"embeddable":true,"href":"https:\/\/footdavant.fr\/actualites\/wp-json\/wp\/v2\/comments?post=32468"}],"version-history":[{"count":1,"href":"https:\/\/footdavant.fr\/actualites\/wp-json\/wp\/v2\/posts\/32468\/revisions"}],"predecessor-version":[{"id":32470,"href":"https:\/\/footdavant.fr\/actualites\/wp-json\/wp\/v2\/posts\/32468\/revisions\/32470"}],"wp:featuredmedia":[{"embeddable":true,"href":"https:\/\/footdavant.fr\/actualites\/wp-json\/wp\/v2\/media\/32469"}],"wp:attachment":[{"href":"https:\/\/footdavant.fr\/actualites\/wp-json\/wp\/v2\/media?parent=32468"}],"wp:term":[{"taxonomy":"category","embeddable":true,"href":"https:\/\/footdavant.fr\/actualites\/wp-json\/wp\/v2\/categories?post=32468"},{"taxonomy":"post_tag","embeddable":true,"href":"https:\/\/footdavant.fr\/actualites\/wp-json\/wp\/v2\/tags?post=32468"}],"curies":[{"name":"wp","href":"https:\/\/api.w.org\/{rel}","templated":true}]}}