{"id":32478,"date":"2025-12-18T03:48:15","date_gmt":"2025-12-18T02:48:15","guid":{"rendered":"https:\/\/footdavant.fr\/actualites\/pourquoi-jamie-carragher-parle-de-sens-sur-chelsea-pour-une-fois\/"},"modified":"2025-12-18T03:48:19","modified_gmt":"2025-12-18T02:48:19","slug":"pourquoi-jamie-carragher-parle-de-sens-sur-chelsea-pour-une-fois","status":"publish","type":"post","link":"https:\/\/footdavant.fr\/actualites\/pourquoi-jamie-carragher-parle-de-sens-sur-chelsea-pour-une-fois\/","title":{"rendered":"Pourquoi Jamie Carragher parle de sens sur Chelsea pour une fois"},"content":{"rendered":"<div>\n<p>Je suis d&#39;accord avec Jamie Carragher, je ne pense pas non plus qu&#39;Enzo Maresca sera l&#39;entra\u00eeneur de Chelsea la saison prochaine.<\/p>\n<p>Je ne suis pas toujours d&#39;accord avec Carragher, mais je pense aussi que parfois, il est probablement un peu trop agressif pour dire ce qu&#39;il pense.<\/p>\n<p>Quoi qu\u2019il en soit, il a fait valoir de tr\u00e8s bons points cette semaine dans Monday Night Football sur Sky Sports.<\/p>\n<p>Il a dit :<\/p>\n<p>\u00ab\u00a0La seule chose que vous ne pouvez pas dire \u00e0 Maresca, c&#39;est qu&#39;il n&#39;est pas capable \u00e0 ce niveau. Nous parlons de Man United ce soir et de Ruben Amorim, et il y a toujours ce point d&#39;interrogation : est-il capable d&#39;entra\u00eener au plus haut niveau contre les meilleurs entra\u00eeneurs de la Premier League ? Nous ne savons pas. Je ne dirais pas cela de Maresca. Quand vous regardez son palmar\u00e8s, c&#39;est fantastique ce qu&#39;il a fait.<\/p>\n<p>\u00ab\u00a0\u00c0 l&#39;avenir, o\u00f9 Maresca peut-il aller mieux que Chelsea ? Je ne suis pas s\u00fbr. Maintenant, Chelsea, en tant que club, sentira que nous pouvons aller chercher un autre manager. Ils le pourraient.<\/p>\n<p>\u00ab\u00a0Mais quand vous regardez ce qui se passe chez les Spurs ces derni\u00e8res ann\u00e9es, quand vous regardez ce qui se passe \u00e0 Manchester United, vous pouvez facilement aller chercher un manager qui n&#39;est pas \u00e0 ce niveau.<\/p>\n<p>\u00ab\u00a0Maresca peut affronter n&#39;importe quel manager, comme il l&#39;a prouv\u00e9 : Pep Guardiola, Arne Slot Barcelone, la Ligue des Champions, il est plus que capable, tactiquement en tant qu&#39;entra\u00eeneur de haut niveau.<\/p>\n<p>\u00ab\u00a0Je ne vois pas Maresca g\u00e9rer \u00e0 Chelsea la saison prochaine.\u00a0\u00bb<\/p>\n<p>Qui sait si Maresca et Chelsea pourront avancer ensemble apr\u00e8s cela. Je ne pense pas qu&#39;ils le puissent. Je ne le vois tout simplement pas. Je pense que la seule fa\u00e7on d\u2019avancer est de se s\u00e9parer. Je ne dis pas que c\u2019est ce que je veux, mais je ne vois tout simplement pas de retour pour la relation entre Maresca et en particulier Paul Winstanley. \u00c0 moins que les propri\u00e9taires ne fassent un changement dans le d\u00e9partement sportif, ce qui serait un \u00e9norme choc pour moi, je ne vois qu\u2019un seul gagnant.<\/p>\n<\/p><\/div>\n","protected":false},"excerpt":{"rendered":"<p>Je suis d&#39;accord avec Jamie Carragher, je ne pense pas non plus qu&#39;Enzo Maresca sera l&#39;entra\u00eeneur de Chelsea la saison prochaine. Je ne suis pas<\/p>\n","protected":false},"author":1,"featured_media":32479,"comment_status":"closed","ping_status":"","sticky":false,"template":"","format":"standard","meta":{"footnotes":""},"categories":[3],"tags":[576,171,926,1510,772,51,610,7038,103,92],"yoast_head":"<!-- This site is optimized with the Yoast SEO plugin v21.0 - https:\/\/yoast.com\/wordpress\/plugins\/seo\/ -->\n<title>Pourquoi Jamie Carragher parle de sens sur Chelsea pour une fois<\/title>\n<meta name=\"robots\" content=\"index, follow, max-snippet:-1, max-image-preview:large, max-video-preview:-1\" \/>\n<link rel=\"canonical\" href=\"https:\/\/footdavant.fr\/actualites\/pourquoi-jamie-carragher-parle-de-sens-sur-chelsea-pour-une-fois\/\" \/>\n<meta property=\"og:locale\" content=\"fr_FR\" \/>\n<meta property=\"og:type\" content=\"article\" \/>\n<meta property=\"og:title\" content=\"Pourquoi Jamie Carragher parle de sens sur Chelsea pour une fois\" \/>\n<meta property=\"og:description\" content=\"Je suis d&#039;accord avec Jamie Carragher, je ne pense pas non plus qu&#039;Enzo Maresca sera l&#039;entra\u00eeneur de Chelsea la saison prochaine. Je ne suis pas\" \/>\n<meta property=\"og:url\" content=\"https:\/\/footdavant.fr\/actualites\/pourquoi-jamie-carragher-parle-de-sens-sur-chelsea-pour-une-fois\/\" \/>\n<meta property=\"og:site_name\" content=\"Foot d&#039;avant\" \/>\n<meta property=\"article:publisher\" content=\"https:\/\/www.facebook.com\/Footdavant\/\" \/>\n<meta property=\"article:published_time\" content=\"2025-12-18T02:48:15+00:00\" \/>\n<meta property=\"article:modified_time\" content=\"2025-12-18T02:48:19+00:00\" \/>\n<meta property=\"og:image\" content=\"https:\/\/footdavant.fr\/actualites\/wp-content\/uploads\/2025\/12\/Pourquoi-Jamie-Carragher-parle-de-sens-sur-Chelsea-pour-une.jpg\" \/>\n\t<meta property=\"og:image:width\" content=\"2560\" \/>\n\t<meta property=\"og:image:height\" content=\"1707\" \/>\n\t<meta property=\"og:image:type\" content=\"image\/jpeg\" \/>\n<meta name=\"author\" content=\"Cl\u00e9ment\" \/>\n<meta name=\"twitter:card\" content=\"summary_large_image\" \/>\n<meta name=\"twitter:creator\" content=\"@FootdavantFr\" \/>\n<meta name=\"twitter:site\" content=\"@FootdavantFr\" \/>\n<meta name=\"twitter:label1\" content=\"\u00c9crit par\" \/>\n\t<meta name=\"twitter:data1\" content=\"Cl\u00e9ment\" \/>\n\t<meta name=\"twitter:label2\" content=\"Dur\u00e9e de lecture estim\u00e9e\" \/>\n\t<meta name=\"twitter:data2\" content=\"2 minutes\" \/>\n<script type=\"application\/ld+json\" class=\"yoast-schema-graph\">{\"@context\":\"https:\/\/schema.org\",\"@graph\":[{\"@type\":\"Article\",\"@id\":\"https:\/\/footdavant.fr\/actualites\/pourquoi-jamie-carragher-parle-de-sens-sur-chelsea-pour-une-fois\/#article\",\"isPartOf\":{\"@id\":\"https:\/\/footdavant.fr\/actualites\/pourquoi-jamie-carragher-parle-de-sens-sur-chelsea-pour-une-fois\/\"},\"author\":{\"name\":\"Cl\u00e9ment\",\"@id\":\"https:\/\/footdavant.fr\/actualites\/#\/schema\/person\/bc222566d95871b37e597b3ed3ba5e1d\"},\"headline\":\"Pourquoi Jamie Carragher parle de sens sur Chelsea pour une fois\",\"datePublished\":\"2025-12-18T02:48:15+00:00\",\"dateModified\":\"2025-12-18T02:48:19+00:00\",\"mainEntityOfPage\":{\"@id\":\"https:\/\/footdavant.fr\/actualites\/pourquoi-jamie-carragher-parle-de-sens-sur-chelsea-pour-une-fois\/\"},\"wordCount\":390,\"publisher\":{\"@id\":\"https:\/\/footdavant.fr\/actualites\/#organization\"},\"keywords\":[\"Carragher\",\"Chelsea\",\"fois\",\"Jamie\",\"parl\u00e9\",\"pour\",\"Pourquoi\",\"sens\",\"sur\",\"une\"],\"articleSection\":[\"Football\"],\"inLanguage\":\"fr-FR\"},{\"@type\":\"WebPage\",\"@id\":\"https:\/\/footdavant.fr\/actualites\/pourquoi-jamie-carragher-parle-de-sens-sur-chelsea-pour-une-fois\/\",\"url\":\"https:\/\/footdavant.fr\/actualites\/pourquoi-jamie-carragher-parle-de-sens-sur-chelsea-pour-une-fois\/\",\"name\":\"Pourquoi Jamie Carragher parle de sens sur Chelsea pour une fois\",\"isPartOf\":{\"@id\":\"https:\/\/footdavant.fr\/actualites\/#website\"},\"datePublished\":\"2025-12-18T02:48:15+00:00\",\"dateModified\":\"2025-12-18T02:48:19+00:00\",\"breadcrumb\":{\"@id\":\"https:\/\/footdavant.fr\/actualites\/pourquoi-jamie-carragher-parle-de-sens-sur-chelsea-pour-une-fois\/#breadcrumb\"},\"inLanguage\":\"fr-FR\",\"potentialAction\":[{\"@type\":\"ReadAction\",\"target\":[\"https:\/\/footdavant.fr\/actualites\/pourquoi-jamie-carragher-parle-de-sens-sur-chelsea-pour-une-fois\/\"]}]},{\"@type\":\"BreadcrumbList\",\"@id\":\"https:\/\/footdavant.fr\/actualites\/pourquoi-jamie-carragher-parle-de-sens-sur-chelsea-pour-une-fois\/#breadcrumb\",\"itemListElement\":[{\"@type\":\"ListItem\",\"position\":1,\"name\":\"Accueil\",\"item\":\"https:\/\/footdavant.fr\/actualites\/\"},{\"@type\":\"ListItem\",\"position\":2,\"name\":\"Pourquoi Jamie Carragher parle de sens sur Chelsea pour une fois\"}]},{\"@type\":\"WebSite\",\"@id\":\"https:\/\/footdavant.fr\/actualites\/#website\",\"url\":\"https:\/\/footdavant.fr\/actualites\/\",\"name\":\"Foot d'avant\",\"description\":\"\",\"publisher\":{\"@id\":\"https:\/\/footdavant.fr\/actualites\/#organization\"},\"potentialAction\":[{\"@type\":\"SearchAction\",\"target\":{\"@type\":\"EntryPoint\",\"urlTemplate\":\"https:\/\/footdavant.fr\/actualites\/?s={search_term_string}\"},\"query-input\":\"required name=search_term_string\"}],\"inLanguage\":\"fr-FR\"},{\"@type\":\"Organization\",\"@id\":\"https:\/\/footdavant.fr\/actualites\/#organization\",\"name\":\"Foot d'avant\",\"url\":\"https:\/\/footdavant.fr\/actualites\/\",\"logo\":{\"@type\":\"ImageObject\",\"inLanguage\":\"fr-FR\",\"@id\":\"https:\/\/footdavant.fr\/actualites\/#\/schema\/logo\/image\/\",\"url\":\"https:\/\/footdavant.fr\/actualites\/wp-content\/uploads\/2023\/09\/Copy-of-FootDavant-Logo.png\",\"contentUrl\":\"https:\/\/footdavant.fr\/actualites\/wp-content\/uploads\/2023\/09\/Copy-of-FootDavant-Logo.png\",\"width\":936,\"height\":549,\"caption\":\"Foot d'avant\"},\"image\":{\"@id\":\"https:\/\/footdavant.fr\/actualites\/#\/schema\/logo\/image\/\"},\"sameAs\":[\"https:\/\/www.facebook.com\/Footdavant\/\",\"https:\/\/twitter.com\/FootdavantFr\",\"https:\/\/www.instagram.com\/footdavant.fr\/\"]},{\"@type\":\"Person\",\"@id\":\"https:\/\/footdavant.fr\/actualites\/#\/schema\/person\/bc222566d95871b37e597b3ed3ba5e1d\",\"name\":\"Cl\u00e9ment\",\"image\":{\"@type\":\"ImageObject\",\"inLanguage\":\"fr-FR\",\"@id\":\"https:\/\/footdavant.fr\/actualites\/#\/schema\/person\/image\/\",\"url\":\"https:\/\/secure.gravatar.com\/avatar\/7728b29aac2719421e1a9159b2254c44?s=96&d=mm&r=g\",\"contentUrl\":\"https:\/\/secure.gravatar.com\/avatar\/7728b29aac2719421e1a9159b2254c44?s=96&d=mm&r=g\",\"caption\":\"Cl\u00e9ment\"},\"sameAs\":[\"https:\/\/footdavant.fr\/\"]}]}<\/script>\n<!-- \/ Yoast SEO plugin. -->","yoast_head_json":{"title":"Pourquoi Jamie Carragher parle de sens sur Chelsea pour une fois","robots":{"index":"index","follow":"follow","max-snippet":"max-snippet:-1","max-image-preview":"max-image-preview:large","max-video-preview":"max-video-preview:-1"},"canonical":"https:\/\/footdavant.fr\/actualites\/pourquoi-jamie-carragher-parle-de-sens-sur-chelsea-pour-une-fois\/","og_locale":"fr_FR","og_type":"article","og_title":"Pourquoi Jamie Carragher parle de sens sur Chelsea pour une fois","og_description":"Je suis d&#39;accord avec Jamie Carragher, je ne pense pas non plus qu&#39;Enzo Maresca sera l&#39;entra\u00eeneur de Chelsea la saison prochaine. Je ne suis pas","og_url":"https:\/\/footdavant.fr\/actualites\/pourquoi-jamie-carragher-parle-de-sens-sur-chelsea-pour-une-fois\/","og_site_name":"Foot d&#039;avant","article_publisher":"https:\/\/www.facebook.com\/Footdavant\/","article_published_time":"2025-12-18T02:48:15+00:00","article_modified_time":"2025-12-18T02:48:19+00:00","og_image":[{"width":2560,"height":1707,"url":"https:\/\/footdavant.fr\/actualites\/wp-content\/uploads\/2025\/12\/Pourquoi-Jamie-Carragher-parle-de-sens-sur-Chelsea-pour-une.jpg","type":"image\/jpeg"}],"author":"Cl\u00e9ment","twitter_card":"summary_large_image","twitter_creator":"@FootdavantFr","twitter_site":"@FootdavantFr","twitter_misc":{"\u00c9crit par":"Cl\u00e9ment","Dur\u00e9e de lecture estim\u00e9e":"2 minutes"},"schema":{"@context":"https:\/\/schema.org","@graph":[{"@type":"Article","@id":"https:\/\/footdavant.fr\/actualites\/pourquoi-jamie-carragher-parle-de-sens-sur-chelsea-pour-une-fois\/#article","isPartOf":{"@id":"https:\/\/footdavant.fr\/actualites\/pourquoi-jamie-carragher-parle-de-sens-sur-chelsea-pour-une-fois\/"},"author":{"name":"Cl\u00e9ment","@id":"https:\/\/footdavant.fr\/actualites\/#\/schema\/person\/bc222566d95871b37e597b3ed3ba5e1d"},"headline":"Pourquoi Jamie Carragher parle de sens sur Chelsea pour une fois","datePublished":"2025-12-18T02:48:15+00:00","dateModified":"2025-12-18T02:48:19+00:00","mainEntityOfPage":{"@id":"https:\/\/footdavant.fr\/actualites\/pourquoi-jamie-carragher-parle-de-sens-sur-chelsea-pour-une-fois\/"},"wordCount":390,"publisher":{"@id":"https:\/\/footdavant.fr\/actualites\/#organization"},"keywords":["Carragher","Chelsea","fois","Jamie","parl\u00e9","pour","Pourquoi","sens","sur","une"],"articleSection":["Football"],"inLanguage":"fr-FR"},{"@type":"WebPage","@id":"https:\/\/footdavant.fr\/actualites\/pourquoi-jamie-carragher-parle-de-sens-sur-chelsea-pour-une-fois\/","url":"https:\/\/footdavant.fr\/actualites\/pourquoi-jamie-carragher-parle-de-sens-sur-chelsea-pour-une-fois\/","name":"Pourquoi Jamie Carragher parle de sens sur Chelsea pour une fois","isPartOf":{"@id":"https:\/\/footdavant.fr\/actualites\/#website"},"datePublished":"2025-12-18T02:48:15+00:00","dateModified":"2025-12-18T02:48:19+00:00","breadcrumb":{"@id":"https:\/\/footdavant.fr\/actualites\/pourquoi-jamie-carragher-parle-de-sens-sur-chelsea-pour-une-fois\/#breadcrumb"},"inLanguage":"fr-FR","potentialAction":[{"@type":"ReadAction","target":["https:\/\/footdavant.fr\/actualites\/pourquoi-jamie-carragher-parle-de-sens-sur-chelsea-pour-une-fois\/"]}]},{"@type":"BreadcrumbList","@id":"https:\/\/footdavant.fr\/actualites\/pourquoi-jamie-carragher-parle-de-sens-sur-chelsea-pour-une-fois\/#breadcrumb","itemListElement":[{"@type":"ListItem","position":1,"name":"Accueil","item":"https:\/\/footdavant.fr\/actualites\/"},{"@type":"ListItem","position":2,"name":"Pourquoi Jamie Carragher parle de sens sur Chelsea pour une fois"}]},{"@type":"WebSite","@id":"https:\/\/footdavant.fr\/actualites\/#website","url":"https:\/\/footdavant.fr\/actualites\/","name":"Foot d'avant","description":"","publisher":{"@id":"https:\/\/footdavant.fr\/actualites\/#organization"},"potentialAction":[{"@type":"SearchAction","target":{"@type":"EntryPoint","urlTemplate":"https:\/\/footdavant.fr\/actualites\/?s={search_term_string}"},"query-input":"required name=search_term_string"}],"inLanguage":"fr-FR"},{"@type":"Organization","@id":"https:\/\/footdavant.fr\/actualites\/#organization","name":"Foot d'avant","url":"https:\/\/footdavant.fr\/actualites\/","logo":{"@type":"ImageObject","inLanguage":"fr-FR","@id":"https:\/\/footdavant.fr\/actualites\/#\/schema\/logo\/image\/","url":"https:\/\/footdavant.fr\/actualites\/wp-content\/uploads\/2023\/09\/Copy-of-FootDavant-Logo.png","contentUrl":"https:\/\/footdavant.fr\/actualites\/wp-content\/uploads\/2023\/09\/Copy-of-FootDavant-Logo.png","width":936,"height":549,"caption":"Foot d'avant"},"image":{"@id":"https:\/\/footdavant.fr\/actualites\/#\/schema\/logo\/image\/"},"sameAs":["https:\/\/www.facebook.com\/Footdavant\/","https:\/\/twitter.com\/FootdavantFr","https:\/\/www.instagram.com\/footdavant.fr\/"]},{"@type":"Person","@id":"https:\/\/footdavant.fr\/actualites\/#\/schema\/person\/bc222566d95871b37e597b3ed3ba5e1d","name":"Cl\u00e9ment","image":{"@type":"ImageObject","inLanguage":"fr-FR","@id":"https:\/\/footdavant.fr\/actualites\/#\/schema\/person\/image\/","url":"https:\/\/secure.gravatar.com\/avatar\/7728b29aac2719421e1a9159b2254c44?s=96&d=mm&r=g","contentUrl":"https:\/\/secure.gravatar.com\/avatar\/7728b29aac2719421e1a9159b2254c44?s=96&d=mm&r=g","caption":"Cl\u00e9ment"},"sameAs":["https:\/\/footdavant.fr\/"]}]}},"_links":{"self":[{"href":"https:\/\/footdavant.fr\/actualites\/wp-json\/wp\/v2\/posts\/32478"}],"collection":[{"href":"https:\/\/footdavant.fr\/actualites\/wp-json\/wp\/v2\/posts"}],"about":[{"href":"https:\/\/footdavant.fr\/actualites\/wp-json\/wp\/v2\/types\/post"}],"author":[{"embeddable":true,"href":"https:\/\/footdavant.fr\/actualites\/wp-json\/wp\/v2\/users\/1"}],"replies":[{"embeddable":true,"href":"https:\/\/footdavant.fr\/actualites\/wp-json\/wp\/v2\/comments?post=32478"}],"version-history":[{"count":1,"href":"https:\/\/footdavant.fr\/actualites\/wp-json\/wp\/v2\/posts\/32478\/revisions"}],"predecessor-version":[{"id":32480,"href":"https:\/\/footdavant.fr\/actualites\/wp-json\/wp\/v2\/posts\/32478\/revisions\/32480"}],"wp:featuredmedia":[{"embeddable":true,"href":"https:\/\/footdavant.fr\/actualites\/wp-json\/wp\/v2\/media\/32479"}],"wp:attachment":[{"href":"https:\/\/footdavant.fr\/actualites\/wp-json\/wp\/v2\/media?parent=32478"}],"wp:term":[{"taxonomy":"category","embeddable":true,"href":"https:\/\/footdavant.fr\/actualites\/wp-json\/wp\/v2\/categories?post=32478"},{"taxonomy":"post_tag","embeddable":true,"href":"https:\/\/footdavant.fr\/actualites\/wp-json\/wp\/v2\/tags?post=32478"}],"curies":[{"name":"wp","href":"https:\/\/api.w.org\/{rel}","templated":true}]}}